{"id":11996,"date":"2022-10-05T21:26:03","date_gmt":"2022-10-05T21:26:03","guid":{"rendered":"https:\/\/www.africa-press.net\/togo\/politique\/rencontre-entre-adebayor-et-lambassadrice-des-etats-unis-au-togo"},"modified":"2022-10-05T21:55:49","modified_gmt":"2022-10-05T21:55:49","slug":"rencontre-entre-adebayor-et-lambassadrice-des-etats-unis-au-togo","status":"publish","type":"post","link":"https:\/\/www.africa-press.net\/togo\/politique\/rencontre-entre-adebayor-et-lambassadrice-des-etats-unis-au-togo","title":{"rendered":"Rencontre entre Adebayor et l\u2019ambassadrice des \u00c9tats-Unis au Togo"},"content":{"rendered":"<p><span style=\"color: #ff6600\"><strong>Africa-Press &#8211; Togo. <\/strong><\/span><b>L\u2019ancien Capitaine des E\u0301perviers du Togo a annonce\u0301 mardi avoir rencontre\u0301 Mme Elizabeth Fitzsimmons l\u2019Ambassadrice des E\u0301tats-Unis a\u0300 Lome\u0301.<\/b><\/p>\n<p>Au menu de cette rencontre entre la star togolaise et la diplomate ame\u0301ricaine, des e\u0301changes sur les \u201caspirations pour un Togo meilleur\u201d<\/p>\n<p>\u00ab Je suis tre\u0300s heureux d\u2019avoir pu m\u2019asseoir avec Mme Elizabeth Fitzsimmons, ambassadrice ame\u0301ricaine des E\u0301tats-Unis a\u0300 Lome\u0301 et d\u2019avoir e\u0301change\u0301 des ide\u0301es et des aspirations fructueuses pour un Togo meilleur. Je crois que nous avons un plan prometteur qui ame\u0301liorera encore l\u2019avenir de notre jeunesse ; que le seigneur soit avec nous et nous accorde des succe\u0300s\u201d, a affirme\u0301 l\u2019ancien attaquant d\u2019Arsenal.<\/p>\n<p>Il y a quelques jours, la le\u0301gende du football togolais e\u0301tait en Turquie, ou\u0300 il a rendu visite a\u0300 son ancien club Bas\u0327aks\u0327ehir a\u0300 Istanbul.<\/p>\n<p><strong>Pour plus d&rsquo;informations et d&rsquo;analyses sur la <a href=\"https:\/\/www.africa-press.net\/togo\">Togo<\/a>, suivez <a href=\"https:\/\/www.africa-press.net\/\">Africa-Press<\/a><\/strong><\/p>\n","protected":false},"excerpt":{"rendered":"<p>Africa-Press &#8211; Togo. L\u2019ancien Capitaine des E\u0301perviers du Togo a annonce\u0301 mardi avoir rencontre\u0301 Mme Elizabeth Fitzsimmons l\u2019Ambassadrice des E\u0301tats-Unis a\u0300 Lome\u0301. Au menu de cette rencontre entre la star togolaise et la diplomate ame\u0301ricaine, des e\u0301changes sur les \u201caspirations pour un Togo meilleur\u201d \u00ab Je suis tre\u0300s heureux d\u2019avoir pu m\u2019asseoir avec Mme Elizabeth [&hellip;]<\/p>\n","protected":false},"author":82,"featured_media":11995,"comment_status":"open","ping_status":"closed","sticky":false,"template":"","format":"standard","meta":{"footnotes":""},"categories":[2,10],"tags":[36,49,50],"class_list":["post-11996","post","type-post","status-publish","format-standard","has-post-thumbnail","hentry","category-politique","category-toutes-les-actualites","tag-africa-press","tag-africa-press-togo","tag-togo"],"yoast_head":"<!-- This site is optimized with the Yoast SEO Premium plugin v26.1 (Yoast SEO v27.0) - https:\/\/yoast.com\/product\/yoast-seo-premium-wordpress\/ -->\n<title>Rencontre entre Adebayor et l\u2019ambassadrice des \u00c9tats-Unis au Togo - Togo<\/title>\n<meta name=\"description\" content=\"L\u2019ancien Capitaine des E\u0301perviers du Togo a annonce\u0301 mardi avoir rencontre\u0301 Mme Elizabeth Fitzsimmons l\u2019Ambassadrice ...\" \/>\n<meta name=\"robots\" content=\"index, follow, max-snippet:-1, max-image-preview:large, max-video-preview:-1\" \/>\n<link rel=\"canonical\" href=\"https:\/\/www.africa-press.net\/togo\/politique\/rencontre-entre-adebayor-et-lambassadrice-des-etats-unis-au-togo\" \/>\n<meta property=\"og:locale\" content=\"fr_FR\" \/>\n<meta property=\"og:type\" content=\"article\" \/>\n<meta property=\"og:title\" content=\"Rencontre entre Adebayor et l\u2019ambassadrice des \u00c9tats-Unis au Togo\" \/>\n<meta property=\"og:description\" content=\"L\u2019ancien Capitaine des E\u0301perviers du Togo a annonce\u0301 mardi avoir rencontre\u0301 Mme Elizabeth Fitzsimmons l\u2019Ambassadrice ...\" \/>\n<meta property=\"og:url\" content=\"https:\/\/www.africa-press.net\/togo\/politique\/rencontre-entre-adebayor-et-lambassadrice-des-etats-unis-au-togo\" \/>\n<meta property=\"og:site_name\" content=\"Togo\" \/>\n<meta property=\"article:published_time\" content=\"2022-10-05T21:26:03+00:00\" \/>\n<meta property=\"article:modified_time\" content=\"2022-10-05T21:55:49+00:00\" \/>\n<meta property=\"og:image\" content=\"https:\/\/static.africa-press.net\/togo\/sites\/58\/2022\/10\/postQueueImg_1-633dfd3211efd.jpg\" \/>\n\t<meta property=\"og:image:width\" content=\"750\" \/>\n\t<meta property=\"og:image:height\" content=\"562\" \/>\n\t<meta property=\"og:image:type\" content=\"image\/jpeg\" \/>\n<meta name=\"author\" content=\"cfeditorfr\" \/>\n<meta name=\"twitter:card\" content=\"summary_large_image\" \/>\n<meta name=\"twitter:label1\" content=\"\u00c9crit par\" \/>\n\t<meta name=\"twitter:data1\" content=\"cfeditorfr\" \/>\n\t<meta name=\"twitter:label2\" content=\"Dur\u00e9e de lecture estim\u00e9e\" \/>\n\t<meta name=\"twitter:data2\" content=\"1 minute\" \/>\n<script type=\"application\/ld+json\" class=\"yoast-schema-graph\">{\"@context\":\"https:\/\/schema.org\",\"@graph\":[{\"@type\":\"Article\",\"@id\":\"https:\/\/www.africa-press.net\/togo\/politique\/rencontre-entre-adebayor-et-lambassadrice-des-etats-unis-au-togo#article\",\"isPartOf\":{\"@id\":\"https:\/\/www.africa-press.net\/togo\/politique\/rencontre-entre-adebayor-et-lambassadrice-des-etats-unis-au-togo\"},\"author\":{\"name\":\"cfeditorfr\",\"@id\":\"https:\/\/www.africa-press.net\/togo\/#\/schema\/person\/2b1cf3cd81a31e3cd26889ca66d677f1\"},\"headline\":\"Rencontre entre Adebayor et l\u2019ambassadrice des \u00c9tats-Unis au Togo\",\"datePublished\":\"2022-10-05T21:26:03+00:00\",\"dateModified\":\"2022-10-05T21:55:49+00:00\",\"mainEntityOfPage\":{\"@id\":\"https:\/\/www.africa-press.net\/togo\/politique\/rencontre-entre-adebayor-et-lambassadrice-des-etats-unis-au-togo\"},\"wordCount\":175,\"commentCount\":0,\"image\":{\"@id\":\"https:\/\/www.africa-press.net\/togo\/politique\/rencontre-entre-adebayor-et-lambassadrice-des-etats-unis-au-togo#primaryimage\"},\"thumbnailUrl\":\"https:\/\/static.africa-press.net\/togo\/sites\/58\/2022\/10\/postQueueImg_1-633dfd3211efd.jpg\",\"keywords\":[\"Africa Press\",\"Africa Press-Togo\",\"Togo\"],\"articleSection\":[\"Politique\",\"Toutes les actualit\u00e9s\"],\"inLanguage\":\"fr-FR\",\"potentialAction\":[{\"@type\":\"CommentAction\",\"name\":\"Comment\",\"target\":[\"https:\/\/www.africa-press.net\/togo\/politique\/rencontre-entre-adebayor-et-lambassadrice-des-etats-unis-au-togo#respond\"]}]},{\"@type\":\"WebPage\",\"@id\":\"https:\/\/www.africa-press.net\/togo\/politique\/rencontre-entre-adebayor-et-lambassadrice-des-etats-unis-au-togo\",\"url\":\"https:\/\/www.africa-press.net\/togo\/politique\/rencontre-entre-adebayor-et-lambassadrice-des-etats-unis-au-togo\",\"name\":\"Rencontre entre Adebayor et l\u2019ambassadrice des \u00c9tats-Unis au Togo - Togo\",\"isPartOf\":{\"@id\":\"https:\/\/www.africa-press.net\/togo\/#website\"},\"primaryImageOfPage\":{\"@id\":\"https:\/\/www.africa-press.net\/togo\/politique\/rencontre-entre-adebayor-et-lambassadrice-des-etats-unis-au-togo#primaryimage\"},\"image\":{\"@id\":\"https:\/\/www.africa-press.net\/togo\/politique\/rencontre-entre-adebayor-et-lambassadrice-des-etats-unis-au-togo#primaryimage\"},\"thumbnailUrl\":\"https:\/\/static.africa-press.net\/togo\/sites\/58\/2022\/10\/postQueueImg_1-633dfd3211efd.jpg\",\"datePublished\":\"2022-10-05T21:26:03+00:00\",\"dateModified\":\"2022-10-05T21:55:49+00:00\",\"author\":{\"@id\":\"https:\/\/www.africa-press.net\/togo\/#\/schema\/person\/2b1cf3cd81a31e3cd26889ca66d677f1\"},\"description\":\"L\u2019ancien Capitaine des E\u0301perviers du Togo a annonce\u0301 mardi avoir rencontre\u0301 Mme Elizabeth Fitzsimmons l\u2019Ambassadrice ...\",\"breadcrumb\":{\"@id\":\"https:\/\/www.africa-press.net\/togo\/politique\/rencontre-entre-adebayor-et-lambassadrice-des-etats-unis-au-togo#breadcrumb\"},\"inLanguage\":\"fr-FR\",\"potentialAction\":[{\"@type\":\"ReadAction\",\"target\":[\"https:\/\/www.africa-press.net\/togo\/politique\/rencontre-entre-adebayor-et-lambassadrice-des-etats-unis-au-togo\"]}]},{\"@type\":\"ImageObject\",\"inLanguage\":\"fr-FR\",\"@id\":\"https:\/\/www.africa-press.net\/togo\/politique\/rencontre-entre-adebayor-et-lambassadrice-des-etats-unis-au-togo#primaryimage\",\"url\":\"https:\/\/static.africa-press.net\/togo\/sites\/58\/2022\/10\/postQueueImg_1-633dfd3211efd.jpg\",\"contentUrl\":\"https:\/\/static.africa-press.net\/togo\/sites\/58\/2022\/10\/postQueueImg_1-633dfd3211efd.jpg\",\"width\":750,\"height\":562,\"caption\":\"Rencontre entre Adebayor et l\u2019ambassadrice des \u00c9tats-Unis au Togo\"},{\"@type\":\"BreadcrumbList\",\"@id\":\"https:\/\/www.africa-press.net\/togo\/politique\/rencontre-entre-adebayor-et-lambassadrice-des-etats-unis-au-togo#breadcrumb\",\"itemListElement\":[{\"@type\":\"ListItem\",\"position\":1,\"name\":\"Accueil\",\"item\":\"https:\/\/www.africa-press.net\/togo\/\"},{\"@type\":\"ListItem\",\"position\":2,\"name\":\"Rencontre entre Adebayor et l\u2019ambassadrice des \u00c9tats-Unis au Togo\"}]},{\"@type\":\"WebSite\",\"@id\":\"https:\/\/www.africa-press.net\/togo\/#website\",\"url\":\"https:\/\/www.africa-press.net\/togo\/\",\"name\":\"Togo\",\"description\":\"Just another Africa News Agency Sites site\",\"potentialAction\":[{\"@type\":\"SearchAction\",\"target\":{\"@type\":\"EntryPoint\",\"urlTemplate\":\"https:\/\/www.africa-press.net\/togo\/?s={search_term_string}\"},\"query-input\":{\"@type\":\"PropertyValueSpecification\",\"valueRequired\":true,\"valueName\":\"search_term_string\"}}],\"inLanguage\":\"fr-FR\"},{\"@type\":\"Person\",\"@id\":\"https:\/\/www.africa-press.net\/togo\/#\/schema\/person\/2b1cf3cd81a31e3cd26889ca66d677f1\",\"name\":\"cfeditorfr\"}]}<\/script>\n<!-- \/ Yoast SEO Premium plugin. -->","yoast_head_json":{"title":"Rencontre entre Adebayor et l\u2019ambassadrice des \u00c9tats-Unis au Togo - Togo","description":"L\u2019ancien Capitaine des E\u0301perviers du Togo a annonce\u0301 mardi avoir rencontre\u0301 Mme Elizabeth Fitzsimmons l\u2019Ambassadrice ...","robots":{"index":"index","follow":"follow","max-snippet":"max-snippet:-1","max-image-preview":"max-image-preview:large","max-video-preview":"max-video-preview:-1"},"canonical":"https:\/\/www.africa-press.net\/togo\/politique\/rencontre-entre-adebayor-et-lambassadrice-des-etats-unis-au-togo","og_locale":"fr_FR","og_type":"article","og_title":"Rencontre entre Adebayor et l\u2019ambassadrice des \u00c9tats-Unis au Togo","og_description":"L\u2019ancien Capitaine des E\u0301perviers du Togo a annonce\u0301 mardi avoir rencontre\u0301 Mme Elizabeth Fitzsimmons l\u2019Ambassadrice ...","og_url":"https:\/\/www.africa-press.net\/togo\/politique\/rencontre-entre-adebayor-et-lambassadrice-des-etats-unis-au-togo","og_site_name":"Togo","article_published_time":"2022-10-05T21:26:03+00:00","article_modified_time":"2022-10-05T21:55:49+00:00","og_image":[{"width":750,"height":562,"url":"https:\/\/static.africa-press.net\/togo\/sites\/58\/2022\/10\/postQueueImg_1-633dfd3211efd.jpg","type":"image\/jpeg"}],"author":"cfeditorfr","twitter_card":"summary_large_image","twitter_misc":{"\u00c9crit par":"cfeditorfr","Dur\u00e9e de lecture estim\u00e9e":"1 minute"},"schema":{"@context":"https:\/\/schema.org","@graph":[{"@type":"Article","@id":"https:\/\/www.africa-press.net\/togo\/politique\/rencontre-entre-adebayor-et-lambassadrice-des-etats-unis-au-togo#article","isPartOf":{"@id":"https:\/\/www.africa-press.net\/togo\/politique\/rencontre-entre-adebayor-et-lambassadrice-des-etats-unis-au-togo"},"author":{"name":"cfeditorfr","@id":"https:\/\/www.africa-press.net\/togo\/#\/schema\/person\/2b1cf3cd81a31e3cd26889ca66d677f1"},"headline":"Rencontre entre Adebayor et l\u2019ambassadrice des \u00c9tats-Unis au Togo","datePublished":"2022-10-05T21:26:03+00:00","dateModified":"2022-10-05T21:55:49+00:00","mainEntityOfPage":{"@id":"https:\/\/www.africa-press.net\/togo\/politique\/rencontre-entre-adebayor-et-lambassadrice-des-etats-unis-au-togo"},"wordCount":175,"commentCount":0,"image":{"@id":"https:\/\/www.africa-press.net\/togo\/politique\/rencontre-entre-adebayor-et-lambassadrice-des-etats-unis-au-togo#primaryimage"},"thumbnailUrl":"https:\/\/static.africa-press.net\/togo\/sites\/58\/2022\/10\/postQueueImg_1-633dfd3211efd.jpg","keywords":["Africa Press","Africa Press-Togo","Togo"],"articleSection":["Politique","Toutes les actualit\u00e9s"],"inLanguage":"fr-FR","potentialAction":[{"@type":"CommentAction","name":"Comment","target":["https:\/\/www.africa-press.net\/togo\/politique\/rencontre-entre-adebayor-et-lambassadrice-des-etats-unis-au-togo#respond"]}]},{"@type":"WebPage","@id":"https:\/\/www.africa-press.net\/togo\/politique\/rencontre-entre-adebayor-et-lambassadrice-des-etats-unis-au-togo","url":"https:\/\/www.africa-press.net\/togo\/politique\/rencontre-entre-adebayor-et-lambassadrice-des-etats-unis-au-togo","name":"Rencontre entre Adebayor et l\u2019ambassadrice des \u00c9tats-Unis au Togo - Togo","isPartOf":{"@id":"https:\/\/www.africa-press.net\/togo\/#website"},"primaryImageOfPage":{"@id":"https:\/\/www.africa-press.net\/togo\/politique\/rencontre-entre-adebayor-et-lambassadrice-des-etats-unis-au-togo#primaryimage"},"image":{"@id":"https:\/\/www.africa-press.net\/togo\/politique\/rencontre-entre-adebayor-et-lambassadrice-des-etats-unis-au-togo#primaryimage"},"thumbnailUrl":"https:\/\/static.africa-press.net\/togo\/sites\/58\/2022\/10\/postQueueImg_1-633dfd3211efd.jpg","datePublished":"2022-10-05T21:26:03+00:00","dateModified":"2022-10-05T21:55:49+00:00","author":{"@id":"https:\/\/www.africa-press.net\/togo\/#\/schema\/person\/2b1cf3cd81a31e3cd26889ca66d677f1"},"description":"L\u2019ancien Capitaine des E\u0301perviers du Togo a annonce\u0301 mardi avoir rencontre\u0301 Mme Elizabeth Fitzsimmons l\u2019Ambassadrice ...","breadcrumb":{"@id":"https:\/\/www.africa-press.net\/togo\/politique\/rencontre-entre-adebayor-et-lambassadrice-des-etats-unis-au-togo#breadcrumb"},"inLanguage":"fr-FR","potentialAction":[{"@type":"ReadAction","target":["https:\/\/www.africa-press.net\/togo\/politique\/rencontre-entre-adebayor-et-lambassadrice-des-etats-unis-au-togo"]}]},{"@type":"ImageObject","inLanguage":"fr-FR","@id":"https:\/\/www.africa-press.net\/togo\/politique\/rencontre-entre-adebayor-et-lambassadrice-des-etats-unis-au-togo#primaryimage","url":"https:\/\/static.africa-press.net\/togo\/sites\/58\/2022\/10\/postQueueImg_1-633dfd3211efd.jpg","contentUrl":"https:\/\/static.africa-press.net\/togo\/sites\/58\/2022\/10\/postQueueImg_1-633dfd3211efd.jpg","width":750,"height":562,"caption":"Rencontre entre Adebayor et l\u2019ambassadrice des \u00c9tats-Unis au Togo"},{"@type":"BreadcrumbList","@id":"https:\/\/www.africa-press.net\/togo\/politique\/rencontre-entre-adebayor-et-lambassadrice-des-etats-unis-au-togo#breadcrumb","itemListElement":[{"@type":"ListItem","position":1,"name":"Accueil","item":"https:\/\/www.africa-press.net\/togo\/"},{"@type":"ListItem","position":2,"name":"Rencontre entre Adebayor et l\u2019ambassadrice des \u00c9tats-Unis au Togo"}]},{"@type":"WebSite","@id":"https:\/\/www.africa-press.net\/togo\/#website","url":"https:\/\/www.africa-press.net\/togo\/","name":"Togo","description":"Just another Africa News Agency Sites site","potentialAction":[{"@type":"SearchAction","target":{"@type":"EntryPoint","urlTemplate":"https:\/\/www.africa-press.net\/togo\/?s={search_term_string}"},"query-input":{"@type":"PropertyValueSpecification","valueRequired":true,"valueName":"search_term_string"}}],"inLanguage":"fr-FR"},{"@type":"Person","@id":"https:\/\/www.africa-press.net\/togo\/#\/schema\/person\/2b1cf3cd81a31e3cd26889ca66d677f1","name":"cfeditorfr"}]}},"_links":{"self":[{"href":"https:\/\/www.africa-press.net\/togo\/wp-json\/wp\/v2\/posts\/11996","targetHints":{"allow":["GET"]}}],"collection":[{"href":"https:\/\/www.africa-press.net\/togo\/wp-json\/wp\/v2\/posts"}],"about":[{"href":"https:\/\/www.africa-press.net\/togo\/wp-json\/wp\/v2\/types\/post"}],"author":[{"embeddable":true,"href":"https:\/\/www.africa-press.net\/togo\/wp-json\/wp\/v2\/users\/82"}],"replies":[{"embeddable":true,"href":"https:\/\/www.africa-press.net\/togo\/wp-json\/wp\/v2\/comments?post=11996"}],"version-history":[{"count":0,"href":"https:\/\/www.africa-press.net\/togo\/wp-json\/wp\/v2\/posts\/11996\/revisions"}],"wp:featuredmedia":[{"embeddable":true,"href":"https:\/\/www.africa-press.net\/togo\/wp-json\/wp\/v2\/media\/11995"}],"wp:attachment":[{"href":"https:\/\/www.africa-press.net\/togo\/wp-json\/wp\/v2\/media?parent=11996"}],"wp:term":[{"taxonomy":"category","embeddable":true,"href":"https:\/\/www.africa-press.net\/togo\/wp-json\/wp\/v2\/categories?post=11996"},{"taxonomy":"post_tag","embeddable":true,"href":"https:\/\/www.africa-press.net\/togo\/wp-json\/wp\/v2\/tags?post=11996"}],"curies":[{"name":"wp","href":"https:\/\/api.w.org\/{rel}","templated":true}]}}