{"id":12062,"date":"2022-10-06T21:45:08","date_gmt":"2022-10-06T21:45:08","guid":{"rendered":"https:\/\/www.africa-press.net\/togo\/politique\/quel-drole-de-president-avons-nous-au-togo-2"},"modified":"2022-10-06T22:03:11","modified_gmt":"2022-10-06T22:03:11","slug":"quel-drole-de-president-avons-nous-au-togo-2","status":"publish","type":"post","link":"https:\/\/www.africa-press.net\/togo\/politique\/quel-drole-de-president-avons-nous-au-togo-2","title":{"rendered":"Quel dr\u00f4le de Pr\u00e9sident avons-nous au Togo!"},"content":{"rendered":"<p><span style=\"color: #ff6600\"><strong>Africa-Press &#8211; Togo. <\/strong><\/span>Quel dro\u0302le de Pre\u0301sident avons-nous au Togo! Ce pays est submerge\u0301 de proble\u0300mes et celui qui le dirige ne fait aucun effort pour les re\u0301soudre mais en me\u0302me temps, il se montre le plus soucieux quand il y a un proble\u0300me dans un pays dans la sous-re\u0301gion et il faut trouver une solution pour le re\u0301soudre. Quel genre de \u201cpe\u0300re de famille\u201d est-il et qui laisse ses enfants affame\u0301s mais s \u0301en va se comporter en \u201cbon pe\u0300re de famille\u201d dehors? Est-il vraiment \u201cbonus pater familia\u201d? Une expression latine, che\u0300re aux juristes pour dire comment un homme devrait normalement agir ou se comporter dans une situation bien de\u0301termine\u0301e. Faure Gnassingbe\u0301 est-il un \u201cbon pe\u0300re de famille pour le Togo\u201d?<\/p>\n<p>C \u0301est la question que tout Togolais correct et conscient doit se poser? Mais pour tout juriste objectif, cre\u0301dible, since\u0300re et loin du sentiment politique, la re\u0301ponse est qu \u0301il ne l \u0301est pas, sans aucune he\u0301sitation. Et comme je suis since\u0300re, cre\u0301dible et objectif comme tout juriste, je dirai aussi sans he\u0301sitation que Faure Gnassingbe\u0301 ne me\u0301rite pas la qualite\u0301 de \u201cbon pe\u0300re de famille\u201d, en ce sens qu \u0301il ne se comporte pas bien envers sa population qu \u0301il dirige. Il ne l \u0301est pas aujourd \u0301hui, il ne l \u0301a pas e\u0301te\u0301 hier. Donc, ce n \u0301est pas demain qu \u0301il le sera si cela lui a fait de\u0301faut hier et aujourd \u0301hui.<\/p>\n<p>Certes, c \u0301est bon d \u0301intervenir pour apporter des solutions quand un pays voisin et ami se trouve dans des difficulte\u0301s surtout que c \u0301est dela\u0300 que viennent les terroristes au Togo. Mais c \u0301est difficile de comprendre et concevoir aussi comment son propre pays est submerge\u0301 de proble\u0300mes et il se montre insensible a\u0300 ses proble\u0300mes et en me\u0302me temps il se montre toujours disponible avec promptitude et cre\u0301ativite\u0301 pour re\u0301soudre les proble\u0300mes des autres pays voisins. Est-ce une fac\u0327on de se racheter dehors, une image qu \u0301il a perdue chez lui? Si c \u0301est c\u0327a, et c \u0301est bien c\u0327a, on ne peut pas laisser Faure Gnassingbe\u0301 continuer a\u0300 diriger le Togo avec cette strate\u0301gie pleine de cynisme et sadisme. Oui, c \u0301est du cynisme et sadisme. Il n\u2019y a pas d\u2019autres mots pour qualifier son comportement vis-a\u0300-vis de son peuple. Il n \u0301a pas le c\u0153ur pour les Togolais. Seul le pouvoir compte pour lui. C\u2019est tout.<\/p>\n<p>Il ne peut pas se dire que, s \u0301il perd de popularite\u0301 chez lui, il pourra la racheter dehors en faisant \u201cbon office\u201d chez les voisins. C \u0301est du dehors qu \u0301on vote pour lui au Togo ou bien c \u0301est son peuple qui vote pendant les e\u0301lections? C \u0301est le vote des Burkinabe\u0301, des Maliens, des Nige\u0301riens, des Ivoiriens, des Guine\u0301ens, etc.. qu \u0301il sollicitera en 2025 quand il va chercher a\u0300 se maitenir au pouvoir ( mais il se trompe) ou celui des Togolais qu \u0301il ne respecte me\u0302me pas et fait souffrir? Faure Gnassingbe\u0301 ne me\u0301rite pas de diriger le Togo. Il faut avoir le courage de dire les choses telles qu \u0301elles sont. Faire de la politique, c \u0301est avoir le courage dire ce que l \u0301on ressent re\u0301ellement au fond de soi-me\u0302me par rapport a\u0300 une situation qui se pre\u0301sente. En 2025 il va partir et il doit partir. Le mieux est que la de\u0301cision vienne de lui-me\u0302me mais dans tous les cas, il ne va plus diriger le pays au-dela\u0300 de 2025. Qu \u0301il ne se caresse plus ce re\u0302ve dans sa te\u0302te. C \u0301est termine\u0301. Il se fout e\u0301perdu\u0302ment des Togolais. Le bon Dieu va le la\u0302cher a\u0300 la fin de ce mandat, croyez-moi car il agit mal envers son peuple et se montre le plus bienveillant dehors envers les voisins dans la sous-re\u0301gion alors que son propre peuple souffre et a des proble\u0300mes. Quel genre de Pre\u0301sident est-il ? Dites-moi.<\/p>\n<p>S \u0301il agit en bon pe\u0300re de famille et se montre bienveillant dehors, il faut qu \u0301il montre cette qualite\u0301 hors norme aussi a\u0300 son peuple. Les Togolais ne peuvent plus tole\u0301rer ce genre de comportement irresponsable, je dis bien irresponsable. Il doit patir en 2025. Je suis de\u0301termine\u0301 pour c\u0327a. Faure Gnassingbe\u0301 ne sera plus a\u0300 la te\u0302te de ce pays a\u0300 la fin de ce mandat en cours. Mais donnons-lui quand me\u0302me la chance de terminer ce mandat qui finit en 2025 et ce sera termine\u0301, afin qu \u0301il parte dans la paix et la quie\u0301tude se reposer et laisser la place a\u0300 ceux qui veulent vraiment du bien pour ce pays. Il n \u0301est pas venu pour diriger le pays et chercher le bien du peuple togolais.<\/p>\n<p>Chaque Togolais doit se mettre pyschologiquement dans la te\u0302te que Faure Gnassingbe\u0301 doit partir en 2025. Ce n \u0301est plus possible. On ne peut pas continuer ainsi. C \u0301est tre\u0300s insupportable pour les Togolais, ce qu \u0301il fait et de la manie\u0300re dont il dirige le pays pendant de\u0301ja\u0300 plus de 17 ans. Les trois ans restants, qu \u0301il le termine mais qu \u0301il se dise aussi que c \u0301est son dernier mandat.<\/p>\n<p>Dr. Christian Spieker<\/p>\n<p>Pre\u0301sident de UNSER LAND en cre\u0301ation<\/p>\n<p><strong>Pour plus d&rsquo;informations et d&rsquo;analyses sur la <a href=\"https:\/\/www.africa-press.net\/togo\">Togo<\/a>, suivez <a href=\"https:\/\/www.africa-press.net\/\">Africa-Press<\/a><\/strong><\/p>\n","protected":false},"excerpt":{"rendered":"<p>Africa-Press &#8211; Togo. Quel dro\u0302le de Pre\u0301sident avons-nous au Togo! Ce pays est submerge\u0301 de proble\u0300mes et celui qui le dirige ne fait aucun effort pour les re\u0301soudre mais en me\u0302me temps, il se montre le plus soucieux quand il y a un proble\u0300me dans un pays dans la sous-re\u0301gion et il faut trouver une [&hellip;]<\/p>\n","protected":false},"author":82,"featured_media":12061,"comment_status":"open","ping_status":"closed","sticky":false,"template":"","format":"standard","meta":{"footnotes":""},"categories":[2,10],"tags":[36,49,50],"class_list":["post-12062","post","type-post","status-publish","format-standard","has-post-thumbnail","hentry","category-politique","category-toutes-les-actualites","tag-africa-press","tag-africa-press-togo","tag-togo"],"yoast_head":"<!-- This site is optimized with the Yoast SEO Premium plugin v26.1 (Yoast SEO v27.0) - https:\/\/yoast.com\/product\/yoast-seo-premium-wordpress\/ -->\n<title>Quel dr\u00f4le de Pr\u00e9sident avons-nous au Togo! - Togo<\/title>\n<meta name=\"description\" content=\"Quel dro\u0302le de Pre\u0301sident avons-nous au Togo! Ce pays est submerge\u0301 de proble\u0300mes et celui qui le dirige ne fait aucun e ...\" \/>\n<meta name=\"robots\" content=\"index, follow, max-snippet:-1, max-image-preview:large, max-video-preview:-1\" \/>\n<link rel=\"canonical\" href=\"https:\/\/www.africa-press.net\/togo\/politique\/quel-drole-de-president-avons-nous-au-togo-2\" \/>\n<meta property=\"og:locale\" content=\"fr_FR\" \/>\n<meta property=\"og:type\" content=\"article\" \/>\n<meta property=\"og:title\" content=\"Quel dr\u00f4le de Pr\u00e9sident avons-nous au Togo!\" \/>\n<meta property=\"og:description\" content=\"Quel dro\u0302le de Pre\u0301sident avons-nous au Togo! Ce pays est submerge\u0301 de proble\u0300mes et celui qui le dirige ne fait aucun e ...\" \/>\n<meta property=\"og:url\" content=\"https:\/\/www.africa-press.net\/togo\/politique\/quel-drole-de-president-avons-nous-au-togo-2\" \/>\n<meta property=\"og:site_name\" content=\"Togo\" \/>\n<meta property=\"article:published_time\" content=\"2022-10-06T21:45:08+00:00\" \/>\n<meta property=\"article:modified_time\" content=\"2022-10-06T22:03:11+00:00\" \/>\n<meta property=\"og:image\" content=\"https:\/\/static.africa-press.net\/togo\/sites\/58\/2022\/10\/postQueueImg_19-633f5084e0ef2.jpg\" \/>\n\t<meta property=\"og:image:width\" content=\"720\" \/>\n\t<meta property=\"og:image:height\" content=\"720\" \/>\n\t<meta property=\"og:image:type\" content=\"image\/jpeg\" \/>\n<meta name=\"author\" content=\"cfeditorfr\" \/>\n<meta name=\"twitter:card\" content=\"summary_large_image\" \/>\n<meta name=\"twitter:label1\" content=\"\u00c9crit par\" \/>\n\t<meta name=\"twitter:data1\" content=\"cfeditorfr\" \/>\n\t<meta name=\"twitter:label2\" content=\"Dur\u00e9e de lecture estim\u00e9e\" \/>\n\t<meta name=\"twitter:data2\" content=\"5 minutes\" \/>\n<script type=\"application\/ld+json\" class=\"yoast-schema-graph\">{\"@context\":\"https:\/\/schema.org\",\"@graph\":[{\"@type\":\"Article\",\"@id\":\"https:\/\/www.africa-press.net\/togo\/politique\/quel-drole-de-president-avons-nous-au-togo-2#article\",\"isPartOf\":{\"@id\":\"https:\/\/www.africa-press.net\/togo\/politique\/quel-drole-de-president-avons-nous-au-togo-2\"},\"author\":{\"name\":\"cfeditorfr\",\"@id\":\"https:\/\/www.africa-press.net\/togo\/#\/schema\/person\/2b1cf3cd81a31e3cd26889ca66d677f1\"},\"headline\":\"Quel dr\u00f4le de Pr\u00e9sident avons-nous au Togo!\",\"datePublished\":\"2022-10-06T21:45:08+00:00\",\"dateModified\":\"2022-10-06T22:03:11+00:00\",\"mainEntityOfPage\":{\"@id\":\"https:\/\/www.africa-press.net\/togo\/politique\/quel-drole-de-president-avons-nous-au-togo-2\"},\"wordCount\":943,\"commentCount\":0,\"image\":{\"@id\":\"https:\/\/www.africa-press.net\/togo\/politique\/quel-drole-de-president-avons-nous-au-togo-2#primaryimage\"},\"thumbnailUrl\":\"https:\/\/static.africa-press.net\/togo\/sites\/58\/2022\/10\/postQueueImg_19-633f5084e0ef2.jpg\",\"keywords\":[\"Africa Press\",\"Africa Press-Togo\",\"Togo\"],\"articleSection\":[\"Politique\",\"Toutes les actualit\u00e9s\"],\"inLanguage\":\"fr-FR\",\"potentialAction\":[{\"@type\":\"CommentAction\",\"name\":\"Comment\",\"target\":[\"https:\/\/www.africa-press.net\/togo\/politique\/quel-drole-de-president-avons-nous-au-togo-2#respond\"]}]},{\"@type\":\"WebPage\",\"@id\":\"https:\/\/www.africa-press.net\/togo\/politique\/quel-drole-de-president-avons-nous-au-togo-2\",\"url\":\"https:\/\/www.africa-press.net\/togo\/politique\/quel-drole-de-president-avons-nous-au-togo-2\",\"name\":\"Quel dr\u00f4le de Pr\u00e9sident avons-nous au Togo! - Togo\",\"isPartOf\":{\"@id\":\"https:\/\/www.africa-press.net\/togo\/#website\"},\"primaryImageOfPage\":{\"@id\":\"https:\/\/www.africa-press.net\/togo\/politique\/quel-drole-de-president-avons-nous-au-togo-2#primaryimage\"},\"image\":{\"@id\":\"https:\/\/www.africa-press.net\/togo\/politique\/quel-drole-de-president-avons-nous-au-togo-2#primaryimage\"},\"thumbnailUrl\":\"https:\/\/static.africa-press.net\/togo\/sites\/58\/2022\/10\/postQueueImg_19-633f5084e0ef2.jpg\",\"datePublished\":\"2022-10-06T21:45:08+00:00\",\"dateModified\":\"2022-10-06T22:03:11+00:00\",\"author\":{\"@id\":\"https:\/\/www.africa-press.net\/togo\/#\/schema\/person\/2b1cf3cd81a31e3cd26889ca66d677f1\"},\"description\":\"Quel dro\u0302le de Pre\u0301sident avons-nous au Togo! Ce pays est submerge\u0301 de proble\u0300mes et celui qui le dirige ne fait aucun e ...\",\"breadcrumb\":{\"@id\":\"https:\/\/www.africa-press.net\/togo\/politique\/quel-drole-de-president-avons-nous-au-togo-2#breadcrumb\"},\"inLanguage\":\"fr-FR\",\"potentialAction\":[{\"@type\":\"ReadAction\",\"target\":[\"https:\/\/www.africa-press.net\/togo\/politique\/quel-drole-de-president-avons-nous-au-togo-2\"]}]},{\"@type\":\"ImageObject\",\"inLanguage\":\"fr-FR\",\"@id\":\"https:\/\/www.africa-press.net\/togo\/politique\/quel-drole-de-president-avons-nous-au-togo-2#primaryimage\",\"url\":\"https:\/\/static.africa-press.net\/togo\/sites\/58\/2022\/10\/postQueueImg_19-633f5084e0ef2.jpg\",\"contentUrl\":\"https:\/\/static.africa-press.net\/togo\/sites\/58\/2022\/10\/postQueueImg_19-633f5084e0ef2.jpg\",\"width\":720,\"height\":720,\"caption\":\"Quel dr\u00f4le de Pr\u00e9sident avons-nous au Togo!\"},{\"@type\":\"BreadcrumbList\",\"@id\":\"https:\/\/www.africa-press.net\/togo\/politique\/quel-drole-de-president-avons-nous-au-togo-2#breadcrumb\",\"itemListElement\":[{\"@type\":\"ListItem\",\"position\":1,\"name\":\"Accueil\",\"item\":\"https:\/\/www.africa-press.net\/togo\/\"},{\"@type\":\"ListItem\",\"position\":2,\"name\":\"Quel dr\u00f4le de Pr\u00e9sident avons-nous au Togo!\"}]},{\"@type\":\"WebSite\",\"@id\":\"https:\/\/www.africa-press.net\/togo\/#website\",\"url\":\"https:\/\/www.africa-press.net\/togo\/\",\"name\":\"Togo\",\"description\":\"Just another Africa News Agency Sites site\",\"potentialAction\":[{\"@type\":\"SearchAction\",\"target\":{\"@type\":\"EntryPoint\",\"urlTemplate\":\"https:\/\/www.africa-press.net\/togo\/?s={search_term_string}\"},\"query-input\":{\"@type\":\"PropertyValueSpecification\",\"valueRequired\":true,\"valueName\":\"search_term_string\"}}],\"inLanguage\":\"fr-FR\"},{\"@type\":\"Person\",\"@id\":\"https:\/\/www.africa-press.net\/togo\/#\/schema\/person\/2b1cf3cd81a31e3cd26889ca66d677f1\",\"name\":\"cfeditorfr\"}]}<\/script>\n<!-- \/ Yoast SEO Premium plugin. -->","yoast_head_json":{"title":"Quel dr\u00f4le de Pr\u00e9sident avons-nous au Togo! - Togo","description":"Quel dro\u0302le de Pre\u0301sident avons-nous au Togo! Ce pays est submerge\u0301 de proble\u0300mes et celui qui le dirige ne fait aucun e ...","robots":{"index":"index","follow":"follow","max-snippet":"max-snippet:-1","max-image-preview":"max-image-preview:large","max-video-preview":"max-video-preview:-1"},"canonical":"https:\/\/www.africa-press.net\/togo\/politique\/quel-drole-de-president-avons-nous-au-togo-2","og_locale":"fr_FR","og_type":"article","og_title":"Quel dr\u00f4le de Pr\u00e9sident avons-nous au Togo!","og_description":"Quel dro\u0302le de Pre\u0301sident avons-nous au Togo! Ce pays est submerge\u0301 de proble\u0300mes et celui qui le dirige ne fait aucun e ...","og_url":"https:\/\/www.africa-press.net\/togo\/politique\/quel-drole-de-president-avons-nous-au-togo-2","og_site_name":"Togo","article_published_time":"2022-10-06T21:45:08+00:00","article_modified_time":"2022-10-06T22:03:11+00:00","og_image":[{"width":720,"height":720,"url":"https:\/\/static.africa-press.net\/togo\/sites\/58\/2022\/10\/postQueueImg_19-633f5084e0ef2.jpg","type":"image\/jpeg"}],"author":"cfeditorfr","twitter_card":"summary_large_image","twitter_misc":{"\u00c9crit par":"cfeditorfr","Dur\u00e9e de lecture estim\u00e9e":"5 minutes"},"schema":{"@context":"https:\/\/schema.org","@graph":[{"@type":"Article","@id":"https:\/\/www.africa-press.net\/togo\/politique\/quel-drole-de-president-avons-nous-au-togo-2#article","isPartOf":{"@id":"https:\/\/www.africa-press.net\/togo\/politique\/quel-drole-de-president-avons-nous-au-togo-2"},"author":{"name":"cfeditorfr","@id":"https:\/\/www.africa-press.net\/togo\/#\/schema\/person\/2b1cf3cd81a31e3cd26889ca66d677f1"},"headline":"Quel dr\u00f4le de Pr\u00e9sident avons-nous au Togo!","datePublished":"2022-10-06T21:45:08+00:00","dateModified":"2022-10-06T22:03:11+00:00","mainEntityOfPage":{"@id":"https:\/\/www.africa-press.net\/togo\/politique\/quel-drole-de-president-avons-nous-au-togo-2"},"wordCount":943,"commentCount":0,"image":{"@id":"https:\/\/www.africa-press.net\/togo\/politique\/quel-drole-de-president-avons-nous-au-togo-2#primaryimage"},"thumbnailUrl":"https:\/\/static.africa-press.net\/togo\/sites\/58\/2022\/10\/postQueueImg_19-633f5084e0ef2.jpg","keywords":["Africa Press","Africa Press-Togo","Togo"],"articleSection":["Politique","Toutes les actualit\u00e9s"],"inLanguage":"fr-FR","potentialAction":[{"@type":"CommentAction","name":"Comment","target":["https:\/\/www.africa-press.net\/togo\/politique\/quel-drole-de-president-avons-nous-au-togo-2#respond"]}]},{"@type":"WebPage","@id":"https:\/\/www.africa-press.net\/togo\/politique\/quel-drole-de-president-avons-nous-au-togo-2","url":"https:\/\/www.africa-press.net\/togo\/politique\/quel-drole-de-president-avons-nous-au-togo-2","name":"Quel dr\u00f4le de Pr\u00e9sident avons-nous au Togo! - Togo","isPartOf":{"@id":"https:\/\/www.africa-press.net\/togo\/#website"},"primaryImageOfPage":{"@id":"https:\/\/www.africa-press.net\/togo\/politique\/quel-drole-de-president-avons-nous-au-togo-2#primaryimage"},"image":{"@id":"https:\/\/www.africa-press.net\/togo\/politique\/quel-drole-de-president-avons-nous-au-togo-2#primaryimage"},"thumbnailUrl":"https:\/\/static.africa-press.net\/togo\/sites\/58\/2022\/10\/postQueueImg_19-633f5084e0ef2.jpg","datePublished":"2022-10-06T21:45:08+00:00","dateModified":"2022-10-06T22:03:11+00:00","author":{"@id":"https:\/\/www.africa-press.net\/togo\/#\/schema\/person\/2b1cf3cd81a31e3cd26889ca66d677f1"},"description":"Quel dro\u0302le de Pre\u0301sident avons-nous au Togo! Ce pays est submerge\u0301 de proble\u0300mes et celui qui le dirige ne fait aucun e ...","breadcrumb":{"@id":"https:\/\/www.africa-press.net\/togo\/politique\/quel-drole-de-president-avons-nous-au-togo-2#breadcrumb"},"inLanguage":"fr-FR","potentialAction":[{"@type":"ReadAction","target":["https:\/\/www.africa-press.net\/togo\/politique\/quel-drole-de-president-avons-nous-au-togo-2"]}]},{"@type":"ImageObject","inLanguage":"fr-FR","@id":"https:\/\/www.africa-press.net\/togo\/politique\/quel-drole-de-president-avons-nous-au-togo-2#primaryimage","url":"https:\/\/static.africa-press.net\/togo\/sites\/58\/2022\/10\/postQueueImg_19-633f5084e0ef2.jpg","contentUrl":"https:\/\/static.africa-press.net\/togo\/sites\/58\/2022\/10\/postQueueImg_19-633f5084e0ef2.jpg","width":720,"height":720,"caption":"Quel dr\u00f4le de Pr\u00e9sident avons-nous au Togo!"},{"@type":"BreadcrumbList","@id":"https:\/\/www.africa-press.net\/togo\/politique\/quel-drole-de-president-avons-nous-au-togo-2#breadcrumb","itemListElement":[{"@type":"ListItem","position":1,"name":"Accueil","item":"https:\/\/www.africa-press.net\/togo\/"},{"@type":"ListItem","position":2,"name":"Quel dr\u00f4le de Pr\u00e9sident avons-nous au Togo!"}]},{"@type":"WebSite","@id":"https:\/\/www.africa-press.net\/togo\/#website","url":"https:\/\/www.africa-press.net\/togo\/","name":"Togo","description":"Just another Africa News Agency Sites site","potentialAction":[{"@type":"SearchAction","target":{"@type":"EntryPoint","urlTemplate":"https:\/\/www.africa-press.net\/togo\/?s={search_term_string}"},"query-input":{"@type":"PropertyValueSpecification","valueRequired":true,"valueName":"search_term_string"}}],"inLanguage":"fr-FR"},{"@type":"Person","@id":"https:\/\/www.africa-press.net\/togo\/#\/schema\/person\/2b1cf3cd81a31e3cd26889ca66d677f1","name":"cfeditorfr"}]}},"_links":{"self":[{"href":"https:\/\/www.africa-press.net\/togo\/wp-json\/wp\/v2\/posts\/12062","targetHints":{"allow":["GET"]}}],"collection":[{"href":"https:\/\/www.africa-press.net\/togo\/wp-json\/wp\/v2\/posts"}],"about":[{"href":"https:\/\/www.africa-press.net\/togo\/wp-json\/wp\/v2\/types\/post"}],"author":[{"embeddable":true,"href":"https:\/\/www.africa-press.net\/togo\/wp-json\/wp\/v2\/users\/82"}],"replies":[{"embeddable":true,"href":"https:\/\/www.africa-press.net\/togo\/wp-json\/wp\/v2\/comments?post=12062"}],"version-history":[{"count":0,"href":"https:\/\/www.africa-press.net\/togo\/wp-json\/wp\/v2\/posts\/12062\/revisions"}],"wp:featuredmedia":[{"embeddable":true,"href":"https:\/\/www.africa-press.net\/togo\/wp-json\/wp\/v2\/media\/12061"}],"wp:attachment":[{"href":"https:\/\/www.africa-press.net\/togo\/wp-json\/wp\/v2\/media?parent=12062"}],"wp:term":[{"taxonomy":"category","embeddable":true,"href":"https:\/\/www.africa-press.net\/togo\/wp-json\/wp\/v2\/categories?post=12062"},{"taxonomy":"post_tag","embeddable":true,"href":"https:\/\/www.africa-press.net\/togo\/wp-json\/wp\/v2\/tags?post=12062"}],"curies":[{"name":"wp","href":"https:\/\/api.w.org\/{rel}","templated":true}]}}