{"id":12108,"date":"2022-10-08T18:35:54","date_gmt":"2022-10-08T18:35:54","guid":{"rendered":"https:\/\/www.africa-press.net\/togo\/politique\/cite-au-quotidien-lafrique-un-continent-sans-opinion-publique"},"modified":"2022-10-08T18:46:54","modified_gmt":"2022-10-08T18:46:54","slug":"cite-au-quotidien-lafrique-un-continent-sans-opinion-publique","status":"publish","type":"post","link":"https:\/\/www.africa-press.net\/togo\/dossiers\/cite-au-quotidien-lafrique-un-continent-sans-opinion-publique","title":{"rendered":"Cit\u00e9 Au Quotidien: L\u2019Afrique, un continent sans opinion publique ?"},"content":{"rendered":"<p><span style=\"color: #ff6600\"><strong>Africa-Press &#8211; Togo. <\/strong><\/span><b>Dans la journe\u0301e du 2 octobre 2022, dans l\u2019agitation qui re\u0301gnait encore a\u0300 Ouagadougou, apre\u0300s le putsch du Capitaine Ibrahim TRAORE, la France a e\u0301te\u0301 la cible de certains manifestants qui s\u2019en sont pris a\u0300 l\u2019ambassade et a\u0300 d\u2019autres ba\u0302timents dans le pays. La re\u0301ponse des autorite\u0301s franc\u0327aises a e\u0301te\u0301 la me\u0302me que celle re\u0301pe\u0301te\u0301e depuis plusieurs mois : le sentiment antifranc\u0327ais qu\u2019on ne peut plus nier s\u2019explique par des manipulations des Russes, notamment a\u0300 travers les re\u0301seaux sociaux. Dans un premier temps et sans justifier ces actes de destruction, ce type de de\u0301claration ne peut que nous mettre en cole\u0300re, nous les Africains, juge\u0301s ainsi incapables de nous faire une opinion par nous-me\u0302mes et a\u0300 qui il faut toujours dicter ce qu\u2019il faut penser.<\/b><\/p>\n<p>Mais une fois cette premie\u0300re e\u0301motion passe\u0301e, on se pose une question. Les Africains ont-ils besoin des Russes pour se faire une opinion a\u0300 propos des autorite\u0301s franc\u0327aises ? Ces dernie\u0300res doivent bien savoir que les expe\u0301riences africaines avec les Franc\u0327ais ne peuvent pas avoir laisse\u0301 que des traces positives. Si on peut affirmer que l\u2019esclavage n\u2019est pas le fait des seuls Franc\u0327ais, l\u2019existence des populations noires en Martinique, Guadeloupe, etc., montre qu\u2019on ne peut gue\u0300re disculper totalement les Franc\u0327ais de ce traitement inhumain inflige\u0301 aux Africains. Une centaine d\u2019anne\u0301es de colonisation avec le pillage e\u0301conomique de l\u2019Afrique et l\u2019infe\u0301riorisation constante de ses habitants doivent e\u0302tre enregistre\u0301es au compte des mauvais souvenirs. Ceux-ci auraient pu e\u0302tre efface\u0301s apre\u0300s 1960, anne\u0301e des inde\u0301pendances, mais est-il besoin de faire mention de toutes les me\u0301tamorphoses de l\u2019ancien colon ?<\/p>\n<p>Que penser par exemple de l\u2019aide au de\u0301veloppement ? A qui cela profite-t-il au premier chef ? Et pourquoi y a-t-il eu une telle e\u0301volution ne\u0301gative entre 2016, anne\u0301e ou\u0300 l\u2019arme\u0301e franc\u0327aise a e\u0301te\u0301 accueillie avec joie au Mali et 2022, anne\u0301e du de\u0301part de la force Barkhane ?<\/p>\n<p>A toutes ces questions les Franc\u0327ais ont les re\u0301ponses dont les Africains peuvent se pre\u0301valoir.<\/p>\n<p>A cause de cela, en fait, il faut bien s\u2019en rendre compte, la fable de la manipulation russe ne peut s\u2019adresser qu\u2019a\u0300 l\u2019opinion franc\u0327aise. Nous devrions pluto\u0302t dire une certaine opinion franc\u0327aise, et plus pre\u0301cise\u0301ment une certaine opinion europe\u0301enne et ame\u0301ricaine, qui sont convaincues que le monde ne doit pas changer, qu\u2019il doit e\u0302tre coupe\u0301 en deux : d\u2019un co\u0302te\u0301 les Blancs chre\u0301tiens, qui sont faits pour diriger ce monde et de l\u2019autre tous les autres surtout ceux qui ont la peau pluto\u0302t colore\u0301e, qui ne sont pas chre\u0301tiens, et qui sont faits pour e\u0302tre domine\u0301s.<\/p>\n<p>Cette conception maniche\u0301enne e\u0301tait de\u0301ja\u0300 a\u0300 la source de l\u2019anticommunisme primaire des anne\u0301es de la guerre froide.<\/p>\n<p>Mais aujourd\u2019hui cette vision du monde ne peut plus fonctionner, malgre\u0301 la guerre en Ukraine car Il se trouve que le monde ne va pas du tout dans ce sens ne serait-ce que parce que les communaute\u0301s ne sont plus aussi e\u0301loigne\u0301es les unes des autres qu\u2019avant. Ainsi, il est e\u0301trange de voir certains brandir encore l\u2019e\u0301pouvantail du \u00ab grand remplacement \u00bb des Blancs chre\u0301tiens a\u0300 cause de la pre\u0301sence des travailleurs Africains en France. Or, tout Franc\u0327ais qui, au cours du confinement lie\u0301 a\u0300 la crise du COVID-19 s\u2019est vu livrer nourriture et provisions par un migrant noir ; qui a vu son quartier maintenu propre gra\u0302ce au travail des migrants Noirs ne pourra gue\u0300re ce\u0301der a\u0300 ce fantasme et croira pluto\u0302t a\u0300 la solidarite\u0301 humaine au-dela\u0300 des races.<\/p>\n<p>Revenons cependant a\u0300 l\u2019Afrique. Il faut reconnai\u0302tre que les autorite\u0301s franc\u0327aises n\u2019ont gue\u0300re peur de l\u2019opinion publique africaine car celle-ci a bien du mal a\u0300 s\u2019exprimer dans des contextes ou\u0300 la contestation est souvent re\u0301prime\u0301e par des pouvoirs soutenus par la France.<\/p>\n<p>Pourtant les manifestations d\u2019un certain \u201csentiment antifranc\u0327ais\u201d se font de plus en plus fre\u0301quentes depuis les deux dernie\u0300res anne\u0301es et pas seulement au Mali mais aussi au Burkina Faso, au Niger et me\u0302me au Tchad ou\u0300 la France a soutenu l\u2019arrive\u0301e du fils d\u2019Idriss DEBY au pouvoir. Pourquoi les autorite\u0301s franc\u0327aises continuent-elles alors a\u0300 parler de manipulation russe au risque de se voir de plus en plus de\u0301menties ? En effet, il est fort a\u0300 parier que si on laissait librement s\u2019exprimer l\u2019opinion en Afrique francophone, par exemple, le fameux sentiment antifranc\u0327ais ne serait plus une sorte d\u2019e\u0301ruption passage\u0300re mais une constante de l\u2019opinion africaine. Que se passe-t-il alors en Afrique ?<\/p>\n<p>La question est d\u2019autant plus pertinente que paradoxalement \u00ab l\u2019ancienne puissance coloniale est re\u0301gulie\u0300rement accuse\u0301e de piller l\u2019Afrique au moment ou\u0300 sa pre\u0301sence e\u0301conomique recule \u00bb, comme le fait remarquer Dominique BATAILLE de RFI (4 octobre 2022).<\/p>\n<p>En effet, pre\u0301cise la journaliste, la France n\u2019est plus du tout la puissance dominante. Son de\u0301clin est significatif depuis le de\u0301but des anne\u0301es 2000. En 20 ans, elle a e\u0301te\u0301 de\u0301chue de son titre de premier fournisseur, puis de premier investisseur du continent. (&#8230;) Depuis le de\u0301but des anne\u0301es 2000 la Chine grignote de nouvelles parts de marche\u0301, elle de\u0301tro\u0302ne la France en 2007. La Chine s\u2019arroge aujourd\u2019hui 17% du marche\u0301 continental, trois fois plus que la France. \u00bb<\/p>\n<p>Le proble\u0300me qui n\u2019est donc pas e\u0301conomique a\u0300 l\u2019origine a cependant des conse\u0301quences e\u0301conomiques dans la mesure ou\u0300 \u00ab d\u2019apre\u0300s l\u2019enque\u0302te annuelle re\u0301alise\u0301e par le patronat franc\u0327ais aupre\u0300s des leaders africains, l\u2019image de la France se de\u0301te\u0301riore d\u2019anne\u0301e en anne\u0301e. La France n\u2019est que septie\u0300me dans le classement des pays non africains les plus appre\u0301cie\u0301s, loin derrie\u0300re les trois premiers, les E\u0301tats-Unis, l\u2019Allemagne et le Canada. Au classement des pays juge\u0301s les plus be\u0301ne\u0301fiques pour l\u2019Afrique, la France n\u2019est que neuvie\u0300me, de\u0301passe\u0301e par la Turquie ou les E\u0301mirats arabes unis dans la dernie\u0300re e\u0301dition de l\u2019enque\u0302te \u00bb (D. BATAILLE, id)<\/p>\n<p>Et le pire c\u2019est que les initiatives prises pour corriger cette image ne semblent pas tre\u0300s efficientes : le sommet de Montpellier en 2021 et les discours de MACRON au cours de sa tourne\u0301e du 25 au 28 juillet 2022 au Cameroun, au Be\u0301nin et en Guine\u0301e-Bissau.<\/p>\n<p>En effet, ces initiatives ne sont gue\u0300re a\u0300 la mesure des de\u0301convenues et des blessures des Africains, mais surtout elles n\u2019arrangent pas la situation a\u0300 cause de l\u2019arrogance de certaines phrases comme par exemple l\u2019injonction donne\u0301e aux Africains de s\u2019aligner derrie\u0300re les positions occidentales dans le cas du conflit russo-ukrainien.<\/p>\n<p>Tout cet ensemble d\u2019e\u0301le\u0301ments fait pourtant penser que la situation est mu\u0302re pour qu\u2019une opinion publique africaine se fasse entendre et respecter.<\/p>\n<p>En effet la socie\u0301te\u0301 civile prend de plus en plus d\u2019importance sur le continent, elle est de plus en plus autonome par rapport aux partis politiques, elle est e\u0301galement plus en plus difficile a\u0300 re\u0301duire au silence par les pouvoirs en place ; et on constate aussi que des personnalite\u0301s africaines occupent des espaces conse\u0301quents sur les re\u0301seaux sociaux, etc.<\/p>\n<p>Il reste cependant a\u0300 la socie\u0301te\u0301 civile africaine a\u0300 perdre un certain nombre de vieux re\u0301flexes.<\/p>\n<p>Le premier est, dans les situations proble\u0301matiques, de ne pas chercher d\u2019abord en dehors d\u2019elle-me\u0302me la solution. Il est passe\u0301 le temps ou\u0300 on demandait syste\u0301matiquement l\u2019avis de la communaute\u0301 internationale, re\u0301duite souvent au groupe des 5 (France, Allemagne, E\u0301tatsUnis, Union Europe\u0301enne et PNUD).<\/p>\n<p>Le second re\u0301flexe est de croire qu\u2019il existe des mode\u0300les tout faits pour re\u0301soudre tous les proble\u0300mes. Il ne s\u2019agit pas, pour les Africains, de pre\u0301tendre tout inventer mais de prendre le temps de s\u2019interroger sur les mode\u0300les existants, d\u2019e\u0302tre pre\u0302ts a\u0300 relativiser leur valeur et de proposer d\u2019autres.<\/p>\n<p>Nous sommes donc appele\u0301s a\u0300 faire preuve d\u2019inventivite\u0301 et d\u2019une certaine autonomie, c\u2019esta\u0300-dire une certaine capacite\u0301 a\u0300 supporter la solitude, pour faire nai\u0302tre une opinion publique autant respecte\u0301e que toutes les autres. Sommes-nous pre\u0302ts a\u0300 prendre ce nouveau virage pour marquer notre temps ?<\/p>\n<p>Maryse Quashie et Roger Ekoue\u0301 Folikoue\u0301<\/p>\n<p><strong>Pour plus d&rsquo;informations et d&rsquo;analyses sur la <a href=\"https:\/\/www.africa-press.net\/togo\">Togo<\/a>, suivez <a href=\"https:\/\/www.africa-press.net\/\">Africa-Press<\/a><\/strong><\/p>\n","protected":false},"excerpt":{"rendered":"<p>Africa-Press &#8211; Togo. Dans la journe\u0301e du 2 octobre 2022, dans l\u2019agitation qui re\u0301gnait encore a\u0300 Ouagadougou, apre\u0300s le putsch du Capitaine Ibrahim TRAORE, la France a e\u0301te\u0301 la cible de certains manifestants qui s\u2019en sont pris a\u0300 l\u2019ambassade et a\u0300 d\u2019autres ba\u0302timents dans le pays. La re\u0301ponse des autorite\u0301s franc\u0327aises a e\u0301te\u0301 la me\u0302me [&hellip;]<\/p>\n","protected":false},"author":82,"featured_media":12107,"comment_status":"open","ping_status":"closed","sticky":false,"template":"","format":"standard","meta":{"footnotes":""},"categories":[7,10],"tags":[36,49,50],"class_list":["post-12108","post","type-post","status-publish","format-standard","has-post-thumbnail","hentry","category-dossiers","category-toutes-les-actualites","tag-africa-press","tag-africa-press-togo","tag-togo"],"yoast_head":"<!-- This site is optimized with the Yoast SEO Premium plugin v26.1 (Yoast SEO v27.0) - https:\/\/yoast.com\/product\/yoast-seo-premium-wordpress\/ -->\n<title>Cit\u00e9 Au Quotidien: L\u2019Afrique, un continent sans opinion publique ? - Togo<\/title>\n<meta name=\"description\" content=\"Dans la journe\u0301e du 2 octobre 2022, dans l\u2019agitation qui re\u0301gnait encore a\u0300 Ouagadougou, apre\u0300s le putsch du Capitain ...\" \/>\n<meta name=\"robots\" content=\"index, follow, max-snippet:-1, max-image-preview:large, max-video-preview:-1\" \/>\n<link rel=\"canonical\" href=\"https:\/\/www.africa-press.net\/togo\/dossiers\/cite-au-quotidien-lafrique-un-continent-sans-opinion-publique\" \/>\n<meta property=\"og:locale\" content=\"fr_FR\" \/>\n<meta property=\"og:type\" content=\"article\" \/>\n<meta property=\"og:title\" content=\"Cit\u00e9 Au Quotidien: L\u2019Afrique, un continent sans opinion publique ?\" \/>\n<meta property=\"og:description\" content=\"Dans la journe\u0301e du 2 octobre 2022, dans l\u2019agitation qui re\u0301gnait encore a\u0300 Ouagadougou, apre\u0300s le putsch du Capitain ...\" \/>\n<meta property=\"og:url\" content=\"https:\/\/www.africa-press.net\/togo\/dossiers\/cite-au-quotidien-lafrique-un-continent-sans-opinion-publique\" \/>\n<meta property=\"og:site_name\" content=\"Togo\" \/>\n<meta property=\"article:published_time\" content=\"2022-10-08T18:35:54+00:00\" \/>\n<meta property=\"article:modified_time\" content=\"2022-10-08T18:46:54+00:00\" \/>\n<meta property=\"og:image\" content=\"https:\/\/static.africa-press.net\/togo\/sites\/58\/2022\/10\/postQueueImg_3-6341c53ece419.jpg\" \/>\n\t<meta property=\"og:image:width\" content=\"1280\" \/>\n\t<meta property=\"og:image:height\" content=\"800\" \/>\n\t<meta property=\"og:image:type\" content=\"image\/jpeg\" \/>\n<meta name=\"author\" content=\"cfeditorfr\" \/>\n<meta name=\"twitter:card\" content=\"summary_large_image\" \/>\n<meta name=\"twitter:label1\" content=\"\u00c9crit par\" \/>\n\t<meta name=\"twitter:data1\" content=\"cfeditorfr\" \/>\n\t<meta name=\"twitter:label2\" content=\"Dur\u00e9e de lecture estim\u00e9e\" \/>\n\t<meta name=\"twitter:data2\" content=\"7 minutes\" \/>\n<script type=\"application\/ld+json\" class=\"yoast-schema-graph\">{\"@context\":\"https:\/\/schema.org\",\"@graph\":[{\"@type\":\"Article\",\"@id\":\"https:\/\/www.africa-press.net\/togo\/dossiers\/cite-au-quotidien-lafrique-un-continent-sans-opinion-publique#article\",\"isPartOf\":{\"@id\":\"https:\/\/www.africa-press.net\/togo\/dossiers\/cite-au-quotidien-lafrique-un-continent-sans-opinion-publique\"},\"author\":{\"name\":\"cfeditorfr\",\"@id\":\"https:\/\/www.africa-press.net\/togo\/#\/schema\/person\/2b1cf3cd81a31e3cd26889ca66d677f1\"},\"headline\":\"Cit\u00e9 Au Quotidien: L\u2019Afrique, un continent sans opinion publique ?\",\"datePublished\":\"2022-10-08T18:35:54+00:00\",\"dateModified\":\"2022-10-08T18:46:54+00:00\",\"mainEntityOfPage\":{\"@id\":\"https:\/\/www.africa-press.net\/togo\/dossiers\/cite-au-quotidien-lafrique-un-continent-sans-opinion-publique\"},\"wordCount\":1523,\"commentCount\":0,\"image\":{\"@id\":\"https:\/\/www.africa-press.net\/togo\/dossiers\/cite-au-quotidien-lafrique-un-continent-sans-opinion-publique#primaryimage\"},\"thumbnailUrl\":\"https:\/\/static.africa-press.net\/togo\/sites\/58\/2022\/10\/postQueueImg_3-6341c53ece419.jpg\",\"keywords\":[\"Africa Press\",\"Africa Press-Togo\",\"Togo\"],\"articleSection\":[\"Dossiers\",\"Toutes les actualit\u00e9s\"],\"inLanguage\":\"fr-FR\",\"potentialAction\":[{\"@type\":\"CommentAction\",\"name\":\"Comment\",\"target\":[\"https:\/\/www.africa-press.net\/togo\/dossiers\/cite-au-quotidien-lafrique-un-continent-sans-opinion-publique#respond\"]}]},{\"@type\":\"WebPage\",\"@id\":\"https:\/\/www.africa-press.net\/togo\/dossiers\/cite-au-quotidien-lafrique-un-continent-sans-opinion-publique\",\"url\":\"https:\/\/www.africa-press.net\/togo\/dossiers\/cite-au-quotidien-lafrique-un-continent-sans-opinion-publique\",\"name\":\"Cit\u00e9 Au Quotidien: L\u2019Afrique, un continent sans opinion publique ? - Togo\",\"isPartOf\":{\"@id\":\"https:\/\/www.africa-press.net\/togo\/#website\"},\"primaryImageOfPage\":{\"@id\":\"https:\/\/www.africa-press.net\/togo\/dossiers\/cite-au-quotidien-lafrique-un-continent-sans-opinion-publique#primaryimage\"},\"image\":{\"@id\":\"https:\/\/www.africa-press.net\/togo\/dossiers\/cite-au-quotidien-lafrique-un-continent-sans-opinion-publique#primaryimage\"},\"thumbnailUrl\":\"https:\/\/static.africa-press.net\/togo\/sites\/58\/2022\/10\/postQueueImg_3-6341c53ece419.jpg\",\"datePublished\":\"2022-10-08T18:35:54+00:00\",\"dateModified\":\"2022-10-08T18:46:54+00:00\",\"author\":{\"@id\":\"https:\/\/www.africa-press.net\/togo\/#\/schema\/person\/2b1cf3cd81a31e3cd26889ca66d677f1\"},\"description\":\"Dans la journe\u0301e du 2 octobre 2022, dans l\u2019agitation qui re\u0301gnait encore a\u0300 Ouagadougou, apre\u0300s le putsch du Capitain ...\",\"breadcrumb\":{\"@id\":\"https:\/\/www.africa-press.net\/togo\/dossiers\/cite-au-quotidien-lafrique-un-continent-sans-opinion-publique#breadcrumb\"},\"inLanguage\":\"fr-FR\",\"potentialAction\":[{\"@type\":\"ReadAction\",\"target\":[\"https:\/\/www.africa-press.net\/togo\/dossiers\/cite-au-quotidien-lafrique-un-continent-sans-opinion-publique\"]}]},{\"@type\":\"ImageObject\",\"inLanguage\":\"fr-FR\",\"@id\":\"https:\/\/www.africa-press.net\/togo\/dossiers\/cite-au-quotidien-lafrique-un-continent-sans-opinion-publique#primaryimage\",\"url\":\"https:\/\/static.africa-press.net\/togo\/sites\/58\/2022\/10\/postQueueImg_3-6341c53ece419.jpg\",\"contentUrl\":\"https:\/\/static.africa-press.net\/togo\/sites\/58\/2022\/10\/postQueueImg_3-6341c53ece419.jpg\",\"width\":1280,\"height\":800,\"caption\":\"Cit\u00e9 Au Quotidien: L\u2019Afrique, un continent sans opinion publique ?\"},{\"@type\":\"BreadcrumbList\",\"@id\":\"https:\/\/www.africa-press.net\/togo\/dossiers\/cite-au-quotidien-lafrique-un-continent-sans-opinion-publique#breadcrumb\",\"itemListElement\":[{\"@type\":\"ListItem\",\"position\":1,\"name\":\"Accueil\",\"item\":\"https:\/\/www.africa-press.net\/togo\/\"},{\"@type\":\"ListItem\",\"position\":2,\"name\":\"Cit\u00e9 Au Quotidien: L\u2019Afrique, un continent sans opinion publique ?\"}]},{\"@type\":\"WebSite\",\"@id\":\"https:\/\/www.africa-press.net\/togo\/#website\",\"url\":\"https:\/\/www.africa-press.net\/togo\/\",\"name\":\"Togo\",\"description\":\"Just another Africa News Agency Sites site\",\"potentialAction\":[{\"@type\":\"SearchAction\",\"target\":{\"@type\":\"EntryPoint\",\"urlTemplate\":\"https:\/\/www.africa-press.net\/togo\/?s={search_term_string}\"},\"query-input\":{\"@type\":\"PropertyValueSpecification\",\"valueRequired\":true,\"valueName\":\"search_term_string\"}}],\"inLanguage\":\"fr-FR\"},{\"@type\":\"Person\",\"@id\":\"https:\/\/www.africa-press.net\/togo\/#\/schema\/person\/2b1cf3cd81a31e3cd26889ca66d677f1\",\"name\":\"cfeditorfr\"}]}<\/script>\n<!-- \/ Yoast SEO Premium plugin. -->","yoast_head_json":{"title":"Cit\u00e9 Au Quotidien: L\u2019Afrique, un continent sans opinion publique ? - Togo","description":"Dans la journe\u0301e du 2 octobre 2022, dans l\u2019agitation qui re\u0301gnait encore a\u0300 Ouagadougou, apre\u0300s le putsch du Capitain ...","robots":{"index":"index","follow":"follow","max-snippet":"max-snippet:-1","max-image-preview":"max-image-preview:large","max-video-preview":"max-video-preview:-1"},"canonical":"https:\/\/www.africa-press.net\/togo\/dossiers\/cite-au-quotidien-lafrique-un-continent-sans-opinion-publique","og_locale":"fr_FR","og_type":"article","og_title":"Cit\u00e9 Au Quotidien: L\u2019Afrique, un continent sans opinion publique ?","og_description":"Dans la journe\u0301e du 2 octobre 2022, dans l\u2019agitation qui re\u0301gnait encore a\u0300 Ouagadougou, apre\u0300s le putsch du Capitain ...","og_url":"https:\/\/www.africa-press.net\/togo\/dossiers\/cite-au-quotidien-lafrique-un-continent-sans-opinion-publique","og_site_name":"Togo","article_published_time":"2022-10-08T18:35:54+00:00","article_modified_time":"2022-10-08T18:46:54+00:00","og_image":[{"width":1280,"height":800,"url":"https:\/\/static.africa-press.net\/togo\/sites\/58\/2022\/10\/postQueueImg_3-6341c53ece419.jpg","type":"image\/jpeg"}],"author":"cfeditorfr","twitter_card":"summary_large_image","twitter_misc":{"\u00c9crit par":"cfeditorfr","Dur\u00e9e de lecture estim\u00e9e":"7 minutes"},"schema":{"@context":"https:\/\/schema.org","@graph":[{"@type":"Article","@id":"https:\/\/www.africa-press.net\/togo\/dossiers\/cite-au-quotidien-lafrique-un-continent-sans-opinion-publique#article","isPartOf":{"@id":"https:\/\/www.africa-press.net\/togo\/dossiers\/cite-au-quotidien-lafrique-un-continent-sans-opinion-publique"},"author":{"name":"cfeditorfr","@id":"https:\/\/www.africa-press.net\/togo\/#\/schema\/person\/2b1cf3cd81a31e3cd26889ca66d677f1"},"headline":"Cit\u00e9 Au Quotidien: L\u2019Afrique, un continent sans opinion publique ?","datePublished":"2022-10-08T18:35:54+00:00","dateModified":"2022-10-08T18:46:54+00:00","mainEntityOfPage":{"@id":"https:\/\/www.africa-press.net\/togo\/dossiers\/cite-au-quotidien-lafrique-un-continent-sans-opinion-publique"},"wordCount":1523,"commentCount":0,"image":{"@id":"https:\/\/www.africa-press.net\/togo\/dossiers\/cite-au-quotidien-lafrique-un-continent-sans-opinion-publique#primaryimage"},"thumbnailUrl":"https:\/\/static.africa-press.net\/togo\/sites\/58\/2022\/10\/postQueueImg_3-6341c53ece419.jpg","keywords":["Africa Press","Africa Press-Togo","Togo"],"articleSection":["Dossiers","Toutes les actualit\u00e9s"],"inLanguage":"fr-FR","potentialAction":[{"@type":"CommentAction","name":"Comment","target":["https:\/\/www.africa-press.net\/togo\/dossiers\/cite-au-quotidien-lafrique-un-continent-sans-opinion-publique#respond"]}]},{"@type":"WebPage","@id":"https:\/\/www.africa-press.net\/togo\/dossiers\/cite-au-quotidien-lafrique-un-continent-sans-opinion-publique","url":"https:\/\/www.africa-press.net\/togo\/dossiers\/cite-au-quotidien-lafrique-un-continent-sans-opinion-publique","name":"Cit\u00e9 Au Quotidien: L\u2019Afrique, un continent sans opinion publique ? - Togo","isPartOf":{"@id":"https:\/\/www.africa-press.net\/togo\/#website"},"primaryImageOfPage":{"@id":"https:\/\/www.africa-press.net\/togo\/dossiers\/cite-au-quotidien-lafrique-un-continent-sans-opinion-publique#primaryimage"},"image":{"@id":"https:\/\/www.africa-press.net\/togo\/dossiers\/cite-au-quotidien-lafrique-un-continent-sans-opinion-publique#primaryimage"},"thumbnailUrl":"https:\/\/static.africa-press.net\/togo\/sites\/58\/2022\/10\/postQueueImg_3-6341c53ece419.jpg","datePublished":"2022-10-08T18:35:54+00:00","dateModified":"2022-10-08T18:46:54+00:00","author":{"@id":"https:\/\/www.africa-press.net\/togo\/#\/schema\/person\/2b1cf3cd81a31e3cd26889ca66d677f1"},"description":"Dans la journe\u0301e du 2 octobre 2022, dans l\u2019agitation qui re\u0301gnait encore a\u0300 Ouagadougou, apre\u0300s le putsch du Capitain ...","breadcrumb":{"@id":"https:\/\/www.africa-press.net\/togo\/dossiers\/cite-au-quotidien-lafrique-un-continent-sans-opinion-publique#breadcrumb"},"inLanguage":"fr-FR","potentialAction":[{"@type":"ReadAction","target":["https:\/\/www.africa-press.net\/togo\/dossiers\/cite-au-quotidien-lafrique-un-continent-sans-opinion-publique"]}]},{"@type":"ImageObject","inLanguage":"fr-FR","@id":"https:\/\/www.africa-press.net\/togo\/dossiers\/cite-au-quotidien-lafrique-un-continent-sans-opinion-publique#primaryimage","url":"https:\/\/static.africa-press.net\/togo\/sites\/58\/2022\/10\/postQueueImg_3-6341c53ece419.jpg","contentUrl":"https:\/\/static.africa-press.net\/togo\/sites\/58\/2022\/10\/postQueueImg_3-6341c53ece419.jpg","width":1280,"height":800,"caption":"Cit\u00e9 Au Quotidien: L\u2019Afrique, un continent sans opinion publique ?"},{"@type":"BreadcrumbList","@id":"https:\/\/www.africa-press.net\/togo\/dossiers\/cite-au-quotidien-lafrique-un-continent-sans-opinion-publique#breadcrumb","itemListElement":[{"@type":"ListItem","position":1,"name":"Accueil","item":"https:\/\/www.africa-press.net\/togo\/"},{"@type":"ListItem","position":2,"name":"Cit\u00e9 Au Quotidien: L\u2019Afrique, un continent sans opinion publique ?"}]},{"@type":"WebSite","@id":"https:\/\/www.africa-press.net\/togo\/#website","url":"https:\/\/www.africa-press.net\/togo\/","name":"Togo","description":"Just another Africa News Agency Sites site","potentialAction":[{"@type":"SearchAction","target":{"@type":"EntryPoint","urlTemplate":"https:\/\/www.africa-press.net\/togo\/?s={search_term_string}"},"query-input":{"@type":"PropertyValueSpecification","valueRequired":true,"valueName":"search_term_string"}}],"inLanguage":"fr-FR"},{"@type":"Person","@id":"https:\/\/www.africa-press.net\/togo\/#\/schema\/person\/2b1cf3cd81a31e3cd26889ca66d677f1","name":"cfeditorfr"}]}},"_links":{"self":[{"href":"https:\/\/www.africa-press.net\/togo\/wp-json\/wp\/v2\/posts\/12108","targetHints":{"allow":["GET"]}}],"collection":[{"href":"https:\/\/www.africa-press.net\/togo\/wp-json\/wp\/v2\/posts"}],"about":[{"href":"https:\/\/www.africa-press.net\/togo\/wp-json\/wp\/v2\/types\/post"}],"author":[{"embeddable":true,"href":"https:\/\/www.africa-press.net\/togo\/wp-json\/wp\/v2\/users\/82"}],"replies":[{"embeddable":true,"href":"https:\/\/www.africa-press.net\/togo\/wp-json\/wp\/v2\/comments?post=12108"}],"version-history":[{"count":0,"href":"https:\/\/www.africa-press.net\/togo\/wp-json\/wp\/v2\/posts\/12108\/revisions"}],"wp:featuredmedia":[{"embeddable":true,"href":"https:\/\/www.africa-press.net\/togo\/wp-json\/wp\/v2\/media\/12107"}],"wp:attachment":[{"href":"https:\/\/www.africa-press.net\/togo\/wp-json\/wp\/v2\/media?parent=12108"}],"wp:term":[{"taxonomy":"category","embeddable":true,"href":"https:\/\/www.africa-press.net\/togo\/wp-json\/wp\/v2\/categories?post=12108"},{"taxonomy":"post_tag","embeddable":true,"href":"https:\/\/www.africa-press.net\/togo\/wp-json\/wp\/v2\/tags?post=12108"}],"curies":[{"name":"wp","href":"https:\/\/api.w.org\/{rel}","templated":true}]}}