{"id":12126,"date":"2022-10-08T18:37:07","date_gmt":"2022-10-08T18:37:07","guid":{"rendered":"https:\/\/www.africa-press.net\/togo\/politique\/togo-cohesion-sociale-clamee-ces-opportunites-vendangees-2"},"modified":"2022-10-08T18:49:49","modified_gmt":"2022-10-08T18:49:49","slug":"togo-cohesion-sociale-clamee-ces-opportunites-vendangees-2","status":"publish","type":"post","link":"https:\/\/www.africa-press.net\/togo\/politique\/togo-cohesion-sociale-clamee-ces-opportunites-vendangees-2","title":{"rendered":"Togo\u00a0: Coh\u00e9sion sociale clam\u00e9e, ces opportunit\u00e9s vendang\u00e9es"},"content":{"rendered":"<p><span style=\"color: #ff6600\"><strong>Africa-Press &#8211; Togo. <\/strong><\/span>Cohe\u0301sion sociale, voila\u0300 l\u2019incantation en date du re\u0301gime; en tout cas une des conditions de\u0301clame\u0301es comme pre\u0301alable a\u0300 une lutte efficace contre le terrorisme. Cette vertu cre\u0301erait une communion d\u2019esprit favorable a\u0300 ce combat partage\u0301 par tous, y compris les opposants. Mais le pouvoir est en train de vendanger des occasions en or&#8230;<\/p>\n<p>Les actes terroristes subis par le Togo, au-dela\u0300 des vies humaines qu\u2019ils cou\u0302tent, ont subitement re\u0301veille\u0301 en les gouvernants togolais le sens de l\u2019humilite\u0301 (sic). Parmi les conditions identifie\u0301es comme indispensables a\u0300 la re\u0301ussite de la lutte contre l\u2019hydre terrorisme, la ne\u0301cessite\u0301 de constituer un front uni. Une condition qui avantagerait ce combat le\u0301gitime contre ces semeurs de morts qui n\u2019e\u0301pargnent personne. Des actes ont e\u0301te\u0301 engage\u0301s dans ce sens.<\/p>\n<p>Cohe\u0301sion sociale de\u0301clame\u0301e<\/p>\n<p>Le ton a e\u0301te\u0301 donne\u0301 le mercredi 20 juillet par Faure Gnassingbe\u0301 himself, avec une rencontre a\u0300 Dapaong avec les populations des Savanes, une dizaine de jours apre\u0300s le drame de Margba ou\u0300 sept (7) jeunes gens ont e\u0301te\u0301 tue\u0301s par erreur. A l\u2019occasion, il avait joue\u0301 le pe\u0300re compatissant, consolateur et surtout protecteur de ses enfants. De tre\u0300s doux propos ont e\u0301te\u0301 e\u0301change\u0301s. A partir de la\u0300, les choses sont alle\u0301es tre\u0300s vite. Le gouvernement a cru devoir rencontrer le 4 aou\u0302t dernier a\u0300 la Primature les partis politiques afin de solliciter leur accompagnement.<\/p>\n<p>\u00ab Les e\u0301changes avec les partis politiques nous ont e\u0301galement permis d\u2019avoir leurs regards sur le phe\u0301nome\u0300ne, leurs propositions pour comple\u0301ter les actions que le gouvernement a de\u0301ja\u0300 commence\u0301 a\u0300 mettre en \u0153uvre et partager les re\u0301flexions sur la ne\u0301cessite\u0301 pour tous les acteurs politiques d\u2019e\u0302tre unis et de faire un front commun face a\u0300 l\u2019agression inacceptable dont notre pays est victime. Tous les partis politiques togolais sont d\u2019accord aujourd\u2019hui d\u2019agir d\u2019un commun accord pour repousser l\u2019agresseur hors des frontie\u0300res du Togo et de faire en sorte qu\u2019ils ne rentrent pas sur notre territoire national et que nos populations soient ve\u0301ritablement prote\u0301ge\u0301es\u00bb, avait darde\u0301 Christian Trimua, le ministre en charge de Droits de l\u2019homme, porte-parole du gouvernement.<\/p>\n<p>\u00ab Nous saluons cette initiative du chef de l\u2019E\u0301tat qui est un appel de la patrie. Une invite a\u0300 un sursaut de patriotisme a\u0300 se mettre ensemble parce que nous ne sommes pas a\u0300 l\u2019heure ou\u0300 les conside\u0301rations politiques devraient prendre le dessus sur les inte\u0301re\u0302ts nationaux. Nous devons nous retrouver dans une sorte de pacte patriotique afin de pouvoir mener ce combat et enrayer ce phe\u0301nome\u0300ne\u00bb, a renche\u0301ri l\u2019honorable Atchole Aklesso, Secre\u0301taire exe\u0301cutif de l\u2019Union pour la Republique (Unir). \u00ab Tout ce qui serait de nature a\u0300 pouvoir cre\u0301er a\u0300 tort ou a\u0300 raison des sentiments de frustration, il faudrait ensemble du co\u0302te\u0301 du gouvernement comme du co\u0302te\u0301 de l\u2019opposition que cela puisse e\u0302tre e\u0301vite\u0301 et les re\u0301flexions doivent se poursuivre\u00bb, a indique\u0301 de son co\u0302te\u0301 le Prof Wolou Komi du Pacte socialiste pour le Renouveau (PSR). Les e\u0301changes se sont poursuivis avec les institutions.<\/p>\n<p>Le bon sens voudrait que les gouvernants fassent profil bas, privile\u0301gient les mesures cense\u0301es cre\u0301er un apaisement des c\u0153urs meurtris et donc la cohe\u0301sion sociale tant clame\u0301e, l\u2019union faisant la force. Mais ils sont en train de passer royalement a\u0300 co\u0302te\u0301 de la plaque.<\/p>\n<p>Occasions vendange\u0301es<\/p>\n<p>La rentre\u0301e scolaire ou pluto\u0302t la reprise des classes est effective depuis lundi sur toute l\u2019e\u0301tendue du territoire. Selon les statistiques officielles, ce sont environ trois millions d\u2019e\u0301le\u0300ves qui ont repris, trois mille trois cent cinquante-sept(3357) enseignants recrute\u0301s et trente-quatre mille (34 000) en tout qui vont s\u2019occuper de cette masse. Mais parmi les apprenants, manquent a\u0300 l\u2019appel cinq (05) de la re\u0301gion des Savanes.<\/p>\n<p>En effet, ces cinq e\u0301le\u0300ves arre\u0302te\u0301s depuis avril lors des mouvements de gre\u0300ve initie\u0301s par le Syndicat des enseignants du Togo (SET) et jete\u0301s en prison, y sont encore jusqu\u2019a\u0300 ce jour. Leur cas est dans toutes les bouches et les voix s\u2019e\u0301le\u0300vent de plus en plus pour re\u0301clamer leur libe\u0301ration. Pour un re\u0301gime qui crie a\u0300 la cohe\u0301sion sociale indispensable a\u0300 la guerre contre le terrorisme, cela devrait couler de source. Si l\u2019intention e\u0301tait de les punir et de facto adresser un message de dissuasion, la privation de liberte\u0301 subie depuis biento\u0302t six mois est largement suffisante. Au-dela\u0300 d\u2019une simple privation de liberte\u0301, ils ont aussi perdu une anne\u0301e scolaire. En rappelle, quatre(4) sont en classe de Terminale et un(01) en 3e\u0300me.<\/p>\n<p>Un e\u0301largissement de ces enfants aura un grand retentissement. Et ce ne sont pas les appels dans ce sens qui manquent. Des leaders de partis politiques aux acteurs de la socie\u0301te\u0301 civile et de\u0301fenseurs des droits de l\u2019Homme en passant par les journalistes, les voix se multiplient pour re\u0301clamer leur libe\u0301ration. Non seulement ces enfants recouvreraient la liberte\u0301, mais en plus ce serait la joie dans leurs familles. C\u2019est toute la re\u0301gion des Savanes meurtrie par les actes terroristes qui serait contente. Cela boosterait e\u0301norme\u0301ment la cohe\u0301sion sociale tant clame\u0301e A part les e\u0301le\u0300ves, il y a les enseignants. Ils sont cent seize(116) a\u0300 avoir e\u0301te\u0301 licencie\u0301s pour ces gre\u0300ves et perdre leur boulot. Trois (3) des meneurs sont aussi en prison depuis biento\u0302t six mois. Leur libe\u0301ration y contribuerait davantage.<\/p>\n<p>Ces enfants et enseignants ne sont pas seuls en prison. Il y a une bonne centaine de compatriotes qui y sont aussi pour leurs militantisme ou opinions politiques. L\u2019ancien ministre et chef de parti politique Djimon Ore, l\u2019activiste Jean-Paul Oumolou, Mme Leila Nambea, Abdoul-Aziz Goma&#8230;ils y sont encore plein. La sante\u0301 de plusieurs d\u2019entre eux dont ce dernier est me\u0302me menace\u0301e. Les inte\u0301resse\u0301s, leurs familles ou les de\u0301fenseurs des droits de l\u2019Homme multiplient les appels a\u0300 leur libe\u0301ration. Mais au sommet de l\u2019Etat, on ne semble pas voir les choses ainsi. La tergiversation de Faure Gnassingbe\u0301 et du re\u0301gime renforce la conviction de chime\u0300re chez beaucoup d\u2019observateurs.<\/p>\n<p>On se rappelle qu\u2019en confe\u0301rence de presse le 10 aou\u0302t dernier, les Forces de\u0301mocratiques pour la Re\u0301publique (FDR) avaient e\u0301mis des re\u0301serves sur la manie\u0300re dont le proble\u0300me est aborde\u0301. Me Dodji Ape\u0301von et les militants se demandaient \u00absi nos gouvernants ont re\u0301ellement pris conscience que le tissu social dans notre pays est en lambeaux et qu\u2019il faudra engager des actions vigoureuses et courageuses pour le recoudre en vue d\u2019une vraie cohe\u0301sion\u00bb. \u00abLa cohe\u0301sion nationale ne se de\u0301cre\u0300te pas. Ce n\u2019est pas une question de slogans. Ce n\u2019est pas non plus par une incantation qu\u2019on la cre\u0301e\u00bb, avaient-ils releve\u0301, de\u0301plorant que \u00ab la cohe\u0301sion sociale n\u2019est qu\u2019un mirage (&#8230;) Le vivre-ensemble est foule\u0301 au pied par nos gouvernants\u00bb. Face donc a\u0300 la gravite\u0301 de la situation se\u0301curitaire, le parti FDR proposait de \u00abcommencer par une de\u0301crispation du climat politique dans notre pays et s\u2019attaquer ensuite courageusement a\u0300 toutes les autres sources de frustrations politiques et sociales pour cre\u0301er les conditions d\u2019une vraie cohe\u0301sion nationale\u00bb, pour une de\u0301crispation du climat social. \u00abComment les me\u0302mes gouvernants peuvent-ils logiquement feindre d\u2019ignorer le grave climat de terreur qu\u2019ils ont institue\u0301 et de\u0301ploye\u0301 contre ceux qu\u2019ils ont invite\u0301s (&#8230;) pour leur parler de cohe\u0301sion nationale ? \u00bb, s\u2019e\u0301tait demande\u0301 le parti, et de proposer \u00abune loi d\u2019amnistie pour permettre a\u0300 tous les prisonniers venant des partis politiques, de la socie\u0301te\u0301 civile et des syndicats de sortir de leur de\u0301tention et a\u0300 tous les exile\u0301s de rentrer au bercail\u00bb. Manifestement, c\u2019est illusoire de compter sur le pouvoir en place pour la cohe\u0301sion sociale tant clame\u0301e.<\/p>\n<p><strong>Pour plus d&rsquo;informations et d&rsquo;analyses sur la <a href=\"https:\/\/www.africa-press.net\/togo\">Togo<\/a>, suivez <a href=\"https:\/\/www.africa-press.net\/\">Africa-Press<\/a><\/strong><\/p>\n","protected":false},"excerpt":{"rendered":"<p>Africa-Press &#8211; Togo. Cohe\u0301sion sociale, voila\u0300 l\u2019incantation en date du re\u0301gime; en tout cas une des conditions de\u0301clame\u0301es comme pre\u0301alable a\u0300 une lutte efficace contre le terrorisme. Cette vertu cre\u0301erait une communion d\u2019esprit favorable a\u0300 ce combat partage\u0301 par tous, y compris les opposants. Mais le pouvoir est en train de vendanger des occasions en [&hellip;]<\/p>\n","protected":false},"author":82,"featured_media":12125,"comment_status":"open","ping_status":"closed","sticky":false,"template":"","format":"standard","meta":{"footnotes":""},"categories":[2,10],"tags":[36,49,50],"class_list":["post-12126","post","type-post","status-publish","format-standard","has-post-thumbnail","hentry","category-politique","category-toutes-les-actualites","tag-africa-press","tag-africa-press-togo","tag-togo"],"yoast_head":"<!-- This site is optimized with the Yoast SEO Premium plugin v26.1 (Yoast SEO v27.0) - https:\/\/yoast.com\/product\/yoast-seo-premium-wordpress\/ -->\n<title>Togo\u00a0: Coh\u00e9sion sociale clam\u00e9e, ces opportunit\u00e9s vendang\u00e9es - Togo<\/title>\n<meta name=\"description\" content=\"Cohe\u0301sion sociale, voila\u0300 l\u2019incantation en date du re\u0301gime; en tout cas une des conditions de\u0301clame\u0301es comme pre\u0301alable ...\" \/>\n<meta name=\"robots\" content=\"index, follow, max-snippet:-1, max-image-preview:large, max-video-preview:-1\" \/>\n<link rel=\"canonical\" href=\"https:\/\/www.africa-press.net\/togo\/politique\/togo-cohesion-sociale-clamee-ces-opportunites-vendangees-2\" \/>\n<meta property=\"og:locale\" content=\"fr_FR\" \/>\n<meta property=\"og:type\" content=\"article\" \/>\n<meta property=\"og:title\" content=\"Togo\u00a0: Coh\u00e9sion sociale clam\u00e9e, ces opportunit\u00e9s vendang\u00e9es\" \/>\n<meta property=\"og:description\" content=\"Cohe\u0301sion sociale, voila\u0300 l\u2019incantation en date du re\u0301gime; en tout cas une des conditions de\u0301clame\u0301es comme pre\u0301alable ...\" \/>\n<meta property=\"og:url\" content=\"https:\/\/www.africa-press.net\/togo\/politique\/togo-cohesion-sociale-clamee-ces-opportunites-vendangees-2\" \/>\n<meta property=\"og:site_name\" content=\"Togo\" \/>\n<meta property=\"article:published_time\" content=\"2022-10-08T18:37:07+00:00\" \/>\n<meta property=\"article:modified_time\" content=\"2022-10-08T18:49:49+00:00\" \/>\n<meta property=\"og:image\" content=\"https:\/\/static.africa-press.net\/togo\/sites\/58\/2022\/10\/postQueueImg_8-6341c63624d3d.jpg\" \/>\n\t<meta property=\"og:image:width\" content=\"720\" \/>\n\t<meta property=\"og:image:height\" content=\"480\" \/>\n\t<meta property=\"og:image:type\" content=\"image\/jpeg\" \/>\n<meta name=\"author\" content=\"cfeditorfr\" \/>\n<meta name=\"twitter:card\" content=\"summary_large_image\" \/>\n<meta name=\"twitter:label1\" content=\"\u00c9crit par\" \/>\n\t<meta name=\"twitter:data1\" content=\"cfeditorfr\" \/>\n\t<meta name=\"twitter:label2\" content=\"Dur\u00e9e de lecture estim\u00e9e\" \/>\n\t<meta name=\"twitter:data2\" content=\"7 minutes\" \/>\n<script type=\"application\/ld+json\" class=\"yoast-schema-graph\">{\"@context\":\"https:\/\/schema.org\",\"@graph\":[{\"@type\":\"Article\",\"@id\":\"https:\/\/www.africa-press.net\/togo\/politique\/togo-cohesion-sociale-clamee-ces-opportunites-vendangees-2#article\",\"isPartOf\":{\"@id\":\"https:\/\/www.africa-press.net\/togo\/politique\/togo-cohesion-sociale-clamee-ces-opportunites-vendangees-2\"},\"author\":{\"name\":\"cfeditorfr\",\"@id\":\"https:\/\/www.africa-press.net\/togo\/#\/schema\/person\/2b1cf3cd81a31e3cd26889ca66d677f1\"},\"headline\":\"Togo\u00a0: Coh\u00e9sion sociale clam\u00e9e, ces opportunit\u00e9s vendang\u00e9es\",\"datePublished\":\"2022-10-08T18:37:07+00:00\",\"dateModified\":\"2022-10-08T18:49:49+00:00\",\"mainEntityOfPage\":{\"@id\":\"https:\/\/www.africa-press.net\/togo\/politique\/togo-cohesion-sociale-clamee-ces-opportunites-vendangees-2\"},\"wordCount\":1430,\"commentCount\":0,\"image\":{\"@id\":\"https:\/\/www.africa-press.net\/togo\/politique\/togo-cohesion-sociale-clamee-ces-opportunites-vendangees-2#primaryimage\"},\"thumbnailUrl\":\"https:\/\/static.africa-press.net\/togo\/sites\/58\/2022\/10\/postQueueImg_8-6341c63624d3d.jpg\",\"keywords\":[\"Africa Press\",\"Africa Press-Togo\",\"Togo\"],\"articleSection\":[\"Politique\",\"Toutes les actualit\u00e9s\"],\"inLanguage\":\"fr-FR\",\"potentialAction\":[{\"@type\":\"CommentAction\",\"name\":\"Comment\",\"target\":[\"https:\/\/www.africa-press.net\/togo\/politique\/togo-cohesion-sociale-clamee-ces-opportunites-vendangees-2#respond\"]}]},{\"@type\":\"WebPage\",\"@id\":\"https:\/\/www.africa-press.net\/togo\/politique\/togo-cohesion-sociale-clamee-ces-opportunites-vendangees-2\",\"url\":\"https:\/\/www.africa-press.net\/togo\/politique\/togo-cohesion-sociale-clamee-ces-opportunites-vendangees-2\",\"name\":\"Togo\u00a0: Coh\u00e9sion sociale clam\u00e9e, ces opportunit\u00e9s vendang\u00e9es - Togo\",\"isPartOf\":{\"@id\":\"https:\/\/www.africa-press.net\/togo\/#website\"},\"primaryImageOfPage\":{\"@id\":\"https:\/\/www.africa-press.net\/togo\/politique\/togo-cohesion-sociale-clamee-ces-opportunites-vendangees-2#primaryimage\"},\"image\":{\"@id\":\"https:\/\/www.africa-press.net\/togo\/politique\/togo-cohesion-sociale-clamee-ces-opportunites-vendangees-2#primaryimage\"},\"thumbnailUrl\":\"https:\/\/static.africa-press.net\/togo\/sites\/58\/2022\/10\/postQueueImg_8-6341c63624d3d.jpg\",\"datePublished\":\"2022-10-08T18:37:07+00:00\",\"dateModified\":\"2022-10-08T18:49:49+00:00\",\"author\":{\"@id\":\"https:\/\/www.africa-press.net\/togo\/#\/schema\/person\/2b1cf3cd81a31e3cd26889ca66d677f1\"},\"description\":\"Cohe\u0301sion sociale, voila\u0300 l\u2019incantation en date du re\u0301gime; en tout cas une des conditions de\u0301clame\u0301es comme pre\u0301alable ...\",\"breadcrumb\":{\"@id\":\"https:\/\/www.africa-press.net\/togo\/politique\/togo-cohesion-sociale-clamee-ces-opportunites-vendangees-2#breadcrumb\"},\"inLanguage\":\"fr-FR\",\"potentialAction\":[{\"@type\":\"ReadAction\",\"target\":[\"https:\/\/www.africa-press.net\/togo\/politique\/togo-cohesion-sociale-clamee-ces-opportunites-vendangees-2\"]}]},{\"@type\":\"ImageObject\",\"inLanguage\":\"fr-FR\",\"@id\":\"https:\/\/www.africa-press.net\/togo\/politique\/togo-cohesion-sociale-clamee-ces-opportunites-vendangees-2#primaryimage\",\"url\":\"https:\/\/static.africa-press.net\/togo\/sites\/58\/2022\/10\/postQueueImg_8-6341c63624d3d.jpg\",\"contentUrl\":\"https:\/\/static.africa-press.net\/togo\/sites\/58\/2022\/10\/postQueueImg_8-6341c63624d3d.jpg\",\"width\":720,\"height\":480,\"caption\":\"Togo\u00a0: Coh\u00e9sion sociale clam\u00e9e, ces opportunit\u00e9s vendang\u00e9es\"},{\"@type\":\"BreadcrumbList\",\"@id\":\"https:\/\/www.africa-press.net\/togo\/politique\/togo-cohesion-sociale-clamee-ces-opportunites-vendangees-2#breadcrumb\",\"itemListElement\":[{\"@type\":\"ListItem\",\"position\":1,\"name\":\"Accueil\",\"item\":\"https:\/\/www.africa-press.net\/togo\/\"},{\"@type\":\"ListItem\",\"position\":2,\"name\":\"Togo\u00a0: Coh\u00e9sion sociale clam\u00e9e, ces opportunit\u00e9s vendang\u00e9es\"}]},{\"@type\":\"WebSite\",\"@id\":\"https:\/\/www.africa-press.net\/togo\/#website\",\"url\":\"https:\/\/www.africa-press.net\/togo\/\",\"name\":\"Togo\",\"description\":\"Just another Africa News Agency Sites site\",\"potentialAction\":[{\"@type\":\"SearchAction\",\"target\":{\"@type\":\"EntryPoint\",\"urlTemplate\":\"https:\/\/www.africa-press.net\/togo\/?s={search_term_string}\"},\"query-input\":{\"@type\":\"PropertyValueSpecification\",\"valueRequired\":true,\"valueName\":\"search_term_string\"}}],\"inLanguage\":\"fr-FR\"},{\"@type\":\"Person\",\"@id\":\"https:\/\/www.africa-press.net\/togo\/#\/schema\/person\/2b1cf3cd81a31e3cd26889ca66d677f1\",\"name\":\"cfeditorfr\"}]}<\/script>\n<!-- \/ Yoast SEO Premium plugin. -->","yoast_head_json":{"title":"Togo\u00a0: Coh\u00e9sion sociale clam\u00e9e, ces opportunit\u00e9s vendang\u00e9es - Togo","description":"Cohe\u0301sion sociale, voila\u0300 l\u2019incantation en date du re\u0301gime; en tout cas une des conditions de\u0301clame\u0301es comme pre\u0301alable ...","robots":{"index":"index","follow":"follow","max-snippet":"max-snippet:-1","max-image-preview":"max-image-preview:large","max-video-preview":"max-video-preview:-1"},"canonical":"https:\/\/www.africa-press.net\/togo\/politique\/togo-cohesion-sociale-clamee-ces-opportunites-vendangees-2","og_locale":"fr_FR","og_type":"article","og_title":"Togo\u00a0: Coh\u00e9sion sociale clam\u00e9e, ces opportunit\u00e9s vendang\u00e9es","og_description":"Cohe\u0301sion sociale, voila\u0300 l\u2019incantation en date du re\u0301gime; en tout cas une des conditions de\u0301clame\u0301es comme pre\u0301alable ...","og_url":"https:\/\/www.africa-press.net\/togo\/politique\/togo-cohesion-sociale-clamee-ces-opportunites-vendangees-2","og_site_name":"Togo","article_published_time":"2022-10-08T18:37:07+00:00","article_modified_time":"2022-10-08T18:49:49+00:00","og_image":[{"width":720,"height":480,"url":"https:\/\/static.africa-press.net\/togo\/sites\/58\/2022\/10\/postQueueImg_8-6341c63624d3d.jpg","type":"image\/jpeg"}],"author":"cfeditorfr","twitter_card":"summary_large_image","twitter_misc":{"\u00c9crit par":"cfeditorfr","Dur\u00e9e de lecture estim\u00e9e":"7 minutes"},"schema":{"@context":"https:\/\/schema.org","@graph":[{"@type":"Article","@id":"https:\/\/www.africa-press.net\/togo\/politique\/togo-cohesion-sociale-clamee-ces-opportunites-vendangees-2#article","isPartOf":{"@id":"https:\/\/www.africa-press.net\/togo\/politique\/togo-cohesion-sociale-clamee-ces-opportunites-vendangees-2"},"author":{"name":"cfeditorfr","@id":"https:\/\/www.africa-press.net\/togo\/#\/schema\/person\/2b1cf3cd81a31e3cd26889ca66d677f1"},"headline":"Togo\u00a0: Coh\u00e9sion sociale clam\u00e9e, ces opportunit\u00e9s vendang\u00e9es","datePublished":"2022-10-08T18:37:07+00:00","dateModified":"2022-10-08T18:49:49+00:00","mainEntityOfPage":{"@id":"https:\/\/www.africa-press.net\/togo\/politique\/togo-cohesion-sociale-clamee-ces-opportunites-vendangees-2"},"wordCount":1430,"commentCount":0,"image":{"@id":"https:\/\/www.africa-press.net\/togo\/politique\/togo-cohesion-sociale-clamee-ces-opportunites-vendangees-2#primaryimage"},"thumbnailUrl":"https:\/\/static.africa-press.net\/togo\/sites\/58\/2022\/10\/postQueueImg_8-6341c63624d3d.jpg","keywords":["Africa Press","Africa Press-Togo","Togo"],"articleSection":["Politique","Toutes les actualit\u00e9s"],"inLanguage":"fr-FR","potentialAction":[{"@type":"CommentAction","name":"Comment","target":["https:\/\/www.africa-press.net\/togo\/politique\/togo-cohesion-sociale-clamee-ces-opportunites-vendangees-2#respond"]}]},{"@type":"WebPage","@id":"https:\/\/www.africa-press.net\/togo\/politique\/togo-cohesion-sociale-clamee-ces-opportunites-vendangees-2","url":"https:\/\/www.africa-press.net\/togo\/politique\/togo-cohesion-sociale-clamee-ces-opportunites-vendangees-2","name":"Togo\u00a0: Coh\u00e9sion sociale clam\u00e9e, ces opportunit\u00e9s vendang\u00e9es - Togo","isPartOf":{"@id":"https:\/\/www.africa-press.net\/togo\/#website"},"primaryImageOfPage":{"@id":"https:\/\/www.africa-press.net\/togo\/politique\/togo-cohesion-sociale-clamee-ces-opportunites-vendangees-2#primaryimage"},"image":{"@id":"https:\/\/www.africa-press.net\/togo\/politique\/togo-cohesion-sociale-clamee-ces-opportunites-vendangees-2#primaryimage"},"thumbnailUrl":"https:\/\/static.africa-press.net\/togo\/sites\/58\/2022\/10\/postQueueImg_8-6341c63624d3d.jpg","datePublished":"2022-10-08T18:37:07+00:00","dateModified":"2022-10-08T18:49:49+00:00","author":{"@id":"https:\/\/www.africa-press.net\/togo\/#\/schema\/person\/2b1cf3cd81a31e3cd26889ca66d677f1"},"description":"Cohe\u0301sion sociale, voila\u0300 l\u2019incantation en date du re\u0301gime; en tout cas une des conditions de\u0301clame\u0301es comme pre\u0301alable ...","breadcrumb":{"@id":"https:\/\/www.africa-press.net\/togo\/politique\/togo-cohesion-sociale-clamee-ces-opportunites-vendangees-2#breadcrumb"},"inLanguage":"fr-FR","potentialAction":[{"@type":"ReadAction","target":["https:\/\/www.africa-press.net\/togo\/politique\/togo-cohesion-sociale-clamee-ces-opportunites-vendangees-2"]}]},{"@type":"ImageObject","inLanguage":"fr-FR","@id":"https:\/\/www.africa-press.net\/togo\/politique\/togo-cohesion-sociale-clamee-ces-opportunites-vendangees-2#primaryimage","url":"https:\/\/static.africa-press.net\/togo\/sites\/58\/2022\/10\/postQueueImg_8-6341c63624d3d.jpg","contentUrl":"https:\/\/static.africa-press.net\/togo\/sites\/58\/2022\/10\/postQueueImg_8-6341c63624d3d.jpg","width":720,"height":480,"caption":"Togo\u00a0: Coh\u00e9sion sociale clam\u00e9e, ces opportunit\u00e9s vendang\u00e9es"},{"@type":"BreadcrumbList","@id":"https:\/\/www.africa-press.net\/togo\/politique\/togo-cohesion-sociale-clamee-ces-opportunites-vendangees-2#breadcrumb","itemListElement":[{"@type":"ListItem","position":1,"name":"Accueil","item":"https:\/\/www.africa-press.net\/togo\/"},{"@type":"ListItem","position":2,"name":"Togo\u00a0: Coh\u00e9sion sociale clam\u00e9e, ces opportunit\u00e9s vendang\u00e9es"}]},{"@type":"WebSite","@id":"https:\/\/www.africa-press.net\/togo\/#website","url":"https:\/\/www.africa-press.net\/togo\/","name":"Togo","description":"Just another Africa News Agency Sites site","potentialAction":[{"@type":"SearchAction","target":{"@type":"EntryPoint","urlTemplate":"https:\/\/www.africa-press.net\/togo\/?s={search_term_string}"},"query-input":{"@type":"PropertyValueSpecification","valueRequired":true,"valueName":"search_term_string"}}],"inLanguage":"fr-FR"},{"@type":"Person","@id":"https:\/\/www.africa-press.net\/togo\/#\/schema\/person\/2b1cf3cd81a31e3cd26889ca66d677f1","name":"cfeditorfr"}]}},"_links":{"self":[{"href":"https:\/\/www.africa-press.net\/togo\/wp-json\/wp\/v2\/posts\/12126","targetHints":{"allow":["GET"]}}],"collection":[{"href":"https:\/\/www.africa-press.net\/togo\/wp-json\/wp\/v2\/posts"}],"about":[{"href":"https:\/\/www.africa-press.net\/togo\/wp-json\/wp\/v2\/types\/post"}],"author":[{"embeddable":true,"href":"https:\/\/www.africa-press.net\/togo\/wp-json\/wp\/v2\/users\/82"}],"replies":[{"embeddable":true,"href":"https:\/\/www.africa-press.net\/togo\/wp-json\/wp\/v2\/comments?post=12126"}],"version-history":[{"count":0,"href":"https:\/\/www.africa-press.net\/togo\/wp-json\/wp\/v2\/posts\/12126\/revisions"}],"wp:featuredmedia":[{"embeddable":true,"href":"https:\/\/www.africa-press.net\/togo\/wp-json\/wp\/v2\/media\/12125"}],"wp:attachment":[{"href":"https:\/\/www.africa-press.net\/togo\/wp-json\/wp\/v2\/media?parent=12126"}],"wp:term":[{"taxonomy":"category","embeddable":true,"href":"https:\/\/www.africa-press.net\/togo\/wp-json\/wp\/v2\/categories?post=12126"},{"taxonomy":"post_tag","embeddable":true,"href":"https:\/\/www.africa-press.net\/togo\/wp-json\/wp\/v2\/tags?post=12126"}],"curies":[{"name":"wp","href":"https:\/\/api.w.org\/{rel}","templated":true}]}}