{"id":12153,"date":"2022-10-09T20:08:26","date_gmt":"2022-10-09T20:08:26","guid":{"rendered":"https:\/\/www.africa-press.net\/togo\/politique\/togo-ecole-la-montee-des-couleurs-et-lexecution-de-lhymne-national-en-mode-banalisation"},"modified":"2022-10-09T20:11:34","modified_gmt":"2022-10-09T20:11:34","slug":"togo-ecole-la-montee-des-couleurs-et-lexecution-de-lhymne-national-en-mode-banalisation","status":"publish","type":"post","link":"https:\/\/www.africa-press.net\/togo\/toutes-les-actualites\/togo-ecole-la-montee-des-couleurs-et-lexecution-de-lhymne-national-en-mode-banalisation","title":{"rendered":"Togo-Ecole : la mont\u00e9e des couleurs et l\u2019ex\u00e9cution de l\u2019hymne national en mode banalisation"},"content":{"rendered":"<p><span style=\"color: #ff6600\"><strong>Africa-Press &#8211; Togo. <\/strong><\/span><b>Dans une note, le ministre des Enseignements primaire, secondaire, technique et de l\u2019artisanat rappelle \u00ab que le rassemblement pour la monte\u0301e des couleurs et l\u2019exe\u0301cution de l\u2019hymne national, sont obligatoires dans les e\u0301tablissements scolaires \u00bb<\/b><\/p>\n<p>Circulaire N\u00b0 208\/2022\/MEPSTA\/CAB\/SG\/DESG<\/p>\n<p>Relative aux rassemblements pour la monte\u0301e des couleurs et l\u2019exe\u0301cution de l\u2019hymne national dans les e\u0301tablissements scolaires<\/p>\n<p>a\u0300 l\u2019intention :<\/p>\n<p>Il est donne\u0301 de constater une complaisance notoire dans l\u2019organisation des rassemblements pour la monte\u0301e des couleurs et le chant de l\u2019hymne national dans les e\u0301tablissements scolaires publics et prive\u0301s. Ces rassemblements sont simplement re\u0301duits a\u0300 des occasions qui tiennent lieu de comportements de\u0301sinvoltes et d\u2019indisciplines.<\/p>\n<p>L\u2019e\u0301cole e\u0301tant une institution re\u0301publicaine qui forme aux bonnes valeurs civiques, citoyennes et patriotiques, je rappelle a\u0300 tous les chefs d\u2019e\u0301tablissement, enseignants et e\u0301le\u0300ves de tous ordres d\u2019enseignant que le rassemblement pour la monte\u0301e des couleurs et l\u2019exe\u0301cution de l\u2019hymne national, sont obligatoires dans les e\u0301tablissements scolaires. Conforme\u0301ment, a\u0300 la le\u0301gislation en vigueur, ce rassemblement doit se tenir tous les matins dans les e\u0301coles primaires, trente (30) minutes avant l\u2019heure re\u0301glementaire du de\u0301but des cours. Dans les e\u0301tablissements secondaires, les rassemblements s\u2019organisent une a\u0300 deux fois par semaine. Toutefois, en dehors des jours de rassemblement, une classe est responsabilise\u0301e pour la monte\u0301e des couleurs.<\/p>\n<p>Je demande aux chefs d\u2019e\u0301tablissement et enseignants de se distinguer en mode\u0300les d\u2019exemplarite\u0301 et de veiller scrupuleusement a\u0300 la discipline pendant la monte\u0301e des couleurs dans leurs e\u0301tablissements respectifs.<\/p>\n<p>Je compte sur votre sens de responsabilite\u0301 citoyenne pour l\u2019observance des dispositions de la pre\u0301sente note.<\/p>\n<p>Lome\u0301, le 8 octobre 2022<\/p>\n<p>Le Ministre des enseignements primaire, secondaire, technique et de l\u2019artisanat<\/p>\n<p>Signe\u0301<\/p>\n<p>Prof. Dodzi Komla KOKOROKO<\/p>\n<p><strong>Pour plus d&rsquo;informations et d&rsquo;analyses sur la <a href=\"https:\/\/www.africa-press.net\/togo\">Togo<\/a>, suivez <a href=\"https:\/\/www.africa-press.net\/\">Africa-Press<\/a><\/strong><\/p>\n","protected":false},"excerpt":{"rendered":"<p>Africa-Press &#8211; Togo. Dans une note, le ministre des Enseignements primaire, secondaire, technique et de l\u2019artisanat rappelle \u00ab que le rassemblement pour la monte\u0301e des couleurs et l\u2019exe\u0301cution de l\u2019hymne national, sont obligatoires dans les e\u0301tablissements scolaires \u00bb Circulaire N\u00b0 208\/2022\/MEPSTA\/CAB\/SG\/DESG Relative aux rassemblements pour la monte\u0301e des couleurs et l\u2019exe\u0301cution de l\u2019hymne national dans [&hellip;]<\/p>\n","protected":false},"author":82,"featured_media":12151,"comment_status":"open","ping_status":"closed","sticky":false,"template":"","format":"standard","meta":{"footnotes":""},"categories":[21,10],"tags":[36,49,50],"class_list":["post-12153","post","type-post","status-publish","format-standard","has-post-thumbnail","hentry","category-communaute","category-toutes-les-actualites","tag-africa-press","tag-africa-press-togo","tag-togo"],"yoast_head":"<!-- This site is optimized with the Yoast SEO Premium plugin v26.1 (Yoast SEO v27.0) - https:\/\/yoast.com\/product\/yoast-seo-premium-wordpress\/ -->\n<title>Togo-Ecole : la mont\u00e9e des couleurs et l\u2019ex\u00e9cution de l\u2019hymne national en mode banalisation - Togo<\/title>\n<meta name=\"description\" content=\"Dans une note, le ministre des Enseignements primaire, secondaire, technique et de l\u2019artisanat rappelle \u00ab que le rass ...\" \/>\n<meta name=\"robots\" content=\"index, follow, max-snippet:-1, max-image-preview:large, max-video-preview:-1\" \/>\n<link rel=\"canonical\" href=\"https:\/\/www.africa-press.net\/togo\/toutes-les-actualites\/togo-ecole-la-montee-des-couleurs-et-lexecution-de-lhymne-national-en-mode-banalisation\" \/>\n<meta property=\"og:locale\" content=\"fr_FR\" \/>\n<meta property=\"og:type\" content=\"article\" \/>\n<meta property=\"og:title\" content=\"Togo-Ecole : la mont\u00e9e des couleurs et l\u2019ex\u00e9cution de l\u2019hymne national en mode banalisation\" \/>\n<meta property=\"og:description\" content=\"Dans une note, le ministre des Enseignements primaire, secondaire, technique et de l\u2019artisanat rappelle \u00ab que le rass ...\" \/>\n<meta property=\"og:url\" content=\"https:\/\/www.africa-press.net\/togo\/toutes-les-actualites\/togo-ecole-la-montee-des-couleurs-et-lexecution-de-lhymne-national-en-mode-banalisation\" \/>\n<meta property=\"og:site_name\" content=\"Togo\" \/>\n<meta property=\"article:published_time\" content=\"2022-10-09T20:08:26+00:00\" \/>\n<meta property=\"article:modified_time\" content=\"2022-10-09T20:11:34+00:00\" \/>\n<meta property=\"og:image\" content=\"https:\/\/static.africa-press.net\/togo\/sites\/58\/2022\/10\/postQueueImg_2-63432adda5b42.jpg\" \/>\n\t<meta property=\"og:image:width\" content=\"1280\" \/>\n\t<meta property=\"og:image:height\" content=\"800\" \/>\n\t<meta property=\"og:image:type\" content=\"image\/jpeg\" \/>\n<meta name=\"author\" content=\"cfeditorfr\" \/>\n<meta name=\"twitter:card\" content=\"summary_large_image\" \/>\n<meta name=\"twitter:label1\" content=\"\u00c9crit par\" \/>\n\t<meta name=\"twitter:data1\" content=\"cfeditorfr\" \/>\n\t<meta name=\"twitter:label2\" content=\"Dur\u00e9e de lecture estim\u00e9e\" \/>\n\t<meta name=\"twitter:data2\" content=\"2 minutes\" \/>\n<script type=\"application\/ld+json\" class=\"yoast-schema-graph\">{\"@context\":\"https:\/\/schema.org\",\"@graph\":[{\"@type\":\"Article\",\"@id\":\"https:\/\/www.africa-press.net\/togo\/toutes-les-actualites\/togo-ecole-la-montee-des-couleurs-et-lexecution-de-lhymne-national-en-mode-banalisation#article\",\"isPartOf\":{\"@id\":\"https:\/\/www.africa-press.net\/togo\/toutes-les-actualites\/togo-ecole-la-montee-des-couleurs-et-lexecution-de-lhymne-national-en-mode-banalisation\"},\"author\":{\"name\":\"cfeditorfr\",\"@id\":\"https:\/\/www.africa-press.net\/togo\/#\/schema\/person\/2b1cf3cd81a31e3cd26889ca66d677f1\"},\"headline\":\"Togo-Ecole : la mont\u00e9e des couleurs et l\u2019ex\u00e9cution de l\u2019hymne national en mode banalisation\",\"datePublished\":\"2022-10-09T20:08:26+00:00\",\"dateModified\":\"2022-10-09T20:11:34+00:00\",\"mainEntityOfPage\":{\"@id\":\"https:\/\/www.africa-press.net\/togo\/toutes-les-actualites\/togo-ecole-la-montee-des-couleurs-et-lexecution-de-lhymne-national-en-mode-banalisation\"},\"wordCount\":355,\"commentCount\":0,\"image\":{\"@id\":\"https:\/\/www.africa-press.net\/togo\/toutes-les-actualites\/togo-ecole-la-montee-des-couleurs-et-lexecution-de-lhymne-national-en-mode-banalisation#primaryimage\"},\"thumbnailUrl\":\"https:\/\/static.africa-press.net\/togo\/sites\/58\/2022\/10\/postQueueImg_2-63432adda5b42.jpg\",\"keywords\":[\"Africa Press\",\"Africa Press-Togo\",\"Togo\"],\"articleSection\":[\"Communaut\u00e9\",\"Toutes les actualit\u00e9s\"],\"inLanguage\":\"fr-FR\",\"potentialAction\":[{\"@type\":\"CommentAction\",\"name\":\"Comment\",\"target\":[\"https:\/\/www.africa-press.net\/togo\/toutes-les-actualites\/togo-ecole-la-montee-des-couleurs-et-lexecution-de-lhymne-national-en-mode-banalisation#respond\"]}]},{\"@type\":\"WebPage\",\"@id\":\"https:\/\/www.africa-press.net\/togo\/toutes-les-actualites\/togo-ecole-la-montee-des-couleurs-et-lexecution-de-lhymne-national-en-mode-banalisation\",\"url\":\"https:\/\/www.africa-press.net\/togo\/toutes-les-actualites\/togo-ecole-la-montee-des-couleurs-et-lexecution-de-lhymne-national-en-mode-banalisation\",\"name\":\"Togo-Ecole : la mont\u00e9e des couleurs et l\u2019ex\u00e9cution de l\u2019hymne national en mode banalisation - Togo\",\"isPartOf\":{\"@id\":\"https:\/\/www.africa-press.net\/togo\/#website\"},\"primaryImageOfPage\":{\"@id\":\"https:\/\/www.africa-press.net\/togo\/toutes-les-actualites\/togo-ecole-la-montee-des-couleurs-et-lexecution-de-lhymne-national-en-mode-banalisation#primaryimage\"},\"image\":{\"@id\":\"https:\/\/www.africa-press.net\/togo\/toutes-les-actualites\/togo-ecole-la-montee-des-couleurs-et-lexecution-de-lhymne-national-en-mode-banalisation#primaryimage\"},\"thumbnailUrl\":\"https:\/\/static.africa-press.net\/togo\/sites\/58\/2022\/10\/postQueueImg_2-63432adda5b42.jpg\",\"datePublished\":\"2022-10-09T20:08:26+00:00\",\"dateModified\":\"2022-10-09T20:11:34+00:00\",\"author\":{\"@id\":\"https:\/\/www.africa-press.net\/togo\/#\/schema\/person\/2b1cf3cd81a31e3cd26889ca66d677f1\"},\"description\":\"Dans une note, le ministre des Enseignements primaire, secondaire, technique et de l\u2019artisanat rappelle \u00ab que le rass ...\",\"breadcrumb\":{\"@id\":\"https:\/\/www.africa-press.net\/togo\/toutes-les-actualites\/togo-ecole-la-montee-des-couleurs-et-lexecution-de-lhymne-national-en-mode-banalisation#breadcrumb\"},\"inLanguage\":\"fr-FR\",\"potentialAction\":[{\"@type\":\"ReadAction\",\"target\":[\"https:\/\/www.africa-press.net\/togo\/toutes-les-actualites\/togo-ecole-la-montee-des-couleurs-et-lexecution-de-lhymne-national-en-mode-banalisation\"]}]},{\"@type\":\"ImageObject\",\"inLanguage\":\"fr-FR\",\"@id\":\"https:\/\/www.africa-press.net\/togo\/toutes-les-actualites\/togo-ecole-la-montee-des-couleurs-et-lexecution-de-lhymne-national-en-mode-banalisation#primaryimage\",\"url\":\"https:\/\/static.africa-press.net\/togo\/sites\/58\/2022\/10\/postQueueImg_2-63432adda5b42.jpg\",\"contentUrl\":\"https:\/\/static.africa-press.net\/togo\/sites\/58\/2022\/10\/postQueueImg_2-63432adda5b42.jpg\",\"width\":1280,\"height\":800,\"caption\":\"Togo-Ecole : la mont\u00e9e des couleurs et l\u2019ex\u00e9cution de l\u2019hymne national en mode banalisation\"},{\"@type\":\"BreadcrumbList\",\"@id\":\"https:\/\/www.africa-press.net\/togo\/toutes-les-actualites\/togo-ecole-la-montee-des-couleurs-et-lexecution-de-lhymne-national-en-mode-banalisation#breadcrumb\",\"itemListElement\":[{\"@type\":\"ListItem\",\"position\":1,\"name\":\"Accueil\",\"item\":\"https:\/\/www.africa-press.net\/togo\/\"},{\"@type\":\"ListItem\",\"position\":2,\"name\":\"Togo-Ecole : la mont\u00e9e des couleurs et l\u2019ex\u00e9cution de l\u2019hymne national en mode banalisation\"}]},{\"@type\":\"WebSite\",\"@id\":\"https:\/\/www.africa-press.net\/togo\/#website\",\"url\":\"https:\/\/www.africa-press.net\/togo\/\",\"name\":\"Togo\",\"description\":\"Just another Africa News Agency Sites site\",\"potentialAction\":[{\"@type\":\"SearchAction\",\"target\":{\"@type\":\"EntryPoint\",\"urlTemplate\":\"https:\/\/www.africa-press.net\/togo\/?s={search_term_string}\"},\"query-input\":{\"@type\":\"PropertyValueSpecification\",\"valueRequired\":true,\"valueName\":\"search_term_string\"}}],\"inLanguage\":\"fr-FR\"},{\"@type\":\"Person\",\"@id\":\"https:\/\/www.africa-press.net\/togo\/#\/schema\/person\/2b1cf3cd81a31e3cd26889ca66d677f1\",\"name\":\"cfeditorfr\"}]}<\/script>\n<!-- \/ Yoast SEO Premium plugin. -->","yoast_head_json":{"title":"Togo-Ecole : la mont\u00e9e des couleurs et l\u2019ex\u00e9cution de l\u2019hymne national en mode banalisation - Togo","description":"Dans une note, le ministre des Enseignements primaire, secondaire, technique et de l\u2019artisanat rappelle \u00ab que le rass ...","robots":{"index":"index","follow":"follow","max-snippet":"max-snippet:-1","max-image-preview":"max-image-preview:large","max-video-preview":"max-video-preview:-1"},"canonical":"https:\/\/www.africa-press.net\/togo\/toutes-les-actualites\/togo-ecole-la-montee-des-couleurs-et-lexecution-de-lhymne-national-en-mode-banalisation","og_locale":"fr_FR","og_type":"article","og_title":"Togo-Ecole : la mont\u00e9e des couleurs et l\u2019ex\u00e9cution de l\u2019hymne national en mode banalisation","og_description":"Dans une note, le ministre des Enseignements primaire, secondaire, technique et de l\u2019artisanat rappelle \u00ab que le rass ...","og_url":"https:\/\/www.africa-press.net\/togo\/toutes-les-actualites\/togo-ecole-la-montee-des-couleurs-et-lexecution-de-lhymne-national-en-mode-banalisation","og_site_name":"Togo","article_published_time":"2022-10-09T20:08:26+00:00","article_modified_time":"2022-10-09T20:11:34+00:00","og_image":[{"width":1280,"height":800,"url":"https:\/\/static.africa-press.net\/togo\/sites\/58\/2022\/10\/postQueueImg_2-63432adda5b42.jpg","type":"image\/jpeg"}],"author":"cfeditorfr","twitter_card":"summary_large_image","twitter_misc":{"\u00c9crit par":"cfeditorfr","Dur\u00e9e de lecture estim\u00e9e":"2 minutes"},"schema":{"@context":"https:\/\/schema.org","@graph":[{"@type":"Article","@id":"https:\/\/www.africa-press.net\/togo\/toutes-les-actualites\/togo-ecole-la-montee-des-couleurs-et-lexecution-de-lhymne-national-en-mode-banalisation#article","isPartOf":{"@id":"https:\/\/www.africa-press.net\/togo\/toutes-les-actualites\/togo-ecole-la-montee-des-couleurs-et-lexecution-de-lhymne-national-en-mode-banalisation"},"author":{"name":"cfeditorfr","@id":"https:\/\/www.africa-press.net\/togo\/#\/schema\/person\/2b1cf3cd81a31e3cd26889ca66d677f1"},"headline":"Togo-Ecole : la mont\u00e9e des couleurs et l\u2019ex\u00e9cution de l\u2019hymne national en mode banalisation","datePublished":"2022-10-09T20:08:26+00:00","dateModified":"2022-10-09T20:11:34+00:00","mainEntityOfPage":{"@id":"https:\/\/www.africa-press.net\/togo\/toutes-les-actualites\/togo-ecole-la-montee-des-couleurs-et-lexecution-de-lhymne-national-en-mode-banalisation"},"wordCount":355,"commentCount":0,"image":{"@id":"https:\/\/www.africa-press.net\/togo\/toutes-les-actualites\/togo-ecole-la-montee-des-couleurs-et-lexecution-de-lhymne-national-en-mode-banalisation#primaryimage"},"thumbnailUrl":"https:\/\/static.africa-press.net\/togo\/sites\/58\/2022\/10\/postQueueImg_2-63432adda5b42.jpg","keywords":["Africa Press","Africa Press-Togo","Togo"],"articleSection":["Communaut\u00e9","Toutes les actualit\u00e9s"],"inLanguage":"fr-FR","potentialAction":[{"@type":"CommentAction","name":"Comment","target":["https:\/\/www.africa-press.net\/togo\/toutes-les-actualites\/togo-ecole-la-montee-des-couleurs-et-lexecution-de-lhymne-national-en-mode-banalisation#respond"]}]},{"@type":"WebPage","@id":"https:\/\/www.africa-press.net\/togo\/toutes-les-actualites\/togo-ecole-la-montee-des-couleurs-et-lexecution-de-lhymne-national-en-mode-banalisation","url":"https:\/\/www.africa-press.net\/togo\/toutes-les-actualites\/togo-ecole-la-montee-des-couleurs-et-lexecution-de-lhymne-national-en-mode-banalisation","name":"Togo-Ecole : la mont\u00e9e des couleurs et l\u2019ex\u00e9cution de l\u2019hymne national en mode banalisation - Togo","isPartOf":{"@id":"https:\/\/www.africa-press.net\/togo\/#website"},"primaryImageOfPage":{"@id":"https:\/\/www.africa-press.net\/togo\/toutes-les-actualites\/togo-ecole-la-montee-des-couleurs-et-lexecution-de-lhymne-national-en-mode-banalisation#primaryimage"},"image":{"@id":"https:\/\/www.africa-press.net\/togo\/toutes-les-actualites\/togo-ecole-la-montee-des-couleurs-et-lexecution-de-lhymne-national-en-mode-banalisation#primaryimage"},"thumbnailUrl":"https:\/\/static.africa-press.net\/togo\/sites\/58\/2022\/10\/postQueueImg_2-63432adda5b42.jpg","datePublished":"2022-10-09T20:08:26+00:00","dateModified":"2022-10-09T20:11:34+00:00","author":{"@id":"https:\/\/www.africa-press.net\/togo\/#\/schema\/person\/2b1cf3cd81a31e3cd26889ca66d677f1"},"description":"Dans une note, le ministre des Enseignements primaire, secondaire, technique et de l\u2019artisanat rappelle \u00ab que le rass ...","breadcrumb":{"@id":"https:\/\/www.africa-press.net\/togo\/toutes-les-actualites\/togo-ecole-la-montee-des-couleurs-et-lexecution-de-lhymne-national-en-mode-banalisation#breadcrumb"},"inLanguage":"fr-FR","potentialAction":[{"@type":"ReadAction","target":["https:\/\/www.africa-press.net\/togo\/toutes-les-actualites\/togo-ecole-la-montee-des-couleurs-et-lexecution-de-lhymne-national-en-mode-banalisation"]}]},{"@type":"ImageObject","inLanguage":"fr-FR","@id":"https:\/\/www.africa-press.net\/togo\/toutes-les-actualites\/togo-ecole-la-montee-des-couleurs-et-lexecution-de-lhymne-national-en-mode-banalisation#primaryimage","url":"https:\/\/static.africa-press.net\/togo\/sites\/58\/2022\/10\/postQueueImg_2-63432adda5b42.jpg","contentUrl":"https:\/\/static.africa-press.net\/togo\/sites\/58\/2022\/10\/postQueueImg_2-63432adda5b42.jpg","width":1280,"height":800,"caption":"Togo-Ecole : la mont\u00e9e des couleurs et l\u2019ex\u00e9cution de l\u2019hymne national en mode banalisation"},{"@type":"BreadcrumbList","@id":"https:\/\/www.africa-press.net\/togo\/toutes-les-actualites\/togo-ecole-la-montee-des-couleurs-et-lexecution-de-lhymne-national-en-mode-banalisation#breadcrumb","itemListElement":[{"@type":"ListItem","position":1,"name":"Accueil","item":"https:\/\/www.africa-press.net\/togo\/"},{"@type":"ListItem","position":2,"name":"Togo-Ecole : la mont\u00e9e des couleurs et l\u2019ex\u00e9cution de l\u2019hymne national en mode banalisation"}]},{"@type":"WebSite","@id":"https:\/\/www.africa-press.net\/togo\/#website","url":"https:\/\/www.africa-press.net\/togo\/","name":"Togo","description":"Just another Africa News Agency Sites site","potentialAction":[{"@type":"SearchAction","target":{"@type":"EntryPoint","urlTemplate":"https:\/\/www.africa-press.net\/togo\/?s={search_term_string}"},"query-input":{"@type":"PropertyValueSpecification","valueRequired":true,"valueName":"search_term_string"}}],"inLanguage":"fr-FR"},{"@type":"Person","@id":"https:\/\/www.africa-press.net\/togo\/#\/schema\/person\/2b1cf3cd81a31e3cd26889ca66d677f1","name":"cfeditorfr"}]}},"_links":{"self":[{"href":"https:\/\/www.africa-press.net\/togo\/wp-json\/wp\/v2\/posts\/12153","targetHints":{"allow":["GET"]}}],"collection":[{"href":"https:\/\/www.africa-press.net\/togo\/wp-json\/wp\/v2\/posts"}],"about":[{"href":"https:\/\/www.africa-press.net\/togo\/wp-json\/wp\/v2\/types\/post"}],"author":[{"embeddable":true,"href":"https:\/\/www.africa-press.net\/togo\/wp-json\/wp\/v2\/users\/82"}],"replies":[{"embeddable":true,"href":"https:\/\/www.africa-press.net\/togo\/wp-json\/wp\/v2\/comments?post=12153"}],"version-history":[{"count":0,"href":"https:\/\/www.africa-press.net\/togo\/wp-json\/wp\/v2\/posts\/12153\/revisions"}],"wp:featuredmedia":[{"embeddable":true,"href":"https:\/\/www.africa-press.net\/togo\/wp-json\/wp\/v2\/media\/12151"}],"wp:attachment":[{"href":"https:\/\/www.africa-press.net\/togo\/wp-json\/wp\/v2\/media?parent=12153"}],"wp:term":[{"taxonomy":"category","embeddable":true,"href":"https:\/\/www.africa-press.net\/togo\/wp-json\/wp\/v2\/categories?post=12153"},{"taxonomy":"post_tag","embeddable":true,"href":"https:\/\/www.africa-press.net\/togo\/wp-json\/wp\/v2\/tags?post=12153"}],"curies":[{"name":"wp","href":"https:\/\/api.w.org\/{rel}","templated":true}]}}