{"id":12192,"date":"2022-10-10T16:08:06","date_gmt":"2022-10-10T16:08:06","guid":{"rendered":"https:\/\/www.africa-press.net\/togo\/politique\/le-togo-pays-numero-1-en-afrique-en-termes-de-mobilite-electrique"},"modified":"2022-10-10T16:21:44","modified_gmt":"2022-10-10T16:21:44","slug":"le-togo-pays-numero-1-en-afrique-en-termes-de-mobilite-electrique","status":"publish","type":"post","link":"https:\/\/www.africa-press.net\/togo\/politique\/le-togo-pays-numero-1-en-afrique-en-termes-de-mobilite-electrique","title":{"rendered":"Le Togo, pays num\u00e9ro 1 en Afrique en termes de mobilit\u00e9 \u00e9lectrique"},"content":{"rendered":"<p><span style=\"color: #ff6600\"><strong>Africa-Press &#8211; Togo. <\/strong><\/span><b>Vendredi dernier a\u0300 l\u2019ho\u0302tel 2 Fe\u0301vrier, M Auto Electric Mobility, la socie\u0301te\u0301 de fabrication de ve\u0301hicules e\u0301lectriques au Togo implante\u0301e dans la zone industrielle d\u2019Ade\u0301tikope\u0301, a pre\u0301sente\u0301 a\u0300 la presse ces trois gammes de motos e\u0301lectriques. Il s\u2019agit du \u00ab Chap Chap \u00bb, \u00ab M Electric \u00bb et \u00ab Commando \u00bb. Cette ce\u0301re\u0301monie de pre\u0301sentation des produits de M Auto a e\u0301te\u0301 marque\u0301e par la pre\u0301sence du ministre Foli Bazi Katari en charge de l\u2019Environnement.<\/b><\/p>\n<p>Soutenue par le Fonds de transformation et d\u2019industrialisation de l\u2019Afrique (ATIF) qui de\u0301tient 85% des actions, M Auto est la plus grande entreprise de ve\u0301hicules e\u0301lectriques en Afrique par nombre de motos sur la route et par montant des fonds se\u0301curise\u0301s en un record de 3 mois d\u2019exploitation, une e\u0301tape si importante !<\/p>\n<p>La socie\u0301te\u0301 compte plus de 2000 motos de\u0301ja\u0300 vendues et en circulation, plus de 3 millions de km parcourus et plus de 2,500 commandes certifie\u0301es et en attente de livraison. Sa mission est de donner acce\u0300s a\u0300 des solutions de mobilite\u0301 e\u0301lectrique innovantes et durables afin d\u2019ame\u0301liorer la qualite\u0301 de vie de leurs clients.<\/p>\n<p><b>M Auto, une solution contre la pollution de l\u2019air<\/b><\/p>\n<p>Aujourd\u2019hui a\u0300 l\u2019heure ou\u0300 toute la plane\u0300te se mobilise contre le re\u0301chauffement climatique, et la pollution de l\u2019air, les produits de M Auto, totalement e\u0301lectriques, sont tre\u0300s appre\u0301cie\u0301s. Le ministre Foli Bazi Katari en charge de l\u2019Environnement ne dit le contraire.<\/p>\n<p>Dans son intervention au cours de cette ce\u0301re\u0301monie, le ministre n\u2019a pas manque\u0301 de rendre hommage au chef de l\u2019Etat Faure Gnassingbe\u0301 qui a rendu possible l\u2019installation de cette entreprise au Togo dont la vision cadre avec la mise en \u0153uvre du Plan de Mobilite\u0301 Verte (PMV) inscrite dans la feuille de route gouvernementale 2020-2025.<\/p>\n<p>\u00ab Avant tout propos, je tiens a\u0300 remercier son excellence Mr le Pre\u0301sident de la Re\u0301publique, Faure Gnassingbe\u0301, pour sa vision et son appui dans le domaine environnemental. C\u2019est gra\u0302ce a\u0300 son leadership que cet investissement est possible au Togo. Aujourd\u2019hui nous commenc\u0327ons par voir les fruits. (&#8230;) La raison de ma pre\u0301sence ici s\u2019inscrit dans le cadre du projet P35 qui a trait a\u0300 la lutte contre le re\u0301chauffement climatique. Dans la feuille de route gouvernementale, le gouvernement s\u2019est engage\u0301 a\u0300 mettre tout en \u0153uvre pour que d\u2019ici 2025, au moins 3% des ve\u0301hicules en circulation au Togo soient des ve\u0301hicules e\u0301lectriques. Et M Auto accompagne le gouvernement dans ce sens. Aujourd\u2019hui le Togo est le pays nume\u0301ro 1 en Afrique en termes de mobilite\u0301 e\u0301lectrique \u00bb, a indique\u0301 le ministre Katari.<\/p>\n<p>A l\u2019en croire les engins de M Auto sont une ve\u0301ritable solution contre le phe\u0301nome\u0300ne de pollution de l\u2019air au Togo, surtout a\u0300 Lome\u0301 : \u00ab Comme vous le savez, on distingue plusieurs ve\u0301hicules dans notre pays. Et les motos sont aujourd\u2019hui les plus importantes. On retrouve les motos partout dans les villes, aussi bien a\u0300 Lome\u0301 qu\u2019a\u0300 l\u2019inte\u0301rieur du pays. Selon les experts, 1 litre d\u2019essence produit 2,5 kg de CO2 et avec aujourd\u2019hui plus de 600 000 motos thermiques au Togo, les effets ne\u0301gatifs sont conside\u0301rables sur l\u2019environnement. Je pense que pour lutter contre le phe\u0301nome\u0300ne de pollution de l\u2019air dans nos villes, nous devons privile\u0301gier ces engins de M Auto qui garantissent l\u2019air pur. Vous savez que si cet air pur est pollue\u0301, nous allons faire face a\u0300 des maladies respiratoires comme nous le constatons dans nos centres de sante\u0301 actuellement. Personnellement, je souhaite d\u2019ici 20 ans toutes les motos a\u0300 base d\u2019essences disparaissent de la circulation \u00bb.<\/p>\n<p>M Auto s\u2019inscrit e\u0301galement dans cette vision ambitieuse du ministre en charge de l\u2019Environnement. La mise en \u0153uvre du Plan de Mobilite\u0301 Verte (PMV) est une re\u0301elle inspiration pour la start-up. C\u2019est justement dans cet esprit que M Auto souhaite inscrire ses activite\u0301s afin d\u2019aider a\u0300 une diminution drastique des e\u0301missions de gaz a\u0300 effet de serre et promouvoir une mobilite\u0301 plus vertueuse au Togo. Les motos e\u0301lectriques Commando, par exemple, e\u0301vitent les e\u0301missions e\u0301quivalentes a\u0300 celles d\u2019une moto thermique (5 tonnes de CO2 par an) et les stations de recharge centralise\u0301es de M Auto s\u2019appuient sur des re\u0301seaux solaires captifs.<\/p>\n<p>La mobilite\u0301 e\u0301lectrique abordable a donc un ro\u0302le majeur a\u0300 jouer dans la re\u0301duction des e\u0301missions de carbone en Afrique et le ministre en charge de l\u2019Environnement a clairement de\u0301montre\u0301 sa grande volonte\u0301 de faire du Togo un pays plus vert et plus durable. M Auto souhaite ainsi travailler dans l\u2019optique de rendre possible cette ambition gra\u0302ce a\u0300 des ve\u0301hicules e\u0301lectriques non polluants, construits en Afrique et pour les africains.<\/p>\n<p>M Auto s\u2019engage aussi a\u0300 assurer la transition e\u0301nerge\u0301tique et a\u0300 s\u2019approvisionner en e\u0301nergies renouvelables a\u0300 au moins 95 % dans l\u2019ensemble de ses activite\u0301s, de la fabrication a\u0300 la recharge des batteries.<\/p>\n<p>Rappelons que M Auto est une entreprise leader dans le domaine des ve\u0301hicules e\u0301lectriques qui propose la \u00ab mobilite\u0301 en tant que service \u00bb sur le continent africain. Actuellement ope\u0301rationnelle au Be\u0301nin et au Togo, ses solutions de mobilite\u0301 e\u0301conomiques et pratiques sont une grande source d\u2019attraction sur le marche\u0301 et favorisent la durabilite\u0301 environnementale en Afrique.<\/p>\n<p><strong>Pour plus d&rsquo;informations et d&rsquo;analyses sur la <a href=\"https:\/\/www.africa-press.net\/togo\">Togo<\/a>, suivez <a href=\"https:\/\/www.africa-press.net\/\">Africa-Press<\/a><\/strong><\/p>\n","protected":false},"excerpt":{"rendered":"<p>Africa-Press &#8211; Togo. Vendredi dernier a\u0300 l\u2019ho\u0302tel 2 Fe\u0301vrier, M Auto Electric Mobility, la socie\u0301te\u0301 de fabrication de ve\u0301hicules e\u0301lectriques au Togo implante\u0301e dans la zone industrielle d\u2019Ade\u0301tikope\u0301, a pre\u0301sente\u0301 a\u0300 la presse ces trois gammes de motos e\u0301lectriques. Il s\u2019agit du \u00ab Chap Chap \u00bb, \u00ab M Electric \u00bb et \u00ab Commando \u00bb. Cette [&hellip;]<\/p>\n","protected":false},"author":82,"featured_media":12191,"comment_status":"open","ping_status":"closed","sticky":false,"template":"","format":"standard","meta":{"footnotes":""},"categories":[2,10],"tags":[36,49,50],"class_list":["post-12192","post","type-post","status-publish","format-standard","has-post-thumbnail","hentry","category-politique","category-toutes-les-actualites","tag-africa-press","tag-africa-press-togo","tag-togo"],"yoast_head":"<!-- This site is optimized with the Yoast SEO Premium plugin v26.1 (Yoast SEO v27.0) - https:\/\/yoast.com\/product\/yoast-seo-premium-wordpress\/ -->\n<title>Le Togo, pays num\u00e9ro 1 en Afrique en termes de mobilit\u00e9 \u00e9lectrique - Togo<\/title>\n<meta name=\"description\" content=\"Vendredi dernier a\u0300 l\u2019ho\u0302tel 2 Fe\u0301vrier, M Auto Electric Mobility, la socie\u0301te\u0301 de fabrication de ve\u0301hicules e\u0301lectri ...\" \/>\n<meta name=\"robots\" content=\"index, follow, max-snippet:-1, max-image-preview:large, max-video-preview:-1\" \/>\n<link rel=\"canonical\" href=\"https:\/\/www.africa-press.net\/togo\/politique\/le-togo-pays-numero-1-en-afrique-en-termes-de-mobilite-electrique\" \/>\n<meta property=\"og:locale\" content=\"fr_FR\" \/>\n<meta property=\"og:type\" content=\"article\" \/>\n<meta property=\"og:title\" content=\"Le Togo, pays num\u00e9ro 1 en Afrique en termes de mobilit\u00e9 \u00e9lectrique\" \/>\n<meta property=\"og:description\" content=\"Vendredi dernier a\u0300 l\u2019ho\u0302tel 2 Fe\u0301vrier, M Auto Electric Mobility, la socie\u0301te\u0301 de fabrication de ve\u0301hicules e\u0301lectri ...\" \/>\n<meta property=\"og:url\" content=\"https:\/\/www.africa-press.net\/togo\/politique\/le-togo-pays-numero-1-en-afrique-en-termes-de-mobilite-electrique\" \/>\n<meta property=\"og:site_name\" content=\"Togo\" \/>\n<meta property=\"article:published_time\" content=\"2022-10-10T16:08:06+00:00\" \/>\n<meta property=\"article:modified_time\" content=\"2022-10-10T16:21:44+00:00\" \/>\n<meta property=\"og:image\" content=\"https:\/\/static.africa-press.net\/togo\/sites\/58\/2022\/10\/postQueueImg_10-6344467f11e3b.jpg\" \/>\n\t<meta property=\"og:image:width\" content=\"1280\" \/>\n\t<meta property=\"og:image:height\" content=\"880\" \/>\n\t<meta property=\"og:image:type\" content=\"image\/jpeg\" \/>\n<meta name=\"author\" content=\"cfeditorfr\" \/>\n<meta name=\"twitter:card\" content=\"summary_large_image\" \/>\n<meta name=\"twitter:label1\" content=\"\u00c9crit par\" \/>\n\t<meta name=\"twitter:data1\" content=\"cfeditorfr\" \/>\n\t<meta name=\"twitter:label2\" content=\"Dur\u00e9e de lecture estim\u00e9e\" \/>\n\t<meta name=\"twitter:data2\" content=\"5 minutes\" \/>\n<script type=\"application\/ld+json\" class=\"yoast-schema-graph\">{\"@context\":\"https:\/\/schema.org\",\"@graph\":[{\"@type\":\"Article\",\"@id\":\"https:\/\/www.africa-press.net\/togo\/politique\/le-togo-pays-numero-1-en-afrique-en-termes-de-mobilite-electrique#article\",\"isPartOf\":{\"@id\":\"https:\/\/www.africa-press.net\/togo\/politique\/le-togo-pays-numero-1-en-afrique-en-termes-de-mobilite-electrique\"},\"author\":{\"name\":\"cfeditorfr\",\"@id\":\"https:\/\/www.africa-press.net\/togo\/#\/schema\/person\/2b1cf3cd81a31e3cd26889ca66d677f1\"},\"headline\":\"Le Togo, pays num\u00e9ro 1 en Afrique en termes de mobilit\u00e9 \u00e9lectrique\",\"datePublished\":\"2022-10-10T16:08:06+00:00\",\"dateModified\":\"2022-10-10T16:21:44+00:00\",\"mainEntityOfPage\":{\"@id\":\"https:\/\/www.africa-press.net\/togo\/politique\/le-togo-pays-numero-1-en-afrique-en-termes-de-mobilite-electrique\"},\"wordCount\":966,\"commentCount\":0,\"image\":{\"@id\":\"https:\/\/www.africa-press.net\/togo\/politique\/le-togo-pays-numero-1-en-afrique-en-termes-de-mobilite-electrique#primaryimage\"},\"thumbnailUrl\":\"https:\/\/static.africa-press.net\/togo\/sites\/58\/2022\/10\/postQueueImg_10-6344467f11e3b.jpg\",\"keywords\":[\"Africa Press\",\"Africa Press-Togo\",\"Togo\"],\"articleSection\":[\"Politique\",\"Toutes les actualit\u00e9s\"],\"inLanguage\":\"fr-FR\",\"potentialAction\":[{\"@type\":\"CommentAction\",\"name\":\"Comment\",\"target\":[\"https:\/\/www.africa-press.net\/togo\/politique\/le-togo-pays-numero-1-en-afrique-en-termes-de-mobilite-electrique#respond\"]}]},{\"@type\":\"WebPage\",\"@id\":\"https:\/\/www.africa-press.net\/togo\/politique\/le-togo-pays-numero-1-en-afrique-en-termes-de-mobilite-electrique\",\"url\":\"https:\/\/www.africa-press.net\/togo\/politique\/le-togo-pays-numero-1-en-afrique-en-termes-de-mobilite-electrique\",\"name\":\"Le Togo, pays num\u00e9ro 1 en Afrique en termes de mobilit\u00e9 \u00e9lectrique - Togo\",\"isPartOf\":{\"@id\":\"https:\/\/www.africa-press.net\/togo\/#website\"},\"primaryImageOfPage\":{\"@id\":\"https:\/\/www.africa-press.net\/togo\/politique\/le-togo-pays-numero-1-en-afrique-en-termes-de-mobilite-electrique#primaryimage\"},\"image\":{\"@id\":\"https:\/\/www.africa-press.net\/togo\/politique\/le-togo-pays-numero-1-en-afrique-en-termes-de-mobilite-electrique#primaryimage\"},\"thumbnailUrl\":\"https:\/\/static.africa-press.net\/togo\/sites\/58\/2022\/10\/postQueueImg_10-6344467f11e3b.jpg\",\"datePublished\":\"2022-10-10T16:08:06+00:00\",\"dateModified\":\"2022-10-10T16:21:44+00:00\",\"author\":{\"@id\":\"https:\/\/www.africa-press.net\/togo\/#\/schema\/person\/2b1cf3cd81a31e3cd26889ca66d677f1\"},\"description\":\"Vendredi dernier a\u0300 l\u2019ho\u0302tel 2 Fe\u0301vrier, M Auto Electric Mobility, la socie\u0301te\u0301 de fabrication de ve\u0301hicules e\u0301lectri ...\",\"breadcrumb\":{\"@id\":\"https:\/\/www.africa-press.net\/togo\/politique\/le-togo-pays-numero-1-en-afrique-en-termes-de-mobilite-electrique#breadcrumb\"},\"inLanguage\":\"fr-FR\",\"potentialAction\":[{\"@type\":\"ReadAction\",\"target\":[\"https:\/\/www.africa-press.net\/togo\/politique\/le-togo-pays-numero-1-en-afrique-en-termes-de-mobilite-electrique\"]}]},{\"@type\":\"ImageObject\",\"inLanguage\":\"fr-FR\",\"@id\":\"https:\/\/www.africa-press.net\/togo\/politique\/le-togo-pays-numero-1-en-afrique-en-termes-de-mobilite-electrique#primaryimage\",\"url\":\"https:\/\/static.africa-press.net\/togo\/sites\/58\/2022\/10\/postQueueImg_10-6344467f11e3b.jpg\",\"contentUrl\":\"https:\/\/static.africa-press.net\/togo\/sites\/58\/2022\/10\/postQueueImg_10-6344467f11e3b.jpg\",\"width\":1280,\"height\":880,\"caption\":\"Le Togo, pays num\u00e9ro 1 en Afrique en termes de mobilit\u00e9 \u00e9lectrique\"},{\"@type\":\"BreadcrumbList\",\"@id\":\"https:\/\/www.africa-press.net\/togo\/politique\/le-togo-pays-numero-1-en-afrique-en-termes-de-mobilite-electrique#breadcrumb\",\"itemListElement\":[{\"@type\":\"ListItem\",\"position\":1,\"name\":\"Accueil\",\"item\":\"https:\/\/www.africa-press.net\/togo\/\"},{\"@type\":\"ListItem\",\"position\":2,\"name\":\"Le Togo, pays num\u00e9ro 1 en Afrique en termes de mobilit\u00e9 \u00e9lectrique\"}]},{\"@type\":\"WebSite\",\"@id\":\"https:\/\/www.africa-press.net\/togo\/#website\",\"url\":\"https:\/\/www.africa-press.net\/togo\/\",\"name\":\"Togo\",\"description\":\"Just another Africa News Agency Sites site\",\"potentialAction\":[{\"@type\":\"SearchAction\",\"target\":{\"@type\":\"EntryPoint\",\"urlTemplate\":\"https:\/\/www.africa-press.net\/togo\/?s={search_term_string}\"},\"query-input\":{\"@type\":\"PropertyValueSpecification\",\"valueRequired\":true,\"valueName\":\"search_term_string\"}}],\"inLanguage\":\"fr-FR\"},{\"@type\":\"Person\",\"@id\":\"https:\/\/www.africa-press.net\/togo\/#\/schema\/person\/2b1cf3cd81a31e3cd26889ca66d677f1\",\"name\":\"cfeditorfr\"}]}<\/script>\n<!-- \/ Yoast SEO Premium plugin. -->","yoast_head_json":{"title":"Le Togo, pays num\u00e9ro 1 en Afrique en termes de mobilit\u00e9 \u00e9lectrique - Togo","description":"Vendredi dernier a\u0300 l\u2019ho\u0302tel 2 Fe\u0301vrier, M Auto Electric Mobility, la socie\u0301te\u0301 de fabrication de ve\u0301hicules e\u0301lectri ...","robots":{"index":"index","follow":"follow","max-snippet":"max-snippet:-1","max-image-preview":"max-image-preview:large","max-video-preview":"max-video-preview:-1"},"canonical":"https:\/\/www.africa-press.net\/togo\/politique\/le-togo-pays-numero-1-en-afrique-en-termes-de-mobilite-electrique","og_locale":"fr_FR","og_type":"article","og_title":"Le Togo, pays num\u00e9ro 1 en Afrique en termes de mobilit\u00e9 \u00e9lectrique","og_description":"Vendredi dernier a\u0300 l\u2019ho\u0302tel 2 Fe\u0301vrier, M Auto Electric Mobility, la socie\u0301te\u0301 de fabrication de ve\u0301hicules e\u0301lectri ...","og_url":"https:\/\/www.africa-press.net\/togo\/politique\/le-togo-pays-numero-1-en-afrique-en-termes-de-mobilite-electrique","og_site_name":"Togo","article_published_time":"2022-10-10T16:08:06+00:00","article_modified_time":"2022-10-10T16:21:44+00:00","og_image":[{"width":1280,"height":880,"url":"https:\/\/static.africa-press.net\/togo\/sites\/58\/2022\/10\/postQueueImg_10-6344467f11e3b.jpg","type":"image\/jpeg"}],"author":"cfeditorfr","twitter_card":"summary_large_image","twitter_misc":{"\u00c9crit par":"cfeditorfr","Dur\u00e9e de lecture estim\u00e9e":"5 minutes"},"schema":{"@context":"https:\/\/schema.org","@graph":[{"@type":"Article","@id":"https:\/\/www.africa-press.net\/togo\/politique\/le-togo-pays-numero-1-en-afrique-en-termes-de-mobilite-electrique#article","isPartOf":{"@id":"https:\/\/www.africa-press.net\/togo\/politique\/le-togo-pays-numero-1-en-afrique-en-termes-de-mobilite-electrique"},"author":{"name":"cfeditorfr","@id":"https:\/\/www.africa-press.net\/togo\/#\/schema\/person\/2b1cf3cd81a31e3cd26889ca66d677f1"},"headline":"Le Togo, pays num\u00e9ro 1 en Afrique en termes de mobilit\u00e9 \u00e9lectrique","datePublished":"2022-10-10T16:08:06+00:00","dateModified":"2022-10-10T16:21:44+00:00","mainEntityOfPage":{"@id":"https:\/\/www.africa-press.net\/togo\/politique\/le-togo-pays-numero-1-en-afrique-en-termes-de-mobilite-electrique"},"wordCount":966,"commentCount":0,"image":{"@id":"https:\/\/www.africa-press.net\/togo\/politique\/le-togo-pays-numero-1-en-afrique-en-termes-de-mobilite-electrique#primaryimage"},"thumbnailUrl":"https:\/\/static.africa-press.net\/togo\/sites\/58\/2022\/10\/postQueueImg_10-6344467f11e3b.jpg","keywords":["Africa Press","Africa Press-Togo","Togo"],"articleSection":["Politique","Toutes les actualit\u00e9s"],"inLanguage":"fr-FR","potentialAction":[{"@type":"CommentAction","name":"Comment","target":["https:\/\/www.africa-press.net\/togo\/politique\/le-togo-pays-numero-1-en-afrique-en-termes-de-mobilite-electrique#respond"]}]},{"@type":"WebPage","@id":"https:\/\/www.africa-press.net\/togo\/politique\/le-togo-pays-numero-1-en-afrique-en-termes-de-mobilite-electrique","url":"https:\/\/www.africa-press.net\/togo\/politique\/le-togo-pays-numero-1-en-afrique-en-termes-de-mobilite-electrique","name":"Le Togo, pays num\u00e9ro 1 en Afrique en termes de mobilit\u00e9 \u00e9lectrique - Togo","isPartOf":{"@id":"https:\/\/www.africa-press.net\/togo\/#website"},"primaryImageOfPage":{"@id":"https:\/\/www.africa-press.net\/togo\/politique\/le-togo-pays-numero-1-en-afrique-en-termes-de-mobilite-electrique#primaryimage"},"image":{"@id":"https:\/\/www.africa-press.net\/togo\/politique\/le-togo-pays-numero-1-en-afrique-en-termes-de-mobilite-electrique#primaryimage"},"thumbnailUrl":"https:\/\/static.africa-press.net\/togo\/sites\/58\/2022\/10\/postQueueImg_10-6344467f11e3b.jpg","datePublished":"2022-10-10T16:08:06+00:00","dateModified":"2022-10-10T16:21:44+00:00","author":{"@id":"https:\/\/www.africa-press.net\/togo\/#\/schema\/person\/2b1cf3cd81a31e3cd26889ca66d677f1"},"description":"Vendredi dernier a\u0300 l\u2019ho\u0302tel 2 Fe\u0301vrier, M Auto Electric Mobility, la socie\u0301te\u0301 de fabrication de ve\u0301hicules e\u0301lectri ...","breadcrumb":{"@id":"https:\/\/www.africa-press.net\/togo\/politique\/le-togo-pays-numero-1-en-afrique-en-termes-de-mobilite-electrique#breadcrumb"},"inLanguage":"fr-FR","potentialAction":[{"@type":"ReadAction","target":["https:\/\/www.africa-press.net\/togo\/politique\/le-togo-pays-numero-1-en-afrique-en-termes-de-mobilite-electrique"]}]},{"@type":"ImageObject","inLanguage":"fr-FR","@id":"https:\/\/www.africa-press.net\/togo\/politique\/le-togo-pays-numero-1-en-afrique-en-termes-de-mobilite-electrique#primaryimage","url":"https:\/\/static.africa-press.net\/togo\/sites\/58\/2022\/10\/postQueueImg_10-6344467f11e3b.jpg","contentUrl":"https:\/\/static.africa-press.net\/togo\/sites\/58\/2022\/10\/postQueueImg_10-6344467f11e3b.jpg","width":1280,"height":880,"caption":"Le Togo, pays num\u00e9ro 1 en Afrique en termes de mobilit\u00e9 \u00e9lectrique"},{"@type":"BreadcrumbList","@id":"https:\/\/www.africa-press.net\/togo\/politique\/le-togo-pays-numero-1-en-afrique-en-termes-de-mobilite-electrique#breadcrumb","itemListElement":[{"@type":"ListItem","position":1,"name":"Accueil","item":"https:\/\/www.africa-press.net\/togo\/"},{"@type":"ListItem","position":2,"name":"Le Togo, pays num\u00e9ro 1 en Afrique en termes de mobilit\u00e9 \u00e9lectrique"}]},{"@type":"WebSite","@id":"https:\/\/www.africa-press.net\/togo\/#website","url":"https:\/\/www.africa-press.net\/togo\/","name":"Togo","description":"Just another Africa News Agency Sites site","potentialAction":[{"@type":"SearchAction","target":{"@type":"EntryPoint","urlTemplate":"https:\/\/www.africa-press.net\/togo\/?s={search_term_string}"},"query-input":{"@type":"PropertyValueSpecification","valueRequired":true,"valueName":"search_term_string"}}],"inLanguage":"fr-FR"},{"@type":"Person","@id":"https:\/\/www.africa-press.net\/togo\/#\/schema\/person\/2b1cf3cd81a31e3cd26889ca66d677f1","name":"cfeditorfr"}]}},"_links":{"self":[{"href":"https:\/\/www.africa-press.net\/togo\/wp-json\/wp\/v2\/posts\/12192","targetHints":{"allow":["GET"]}}],"collection":[{"href":"https:\/\/www.africa-press.net\/togo\/wp-json\/wp\/v2\/posts"}],"about":[{"href":"https:\/\/www.africa-press.net\/togo\/wp-json\/wp\/v2\/types\/post"}],"author":[{"embeddable":true,"href":"https:\/\/www.africa-press.net\/togo\/wp-json\/wp\/v2\/users\/82"}],"replies":[{"embeddable":true,"href":"https:\/\/www.africa-press.net\/togo\/wp-json\/wp\/v2\/comments?post=12192"}],"version-history":[{"count":0,"href":"https:\/\/www.africa-press.net\/togo\/wp-json\/wp\/v2\/posts\/12192\/revisions"}],"wp:featuredmedia":[{"embeddable":true,"href":"https:\/\/www.africa-press.net\/togo\/wp-json\/wp\/v2\/media\/12191"}],"wp:attachment":[{"href":"https:\/\/www.africa-press.net\/togo\/wp-json\/wp\/v2\/media?parent=12192"}],"wp:term":[{"taxonomy":"category","embeddable":true,"href":"https:\/\/www.africa-press.net\/togo\/wp-json\/wp\/v2\/categories?post=12192"},{"taxonomy":"post_tag","embeddable":true,"href":"https:\/\/www.africa-press.net\/togo\/wp-json\/wp\/v2\/tags?post=12192"}],"curies":[{"name":"wp","href":"https:\/\/api.w.org\/{rel}","templated":true}]}}