{"id":12195,"date":"2022-10-10T16:08:18","date_gmt":"2022-10-10T16:08:18","guid":{"rendered":"https:\/\/www.africa-press.net\/togo\/politique\/togo-compte-rendu-du-97eme-conseil-des-ministres-du-gouvernement-kodjo"},"modified":"2022-10-10T16:22:18","modified_gmt":"2022-10-10T16:22:18","slug":"togo-compte-rendu-du-97eme-conseil-des-ministres-du-gouvernement-kodjo","status":"publish","type":"post","link":"https:\/\/www.africa-press.net\/togo\/politique\/togo-compte-rendu-du-97eme-conseil-des-ministres-du-gouvernement-kodjo","title":{"rendered":"Togo- Compte rendu du 97eme Conseil des ministres du gouvernement Kodjo"},"content":{"rendered":"<p><span style=\"color: #ff6600\"><strong>Africa-Press &#8211; Togo. <\/strong><\/span><b>Le gouvernement d\u2019Agbe\u0301yome\u0301 Kodjo est toujours en action. Il a tenu son 97eme conseil des ministres le vendredi 07 septembre 2022. Le compte rendu dans son inte\u0301gralite\u0301!<\/b><\/p>\n<p>DE\u0301CLARATION DU 97e\u0300me CONSEIL DES MINISTRES DU GOUVERNEMENT LEGITIME DU TOGO SURSAUT REPUBLICAIN : LE PRIX DE LA SOUVERAINETE INTEGRALE DU TOGO<\/p>\n<p>Le Conseil des Ministres du Gouvernement le\u0301gitime du Togo s\u2019est re\u0301uni le vendredi 07 octobre 2022 en sa 97e\u0300me session ordinaire notamment la 39e\u0300me de cette anne\u0301e 2022 sous la pre\u0301sidence de SE Dr Gabriel Agbe\u0301yome\u0301 Messan Kodjo, Pre\u0301sident de la Re\u0301publique Togolaise, avec une minute de recueillement en communion avec la Nation tout entie\u0300re dans le cadre de la ce\u0301le\u0301bration du 32e\u0300me anniversaire du Soule\u0300vement populaire du 05 octobre 1990, la Journe\u0301e de la Jeunesse togolaise Le Conseil a e\u0301coute\u0301 la communication de la Ministre de l\u2019Environnement et des Dynamiques Spatiales, Coordinatrice du Comite\u0301 de gestion de l\u2019Ope\u0301ration Togo Solidaire (OTS) sur la situation des cinq e\u0301le\u0300ves de\u0301tenus sans jugement depuis avril 2022 a\u0300 la prison civile de Dapaong dans le cadre de la gre\u0300ve des enseignants au cours de l\u2019anne\u0301e scolaire 2021-2022.<\/p>\n<p>Il s\u2019agit de quatre e\u0301le\u0300ves en classe de Terminale dont Mlle Bamok Fatou a\u0302ge\u0301e de 23 ans, M. Konene Sita a\u0302ge\u0301 de 23 ans, M. Alaka Mohanz a\u0302ge\u0301 de 22 ans, M. Tarkpatike Yendoubou a\u0302ge\u0301 de 19 ans ; et d\u2019un e\u0301le\u0300ve en classe de Troisie\u0300me, M. Sanwogou Lepaguenibe a\u0302ge\u0301 de 18 ans. Le Conseil constate avec indignation la violation des droits de l\u2019Homme exerce\u0301s depuis plus de six mois sur de jeunes apprenants re\u0301clamant de meilleures conditions de travail aux co\u0302te\u0301s de leurs enseignants et de\u0301tenus abusivement sans aucun avocat commis d\u2019office pour de\u0301fendre leurs inte\u0301re\u0302ts dans l\u2019indiffe\u0301rence des organisations de de\u0301fense des droits de l\u2019Homme, des chancelleries et de la communaute\u0301 internationale qui tente de faire passer l\u2019infa\u0302me animal qui tue les enfants au Togo comme un de\u0301fenseur des droits de l\u2019Homme et artisan de la paix entre les Nations dans l\u2019espace communautaire de la CEDEAO dans une grave affaire ave\u0301re\u0301e avec preuves a\u0300 l\u2019appui de de\u0301stabilisation de la Re\u0301publique du Mali.<\/p>\n<p>Le Conseil a de\u0301cide\u0301 de prendre les dispositions ne\u0301cessaires pour que justice soit rapidement faite a\u0300 ces enfants dont l\u2019avenir est hypothe\u0301que\u0301 au motif d\u2019avoir ose\u0301 exprimer leur cole\u0300re et de\u0301sapprobation de la gouvernance kakistocratique du Togo par les ineptocrates. Il interpelle par conse\u0301quent la socie\u0301te\u0301 civile togolaise, les organisations de de\u0301fense des droits de l\u2019Homme, les chancelleries pre\u0301sentes au Togo, Amnesty International, Human Rights Watch, le Haut Conseil des droits de l\u2019Homme (HCDH) des Nations Unies face au de\u0301ni de droit dont sont victimes de jeunes apprenants adolescents a\u0300 l\u2019instar des prisonniers politiques au Togo.<\/p>\n<p>Le Conseil s\u2019est ensuite e\u0301panche\u0301 sur la communication du Ministre du Commerce, de l\u2019Industrie, des Transports, du Tourisme et de l\u2019Artisanat relativement a\u0300 la vie che\u0300re et au conflit qui oppose la direction ge\u0301ne\u0301rale de l\u2019E\u0301tablissement public autonome d\u2019exploitation des marche\u0301s (EPAM) aux grossistes des marche\u0301s Abattoir et Atikpodji de Lome\u0301 somme\u0301s de de\u0301guerpir des lieux a\u0300 partir du 15 octobre 2022 pour le site de Be\u0301 Kiklame\u0301 par le commissaire divisionnaire de police Samialo Potcholi-Kadja. Le Ministre a releve\u0301 les pre\u0301ce\u0301dents entre l\u2019EPAM et les femmes qui constituent la colonne dorsale des familles togolaises de me\u0302me que la violation par le ministe\u0300re de l\u2019Administration territoriale de la l\u2019article 316 de la loi sur la de\u0301centralisation qui dispose que \u00ab le transfert des biens de l\u2019E\u0301tat aux collectivite\u0301s territoriales est de\u0301cide\u0301 par de\u0301cret en conseil des ministres, soit a\u0300 la reque\u0302te de ces collectivite\u0301s territoriales, soit sur l\u2019initiative de l\u2019E\u0301tat lui-me\u0302me \u00bb. Nonobstant la clarte\u0301 de la loi, le transfert de l\u2019EPAM au District autonome du Grand Lome\u0301 (DAGL) a e\u0301te\u0301 effectue\u0301 par arre\u0302te\u0301 ministe\u0301riel, ce qui affecte davantage actuellement la cre\u0301dibilite\u0301 de l\u2019EPAM.<\/p>\n<p>Le Conseil constate une fois de plus l\u2019impuissance de gouvernants incompe\u0301tents, ineptocrates et sans vision pour notre pays alors que l\u2019offre programmatique du Pre\u0301sident de\u0301mocratiquement e\u0301lu, SE Dr Gabriel Agbe\u0301yome\u0301 Messan Kodjo, ple\u0301biscite\u0301e le 22 fe\u0301vrier 2020 apporte des re\u0301ponses pragmatiques en vue de l\u2019alle\u0301gement du panier de la me\u0301nage\u0300re, de la promotion de l\u2019entrepreneuriat fe\u0301minin et du retour de la confiance dans le pays.<\/p>\n<p>Le Conseil invite par conse\u0301quent les femmes des marche\u0301s et les populations a\u0300 rejeter l\u2019arbitraire des autorite\u0301s ille\u0301gitimes qui nous de\u0301shumanisent pour rejoindre le Front de Refus et de Souverainete\u0301 (FRES) en vue de la libe\u0301ration de\u0301finitive et totale de la Terre de nos Ai\u0308eux des pre\u0301dateurs satanistes sans foi ni loi.<\/p>\n<p>Au titre du ministe\u0300re de la Justice, de la Promotion de l\u2019E\u0301tat de droit et des droits de l\u2019Homme, la communication du Garde des Sceaux a porte\u0301 entre autres sur la suspension de trois mois avec une amende de douze millions de FCFA inflige\u0301es au Journal Liberte\u0301 pour avoir de\u0301nonce\u0301 la mort d\u2019un jeune homme tue\u0301 a\u0300 Tche\u0301kpo par le convoi de Mme Dogbe\u0301 Tome\u0301gah, cheffe du gouvernement ille\u0301gitime de Lome\u0301.<\/p>\n<p>Le Conseil de\u0301plore cet acharnement contre la liberte\u0301 d\u2019expression au Togo et qui n\u2019est rien d\u2019autre qu\u2019une volonte\u0301 de ba\u0302illonnement de toute voix ge\u0302nante et de musellement de la presse critique. Tout en apportant son soutien a\u0300 la direction du quotidien Liberte\u0301, le Conseil estime que le Togo ne peut avoir d\u2019avenir dans le me\u0301pris des droits acquis de hautes luttes par le Souverain Peuple togolais et de la Constitution de la IVe\u0300me Re\u0301publique.<\/p>\n<p>Le Garde des Sceaux est revenu sur la question des prisonniers politiques qui au Togo sont des prisonniers d\u2019opinion contrairement aux mercenaires ivoiriens arre\u0302te\u0301s au Mali et dont le pouvoir ille\u0301gitime en que\u0302te de\u0301sespe\u0301re\u0301e de le\u0301gitimite\u0301 se fait le de\u0301fenseur me\u0301diateur. Il a enfin rappele\u0301 au Conseil les tractations en cours dans le cadre du dossier de SE Jean-Paul Oumolou, de\u0301tenu quasiment douze mois dans les geo\u0302les de la dictature cinquantenaire et ne\u0301ocolonialiste.<\/p>\n<p>Le Conseil rappelle a\u0300 nouveau a\u0300 toutes les filles et a\u0300 tous les fils du Togo tout entier que le de\u0301ni de droits constitutionnels aux compatriotes embastille\u0301s en raison de leur engagement pour un Togo meilleur de me\u0302me que la re\u0301currente violation de la Constitution interpellent la Nation tout entie\u0300re qui doit rallier le Front de Refus et de Souverainete\u0301 afin d\u2019abattre les murs de la criminalite\u0301, de la pre\u0301dation et de l\u2019infamie sur la Terre de nos Ai\u0308eux.<\/p>\n<p>Le Conseil s\u2019est enfin penche\u0301 sur la communication du Ministre d\u2019E\u0301tat, Ministre des Relations Exte\u0301rieures, de l\u2019Inte\u0301gration Africaine et des Togolais de la 6ie\u0300me Re\u0301gion, Charge\u0301 des Relations entre les Institutions de la Re\u0301publique, Porte-Parole du Gouvernement, sur les derniers de\u0301veloppements dans l\u2019espace communautaire CEDEAO ; les grands bouleversements ge\u0301opolitiques et ge\u0301o-e\u0301conomiques actuellement en cours dans le monde, et la lettre ouverte du 20 septembre 2022 au Conseil de se\u0301curite\u0301 de l\u2019ONU.<\/p>\n<p>Le Gouvernement le\u0301gitime du Togo tient a\u0300 apporter son soutien inde\u0301fectible aux autorite\u0301s du Faso, du Mali et de la Guine\u0301e dans leur lutte souverainiste axe\u0301e sur l\u2019inte\u0301re\u0302t supe\u0301rieur de leur peuple respectif et de l\u2019Afrique. Des e\u0301changes du Conseil, il ressort l\u2019urgence d\u2019acce\u0301le\u0301rer l\u2019agenda panafricaniste au lendemain du premier forum panafricain du 24 septembre dernier en raison de l\u2019effondrement ha\u0302te\u0301 de l\u2019Europe par le sabotage des pipelines Nord Stream qui renvoie a\u0300 l\u2019agenda du rapport Rand qui semble n\u2019e\u0302tre que le retour du plan Morgenthau de 1944. Il importe de rappeler que \u00ab selon le rapport Rand, l\u2019e\u0301conomie de l\u2019UE \u00ab s\u2019effondrera ine\u0301vitablement \u00bb apre\u0300s la chute de l\u2019industrie allemande, provoquant le reflux de milliers de milliards de dollars de ressources europe\u0301ennes vers les E\u0301tats-Unis, suivi d\u2019un flot de \u00ab jeunes gens bien e\u0301duque\u0301s en Europe \u00bb qui \u00ab seront force\u0301s d\u2019e\u0301migrer \u00bb parce que les emplois bien re\u0301mune\u0301re\u0301s auront disparu a\u0300 la suite de la crise e\u0301nerge\u0301tique qui sera un re\u0301sultat direct de la guerre [1] \u00bb.<\/p>\n<p>Dans le pre\u0301sent contexte mondial multipolaire ou\u0300 semble s\u2019annoncer prochainement une phase plus cine\u0301tique de la troisie\u0300me guerre mondiale sur le front russo-ukrainien, l\u2019Europe doit sauver l\u2019honneur tandis que les USA confronte\u0301s a\u0300 l\u2019inflation et a\u0300 une crise politique interne et de le\u0301gitimite\u0301 sur le plan international doivent retrouver le nord perdu. Dans cette conjoncture selon le Ministre d\u2019E\u0301tat, l\u2019Afrique forte de ses immenses ressources (humaines, minie\u0300res, e\u0301nerge\u0301tiques, culturelles et spirituelles), doit impe\u0301rativement jeter les bonnes balises de son envol en e\u0301vitant toute forme de vassalisation a\u0300 l\u2019un des deux plus grands blocs actuels, occidental et eurasiatique. Elle doit donc tenir intelligemment le cap de la lutte souverainiste en s\u2019assumant consciencieusement et en imposant son propre narratif. Le temps est maintenant plus que jamais favorable pour ce faire avec les bouleversements qui s\u2019observent un peu partout dans le monde et sur le continent Me\u0300re de l\u2019Humanite\u0301.<\/p>\n<p>Le Conseil a donc exhorte\u0301 le Ministre d\u2019E\u0301tat en charge des Relations Exte\u0301rieures et de l\u2019Inte\u0301gration Africaine a\u0300 \u0153uvrer avec diligence dans le sens de la convergence d\u2019actions avec tous les partenaires en vue de l\u2019aboutissement heureux de la lutte pour la Souverainete\u0301 inte\u0301grale du Togo (SITO), garante de sa Deuxie\u0300me et Ve\u0301ritable Inde\u0301pendance.<\/p>\n<p>Le Gouvernement le\u0301gitime du Togo tout en reconnaissant que la re\u0301volution e\u0301lectorale et pacifique du 22 fe\u0301vrier 2020 reste longue et ardue, avec de nombreuses difficulte\u0301s, des pierres sur le chemin et des rebondissements auxquels ne s\u2019attendaient pas nos populations, re\u0301ite\u0300re de nouveau son vibrant appel a\u0300 toutes les filles et tous les fils du Togo tout entier a\u0300 la frasorite\u0301 que symbolise l\u2019Ope\u0301ration Togo Solidaire (OTS) afin de briser les chai\u0302nes de la peur et libe\u0301rer de\u0301finitivement le Togo des forces de non-Amour et de pre\u0301dation.<\/p>\n<p>Dans cette perspective, le 97e\u0300me Conseil des Ministres invite la Nation tout entie\u0300re a\u0300 la Solidarite\u0301 et a\u0300 un Sursaut Re\u0301publicain aux fins de mutualisation de toutes les e\u0301nergies au sein du Front de Refus et de Souverainete\u0301 en vue du parache\u0300vement de l\u2019a\u0302pre lutte de Libe\u0301ration nationale du Togo dont le 05 octobre 1990 et le 22 fe\u0301vrier 2020 restent incontestablement des tournants majeurs et de\u0301cisifs.<\/p>\n<p>DEBOUT, LEVONS LA TETE, MENTON LEVE, ET BRILLONS D\u2019AMOUR POUR LA MARCHE VICTORIEUSE DE LA RECONQUETE DE LA SOUVERAINETE INTEGRALE DU TOGO ! SIGNE\u0301<\/p>\n<p>SEM Ben Koffi DJAGBA<\/p>\n<p>Premier Ministre, Chef du Gouvernement<\/p>\n<p><strong>Pour plus d&rsquo;informations et d&rsquo;analyses sur la <a href=\"https:\/\/www.africa-press.net\/togo\">Togo<\/a>, suivez <a href=\"https:\/\/www.africa-press.net\/\">Africa-Press<\/a><\/strong><\/p>\n","protected":false},"excerpt":{"rendered":"<p>Africa-Press &#8211; Togo. Le gouvernement d\u2019Agbe\u0301yome\u0301 Kodjo est toujours en action. Il a tenu son 97eme conseil des ministres le vendredi 07 septembre 2022. Le compte rendu dans son inte\u0301gralite\u0301! DE\u0301CLARATION DU 97e\u0300me CONSEIL DES MINISTRES DU GOUVERNEMENT LEGITIME DU TOGO SURSAUT REPUBLICAIN : LE PRIX DE LA SOUVERAINETE INTEGRALE DU TOGO Le Conseil des [&hellip;]<\/p>\n","protected":false},"author":82,"featured_media":12194,"comment_status":"open","ping_status":"closed","sticky":false,"template":"","format":"standard","meta":{"footnotes":""},"categories":[2,10],"tags":[36,49,50],"class_list":["post-12195","post","type-post","status-publish","format-standard","has-post-thumbnail","hentry","category-politique","category-toutes-les-actualites","tag-africa-press","tag-africa-press-togo","tag-togo"],"yoast_head":"<!-- This site is optimized with the Yoast SEO Premium plugin v26.1 (Yoast SEO v27.0) - https:\/\/yoast.com\/product\/yoast-seo-premium-wordpress\/ -->\n<title>Togo- Compte rendu du 97eme Conseil des ministres du gouvernement Kodjo - Togo<\/title>\n<meta name=\"description\" content=\"Le gouvernement d\u2019Agbe\u0301yome\u0301 Kodjo est toujours en action. Il a tenu son 97eme conseil des ministres le vendredi 07 s ...\" \/>\n<meta name=\"robots\" content=\"index, follow, max-snippet:-1, max-image-preview:large, max-video-preview:-1\" \/>\n<link rel=\"canonical\" href=\"https:\/\/www.africa-press.net\/togo\/politique\/togo-compte-rendu-du-97eme-conseil-des-ministres-du-gouvernement-kodjo\" \/>\n<meta property=\"og:locale\" content=\"fr_FR\" \/>\n<meta property=\"og:type\" content=\"article\" \/>\n<meta property=\"og:title\" content=\"Togo- Compte rendu du 97eme Conseil des ministres du gouvernement Kodjo\" \/>\n<meta property=\"og:description\" content=\"Le gouvernement d\u2019Agbe\u0301yome\u0301 Kodjo est toujours en action. Il a tenu son 97eme conseil des ministres le vendredi 07 s ...\" \/>\n<meta property=\"og:url\" content=\"https:\/\/www.africa-press.net\/togo\/politique\/togo-compte-rendu-du-97eme-conseil-des-ministres-du-gouvernement-kodjo\" \/>\n<meta property=\"og:site_name\" content=\"Togo\" \/>\n<meta property=\"article:published_time\" content=\"2022-10-10T16:08:18+00:00\" \/>\n<meta property=\"article:modified_time\" content=\"2022-10-10T16:22:18+00:00\" \/>\n<meta property=\"og:image\" content=\"https:\/\/static.africa-press.net\/togo\/sites\/58\/2022\/10\/postQueueImg_11-6344469eb2918.jpg\" \/>\n\t<meta property=\"og:image:width\" content=\"1282\" \/>\n\t<meta property=\"og:image:height\" content=\"800\" \/>\n\t<meta property=\"og:image:type\" content=\"image\/jpeg\" \/>\n<meta name=\"author\" content=\"cfeditorfr\" \/>\n<meta name=\"twitter:card\" content=\"summary_large_image\" \/>\n<meta name=\"twitter:label1\" content=\"\u00c9crit par\" \/>\n\t<meta name=\"twitter:data1\" content=\"cfeditorfr\" \/>\n\t<meta name=\"twitter:label2\" content=\"Dur\u00e9e de lecture estim\u00e9e\" \/>\n\t<meta name=\"twitter:data2\" content=\"9 minutes\" \/>\n<script type=\"application\/ld+json\" class=\"yoast-schema-graph\">{\"@context\":\"https:\/\/schema.org\",\"@graph\":[{\"@type\":\"Article\",\"@id\":\"https:\/\/www.africa-press.net\/togo\/politique\/togo-compte-rendu-du-97eme-conseil-des-ministres-du-gouvernement-kodjo#article\",\"isPartOf\":{\"@id\":\"https:\/\/www.africa-press.net\/togo\/politique\/togo-compte-rendu-du-97eme-conseil-des-ministres-du-gouvernement-kodjo\"},\"author\":{\"name\":\"cfeditorfr\",\"@id\":\"https:\/\/www.africa-press.net\/togo\/#\/schema\/person\/2b1cf3cd81a31e3cd26889ca66d677f1\"},\"headline\":\"Togo- Compte rendu du 97eme Conseil des ministres du gouvernement Kodjo\",\"datePublished\":\"2022-10-10T16:08:18+00:00\",\"dateModified\":\"2022-10-10T16:22:18+00:00\",\"mainEntityOfPage\":{\"@id\":\"https:\/\/www.africa-press.net\/togo\/politique\/togo-compte-rendu-du-97eme-conseil-des-ministres-du-gouvernement-kodjo\"},\"wordCount\":1962,\"commentCount\":0,\"image\":{\"@id\":\"https:\/\/www.africa-press.net\/togo\/politique\/togo-compte-rendu-du-97eme-conseil-des-ministres-du-gouvernement-kodjo#primaryimage\"},\"thumbnailUrl\":\"https:\/\/static.africa-press.net\/togo\/sites\/58\/2022\/10\/postQueueImg_11-6344469eb2918.jpg\",\"keywords\":[\"Africa Press\",\"Africa Press-Togo\",\"Togo\"],\"articleSection\":[\"Politique\",\"Toutes les actualit\u00e9s\"],\"inLanguage\":\"fr-FR\",\"potentialAction\":[{\"@type\":\"CommentAction\",\"name\":\"Comment\",\"target\":[\"https:\/\/www.africa-press.net\/togo\/politique\/togo-compte-rendu-du-97eme-conseil-des-ministres-du-gouvernement-kodjo#respond\"]}]},{\"@type\":\"WebPage\",\"@id\":\"https:\/\/www.africa-press.net\/togo\/politique\/togo-compte-rendu-du-97eme-conseil-des-ministres-du-gouvernement-kodjo\",\"url\":\"https:\/\/www.africa-press.net\/togo\/politique\/togo-compte-rendu-du-97eme-conseil-des-ministres-du-gouvernement-kodjo\",\"name\":\"Togo- Compte rendu du 97eme Conseil des ministres du gouvernement Kodjo - Togo\",\"isPartOf\":{\"@id\":\"https:\/\/www.africa-press.net\/togo\/#website\"},\"primaryImageOfPage\":{\"@id\":\"https:\/\/www.africa-press.net\/togo\/politique\/togo-compte-rendu-du-97eme-conseil-des-ministres-du-gouvernement-kodjo#primaryimage\"},\"image\":{\"@id\":\"https:\/\/www.africa-press.net\/togo\/politique\/togo-compte-rendu-du-97eme-conseil-des-ministres-du-gouvernement-kodjo#primaryimage\"},\"thumbnailUrl\":\"https:\/\/static.africa-press.net\/togo\/sites\/58\/2022\/10\/postQueueImg_11-6344469eb2918.jpg\",\"datePublished\":\"2022-10-10T16:08:18+00:00\",\"dateModified\":\"2022-10-10T16:22:18+00:00\",\"author\":{\"@id\":\"https:\/\/www.africa-press.net\/togo\/#\/schema\/person\/2b1cf3cd81a31e3cd26889ca66d677f1\"},\"description\":\"Le gouvernement d\u2019Agbe\u0301yome\u0301 Kodjo est toujours en action. Il a tenu son 97eme conseil des ministres le vendredi 07 s ...\",\"breadcrumb\":{\"@id\":\"https:\/\/www.africa-press.net\/togo\/politique\/togo-compte-rendu-du-97eme-conseil-des-ministres-du-gouvernement-kodjo#breadcrumb\"},\"inLanguage\":\"fr-FR\",\"potentialAction\":[{\"@type\":\"ReadAction\",\"target\":[\"https:\/\/www.africa-press.net\/togo\/politique\/togo-compte-rendu-du-97eme-conseil-des-ministres-du-gouvernement-kodjo\"]}]},{\"@type\":\"ImageObject\",\"inLanguage\":\"fr-FR\",\"@id\":\"https:\/\/www.africa-press.net\/togo\/politique\/togo-compte-rendu-du-97eme-conseil-des-ministres-du-gouvernement-kodjo#primaryimage\",\"url\":\"https:\/\/static.africa-press.net\/togo\/sites\/58\/2022\/10\/postQueueImg_11-6344469eb2918.jpg\",\"contentUrl\":\"https:\/\/static.africa-press.net\/togo\/sites\/58\/2022\/10\/postQueueImg_11-6344469eb2918.jpg\",\"width\":1282,\"height\":800,\"caption\":\"Togo- Compte rendu du 97eme Conseil des ministres du gouvernement Kodjo\"},{\"@type\":\"BreadcrumbList\",\"@id\":\"https:\/\/www.africa-press.net\/togo\/politique\/togo-compte-rendu-du-97eme-conseil-des-ministres-du-gouvernement-kodjo#breadcrumb\",\"itemListElement\":[{\"@type\":\"ListItem\",\"position\":1,\"name\":\"Accueil\",\"item\":\"https:\/\/www.africa-press.net\/togo\/\"},{\"@type\":\"ListItem\",\"position\":2,\"name\":\"Togo- Compte rendu du 97eme Conseil des ministres du gouvernement Kodjo\"}]},{\"@type\":\"WebSite\",\"@id\":\"https:\/\/www.africa-press.net\/togo\/#website\",\"url\":\"https:\/\/www.africa-press.net\/togo\/\",\"name\":\"Togo\",\"description\":\"Just another Africa News Agency Sites site\",\"potentialAction\":[{\"@type\":\"SearchAction\",\"target\":{\"@type\":\"EntryPoint\",\"urlTemplate\":\"https:\/\/www.africa-press.net\/togo\/?s={search_term_string}\"},\"query-input\":{\"@type\":\"PropertyValueSpecification\",\"valueRequired\":true,\"valueName\":\"search_term_string\"}}],\"inLanguage\":\"fr-FR\"},{\"@type\":\"Person\",\"@id\":\"https:\/\/www.africa-press.net\/togo\/#\/schema\/person\/2b1cf3cd81a31e3cd26889ca66d677f1\",\"name\":\"cfeditorfr\"}]}<\/script>\n<!-- \/ Yoast SEO Premium plugin. -->","yoast_head_json":{"title":"Togo- Compte rendu du 97eme Conseil des ministres du gouvernement Kodjo - Togo","description":"Le gouvernement d\u2019Agbe\u0301yome\u0301 Kodjo est toujours en action. Il a tenu son 97eme conseil des ministres le vendredi 07 s ...","robots":{"index":"index","follow":"follow","max-snippet":"max-snippet:-1","max-image-preview":"max-image-preview:large","max-video-preview":"max-video-preview:-1"},"canonical":"https:\/\/www.africa-press.net\/togo\/politique\/togo-compte-rendu-du-97eme-conseil-des-ministres-du-gouvernement-kodjo","og_locale":"fr_FR","og_type":"article","og_title":"Togo- Compte rendu du 97eme Conseil des ministres du gouvernement Kodjo","og_description":"Le gouvernement d\u2019Agbe\u0301yome\u0301 Kodjo est toujours en action. Il a tenu son 97eme conseil des ministres le vendredi 07 s ...","og_url":"https:\/\/www.africa-press.net\/togo\/politique\/togo-compte-rendu-du-97eme-conseil-des-ministres-du-gouvernement-kodjo","og_site_name":"Togo","article_published_time":"2022-10-10T16:08:18+00:00","article_modified_time":"2022-10-10T16:22:18+00:00","og_image":[{"width":1282,"height":800,"url":"https:\/\/static.africa-press.net\/togo\/sites\/58\/2022\/10\/postQueueImg_11-6344469eb2918.jpg","type":"image\/jpeg"}],"author":"cfeditorfr","twitter_card":"summary_large_image","twitter_misc":{"\u00c9crit par":"cfeditorfr","Dur\u00e9e de lecture estim\u00e9e":"9 minutes"},"schema":{"@context":"https:\/\/schema.org","@graph":[{"@type":"Article","@id":"https:\/\/www.africa-press.net\/togo\/politique\/togo-compte-rendu-du-97eme-conseil-des-ministres-du-gouvernement-kodjo#article","isPartOf":{"@id":"https:\/\/www.africa-press.net\/togo\/politique\/togo-compte-rendu-du-97eme-conseil-des-ministres-du-gouvernement-kodjo"},"author":{"name":"cfeditorfr","@id":"https:\/\/www.africa-press.net\/togo\/#\/schema\/person\/2b1cf3cd81a31e3cd26889ca66d677f1"},"headline":"Togo- Compte rendu du 97eme Conseil des ministres du gouvernement Kodjo","datePublished":"2022-10-10T16:08:18+00:00","dateModified":"2022-10-10T16:22:18+00:00","mainEntityOfPage":{"@id":"https:\/\/www.africa-press.net\/togo\/politique\/togo-compte-rendu-du-97eme-conseil-des-ministres-du-gouvernement-kodjo"},"wordCount":1962,"commentCount":0,"image":{"@id":"https:\/\/www.africa-press.net\/togo\/politique\/togo-compte-rendu-du-97eme-conseil-des-ministres-du-gouvernement-kodjo#primaryimage"},"thumbnailUrl":"https:\/\/static.africa-press.net\/togo\/sites\/58\/2022\/10\/postQueueImg_11-6344469eb2918.jpg","keywords":["Africa Press","Africa Press-Togo","Togo"],"articleSection":["Politique","Toutes les actualit\u00e9s"],"inLanguage":"fr-FR","potentialAction":[{"@type":"CommentAction","name":"Comment","target":["https:\/\/www.africa-press.net\/togo\/politique\/togo-compte-rendu-du-97eme-conseil-des-ministres-du-gouvernement-kodjo#respond"]}]},{"@type":"WebPage","@id":"https:\/\/www.africa-press.net\/togo\/politique\/togo-compte-rendu-du-97eme-conseil-des-ministres-du-gouvernement-kodjo","url":"https:\/\/www.africa-press.net\/togo\/politique\/togo-compte-rendu-du-97eme-conseil-des-ministres-du-gouvernement-kodjo","name":"Togo- Compte rendu du 97eme Conseil des ministres du gouvernement Kodjo - Togo","isPartOf":{"@id":"https:\/\/www.africa-press.net\/togo\/#website"},"primaryImageOfPage":{"@id":"https:\/\/www.africa-press.net\/togo\/politique\/togo-compte-rendu-du-97eme-conseil-des-ministres-du-gouvernement-kodjo#primaryimage"},"image":{"@id":"https:\/\/www.africa-press.net\/togo\/politique\/togo-compte-rendu-du-97eme-conseil-des-ministres-du-gouvernement-kodjo#primaryimage"},"thumbnailUrl":"https:\/\/static.africa-press.net\/togo\/sites\/58\/2022\/10\/postQueueImg_11-6344469eb2918.jpg","datePublished":"2022-10-10T16:08:18+00:00","dateModified":"2022-10-10T16:22:18+00:00","author":{"@id":"https:\/\/www.africa-press.net\/togo\/#\/schema\/person\/2b1cf3cd81a31e3cd26889ca66d677f1"},"description":"Le gouvernement d\u2019Agbe\u0301yome\u0301 Kodjo est toujours en action. Il a tenu son 97eme conseil des ministres le vendredi 07 s ...","breadcrumb":{"@id":"https:\/\/www.africa-press.net\/togo\/politique\/togo-compte-rendu-du-97eme-conseil-des-ministres-du-gouvernement-kodjo#breadcrumb"},"inLanguage":"fr-FR","potentialAction":[{"@type":"ReadAction","target":["https:\/\/www.africa-press.net\/togo\/politique\/togo-compte-rendu-du-97eme-conseil-des-ministres-du-gouvernement-kodjo"]}]},{"@type":"ImageObject","inLanguage":"fr-FR","@id":"https:\/\/www.africa-press.net\/togo\/politique\/togo-compte-rendu-du-97eme-conseil-des-ministres-du-gouvernement-kodjo#primaryimage","url":"https:\/\/static.africa-press.net\/togo\/sites\/58\/2022\/10\/postQueueImg_11-6344469eb2918.jpg","contentUrl":"https:\/\/static.africa-press.net\/togo\/sites\/58\/2022\/10\/postQueueImg_11-6344469eb2918.jpg","width":1282,"height":800,"caption":"Togo- Compte rendu du 97eme Conseil des ministres du gouvernement Kodjo"},{"@type":"BreadcrumbList","@id":"https:\/\/www.africa-press.net\/togo\/politique\/togo-compte-rendu-du-97eme-conseil-des-ministres-du-gouvernement-kodjo#breadcrumb","itemListElement":[{"@type":"ListItem","position":1,"name":"Accueil","item":"https:\/\/www.africa-press.net\/togo\/"},{"@type":"ListItem","position":2,"name":"Togo- Compte rendu du 97eme Conseil des ministres du gouvernement Kodjo"}]},{"@type":"WebSite","@id":"https:\/\/www.africa-press.net\/togo\/#website","url":"https:\/\/www.africa-press.net\/togo\/","name":"Togo","description":"Just another Africa News Agency Sites site","potentialAction":[{"@type":"SearchAction","target":{"@type":"EntryPoint","urlTemplate":"https:\/\/www.africa-press.net\/togo\/?s={search_term_string}"},"query-input":{"@type":"PropertyValueSpecification","valueRequired":true,"valueName":"search_term_string"}}],"inLanguage":"fr-FR"},{"@type":"Person","@id":"https:\/\/www.africa-press.net\/togo\/#\/schema\/person\/2b1cf3cd81a31e3cd26889ca66d677f1","name":"cfeditorfr"}]}},"_links":{"self":[{"href":"https:\/\/www.africa-press.net\/togo\/wp-json\/wp\/v2\/posts\/12195","targetHints":{"allow":["GET"]}}],"collection":[{"href":"https:\/\/www.africa-press.net\/togo\/wp-json\/wp\/v2\/posts"}],"about":[{"href":"https:\/\/www.africa-press.net\/togo\/wp-json\/wp\/v2\/types\/post"}],"author":[{"embeddable":true,"href":"https:\/\/www.africa-press.net\/togo\/wp-json\/wp\/v2\/users\/82"}],"replies":[{"embeddable":true,"href":"https:\/\/www.africa-press.net\/togo\/wp-json\/wp\/v2\/comments?post=12195"}],"version-history":[{"count":0,"href":"https:\/\/www.africa-press.net\/togo\/wp-json\/wp\/v2\/posts\/12195\/revisions"}],"wp:featuredmedia":[{"embeddable":true,"href":"https:\/\/www.africa-press.net\/togo\/wp-json\/wp\/v2\/media\/12194"}],"wp:attachment":[{"href":"https:\/\/www.africa-press.net\/togo\/wp-json\/wp\/v2\/media?parent=12195"}],"wp:term":[{"taxonomy":"category","embeddable":true,"href":"https:\/\/www.africa-press.net\/togo\/wp-json\/wp\/v2\/categories?post=12195"},{"taxonomy":"post_tag","embeddable":true,"href":"https:\/\/www.africa-press.net\/togo\/wp-json\/wp\/v2\/tags?post=12195"}],"curies":[{"name":"wp","href":"https:\/\/api.w.org\/{rel}","templated":true}]}}