{"id":12198,"date":"2022-10-10T16:08:27","date_gmt":"2022-10-10T16:08:27","guid":{"rendered":"https:\/\/www.africa-press.net\/togo\/politique\/togo-lanc-souffle-sa-12eme-bougie"},"modified":"2022-10-10T16:23:26","modified_gmt":"2022-10-10T16:23:26","slug":"togo-lanc-souffle-sa-12eme-bougie","status":"publish","type":"post","link":"https:\/\/www.africa-press.net\/togo\/politique\/togo-lanc-souffle-sa-12eme-bougie","title":{"rendered":"Togo- L\u2019ANC souffle sa 12eme bougie"},"content":{"rendered":"<p><span style=\"color: #ff6600\"><strong>Africa-Press &#8211; Togo. <\/strong><\/span><b>Le parti politique de l\u2019opposition togolaise l\u2019Alliance Nationale pour le Changement (ANC) ce\u0301le\u0300bre ce 10 octobre 2022 son douzie\u0300me anniversaire. A l\u2019occasion, son pre\u0301sident national Jean-Pierre Fabre adresse un message d\u2019espoir aux militants. Lecture.<\/b><\/p>\n<p>Message du Pre\u0301sident National Jean Pierre FABRE a\u0300 l\u2019occasion du 12e\u0300me anniversaire de la cre\u0301ation de l\u2019ANC<\/p>\n<p>(Lome\u0301, 10 octobre 2022)<\/p>\n<p>Mes Chers Camarades<\/p>\n<p>Il y a exactement 12 ans, ensemble avec des de\u0301le\u0301gations venues de toutes les contre\u0301es du pays ainsi que de la diaspora, nous avons, a\u0300 l\u2019abri des grenades lacrymoge\u0300nes et de diverses adversite\u0301s, dans la douleur et contre vents et mare\u0301es, porte\u0301 sur les fonts baptismaux \u2018\u2019une force politique en vue de poursuivre re\u0301solument la lutte pour le changement de\u0301mocratique auquel aspire le peuple togolais\u2019\u2019. Ainsi naissait notre parti d\u2019avant-garde, l\u2019Alliance Nationale pour le Changement (ANC). C\u2019e\u0301tait un dimanche, le 10 octobre 2010, alors qu\u2019il sonnait 10h00 GMT.<\/p>\n<p>Je voudrais d\u2019abord vous saluer tous, militantes et militants de l\u2019ANC, vaillants combattants de la liberte\u0301, acteurs intre\u0301pides et infatigables de la mobilisation populaire, vous qui chaque jour bravez l\u2019adversite\u0301 d\u2019ou\u0300 qu\u2019elle vienne, pour consacrer votre temps, votre e\u0301nergie et vos moyens mate\u0301riels et spirituels et bien souvent votre vie, a\u0300 la poursuite des objectifs qu\u2019ensemble nous nous sommes fixe\u0301s, ce jour me\u0301morable.<\/p>\n<p>Je mesure, en tant que Pre\u0301sident National, les sacrifices qui sont les vo\u0302tres. Et je voudrais rendre un vibrant hommage a\u0300 vous tous pour votre engagement exemplaire aux co\u0302te\u0301s du peuple togolais en lutte pour sa libe\u0301ration du joug de la dictature.<\/p>\n<p>C\u2019est le lieu de saluer avec de\u0301fe\u0301rence, en votre nom a\u0300 tous, la me\u0301moire de tous nos camarades tombe\u0301s au cours de cette longue lutte. Ce faisant j\u2019ai tout naturellement une pense\u0301e pour tous les combattants de la liberte\u0301 aujourd\u2019hui disparus et avec qui nous avons parcouru une partie de ce chemin qui me\u0300ne vers la liberte\u0301 et le triomphe des ide\u0301aux de l\u2019ABLODE, les ide\u0301aux de l\u2019ANC.<\/p>\n<p>Qu\u2019ils trouvent ici toute notre reconnaissance et qu\u2019ils reposent en paix. Nous leurs faisons le serment de continuer et de faire aboutir la lutte que nous avons ensemble engage\u0301e pour la libe\u0301ration et le mieux-e\u0302tre du peuple togolais tout entier.<\/p>\n<p>Puissions-nous avec de\u0301termination, demeurer fide\u0300les et loyaux a\u0300 nos valeurs, celles de l\u2019ABLODE, qui nous inspirent et nous motivent tous les jours, dans notre combat contre la dictature du re\u0301gime RPT\/UNIR, me\u0302me s\u2019il nous en cou\u0302te toutes les attaques calomnieuses du moment. Car notre combat est le\u0301gitime et notre cause est juste. Et comme nous aimons a\u0300 le dire, les causes justes finissent toujours par triompher si elles sont rigoureusement de\u0301fendues.<\/p>\n<p>En mesurant le sens de l\u2019honneur et de la dignite\u0301, du courage et de la te\u0301nacite\u0301, du devoir et de la patrie que vous avez de\u0301montre\u0301 durant notre parcours duode\u0301cennal, face aux e\u0301cueils, aux mensonges et aux insultes, a\u0300 la diffamation et aux de\u0301nigrements, a\u0300 la violence et aux exactions de toutes sortes, j\u2019ai toujours foi en notre combat et je reste convaincu que nous finirons par triompher. Inexorablement.<\/p>\n<p>C\u2019est de cette foi et de cette conviction, partage\u0301e ensemble par tous les combattants de la liberte\u0301, que nous puisons la force, le courage et l\u2019e\u0301nergie ne\u0301cessaire pour tenir fermement le cap de l\u2019alternance et du changement de\u0301mocratique auquel aspire le peuple togolais tout entier.<\/p>\n<p>Mes Chers camarades<\/p>\n<p>Depuis sa cre\u0301ation et singulie\u0300rement au cours des dernie\u0300res anne\u0301es de cette pe\u0301riode duode\u0301cennale, notre partie aura endure\u0301 plus gravement encore, des man\u0153uvres de de\u0301stabilisation ourdies de toute part avec, en face, celles du pouvoir RPT\/UNIR et, dans le dos et sur les flancs, celles de tous les autres qui pre\u0301tendaient e\u0302tre des partenaires acquis a\u0300 la me\u0302me cause que nous. Ces agressions se poursuivent encore et plus que jamais, tant la volonte\u0301 de voir disparaitre l\u2019ANC est devenue plus forte et plus acharne\u0301e.<\/p>\n<p>Mais parce que notre engagement se nourrit aux sources de l\u2019ABLODE, parce que nous tenons des pe\u0300res de l\u2019inde\u0301pendance et fondateurs de la nation togolaise et parce que notre combat est juste, nous laisserons toujours derrie\u0300re nous, la cabale de de\u0301nigrement et de haine orchestre\u0301e pour nous de\u0301truire.<\/p>\n<p>Il nous faut donc resserrer davantage nos rangs pour de\u0301jouer et vaincre ces nombreuses tentatives de de\u0301stabilisation d\u2019ou\u0300 qu\u2019elles viennent. Il nous faut redoubler d\u2019ardeur au travail pour poursuivre, dans la discipline et avec plus d\u2019e\u0301nergie, de rigueur et de de\u0301termination, le renforcement de notre implantation ainsi que la remobilisation des populations sur le terrain.<\/p>\n<p>C\u2019est a\u0300 ce prix que nous pouvons continuer de maintenir fermement et toujours bien haut, le flambeau de l\u2019Ablode\u0301 que nous avons repris voila\u0300 12 ans de\u0301ja\u0300.<\/p>\n<p>A cet e\u0301gard, les motions, re\u0301solutions et recommandations issues de notre 2e\u0300me Congre\u0300s ordinaire, tenu les 18 et 19 octobre 2019 a\u0300 Lome\u0301 ainsi que celles de notre Conseil national, tenu le 10 octobre 2020, e\u0301galement a\u0300 Lome\u0301, ont clairement balise\u0301 la voie quant a\u0300 nos actions politiques actuelles et futures. Le Bureau National s\u2019atte\u0300le a\u0300 la mise en \u0153uvre des orientations et des directives donne\u0301es au cours de ces assises et j\u2019y veille personnellement.<\/p>\n<p>Chers Camarades<\/p>\n<p>Des e\u0301che\u0301ances e\u0301lectorales capitales se profilent a\u0300 l\u2019horizon en 2023 et en 2025. Notre parti, qui de toujours est a\u0300 l\u2019avant-garde des revendications concernant de meilleures conditions d\u2019organisation des e\u0301lections, avec des propositions concre\u0300tes et constructives pour le recensement e\u0301lectoral, le de\u0301coupage e\u0301lectoral, l\u2019identification des e\u0301lecteurs dans les bureaux de vote, etc., continue l\u2019interpeler le gouvernement pour qu\u2019enfin les prochaines e\u0301lections au Togo respectent les standards internationaux d\u2019e\u0301quite\u0301 et de transparence.<\/p>\n<p>Je ne saurai terminer mon message, sans une pense\u0301e compatissante pour nos camarades et nos compatriotes de la re\u0301gion des savanes, confronte\u0301s ces derniers temps a\u0300 des agressions \u201cterroristes\u201d. Je voudrais en votre nom a\u0300 tous leur re\u0301ite\u0301rer notre compassion et notre solidarite\u0301.<\/p>\n<p>L\u2019ANC renouvelle ses condole\u0301ances aux familles des victimes de\u0301ce\u0301de\u0301es et ses v\u0153ux de re\u0301tablissement complet aux blesse\u0301s.<\/p>\n<p>Chers Camarades<\/p>\n<p>Beaucoup de chemin reste encore a\u0300 parcourir pour libe\u0301rer notre pays de la dictature dans laquelle il ve\u0301ge\u0300te depuis 60 ans. C\u2019est pourquoi je nous exhorte une fois encore a\u0300 nous remettre re\u0301solument au travail afin de re\u0301aliser l\u2019alternance et le changement auxquels aspire le peuple togolais.<\/p>\n<p>Bonne fe\u0302te de l\u2019ANC a\u0300 vous tous !<\/p>\n<p>Dieu be\u0301nisse l\u2019ANC, ses militants et ses sympathisants,<\/p>\n<p>Dieu be\u0301nisse le Togo et le peuple togolais<\/p>\n<p>Ablode\u0301 ! Ablode\u0301 ! Ablode\u0301 gbadja !<\/p>\n<p>Lome\u0301, le 10 octobre 2022<\/p>\n<p>Le Pre\u0301sident National,<\/p>\n<p>Jean-Pierre Fabre<\/p>\n<p><strong>Pour plus d&rsquo;informations et d&rsquo;analyses sur la <a href=\"https:\/\/www.africa-press.net\/togo\">Togo<\/a>, suivez <a href=\"https:\/\/www.africa-press.net\/\">Africa-Press<\/a><\/strong><\/p>\n","protected":false},"excerpt":{"rendered":"<p>Africa-Press &#8211; Togo. Le parti politique de l\u2019opposition togolaise l\u2019Alliance Nationale pour le Changement (ANC) ce\u0301le\u0300bre ce 10 octobre 2022 son douzie\u0300me anniversaire. A l\u2019occasion, son pre\u0301sident national Jean-Pierre Fabre adresse un message d\u2019espoir aux militants. Lecture. Message du Pre\u0301sident National Jean Pierre FABRE a\u0300 l\u2019occasion du 12e\u0300me anniversaire de la cre\u0301ation de l\u2019ANC (Lome\u0301, [&hellip;]<\/p>\n","protected":false},"author":82,"featured_media":12197,"comment_status":"open","ping_status":"closed","sticky":false,"template":"","format":"standard","meta":{"footnotes":""},"categories":[2,10],"tags":[36,49,50],"class_list":["post-12198","post","type-post","status-publish","format-standard","has-post-thumbnail","hentry","category-politique","category-toutes-les-actualites","tag-africa-press","tag-africa-press-togo","tag-togo"],"yoast_head":"<!-- This site is optimized with the Yoast SEO Premium plugin v26.1 (Yoast SEO v27.0) - https:\/\/yoast.com\/product\/yoast-seo-premium-wordpress\/ -->\n<title>Togo- L\u2019ANC souffle sa 12eme bougie - Togo<\/title>\n<meta name=\"description\" content=\"Le parti politique de l\u2019opposition togolaise l\u2019Alliance Nationale pour le Changement (ANC) ce\u0301le\u0300bre ce 10 octobre 20 ...\" \/>\n<meta name=\"robots\" content=\"index, follow, max-snippet:-1, max-image-preview:large, max-video-preview:-1\" \/>\n<link rel=\"canonical\" href=\"https:\/\/www.africa-press.net\/togo\/politique\/togo-lanc-souffle-sa-12eme-bougie\" \/>\n<meta property=\"og:locale\" content=\"fr_FR\" \/>\n<meta property=\"og:type\" content=\"article\" \/>\n<meta property=\"og:title\" content=\"Togo- L\u2019ANC souffle sa 12eme bougie\" \/>\n<meta property=\"og:description\" content=\"Le parti politique de l\u2019opposition togolaise l\u2019Alliance Nationale pour le Changement (ANC) ce\u0301le\u0300bre ce 10 octobre 20 ...\" \/>\n<meta property=\"og:url\" content=\"https:\/\/www.africa-press.net\/togo\/politique\/togo-lanc-souffle-sa-12eme-bougie\" \/>\n<meta property=\"og:site_name\" content=\"Togo\" \/>\n<meta property=\"article:published_time\" content=\"2022-10-10T16:08:27+00:00\" \/>\n<meta property=\"article:modified_time\" content=\"2022-10-10T16:23:26+00:00\" \/>\n<meta property=\"og:image\" content=\"https:\/\/static.africa-press.net\/togo\/sites\/58\/2022\/10\/postQueueImg_12-634446c07c91e.jpg\" \/>\n\t<meta property=\"og:image:width\" content=\"1280\" \/>\n\t<meta property=\"og:image:height\" content=\"810\" \/>\n\t<meta property=\"og:image:type\" content=\"image\/jpeg\" \/>\n<meta name=\"author\" content=\"cfeditorfr\" \/>\n<meta name=\"twitter:card\" content=\"summary_large_image\" \/>\n<meta name=\"twitter:label1\" content=\"\u00c9crit par\" \/>\n\t<meta name=\"twitter:data1\" content=\"cfeditorfr\" \/>\n\t<meta name=\"twitter:label2\" content=\"Dur\u00e9e de lecture estim\u00e9e\" \/>\n\t<meta name=\"twitter:data2\" content=\"6 minutes\" \/>\n<script type=\"application\/ld+json\" class=\"yoast-schema-graph\">{\"@context\":\"https:\/\/schema.org\",\"@graph\":[{\"@type\":\"Article\",\"@id\":\"https:\/\/www.africa-press.net\/togo\/politique\/togo-lanc-souffle-sa-12eme-bougie#article\",\"isPartOf\":{\"@id\":\"https:\/\/www.africa-press.net\/togo\/politique\/togo-lanc-souffle-sa-12eme-bougie\"},\"author\":{\"name\":\"cfeditorfr\",\"@id\":\"https:\/\/www.africa-press.net\/togo\/#\/schema\/person\/2b1cf3cd81a31e3cd26889ca66d677f1\"},\"headline\":\"Togo- L\u2019ANC souffle sa 12eme bougie\",\"datePublished\":\"2022-10-10T16:08:27+00:00\",\"dateModified\":\"2022-10-10T16:23:26+00:00\",\"mainEntityOfPage\":{\"@id\":\"https:\/\/www.africa-press.net\/togo\/politique\/togo-lanc-souffle-sa-12eme-bougie\"},\"wordCount\":1230,\"commentCount\":0,\"image\":{\"@id\":\"https:\/\/www.africa-press.net\/togo\/politique\/togo-lanc-souffle-sa-12eme-bougie#primaryimage\"},\"thumbnailUrl\":\"https:\/\/static.africa-press.net\/togo\/sites\/58\/2022\/10\/postQueueImg_12-634446c07c91e.jpg\",\"keywords\":[\"Africa Press\",\"Africa Press-Togo\",\"Togo\"],\"articleSection\":[\"Politique\",\"Toutes les actualit\u00e9s\"],\"inLanguage\":\"fr-FR\",\"potentialAction\":[{\"@type\":\"CommentAction\",\"name\":\"Comment\",\"target\":[\"https:\/\/www.africa-press.net\/togo\/politique\/togo-lanc-souffle-sa-12eme-bougie#respond\"]}]},{\"@type\":\"WebPage\",\"@id\":\"https:\/\/www.africa-press.net\/togo\/politique\/togo-lanc-souffle-sa-12eme-bougie\",\"url\":\"https:\/\/www.africa-press.net\/togo\/politique\/togo-lanc-souffle-sa-12eme-bougie\",\"name\":\"Togo- L\u2019ANC souffle sa 12eme bougie - Togo\",\"isPartOf\":{\"@id\":\"https:\/\/www.africa-press.net\/togo\/#website\"},\"primaryImageOfPage\":{\"@id\":\"https:\/\/www.africa-press.net\/togo\/politique\/togo-lanc-souffle-sa-12eme-bougie#primaryimage\"},\"image\":{\"@id\":\"https:\/\/www.africa-press.net\/togo\/politique\/togo-lanc-souffle-sa-12eme-bougie#primaryimage\"},\"thumbnailUrl\":\"https:\/\/static.africa-press.net\/togo\/sites\/58\/2022\/10\/postQueueImg_12-634446c07c91e.jpg\",\"datePublished\":\"2022-10-10T16:08:27+00:00\",\"dateModified\":\"2022-10-10T16:23:26+00:00\",\"author\":{\"@id\":\"https:\/\/www.africa-press.net\/togo\/#\/schema\/person\/2b1cf3cd81a31e3cd26889ca66d677f1\"},\"description\":\"Le parti politique de l\u2019opposition togolaise l\u2019Alliance Nationale pour le Changement (ANC) ce\u0301le\u0300bre ce 10 octobre 20 ...\",\"breadcrumb\":{\"@id\":\"https:\/\/www.africa-press.net\/togo\/politique\/togo-lanc-souffle-sa-12eme-bougie#breadcrumb\"},\"inLanguage\":\"fr-FR\",\"potentialAction\":[{\"@type\":\"ReadAction\",\"target\":[\"https:\/\/www.africa-press.net\/togo\/politique\/togo-lanc-souffle-sa-12eme-bougie\"]}]},{\"@type\":\"ImageObject\",\"inLanguage\":\"fr-FR\",\"@id\":\"https:\/\/www.africa-press.net\/togo\/politique\/togo-lanc-souffle-sa-12eme-bougie#primaryimage\",\"url\":\"https:\/\/static.africa-press.net\/togo\/sites\/58\/2022\/10\/postQueueImg_12-634446c07c91e.jpg\",\"contentUrl\":\"https:\/\/static.africa-press.net\/togo\/sites\/58\/2022\/10\/postQueueImg_12-634446c07c91e.jpg\",\"width\":1280,\"height\":810,\"caption\":\"Togo- L\u2019ANC souffle sa 12eme bougie\"},{\"@type\":\"BreadcrumbList\",\"@id\":\"https:\/\/www.africa-press.net\/togo\/politique\/togo-lanc-souffle-sa-12eme-bougie#breadcrumb\",\"itemListElement\":[{\"@type\":\"ListItem\",\"position\":1,\"name\":\"Accueil\",\"item\":\"https:\/\/www.africa-press.net\/togo\/\"},{\"@type\":\"ListItem\",\"position\":2,\"name\":\"Togo- L\u2019ANC souffle sa 12eme bougie\"}]},{\"@type\":\"WebSite\",\"@id\":\"https:\/\/www.africa-press.net\/togo\/#website\",\"url\":\"https:\/\/www.africa-press.net\/togo\/\",\"name\":\"Togo\",\"description\":\"Just another Africa News Agency Sites site\",\"potentialAction\":[{\"@type\":\"SearchAction\",\"target\":{\"@type\":\"EntryPoint\",\"urlTemplate\":\"https:\/\/www.africa-press.net\/togo\/?s={search_term_string}\"},\"query-input\":{\"@type\":\"PropertyValueSpecification\",\"valueRequired\":true,\"valueName\":\"search_term_string\"}}],\"inLanguage\":\"fr-FR\"},{\"@type\":\"Person\",\"@id\":\"https:\/\/www.africa-press.net\/togo\/#\/schema\/person\/2b1cf3cd81a31e3cd26889ca66d677f1\",\"name\":\"cfeditorfr\"}]}<\/script>\n<!-- \/ Yoast SEO Premium plugin. -->","yoast_head_json":{"title":"Togo- L\u2019ANC souffle sa 12eme bougie - Togo","description":"Le parti politique de l\u2019opposition togolaise l\u2019Alliance Nationale pour le Changement (ANC) ce\u0301le\u0300bre ce 10 octobre 20 ...","robots":{"index":"index","follow":"follow","max-snippet":"max-snippet:-1","max-image-preview":"max-image-preview:large","max-video-preview":"max-video-preview:-1"},"canonical":"https:\/\/www.africa-press.net\/togo\/politique\/togo-lanc-souffle-sa-12eme-bougie","og_locale":"fr_FR","og_type":"article","og_title":"Togo- L\u2019ANC souffle sa 12eme bougie","og_description":"Le parti politique de l\u2019opposition togolaise l\u2019Alliance Nationale pour le Changement (ANC) ce\u0301le\u0300bre ce 10 octobre 20 ...","og_url":"https:\/\/www.africa-press.net\/togo\/politique\/togo-lanc-souffle-sa-12eme-bougie","og_site_name":"Togo","article_published_time":"2022-10-10T16:08:27+00:00","article_modified_time":"2022-10-10T16:23:26+00:00","og_image":[{"width":1280,"height":810,"url":"https:\/\/static.africa-press.net\/togo\/sites\/58\/2022\/10\/postQueueImg_12-634446c07c91e.jpg","type":"image\/jpeg"}],"author":"cfeditorfr","twitter_card":"summary_large_image","twitter_misc":{"\u00c9crit par":"cfeditorfr","Dur\u00e9e de lecture estim\u00e9e":"6 minutes"},"schema":{"@context":"https:\/\/schema.org","@graph":[{"@type":"Article","@id":"https:\/\/www.africa-press.net\/togo\/politique\/togo-lanc-souffle-sa-12eme-bougie#article","isPartOf":{"@id":"https:\/\/www.africa-press.net\/togo\/politique\/togo-lanc-souffle-sa-12eme-bougie"},"author":{"name":"cfeditorfr","@id":"https:\/\/www.africa-press.net\/togo\/#\/schema\/person\/2b1cf3cd81a31e3cd26889ca66d677f1"},"headline":"Togo- L\u2019ANC souffle sa 12eme bougie","datePublished":"2022-10-10T16:08:27+00:00","dateModified":"2022-10-10T16:23:26+00:00","mainEntityOfPage":{"@id":"https:\/\/www.africa-press.net\/togo\/politique\/togo-lanc-souffle-sa-12eme-bougie"},"wordCount":1230,"commentCount":0,"image":{"@id":"https:\/\/www.africa-press.net\/togo\/politique\/togo-lanc-souffle-sa-12eme-bougie#primaryimage"},"thumbnailUrl":"https:\/\/static.africa-press.net\/togo\/sites\/58\/2022\/10\/postQueueImg_12-634446c07c91e.jpg","keywords":["Africa Press","Africa Press-Togo","Togo"],"articleSection":["Politique","Toutes les actualit\u00e9s"],"inLanguage":"fr-FR","potentialAction":[{"@type":"CommentAction","name":"Comment","target":["https:\/\/www.africa-press.net\/togo\/politique\/togo-lanc-souffle-sa-12eme-bougie#respond"]}]},{"@type":"WebPage","@id":"https:\/\/www.africa-press.net\/togo\/politique\/togo-lanc-souffle-sa-12eme-bougie","url":"https:\/\/www.africa-press.net\/togo\/politique\/togo-lanc-souffle-sa-12eme-bougie","name":"Togo- L\u2019ANC souffle sa 12eme bougie - Togo","isPartOf":{"@id":"https:\/\/www.africa-press.net\/togo\/#website"},"primaryImageOfPage":{"@id":"https:\/\/www.africa-press.net\/togo\/politique\/togo-lanc-souffle-sa-12eme-bougie#primaryimage"},"image":{"@id":"https:\/\/www.africa-press.net\/togo\/politique\/togo-lanc-souffle-sa-12eme-bougie#primaryimage"},"thumbnailUrl":"https:\/\/static.africa-press.net\/togo\/sites\/58\/2022\/10\/postQueueImg_12-634446c07c91e.jpg","datePublished":"2022-10-10T16:08:27+00:00","dateModified":"2022-10-10T16:23:26+00:00","author":{"@id":"https:\/\/www.africa-press.net\/togo\/#\/schema\/person\/2b1cf3cd81a31e3cd26889ca66d677f1"},"description":"Le parti politique de l\u2019opposition togolaise l\u2019Alliance Nationale pour le Changement (ANC) ce\u0301le\u0300bre ce 10 octobre 20 ...","breadcrumb":{"@id":"https:\/\/www.africa-press.net\/togo\/politique\/togo-lanc-souffle-sa-12eme-bougie#breadcrumb"},"inLanguage":"fr-FR","potentialAction":[{"@type":"ReadAction","target":["https:\/\/www.africa-press.net\/togo\/politique\/togo-lanc-souffle-sa-12eme-bougie"]}]},{"@type":"ImageObject","inLanguage":"fr-FR","@id":"https:\/\/www.africa-press.net\/togo\/politique\/togo-lanc-souffle-sa-12eme-bougie#primaryimage","url":"https:\/\/static.africa-press.net\/togo\/sites\/58\/2022\/10\/postQueueImg_12-634446c07c91e.jpg","contentUrl":"https:\/\/static.africa-press.net\/togo\/sites\/58\/2022\/10\/postQueueImg_12-634446c07c91e.jpg","width":1280,"height":810,"caption":"Togo- L\u2019ANC souffle sa 12eme bougie"},{"@type":"BreadcrumbList","@id":"https:\/\/www.africa-press.net\/togo\/politique\/togo-lanc-souffle-sa-12eme-bougie#breadcrumb","itemListElement":[{"@type":"ListItem","position":1,"name":"Accueil","item":"https:\/\/www.africa-press.net\/togo\/"},{"@type":"ListItem","position":2,"name":"Togo- L\u2019ANC souffle sa 12eme bougie"}]},{"@type":"WebSite","@id":"https:\/\/www.africa-press.net\/togo\/#website","url":"https:\/\/www.africa-press.net\/togo\/","name":"Togo","description":"Just another Africa News Agency Sites site","potentialAction":[{"@type":"SearchAction","target":{"@type":"EntryPoint","urlTemplate":"https:\/\/www.africa-press.net\/togo\/?s={search_term_string}"},"query-input":{"@type":"PropertyValueSpecification","valueRequired":true,"valueName":"search_term_string"}}],"inLanguage":"fr-FR"},{"@type":"Person","@id":"https:\/\/www.africa-press.net\/togo\/#\/schema\/person\/2b1cf3cd81a31e3cd26889ca66d677f1","name":"cfeditorfr"}]}},"_links":{"self":[{"href":"https:\/\/www.africa-press.net\/togo\/wp-json\/wp\/v2\/posts\/12198","targetHints":{"allow":["GET"]}}],"collection":[{"href":"https:\/\/www.africa-press.net\/togo\/wp-json\/wp\/v2\/posts"}],"about":[{"href":"https:\/\/www.africa-press.net\/togo\/wp-json\/wp\/v2\/types\/post"}],"author":[{"embeddable":true,"href":"https:\/\/www.africa-press.net\/togo\/wp-json\/wp\/v2\/users\/82"}],"replies":[{"embeddable":true,"href":"https:\/\/www.africa-press.net\/togo\/wp-json\/wp\/v2\/comments?post=12198"}],"version-history":[{"count":0,"href":"https:\/\/www.africa-press.net\/togo\/wp-json\/wp\/v2\/posts\/12198\/revisions"}],"wp:featuredmedia":[{"embeddable":true,"href":"https:\/\/www.africa-press.net\/togo\/wp-json\/wp\/v2\/media\/12197"}],"wp:attachment":[{"href":"https:\/\/www.africa-press.net\/togo\/wp-json\/wp\/v2\/media?parent=12198"}],"wp:term":[{"taxonomy":"category","embeddable":true,"href":"https:\/\/www.africa-press.net\/togo\/wp-json\/wp\/v2\/categories?post=12198"},{"taxonomy":"post_tag","embeddable":true,"href":"https:\/\/www.africa-press.net\/togo\/wp-json\/wp\/v2\/tags?post=12198"}],"curies":[{"name":"wp","href":"https:\/\/api.w.org\/{rel}","templated":true}]}}