{"id":12228,"date":"2022-10-11T22:05:08","date_gmt":"2022-10-11T22:05:08","guid":{"rendered":"https:\/\/www.africa-press.net\/togo\/politique\/togo-mois-du-consommer-local-les-defis-ces-noeuds-gordiens"},"modified":"2022-10-11T22:15:31","modified_gmt":"2022-10-11T22:15:31","slug":"togo-mois-du-consommer-local-les-defis-ces-noeuds-gordiens","status":"publish","type":"post","link":"https:\/\/www.africa-press.net\/togo\/toutes-les-actualites\/togo-mois-du-consommer-local-les-defis-ces-noeuds-gordiens","title":{"rendered":"Togo-\u00ab Mois du Consommer Local \u00bb : les d\u00e9fis, ces n\u0153uds gordiens"},"content":{"rendered":"<p><span style=\"color: #ff6600\"><strong>Africa-Press &#8211; Togo. <\/strong><\/span><b>L\u2019initiative qui promeut la consommation des productions locales fait son petit bonhomme de chemin. L\u2019e\u0301ve\u0300nement sera a\u0300 son troisie\u0300me chapitre en octobre. Mais il se pose toujours le proble\u0300me de la de\u0301pendance aux produits importants.<\/b><\/p>\n<p>\u00ab Chers producteurs, promoteurs de produits, de biens et services locaux, la<\/p>\n<p>3e\u0300me e\u0301dition du Mois du Consommer Local s\u2019annonce remplie de belles<\/p>\n<p>opportunite\u0301s pour chacun de vous. Ensemble, perpe\u0301tuons la tradition en<\/p>\n<p>consommant davantage les produits togolais \u00bb, a tweete\u0301 21 septembre<\/p>\n<p>dernier le ministe\u0300re du Commerce, de l\u2019Industrie et de l a Consommation<\/p>\n<p>locale.<\/p>\n<p>L\u2019e\u0301ve\u0300nement qui tend a\u0300 devenir un rendez-vous annuel, donne l\u2019occasion aux<\/p>\n<p>entrepreneurs locaux d\u2019exposer leurs productions. Cette 3e\u0300me e\u0301dition est le fruit<\/p>\n<p>de la re\u0301ussite de deux pre\u0301ce\u0301dentes. En effet, lors d\u2019une communication faite<\/p>\n<p>par Kodjo Adedze, lors d\u2019un Conseil des ministres tenu le 29 septembre 2021, il a dresse\u0301 un bilan positif de la 1e\u0300re manifestation. \u00ab Suite a\u0300 l\u2019engouement suscite\u0301 par la<\/p>\n<p>premie\u0300re e\u0301dition en 2020, du \u00ab Mois du Consommer Local \u00bb qui s\u2019est traduite par une<\/p>\n<p>appropriation du concept par les producteurs, les consommateurs, les structures publiques et prive\u0301es, notre pays se pre\u0301pare activement pour l\u2019organisation et la tenue<\/p>\n<p>de la deuxie\u0300me e\u0301dition \u00bb, peut-on lire sur le site du gouvernement.<\/p>\n<p>Le deuxie\u0300me acte e\u0301tait place\u0301 sous le the\u0300me \u00ab Compe\u0301titivite\u0301 des produits et services locaux sur le marche\u0301 de la ZLECAf \u00bb. Les de\u0301bats avaient tourne\u0301 autour de la de\u0301marche qualite\u0301, des proble\u0300mes d\u2019emballage, des prix, de la disponibilite\u0301 des produits, entre autres. L\u2019objectif poursuivi e\u0301tait \u00ab de les rendre compe\u0301titifs sur les plans national, re\u0301gional et international \u00bb. Cette 3e\u0300me e\u0301dition qui va s\u2019ouvrir<\/p>\n<p>octobre prochain devrait e\u0302tre un test grandeur nature pour le ministe\u0300re en charge<\/p>\n<p>du Commerce, de l\u2019Industrie et de la Consommation locale. Car<\/p>\n<p>des de\u0301fis restent toujours a\u0300 relever.<\/p>\n<p><b>De\u0301fis<\/b><\/p>\n<p>En effet, au lendemain de la clo\u0302ture de l\u2019acte 2 du \u00ab Mois du Consommer Local \u00bb, une<\/p>\n<p>rencontre s\u2019est tenue le mardi 02 novembre 2021 au cabinet du ministe\u0300re. Elle a<\/p>\n<p>re\u0301uni les acteurs des filie\u0300res volailles et poissons. \u00ab Nous devons nous pencher sur<\/p>\n<p>tous l es maillons de la chai\u0302ne, produire en quantite\u0301 et en qualite\u0301 et e\u0302tre compe\u0301titifs pour re\u0301pondre a\u0300 la demande locale et assurer notre pre\u0301sence sur le marche\u0301 de<\/p>\n<p>la Zone de Libre Echange Continentale Africaine (ZLECAf) \u00bb, avait de\u0301clare\u0301<\/p>\n<p>Kodjo Adedze lors de la re\u0301union. Il avait reconnu que le Togo \u00ab a le potentiel pour<\/p>\n<p>lever ces de\u0301fis \u00bb. \u00ab Une action colle\u0301giale est mene\u0301e au niveau du Gouvernement<\/p>\n<p>pour emmener notre population a\u0300 consommer ce que nous produisons.<\/p>\n<p>Consommer ce que nous produisons n\u2019est qu\u2019un patriotisme ave\u0301re\u0301 \u00bb, avait<\/p>\n<p>laisse\u0301 entendre le ministre. A l\u2019issue des e\u0301changes, il avait e\u0301te\u0301 e\u0301galement annonce\u0301 des rencontres avec d\u2019autres acteurs des secteurs du textile, du riz, entre autres.<\/p>\n<p>\u00ab Les produits locaux sont de qualite\u0301, leurs origines sont connues. Nous invitons la population a\u0300 avoir confiance, en achetant local pour contribuer a\u0300 la cre\u0301ation<\/p>\n<p>d\u2019emplois et de richesse dans notre pays\u00bb, ont exhorte\u0301 les acteurs pre\u0301sents<\/p>\n<p>a\u0300 l a rencontre du 02 novembre 2021. Mais, il leur faudra attendre. Au Togo,<\/p>\n<p>un puissant lobby des importateurs annihile toute volonte\u0301 d\u2019aller a\u0300 l a<\/p>\n<p>consommation locale. Les prix des produits importe\u0301s sur le marche\u0301 de\u0301fient toute<\/p>\n<p>concurrence. A cela s\u2019ajoutent les publicite\u0301s dans l es me\u0301dias. Un ensemble de facteurs qui empe\u0302chent le de\u0301collage de l a consommation locale. Entre importateurs et producteurs locaux, c\u2019est l\u2019histoire de l\u2019ogre et le petit poucet.<\/p>\n<p>L\u2019Etat, le cul entre deux chaises, n\u2019arrive pas a\u0300 jouer le ro\u0302le d\u2019arbitre impartial. L\u2019arre\u0302te\u0301 de Noe\u0308l Koutera Bataka, l\u2019ex-ministre en charge de l\u2019Agriculture interdisant<\/p>\n<p>l\u2019importation des produits congele\u0301s reste\u0301 lettre morte, est un exemple palpable de<\/p>\n<p>la re\u0301alite\u0301 du Consommer Local au Togo. On a objecte\u0301 a\u0300 l\u2019ancien membre<\/p>\n<p>du gouvernement le fait que la production locale ne suffit pas a\u0300 couvrir<\/p>\n<p>l\u2019ensemble des besoins nationaux. Mais une telle de\u0301cision venant d\u2019un<\/p>\n<p>ministre ne se prend pas sur un coup de te\u0302te. Elle se base sur des donne\u0301es en sa<\/p>\n<p>possession&#8230;*<\/p>\n<p><strong>Pour plus d&rsquo;informations et d&rsquo;analyses sur la <a href=\"https:\/\/www.africa-press.net\/togo\">Togo<\/a>, suivez <a href=\"https:\/\/www.africa-press.net\/\">Africa-Press<\/a><\/strong><\/p>\n","protected":false},"excerpt":{"rendered":"<p>Africa-Press &#8211; Togo. L\u2019initiative qui promeut la consommation des productions locales fait son petit bonhomme de chemin. L\u2019e\u0301ve\u0300nement sera a\u0300 son troisie\u0300me chapitre en octobre. Mais il se pose toujours le proble\u0300me de la de\u0301pendance aux produits importants. \u00ab Chers producteurs, promoteurs de produits, de biens et services locaux, la 3e\u0300me e\u0301dition du Mois du [&hellip;]<\/p>\n","protected":false},"author":82,"featured_media":12227,"comment_status":"open","ping_status":"closed","sticky":false,"template":"","format":"standard","meta":{"footnotes":""},"categories":[21,10],"tags":[36,49,50],"class_list":["post-12228","post","type-post","status-publish","format-standard","has-post-thumbnail","hentry","category-communaute","category-toutes-les-actualites","tag-africa-press","tag-africa-press-togo","tag-togo"],"yoast_head":"<!-- This site is optimized with the Yoast SEO Premium plugin v26.1 (Yoast SEO v27.0) - https:\/\/yoast.com\/product\/yoast-seo-premium-wordpress\/ -->\n<title>Togo-\u00ab Mois du Consommer Local \u00bb : les d\u00e9fis, ces n\u0153uds gordiens - Togo<\/title>\n<meta name=\"description\" content=\"L\u2019initiative qui promeut la consommation des productions locales fait son petit bonhomme de chemin. L\u2019e\u0301ve\u0300nement ser ...\" \/>\n<meta name=\"robots\" content=\"index, follow, max-snippet:-1, max-image-preview:large, max-video-preview:-1\" \/>\n<link rel=\"canonical\" href=\"https:\/\/www.africa-press.net\/togo\/toutes-les-actualites\/togo-mois-du-consommer-local-les-defis-ces-noeuds-gordiens\" \/>\n<meta property=\"og:locale\" content=\"fr_FR\" \/>\n<meta property=\"og:type\" content=\"article\" \/>\n<meta property=\"og:title\" content=\"Togo-\u00ab Mois du Consommer Local \u00bb : les d\u00e9fis, ces n\u0153uds gordiens\" \/>\n<meta property=\"og:description\" content=\"L\u2019initiative qui promeut la consommation des productions locales fait son petit bonhomme de chemin. L\u2019e\u0301ve\u0300nement ser ...\" \/>\n<meta property=\"og:url\" content=\"https:\/\/www.africa-press.net\/togo\/toutes-les-actualites\/togo-mois-du-consommer-local-les-defis-ces-noeuds-gordiens\" \/>\n<meta property=\"og:site_name\" content=\"Togo\" \/>\n<meta property=\"article:published_time\" content=\"2022-10-11T22:05:08+00:00\" \/>\n<meta property=\"article:modified_time\" content=\"2022-10-11T22:15:31+00:00\" \/>\n<meta property=\"og:image\" content=\"https:\/\/static.africa-press.net\/togo\/sites\/58\/2022\/10\/postQueueImg_8-6345eaeb8b1dd.jpg\" \/>\n\t<meta property=\"og:image:width\" content=\"1282\" \/>\n\t<meta property=\"og:image:height\" content=\"800\" \/>\n\t<meta property=\"og:image:type\" content=\"image\/jpeg\" \/>\n<meta name=\"author\" content=\"cfeditorfr\" \/>\n<meta name=\"twitter:card\" content=\"summary_large_image\" \/>\n<meta name=\"twitter:label1\" content=\"\u00c9crit par\" \/>\n\t<meta name=\"twitter:data1\" content=\"cfeditorfr\" \/>\n\t<meta name=\"twitter:label2\" content=\"Dur\u00e9e de lecture estim\u00e9e\" \/>\n\t<meta name=\"twitter:data2\" content=\"4 minutes\" \/>\n<script type=\"application\/ld+json\" class=\"yoast-schema-graph\">{\"@context\":\"https:\/\/schema.org\",\"@graph\":[{\"@type\":\"Article\",\"@id\":\"https:\/\/www.africa-press.net\/togo\/toutes-les-actualites\/togo-mois-du-consommer-local-les-defis-ces-noeuds-gordiens#article\",\"isPartOf\":{\"@id\":\"https:\/\/www.africa-press.net\/togo\/toutes-les-actualites\/togo-mois-du-consommer-local-les-defis-ces-noeuds-gordiens\"},\"author\":{\"name\":\"cfeditorfr\",\"@id\":\"https:\/\/www.africa-press.net\/togo\/#\/schema\/person\/2b1cf3cd81a31e3cd26889ca66d677f1\"},\"headline\":\"Togo-\u00ab Mois du Consommer Local \u00bb : les d\u00e9fis, ces n\u0153uds gordiens\",\"datePublished\":\"2022-10-11T22:05:08+00:00\",\"dateModified\":\"2022-10-11T22:15:31+00:00\",\"mainEntityOfPage\":{\"@id\":\"https:\/\/www.africa-press.net\/togo\/toutes-les-actualites\/togo-mois-du-consommer-local-les-defis-ces-noeuds-gordiens\"},\"wordCount\":782,\"commentCount\":0,\"image\":{\"@id\":\"https:\/\/www.africa-press.net\/togo\/toutes-les-actualites\/togo-mois-du-consommer-local-les-defis-ces-noeuds-gordiens#primaryimage\"},\"thumbnailUrl\":\"https:\/\/static.africa-press.net\/togo\/sites\/58\/2022\/10\/postQueueImg_8-6345eaeb8b1dd.jpg\",\"keywords\":[\"Africa Press\",\"Africa Press-Togo\",\"Togo\"],\"articleSection\":[\"Communaut\u00e9\",\"Toutes les actualit\u00e9s\"],\"inLanguage\":\"fr-FR\",\"potentialAction\":[{\"@type\":\"CommentAction\",\"name\":\"Comment\",\"target\":[\"https:\/\/www.africa-press.net\/togo\/toutes-les-actualites\/togo-mois-du-consommer-local-les-defis-ces-noeuds-gordiens#respond\"]}]},{\"@type\":\"WebPage\",\"@id\":\"https:\/\/www.africa-press.net\/togo\/toutes-les-actualites\/togo-mois-du-consommer-local-les-defis-ces-noeuds-gordiens\",\"url\":\"https:\/\/www.africa-press.net\/togo\/toutes-les-actualites\/togo-mois-du-consommer-local-les-defis-ces-noeuds-gordiens\",\"name\":\"Togo-\u00ab Mois du Consommer Local \u00bb : les d\u00e9fis, ces n\u0153uds gordiens - Togo\",\"isPartOf\":{\"@id\":\"https:\/\/www.africa-press.net\/togo\/#website\"},\"primaryImageOfPage\":{\"@id\":\"https:\/\/www.africa-press.net\/togo\/toutes-les-actualites\/togo-mois-du-consommer-local-les-defis-ces-noeuds-gordiens#primaryimage\"},\"image\":{\"@id\":\"https:\/\/www.africa-press.net\/togo\/toutes-les-actualites\/togo-mois-du-consommer-local-les-defis-ces-noeuds-gordiens#primaryimage\"},\"thumbnailUrl\":\"https:\/\/static.africa-press.net\/togo\/sites\/58\/2022\/10\/postQueueImg_8-6345eaeb8b1dd.jpg\",\"datePublished\":\"2022-10-11T22:05:08+00:00\",\"dateModified\":\"2022-10-11T22:15:31+00:00\",\"author\":{\"@id\":\"https:\/\/www.africa-press.net\/togo\/#\/schema\/person\/2b1cf3cd81a31e3cd26889ca66d677f1\"},\"description\":\"L\u2019initiative qui promeut la consommation des productions locales fait son petit bonhomme de chemin. L\u2019e\u0301ve\u0300nement ser ...\",\"breadcrumb\":{\"@id\":\"https:\/\/www.africa-press.net\/togo\/toutes-les-actualites\/togo-mois-du-consommer-local-les-defis-ces-noeuds-gordiens#breadcrumb\"},\"inLanguage\":\"fr-FR\",\"potentialAction\":[{\"@type\":\"ReadAction\",\"target\":[\"https:\/\/www.africa-press.net\/togo\/toutes-les-actualites\/togo-mois-du-consommer-local-les-defis-ces-noeuds-gordiens\"]}]},{\"@type\":\"ImageObject\",\"inLanguage\":\"fr-FR\",\"@id\":\"https:\/\/www.africa-press.net\/togo\/toutes-les-actualites\/togo-mois-du-consommer-local-les-defis-ces-noeuds-gordiens#primaryimage\",\"url\":\"https:\/\/static.africa-press.net\/togo\/sites\/58\/2022\/10\/postQueueImg_8-6345eaeb8b1dd.jpg\",\"contentUrl\":\"https:\/\/static.africa-press.net\/togo\/sites\/58\/2022\/10\/postQueueImg_8-6345eaeb8b1dd.jpg\",\"width\":1282,\"height\":800,\"caption\":\"Togo-\u00ab Mois du Consommer Local \u00bb : les d\u00e9fis, ces n\u0153uds gordiens\"},{\"@type\":\"BreadcrumbList\",\"@id\":\"https:\/\/www.africa-press.net\/togo\/toutes-les-actualites\/togo-mois-du-consommer-local-les-defis-ces-noeuds-gordiens#breadcrumb\",\"itemListElement\":[{\"@type\":\"ListItem\",\"position\":1,\"name\":\"Accueil\",\"item\":\"https:\/\/www.africa-press.net\/togo\/\"},{\"@type\":\"ListItem\",\"position\":2,\"name\":\"Togo-\u00ab Mois du Consommer Local \u00bb : les d\u00e9fis, ces n\u0153uds gordiens\"}]},{\"@type\":\"WebSite\",\"@id\":\"https:\/\/www.africa-press.net\/togo\/#website\",\"url\":\"https:\/\/www.africa-press.net\/togo\/\",\"name\":\"Togo\",\"description\":\"Just another Africa News Agency Sites site\",\"potentialAction\":[{\"@type\":\"SearchAction\",\"target\":{\"@type\":\"EntryPoint\",\"urlTemplate\":\"https:\/\/www.africa-press.net\/togo\/?s={search_term_string}\"},\"query-input\":{\"@type\":\"PropertyValueSpecification\",\"valueRequired\":true,\"valueName\":\"search_term_string\"}}],\"inLanguage\":\"fr-FR\"},{\"@type\":\"Person\",\"@id\":\"https:\/\/www.africa-press.net\/togo\/#\/schema\/person\/2b1cf3cd81a31e3cd26889ca66d677f1\",\"name\":\"cfeditorfr\"}]}<\/script>\n<!-- \/ Yoast SEO Premium plugin. -->","yoast_head_json":{"title":"Togo-\u00ab Mois du Consommer Local \u00bb : les d\u00e9fis, ces n\u0153uds gordiens - Togo","description":"L\u2019initiative qui promeut la consommation des productions locales fait son petit bonhomme de chemin. L\u2019e\u0301ve\u0300nement ser ...","robots":{"index":"index","follow":"follow","max-snippet":"max-snippet:-1","max-image-preview":"max-image-preview:large","max-video-preview":"max-video-preview:-1"},"canonical":"https:\/\/www.africa-press.net\/togo\/toutes-les-actualites\/togo-mois-du-consommer-local-les-defis-ces-noeuds-gordiens","og_locale":"fr_FR","og_type":"article","og_title":"Togo-\u00ab Mois du Consommer Local \u00bb : les d\u00e9fis, ces n\u0153uds gordiens","og_description":"L\u2019initiative qui promeut la consommation des productions locales fait son petit bonhomme de chemin. L\u2019e\u0301ve\u0300nement ser ...","og_url":"https:\/\/www.africa-press.net\/togo\/toutes-les-actualites\/togo-mois-du-consommer-local-les-defis-ces-noeuds-gordiens","og_site_name":"Togo","article_published_time":"2022-10-11T22:05:08+00:00","article_modified_time":"2022-10-11T22:15:31+00:00","og_image":[{"width":1282,"height":800,"url":"https:\/\/static.africa-press.net\/togo\/sites\/58\/2022\/10\/postQueueImg_8-6345eaeb8b1dd.jpg","type":"image\/jpeg"}],"author":"cfeditorfr","twitter_card":"summary_large_image","twitter_misc":{"\u00c9crit par":"cfeditorfr","Dur\u00e9e de lecture estim\u00e9e":"4 minutes"},"schema":{"@context":"https:\/\/schema.org","@graph":[{"@type":"Article","@id":"https:\/\/www.africa-press.net\/togo\/toutes-les-actualites\/togo-mois-du-consommer-local-les-defis-ces-noeuds-gordiens#article","isPartOf":{"@id":"https:\/\/www.africa-press.net\/togo\/toutes-les-actualites\/togo-mois-du-consommer-local-les-defis-ces-noeuds-gordiens"},"author":{"name":"cfeditorfr","@id":"https:\/\/www.africa-press.net\/togo\/#\/schema\/person\/2b1cf3cd81a31e3cd26889ca66d677f1"},"headline":"Togo-\u00ab Mois du Consommer Local \u00bb : les d\u00e9fis, ces n\u0153uds gordiens","datePublished":"2022-10-11T22:05:08+00:00","dateModified":"2022-10-11T22:15:31+00:00","mainEntityOfPage":{"@id":"https:\/\/www.africa-press.net\/togo\/toutes-les-actualites\/togo-mois-du-consommer-local-les-defis-ces-noeuds-gordiens"},"wordCount":782,"commentCount":0,"image":{"@id":"https:\/\/www.africa-press.net\/togo\/toutes-les-actualites\/togo-mois-du-consommer-local-les-defis-ces-noeuds-gordiens#primaryimage"},"thumbnailUrl":"https:\/\/static.africa-press.net\/togo\/sites\/58\/2022\/10\/postQueueImg_8-6345eaeb8b1dd.jpg","keywords":["Africa Press","Africa Press-Togo","Togo"],"articleSection":["Communaut\u00e9","Toutes les actualit\u00e9s"],"inLanguage":"fr-FR","potentialAction":[{"@type":"CommentAction","name":"Comment","target":["https:\/\/www.africa-press.net\/togo\/toutes-les-actualites\/togo-mois-du-consommer-local-les-defis-ces-noeuds-gordiens#respond"]}]},{"@type":"WebPage","@id":"https:\/\/www.africa-press.net\/togo\/toutes-les-actualites\/togo-mois-du-consommer-local-les-defis-ces-noeuds-gordiens","url":"https:\/\/www.africa-press.net\/togo\/toutes-les-actualites\/togo-mois-du-consommer-local-les-defis-ces-noeuds-gordiens","name":"Togo-\u00ab Mois du Consommer Local \u00bb : les d\u00e9fis, ces n\u0153uds gordiens - Togo","isPartOf":{"@id":"https:\/\/www.africa-press.net\/togo\/#website"},"primaryImageOfPage":{"@id":"https:\/\/www.africa-press.net\/togo\/toutes-les-actualites\/togo-mois-du-consommer-local-les-defis-ces-noeuds-gordiens#primaryimage"},"image":{"@id":"https:\/\/www.africa-press.net\/togo\/toutes-les-actualites\/togo-mois-du-consommer-local-les-defis-ces-noeuds-gordiens#primaryimage"},"thumbnailUrl":"https:\/\/static.africa-press.net\/togo\/sites\/58\/2022\/10\/postQueueImg_8-6345eaeb8b1dd.jpg","datePublished":"2022-10-11T22:05:08+00:00","dateModified":"2022-10-11T22:15:31+00:00","author":{"@id":"https:\/\/www.africa-press.net\/togo\/#\/schema\/person\/2b1cf3cd81a31e3cd26889ca66d677f1"},"description":"L\u2019initiative qui promeut la consommation des productions locales fait son petit bonhomme de chemin. L\u2019e\u0301ve\u0300nement ser ...","breadcrumb":{"@id":"https:\/\/www.africa-press.net\/togo\/toutes-les-actualites\/togo-mois-du-consommer-local-les-defis-ces-noeuds-gordiens#breadcrumb"},"inLanguage":"fr-FR","potentialAction":[{"@type":"ReadAction","target":["https:\/\/www.africa-press.net\/togo\/toutes-les-actualites\/togo-mois-du-consommer-local-les-defis-ces-noeuds-gordiens"]}]},{"@type":"ImageObject","inLanguage":"fr-FR","@id":"https:\/\/www.africa-press.net\/togo\/toutes-les-actualites\/togo-mois-du-consommer-local-les-defis-ces-noeuds-gordiens#primaryimage","url":"https:\/\/static.africa-press.net\/togo\/sites\/58\/2022\/10\/postQueueImg_8-6345eaeb8b1dd.jpg","contentUrl":"https:\/\/static.africa-press.net\/togo\/sites\/58\/2022\/10\/postQueueImg_8-6345eaeb8b1dd.jpg","width":1282,"height":800,"caption":"Togo-\u00ab Mois du Consommer Local \u00bb : les d\u00e9fis, ces n\u0153uds gordiens"},{"@type":"BreadcrumbList","@id":"https:\/\/www.africa-press.net\/togo\/toutes-les-actualites\/togo-mois-du-consommer-local-les-defis-ces-noeuds-gordiens#breadcrumb","itemListElement":[{"@type":"ListItem","position":1,"name":"Accueil","item":"https:\/\/www.africa-press.net\/togo\/"},{"@type":"ListItem","position":2,"name":"Togo-\u00ab Mois du Consommer Local \u00bb : les d\u00e9fis, ces n\u0153uds gordiens"}]},{"@type":"WebSite","@id":"https:\/\/www.africa-press.net\/togo\/#website","url":"https:\/\/www.africa-press.net\/togo\/","name":"Togo","description":"Just another Africa News Agency Sites site","potentialAction":[{"@type":"SearchAction","target":{"@type":"EntryPoint","urlTemplate":"https:\/\/www.africa-press.net\/togo\/?s={search_term_string}"},"query-input":{"@type":"PropertyValueSpecification","valueRequired":true,"valueName":"search_term_string"}}],"inLanguage":"fr-FR"},{"@type":"Person","@id":"https:\/\/www.africa-press.net\/togo\/#\/schema\/person\/2b1cf3cd81a31e3cd26889ca66d677f1","name":"cfeditorfr"}]}},"_links":{"self":[{"href":"https:\/\/www.africa-press.net\/togo\/wp-json\/wp\/v2\/posts\/12228","targetHints":{"allow":["GET"]}}],"collection":[{"href":"https:\/\/www.africa-press.net\/togo\/wp-json\/wp\/v2\/posts"}],"about":[{"href":"https:\/\/www.africa-press.net\/togo\/wp-json\/wp\/v2\/types\/post"}],"author":[{"embeddable":true,"href":"https:\/\/www.africa-press.net\/togo\/wp-json\/wp\/v2\/users\/82"}],"replies":[{"embeddable":true,"href":"https:\/\/www.africa-press.net\/togo\/wp-json\/wp\/v2\/comments?post=12228"}],"version-history":[{"count":0,"href":"https:\/\/www.africa-press.net\/togo\/wp-json\/wp\/v2\/posts\/12228\/revisions"}],"wp:featuredmedia":[{"embeddable":true,"href":"https:\/\/www.africa-press.net\/togo\/wp-json\/wp\/v2\/media\/12227"}],"wp:attachment":[{"href":"https:\/\/www.africa-press.net\/togo\/wp-json\/wp\/v2\/media?parent=12228"}],"wp:term":[{"taxonomy":"category","embeddable":true,"href":"https:\/\/www.africa-press.net\/togo\/wp-json\/wp\/v2\/categories?post=12228"},{"taxonomy":"post_tag","embeddable":true,"href":"https:\/\/www.africa-press.net\/togo\/wp-json\/wp\/v2\/tags?post=12228"}],"curies":[{"name":"wp","href":"https:\/\/api.w.org\/{rel}","templated":true}]}}