{"id":12234,"date":"2022-10-11T22:05:41","date_gmt":"2022-10-11T22:05:41","guid":{"rendered":"https:\/\/www.africa-press.net\/togo\/politique\/togo-lex-ministre-de-leducation-tchalim-tcha-kozah-a-tire-sa-reverence"},"modified":"2022-10-11T22:16:27","modified_gmt":"2022-10-11T22:16:27","slug":"togo-lex-ministre-de-leducation-tchalim-tcha-kozah-a-tire-sa-reverence","status":"publish","type":"post","link":"https:\/\/www.africa-press.net\/togo\/toutes-les-actualites\/togo-lex-ministre-de-leducation-tchalim-tcha-kozah-a-tire-sa-reverence","title":{"rendered":"Togo-l\u2019Ex-ministre de l\u2019Education Tchalim Tcha-Kozah a tir\u00e9 sa r\u00e9v\u00e9rence"},"content":{"rendered":"<p><span style=\"color: #ff6600\"><strong>Africa-Press &#8211; Togo. <\/strong><\/span><b>Tchalim Tcha-Kozah, plusieurs fois ministre sous Gnassingbe\u0301 Eyade\u0301ma, est de\u0301ce\u0301de\u0301 ce lundi 10 octobre 2022 a\u0300 l\u2019a\u0302ge de 78 ans. Selon les informations, il est de\u0301ce\u0301de\u0301 a\u0300 Ouagadougou, au pays des hommes inte\u0300gres.<\/b><\/p>\n<p>Dans les anne\u0301es 80 et 90, il fut l\u2019un des fide\u0300les de Gnassingbe\u0301 Eyade\u0301ma, ancien pre\u0301sident du Togo (1967-2005), sous lequel il a e\u0301te\u0301 plusieurs fois ministre, notamment titulaire du de\u0301partement de l\u2019Education nationale et de la Recherche scientifique.<\/p>\n<p>Me\u0301decin ve\u0301te\u0301rinaire, M. Tcha-Kozah \u00ab est contraint de rester a\u0300 l\u2019exil apre\u0300s avoir avoue\u0301 qu\u2019il est menace\u0301 de mort \u00bb, rapporte le confre\u0300re en ligne leneutre.info.<\/p>\n<p><strong>Pour plus d&rsquo;informations et d&rsquo;analyses sur la <a href=\"https:\/\/www.africa-press.net\/togo\">Togo<\/a>, suivez <a href=\"https:\/\/www.africa-press.net\/\">Africa-Press<\/a><\/strong><\/p>\n","protected":false},"excerpt":{"rendered":"<p>Africa-Press &#8211; Togo. Tchalim Tcha-Kozah, plusieurs fois ministre sous Gnassingbe\u0301 Eyade\u0301ma, est de\u0301ce\u0301de\u0301 ce lundi 10 octobre 2022 a\u0300 l\u2019a\u0302ge de 78 ans. Selon les informations, il est de\u0301ce\u0301de\u0301 a\u0300 Ouagadougou, au pays des hommes inte\u0300gres. Dans les anne\u0301es 80 et 90, il fut l\u2019un des fide\u0300les de Gnassingbe\u0301 Eyade\u0301ma, ancien pre\u0301sident du Togo (1967-2005), [&hellip;]<\/p>\n","protected":false},"author":82,"featured_media":12233,"comment_status":"open","ping_status":"closed","sticky":false,"template":"","format":"standard","meta":{"footnotes":""},"categories":[21,10],"tags":[36,49,50],"class_list":["post-12234","post","type-post","status-publish","format-standard","has-post-thumbnail","hentry","category-communaute","category-toutes-les-actualites","tag-africa-press","tag-africa-press-togo","tag-togo"],"yoast_head":"<!-- This site is optimized with the Yoast SEO Premium plugin v26.1 (Yoast SEO v27.0) - https:\/\/yoast.com\/product\/yoast-seo-premium-wordpress\/ -->\n<title>Togo-l\u2019Ex-ministre de l\u2019Education Tchalim Tcha-Kozah a tir\u00e9 sa r\u00e9v\u00e9rence - Togo<\/title>\n<meta name=\"description\" content=\"Tchalim Tcha-Kozah, plusieurs fois ministre sous Gnassingbe\u0301 Eyade\u0301ma, est de\u0301ce\u0301de\u0301 ce lundi 10 octobre 2022 a\u0300 l\u2019a\u0302 ...\" \/>\n<meta name=\"robots\" content=\"index, follow, max-snippet:-1, max-image-preview:large, max-video-preview:-1\" \/>\n<link rel=\"canonical\" href=\"https:\/\/www.africa-press.net\/togo\/toutes-les-actualites\/togo-lex-ministre-de-leducation-tchalim-tcha-kozah-a-tire-sa-reverence\" \/>\n<meta property=\"og:locale\" content=\"fr_FR\" \/>\n<meta property=\"og:type\" content=\"article\" \/>\n<meta property=\"og:title\" content=\"Togo-l\u2019Ex-ministre de l\u2019Education Tchalim Tcha-Kozah a tir\u00e9 sa r\u00e9v\u00e9rence\" \/>\n<meta property=\"og:description\" content=\"Tchalim Tcha-Kozah, plusieurs fois ministre sous Gnassingbe\u0301 Eyade\u0301ma, est de\u0301ce\u0301de\u0301 ce lundi 10 octobre 2022 a\u0300 l\u2019a\u0302 ...\" \/>\n<meta property=\"og:url\" content=\"https:\/\/www.africa-press.net\/togo\/toutes-les-actualites\/togo-lex-ministre-de-leducation-tchalim-tcha-kozah-a-tire-sa-reverence\" \/>\n<meta property=\"og:site_name\" content=\"Togo\" \/>\n<meta property=\"article:published_time\" content=\"2022-10-11T22:05:41+00:00\" \/>\n<meta property=\"article:modified_time\" content=\"2022-10-11T22:16:27+00:00\" \/>\n<meta property=\"og:image\" content=\"https:\/\/static.africa-press.net\/togo\/sites\/58\/2022\/10\/postQueueImg_10-6345eb247f9dd.jpg\" \/>\n\t<meta property=\"og:image:width\" content=\"1280\" \/>\n\t<meta property=\"og:image:height\" content=\"800\" \/>\n\t<meta property=\"og:image:type\" content=\"image\/jpeg\" \/>\n<meta name=\"author\" content=\"cfeditorfr\" \/>\n<meta name=\"twitter:card\" content=\"summary_large_image\" \/>\n<meta name=\"twitter:label1\" content=\"\u00c9crit par\" \/>\n\t<meta name=\"twitter:data1\" content=\"cfeditorfr\" \/>\n\t<meta name=\"twitter:label2\" content=\"Dur\u00e9e de lecture estim\u00e9e\" \/>\n\t<meta name=\"twitter:data2\" content=\"1 minute\" \/>\n<script type=\"application\/ld+json\" class=\"yoast-schema-graph\">{\"@context\":\"https:\/\/schema.org\",\"@graph\":[{\"@type\":\"Article\",\"@id\":\"https:\/\/www.africa-press.net\/togo\/toutes-les-actualites\/togo-lex-ministre-de-leducation-tchalim-tcha-kozah-a-tire-sa-reverence#article\",\"isPartOf\":{\"@id\":\"https:\/\/www.africa-press.net\/togo\/toutes-les-actualites\/togo-lex-ministre-de-leducation-tchalim-tcha-kozah-a-tire-sa-reverence\"},\"author\":{\"name\":\"cfeditorfr\",\"@id\":\"https:\/\/www.africa-press.net\/togo\/#\/schema\/person\/2b1cf3cd81a31e3cd26889ca66d677f1\"},\"headline\":\"Togo-l\u2019Ex-ministre de l\u2019Education Tchalim Tcha-Kozah a tir\u00e9 sa r\u00e9v\u00e9rence\",\"datePublished\":\"2022-10-11T22:05:41+00:00\",\"dateModified\":\"2022-10-11T22:16:27+00:00\",\"mainEntityOfPage\":{\"@id\":\"https:\/\/www.africa-press.net\/togo\/toutes-les-actualites\/togo-lex-ministre-de-leducation-tchalim-tcha-kozah-a-tire-sa-reverence\"},\"wordCount\":143,\"commentCount\":0,\"image\":{\"@id\":\"https:\/\/www.africa-press.net\/togo\/toutes-les-actualites\/togo-lex-ministre-de-leducation-tchalim-tcha-kozah-a-tire-sa-reverence#primaryimage\"},\"thumbnailUrl\":\"https:\/\/static.africa-press.net\/togo\/sites\/58\/2022\/10\/postQueueImg_10-6345eb247f9dd.jpg\",\"keywords\":[\"Africa Press\",\"Africa Press-Togo\",\"Togo\"],\"articleSection\":[\"Communaut\u00e9\",\"Toutes les actualit\u00e9s\"],\"inLanguage\":\"fr-FR\",\"potentialAction\":[{\"@type\":\"CommentAction\",\"name\":\"Comment\",\"target\":[\"https:\/\/www.africa-press.net\/togo\/toutes-les-actualites\/togo-lex-ministre-de-leducation-tchalim-tcha-kozah-a-tire-sa-reverence#respond\"]}]},{\"@type\":\"WebPage\",\"@id\":\"https:\/\/www.africa-press.net\/togo\/toutes-les-actualites\/togo-lex-ministre-de-leducation-tchalim-tcha-kozah-a-tire-sa-reverence\",\"url\":\"https:\/\/www.africa-press.net\/togo\/toutes-les-actualites\/togo-lex-ministre-de-leducation-tchalim-tcha-kozah-a-tire-sa-reverence\",\"name\":\"Togo-l\u2019Ex-ministre de l\u2019Education Tchalim Tcha-Kozah a tir\u00e9 sa r\u00e9v\u00e9rence - Togo\",\"isPartOf\":{\"@id\":\"https:\/\/www.africa-press.net\/togo\/#website\"},\"primaryImageOfPage\":{\"@id\":\"https:\/\/www.africa-press.net\/togo\/toutes-les-actualites\/togo-lex-ministre-de-leducation-tchalim-tcha-kozah-a-tire-sa-reverence#primaryimage\"},\"image\":{\"@id\":\"https:\/\/www.africa-press.net\/togo\/toutes-les-actualites\/togo-lex-ministre-de-leducation-tchalim-tcha-kozah-a-tire-sa-reverence#primaryimage\"},\"thumbnailUrl\":\"https:\/\/static.africa-press.net\/togo\/sites\/58\/2022\/10\/postQueueImg_10-6345eb247f9dd.jpg\",\"datePublished\":\"2022-10-11T22:05:41+00:00\",\"dateModified\":\"2022-10-11T22:16:27+00:00\",\"author\":{\"@id\":\"https:\/\/www.africa-press.net\/togo\/#\/schema\/person\/2b1cf3cd81a31e3cd26889ca66d677f1\"},\"description\":\"Tchalim Tcha-Kozah, plusieurs fois ministre sous Gnassingbe\u0301 Eyade\u0301ma, est de\u0301ce\u0301de\u0301 ce lundi 10 octobre 2022 a\u0300 l\u2019a\u0302 ...\",\"breadcrumb\":{\"@id\":\"https:\/\/www.africa-press.net\/togo\/toutes-les-actualites\/togo-lex-ministre-de-leducation-tchalim-tcha-kozah-a-tire-sa-reverence#breadcrumb\"},\"inLanguage\":\"fr-FR\",\"potentialAction\":[{\"@type\":\"ReadAction\",\"target\":[\"https:\/\/www.africa-press.net\/togo\/toutes-les-actualites\/togo-lex-ministre-de-leducation-tchalim-tcha-kozah-a-tire-sa-reverence\"]}]},{\"@type\":\"ImageObject\",\"inLanguage\":\"fr-FR\",\"@id\":\"https:\/\/www.africa-press.net\/togo\/toutes-les-actualites\/togo-lex-ministre-de-leducation-tchalim-tcha-kozah-a-tire-sa-reverence#primaryimage\",\"url\":\"https:\/\/static.africa-press.net\/togo\/sites\/58\/2022\/10\/postQueueImg_10-6345eb247f9dd.jpg\",\"contentUrl\":\"https:\/\/static.africa-press.net\/togo\/sites\/58\/2022\/10\/postQueueImg_10-6345eb247f9dd.jpg\",\"width\":1280,\"height\":800,\"caption\":\"Togo-l\u2019Ex-ministre de l\u2019Education Tchalim Tcha-Kozah a tir\u00e9 sa r\u00e9v\u00e9rence\"},{\"@type\":\"BreadcrumbList\",\"@id\":\"https:\/\/www.africa-press.net\/togo\/toutes-les-actualites\/togo-lex-ministre-de-leducation-tchalim-tcha-kozah-a-tire-sa-reverence#breadcrumb\",\"itemListElement\":[{\"@type\":\"ListItem\",\"position\":1,\"name\":\"Accueil\",\"item\":\"https:\/\/www.africa-press.net\/togo\/\"},{\"@type\":\"ListItem\",\"position\":2,\"name\":\"Togo-l\u2019Ex-ministre de l\u2019Education Tchalim Tcha-Kozah a tir\u00e9 sa r\u00e9v\u00e9rence\"}]},{\"@type\":\"WebSite\",\"@id\":\"https:\/\/www.africa-press.net\/togo\/#website\",\"url\":\"https:\/\/www.africa-press.net\/togo\/\",\"name\":\"Togo\",\"description\":\"Just another Africa News Agency Sites site\",\"potentialAction\":[{\"@type\":\"SearchAction\",\"target\":{\"@type\":\"EntryPoint\",\"urlTemplate\":\"https:\/\/www.africa-press.net\/togo\/?s={search_term_string}\"},\"query-input\":{\"@type\":\"PropertyValueSpecification\",\"valueRequired\":true,\"valueName\":\"search_term_string\"}}],\"inLanguage\":\"fr-FR\"},{\"@type\":\"Person\",\"@id\":\"https:\/\/www.africa-press.net\/togo\/#\/schema\/person\/2b1cf3cd81a31e3cd26889ca66d677f1\",\"name\":\"cfeditorfr\"}]}<\/script>\n<!-- \/ Yoast SEO Premium plugin. -->","yoast_head_json":{"title":"Togo-l\u2019Ex-ministre de l\u2019Education Tchalim Tcha-Kozah a tir\u00e9 sa r\u00e9v\u00e9rence - Togo","description":"Tchalim Tcha-Kozah, plusieurs fois ministre sous Gnassingbe\u0301 Eyade\u0301ma, est de\u0301ce\u0301de\u0301 ce lundi 10 octobre 2022 a\u0300 l\u2019a\u0302 ...","robots":{"index":"index","follow":"follow","max-snippet":"max-snippet:-1","max-image-preview":"max-image-preview:large","max-video-preview":"max-video-preview:-1"},"canonical":"https:\/\/www.africa-press.net\/togo\/toutes-les-actualites\/togo-lex-ministre-de-leducation-tchalim-tcha-kozah-a-tire-sa-reverence","og_locale":"fr_FR","og_type":"article","og_title":"Togo-l\u2019Ex-ministre de l\u2019Education Tchalim Tcha-Kozah a tir\u00e9 sa r\u00e9v\u00e9rence","og_description":"Tchalim Tcha-Kozah, plusieurs fois ministre sous Gnassingbe\u0301 Eyade\u0301ma, est de\u0301ce\u0301de\u0301 ce lundi 10 octobre 2022 a\u0300 l\u2019a\u0302 ...","og_url":"https:\/\/www.africa-press.net\/togo\/toutes-les-actualites\/togo-lex-ministre-de-leducation-tchalim-tcha-kozah-a-tire-sa-reverence","og_site_name":"Togo","article_published_time":"2022-10-11T22:05:41+00:00","article_modified_time":"2022-10-11T22:16:27+00:00","og_image":[{"width":1280,"height":800,"url":"https:\/\/static.africa-press.net\/togo\/sites\/58\/2022\/10\/postQueueImg_10-6345eb247f9dd.jpg","type":"image\/jpeg"}],"author":"cfeditorfr","twitter_card":"summary_large_image","twitter_misc":{"\u00c9crit par":"cfeditorfr","Dur\u00e9e de lecture estim\u00e9e":"1 minute"},"schema":{"@context":"https:\/\/schema.org","@graph":[{"@type":"Article","@id":"https:\/\/www.africa-press.net\/togo\/toutes-les-actualites\/togo-lex-ministre-de-leducation-tchalim-tcha-kozah-a-tire-sa-reverence#article","isPartOf":{"@id":"https:\/\/www.africa-press.net\/togo\/toutes-les-actualites\/togo-lex-ministre-de-leducation-tchalim-tcha-kozah-a-tire-sa-reverence"},"author":{"name":"cfeditorfr","@id":"https:\/\/www.africa-press.net\/togo\/#\/schema\/person\/2b1cf3cd81a31e3cd26889ca66d677f1"},"headline":"Togo-l\u2019Ex-ministre de l\u2019Education Tchalim Tcha-Kozah a tir\u00e9 sa r\u00e9v\u00e9rence","datePublished":"2022-10-11T22:05:41+00:00","dateModified":"2022-10-11T22:16:27+00:00","mainEntityOfPage":{"@id":"https:\/\/www.africa-press.net\/togo\/toutes-les-actualites\/togo-lex-ministre-de-leducation-tchalim-tcha-kozah-a-tire-sa-reverence"},"wordCount":143,"commentCount":0,"image":{"@id":"https:\/\/www.africa-press.net\/togo\/toutes-les-actualites\/togo-lex-ministre-de-leducation-tchalim-tcha-kozah-a-tire-sa-reverence#primaryimage"},"thumbnailUrl":"https:\/\/static.africa-press.net\/togo\/sites\/58\/2022\/10\/postQueueImg_10-6345eb247f9dd.jpg","keywords":["Africa Press","Africa Press-Togo","Togo"],"articleSection":["Communaut\u00e9","Toutes les actualit\u00e9s"],"inLanguage":"fr-FR","potentialAction":[{"@type":"CommentAction","name":"Comment","target":["https:\/\/www.africa-press.net\/togo\/toutes-les-actualites\/togo-lex-ministre-de-leducation-tchalim-tcha-kozah-a-tire-sa-reverence#respond"]}]},{"@type":"WebPage","@id":"https:\/\/www.africa-press.net\/togo\/toutes-les-actualites\/togo-lex-ministre-de-leducation-tchalim-tcha-kozah-a-tire-sa-reverence","url":"https:\/\/www.africa-press.net\/togo\/toutes-les-actualites\/togo-lex-ministre-de-leducation-tchalim-tcha-kozah-a-tire-sa-reverence","name":"Togo-l\u2019Ex-ministre de l\u2019Education Tchalim Tcha-Kozah a tir\u00e9 sa r\u00e9v\u00e9rence - Togo","isPartOf":{"@id":"https:\/\/www.africa-press.net\/togo\/#website"},"primaryImageOfPage":{"@id":"https:\/\/www.africa-press.net\/togo\/toutes-les-actualites\/togo-lex-ministre-de-leducation-tchalim-tcha-kozah-a-tire-sa-reverence#primaryimage"},"image":{"@id":"https:\/\/www.africa-press.net\/togo\/toutes-les-actualites\/togo-lex-ministre-de-leducation-tchalim-tcha-kozah-a-tire-sa-reverence#primaryimage"},"thumbnailUrl":"https:\/\/static.africa-press.net\/togo\/sites\/58\/2022\/10\/postQueueImg_10-6345eb247f9dd.jpg","datePublished":"2022-10-11T22:05:41+00:00","dateModified":"2022-10-11T22:16:27+00:00","author":{"@id":"https:\/\/www.africa-press.net\/togo\/#\/schema\/person\/2b1cf3cd81a31e3cd26889ca66d677f1"},"description":"Tchalim Tcha-Kozah, plusieurs fois ministre sous Gnassingbe\u0301 Eyade\u0301ma, est de\u0301ce\u0301de\u0301 ce lundi 10 octobre 2022 a\u0300 l\u2019a\u0302 ...","breadcrumb":{"@id":"https:\/\/www.africa-press.net\/togo\/toutes-les-actualites\/togo-lex-ministre-de-leducation-tchalim-tcha-kozah-a-tire-sa-reverence#breadcrumb"},"inLanguage":"fr-FR","potentialAction":[{"@type":"ReadAction","target":["https:\/\/www.africa-press.net\/togo\/toutes-les-actualites\/togo-lex-ministre-de-leducation-tchalim-tcha-kozah-a-tire-sa-reverence"]}]},{"@type":"ImageObject","inLanguage":"fr-FR","@id":"https:\/\/www.africa-press.net\/togo\/toutes-les-actualites\/togo-lex-ministre-de-leducation-tchalim-tcha-kozah-a-tire-sa-reverence#primaryimage","url":"https:\/\/static.africa-press.net\/togo\/sites\/58\/2022\/10\/postQueueImg_10-6345eb247f9dd.jpg","contentUrl":"https:\/\/static.africa-press.net\/togo\/sites\/58\/2022\/10\/postQueueImg_10-6345eb247f9dd.jpg","width":1280,"height":800,"caption":"Togo-l\u2019Ex-ministre de l\u2019Education Tchalim Tcha-Kozah a tir\u00e9 sa r\u00e9v\u00e9rence"},{"@type":"BreadcrumbList","@id":"https:\/\/www.africa-press.net\/togo\/toutes-les-actualites\/togo-lex-ministre-de-leducation-tchalim-tcha-kozah-a-tire-sa-reverence#breadcrumb","itemListElement":[{"@type":"ListItem","position":1,"name":"Accueil","item":"https:\/\/www.africa-press.net\/togo\/"},{"@type":"ListItem","position":2,"name":"Togo-l\u2019Ex-ministre de l\u2019Education Tchalim Tcha-Kozah a tir\u00e9 sa r\u00e9v\u00e9rence"}]},{"@type":"WebSite","@id":"https:\/\/www.africa-press.net\/togo\/#website","url":"https:\/\/www.africa-press.net\/togo\/","name":"Togo","description":"Just another Africa News Agency Sites site","potentialAction":[{"@type":"SearchAction","target":{"@type":"EntryPoint","urlTemplate":"https:\/\/www.africa-press.net\/togo\/?s={search_term_string}"},"query-input":{"@type":"PropertyValueSpecification","valueRequired":true,"valueName":"search_term_string"}}],"inLanguage":"fr-FR"},{"@type":"Person","@id":"https:\/\/www.africa-press.net\/togo\/#\/schema\/person\/2b1cf3cd81a31e3cd26889ca66d677f1","name":"cfeditorfr"}]}},"_links":{"self":[{"href":"https:\/\/www.africa-press.net\/togo\/wp-json\/wp\/v2\/posts\/12234","targetHints":{"allow":["GET"]}}],"collection":[{"href":"https:\/\/www.africa-press.net\/togo\/wp-json\/wp\/v2\/posts"}],"about":[{"href":"https:\/\/www.africa-press.net\/togo\/wp-json\/wp\/v2\/types\/post"}],"author":[{"embeddable":true,"href":"https:\/\/www.africa-press.net\/togo\/wp-json\/wp\/v2\/users\/82"}],"replies":[{"embeddable":true,"href":"https:\/\/www.africa-press.net\/togo\/wp-json\/wp\/v2\/comments?post=12234"}],"version-history":[{"count":0,"href":"https:\/\/www.africa-press.net\/togo\/wp-json\/wp\/v2\/posts\/12234\/revisions"}],"wp:featuredmedia":[{"embeddable":true,"href":"https:\/\/www.africa-press.net\/togo\/wp-json\/wp\/v2\/media\/12233"}],"wp:attachment":[{"href":"https:\/\/www.africa-press.net\/togo\/wp-json\/wp\/v2\/media?parent=12234"}],"wp:term":[{"taxonomy":"category","embeddable":true,"href":"https:\/\/www.africa-press.net\/togo\/wp-json\/wp\/v2\/categories?post=12234"},{"taxonomy":"post_tag","embeddable":true,"href":"https:\/\/www.africa-press.net\/togo\/wp-json\/wp\/v2\/tags?post=12234"}],"curies":[{"name":"wp","href":"https:\/\/api.w.org\/{rel}","templated":true}]}}