{"id":12240,"date":"2022-10-11T22:05:55","date_gmt":"2022-10-11T22:05:55","guid":{"rendered":"https:\/\/www.africa-press.net\/togo\/politique\/togo-faure-gnassingbe-et-la-politique-de-prestige"},"modified":"2022-10-11T22:17:21","modified_gmt":"2022-10-11T22:17:21","slug":"togo-faure-gnassingbe-et-la-politique-de-prestige","status":"publish","type":"post","link":"https:\/\/www.africa-press.net\/togo\/toutes-les-actualites\/togo-faure-gnassingbe-et-la-politique-de-prestige","title":{"rendered":"Togo- Faure Gnassingb\u00e9 et la politique de prestige"},"content":{"rendered":"<p><span style=\"color: #ff6600\"><strong>Africa-Press &#8211; Togo. <\/strong><\/span><b>\u00ab Faites-vous les choses dans l\u2019optique de recevoir une reconnaissance de l\u2019exte\u0301rieur, ou faites-vous les choses par passion pour vous ? \u00bb (Nicolas Robert). Les 49 militaires ivoiriens arre\u0302te\u0301s a\u0300 Bamako dont une grande partie issue des forces spe\u0301ciales, vont e\u0302tre libe\u0301re\u0301s. Cette affaire d\u2019Etat a empoisonne\u0301 pendant plusieurs semaines les relations entre Bamako et Abidjan. Les autorite\u0301s de la transition au Mali ayant accuse\u0301 la Co\u0302te d\u2019Ivoire de \u00ab tentative de de\u0301stabilisation par un pays tiers \u00bb.<\/b><\/p>\n<p>En attendant, trois femmes du contingent ont e\u0301te\u0301 e\u0301largies samedi 03 septembre a\u0300 titre humanitaire. Du co\u0302te\u0301 togolais, on n\u2019a pas he\u0301site\u0301 a\u0300 pousser un cri d\u2019orfraie de la victoire diplomatique de Faure Gnassingbe\u0301. Le ministre togolais des affaires e\u0301trange\u0300res a tenu d\u2019ailleurs a\u0300 pre\u0301ciser dans un communique\u0301 que c\u2019est sous la \u00ab me\u0301diation togolaise \u00bb que les trois soldats ont recouvre\u0301 la liberte\u0301 et re\u0301affirme la \u00ab disponibilite\u0301 ainsi que la de\u0301termination \u00bb de Faure Gnassingbe\u0301 a\u0300 \u00ab poursuivre les pourparlers avec les deux parties aux fins de la libe\u0301ration des autres soldats \u00bb.<\/p>\n<p>C\u2019est tout a\u0300 l\u2019honneur du re\u0301gime togolais de reconnai\u0302tre qu\u2019il y a d\u2019autres personnalite\u0301s et organisations qui sont implique\u0301es dans le de\u0301nouement heureux de cette crise diplomatique. Le pre\u0301sident alge\u0301rien Abdelmadjid Tebboune joue un ro\u0302le pre\u0301ponde\u0301rant dans la me\u0301diation. De me\u0302me que ses homologues du Se\u0301ne\u0301gal, et pre\u0301sident en exercice de l\u2019Union Africaine, Macky Sall et du Burkina Faso, Paul-Henri Damiba.<\/p>\n<p>Il est beau de voir Faure Gnassingbe\u0301 s\u2019activer inlassablement pour la libe\u0301ration des soldats ivoiriens. Il serait encore mieux vu dans son propre pays, s\u2019il fait diligence pour faire libe\u0301rer les de\u0301tenus politiques qui croupissent dans les geo\u0302les de la dictature depuis plusieurs mois. Depuis la grave crise sociopolitique de 2017-2018 qui avait e\u0301branle\u0301 le re\u0301gime de Faure Gnassingbe\u0301, une vague de re\u0301pression s\u2019est de\u0301chaine\u0301e contre les responsables et militants de l\u2019opposition. Faite d\u2019arrestations et de de\u0301tentions arbitraires de militants de droits humains, d\u2019opposants politiques, de traitements inhumains, cruels et de\u0301gradants, de de\u0301ce\u0300s en de\u0301tention, etc.<\/p>\n<p>A ce jour, plusieurs dizaines de militants et responsables politiques sont maintenues en prison dans des conditions e\u0301pouvantables. Notamment des personnes arre\u0302te\u0301es lors des manifestations de novembre et de\u0301cembre 2018, celles emprisonne\u0301es dans la sombre affaire de \u00ab Tiger Re\u0301volution \u00bb, celles de l\u2019affaire Aziz Goma et ses code\u0301tenus, des militants du Parti National Panafricain (PNP) kidnappe\u0301s, des membres de la diaspora enleve\u0301s&#8230; Ils sont plus d\u2019une centaine d\u2019innocents politiques a\u0300 moisir en prison.<\/p>\n<p>Le re\u0301gime de Faure Gnassingbe\u0301 qui a toujours montre\u0301 son vrai visage re\u0301pressif et de terreur, est reste\u0301 indiffe\u0301rent aux supplices des innocents politiques, pendant qu\u2019il se re\u0301jouit d\u2019avoir facilite\u0301 la libe\u0301ration des soldats ivoiriens.<\/p>\n<p>\u00ab Comment pouvez-vous vous re\u0301jouir de faire libe\u0301rer des mercenaires, tout en gardant dans vos cellules, des Togolaises et des Togolais innocents ? Comment pouvez-vous vous re\u0301jouir d\u2019\u0153uvrer pour la paix entre le Mali et la Co\u0302te d\u2019Ivoire \u2013 ce qui est bien-, alors que vous faites encore et toujours la guerre a\u0300 votre propre peuple, le peuple africain du Togo? Acceptez de subir une e\u0301preuve du Miroir et regardez en face ce que vous avez fait de votre propre ressemblance! Seriez-vous vous-me\u0302mes vos pires ennemis? \u00bb s\u2019interroge l\u2019e\u0301crivain et professeur de philosophie Franklin Nyamsi.<\/p>\n<p>Ces questions le\u0301gitimes, les Togolais se les posent aussi. Since\u0300rement, quel me\u0301rite y a-t-il a\u0300 \u0153uvrer pour la libe\u0301ration des soldats ivoiriens quand on maintient ses propres fre\u0300res en prison ?<\/p>\n<p><b>Me\u0301dard AMETEPE<\/b><\/p>\n<p><strong>Pour plus d&rsquo;informations et d&rsquo;analyses sur la <a href=\"https:\/\/www.africa-press.net\/togo\">Togo<\/a>, suivez <a href=\"https:\/\/www.africa-press.net\/\">Africa-Press<\/a><\/strong><\/p>\n","protected":false},"excerpt":{"rendered":"<p>Africa-Press &#8211; Togo. \u00ab Faites-vous les choses dans l\u2019optique de recevoir une reconnaissance de l\u2019exte\u0301rieur, ou faites-vous les choses par passion pour vous ? \u00bb (Nicolas Robert). Les 49 militaires ivoiriens arre\u0302te\u0301s a\u0300 Bamako dont une grande partie issue des forces spe\u0301ciales, vont e\u0302tre libe\u0301re\u0301s. Cette affaire d\u2019Etat a empoisonne\u0301 pendant plusieurs semaines les relations [&hellip;]<\/p>\n","protected":false},"author":82,"featured_media":12239,"comment_status":"open","ping_status":"closed","sticky":false,"template":"","format":"standard","meta":{"footnotes":""},"categories":[21,10],"tags":[36,49,50],"class_list":["post-12240","post","type-post","status-publish","format-standard","has-post-thumbnail","hentry","category-communaute","category-toutes-les-actualites","tag-africa-press","tag-africa-press-togo","tag-togo"],"yoast_head":"<!-- This site is optimized with the Yoast SEO Premium plugin v26.1 (Yoast SEO v27.0) - https:\/\/yoast.com\/product\/yoast-seo-premium-wordpress\/ -->\n<title>Togo- Faure Gnassingb\u00e9 et la politique de prestige - Togo<\/title>\n<meta name=\"description\" content=\"\u00ab Faites-vous les choses dans l\u2019optique de recevoir une reconnaissance de l\u2019exte\u0301rieur, ou faites-vous les choses par ...\" \/>\n<meta name=\"robots\" content=\"index, follow, max-snippet:-1, max-image-preview:large, max-video-preview:-1\" \/>\n<link rel=\"canonical\" href=\"https:\/\/www.africa-press.net\/togo\/toutes-les-actualites\/togo-faure-gnassingbe-et-la-politique-de-prestige\" \/>\n<meta property=\"og:locale\" content=\"fr_FR\" \/>\n<meta property=\"og:type\" content=\"article\" \/>\n<meta property=\"og:title\" content=\"Togo- Faure Gnassingb\u00e9 et la politique de prestige\" \/>\n<meta property=\"og:description\" content=\"\u00ab Faites-vous les choses dans l\u2019optique de recevoir une reconnaissance de l\u2019exte\u0301rieur, ou faites-vous les choses par ...\" \/>\n<meta property=\"og:url\" content=\"https:\/\/www.africa-press.net\/togo\/toutes-les-actualites\/togo-faure-gnassingbe-et-la-politique-de-prestige\" \/>\n<meta property=\"og:site_name\" content=\"Togo\" \/>\n<meta property=\"article:published_time\" content=\"2022-10-11T22:05:55+00:00\" \/>\n<meta property=\"article:modified_time\" content=\"2022-10-11T22:17:21+00:00\" \/>\n<meta property=\"og:image\" content=\"https:\/\/static.africa-press.net\/togo\/sites\/58\/2022\/10\/postQueueImg_12-6345eb5d0d134.jpg\" \/>\n\t<meta property=\"og:image:width\" content=\"1280\" \/>\n\t<meta property=\"og:image:height\" content=\"800\" \/>\n\t<meta property=\"og:image:type\" content=\"image\/jpeg\" \/>\n<meta name=\"author\" content=\"cfeditorfr\" \/>\n<meta name=\"twitter:card\" content=\"summary_large_image\" \/>\n<meta name=\"twitter:label1\" content=\"\u00c9crit par\" \/>\n\t<meta name=\"twitter:data1\" content=\"cfeditorfr\" \/>\n\t<meta name=\"twitter:label2\" content=\"Dur\u00e9e de lecture estim\u00e9e\" \/>\n\t<meta name=\"twitter:data2\" content=\"3 minutes\" \/>\n<script type=\"application\/ld+json\" class=\"yoast-schema-graph\">{\"@context\":\"https:\/\/schema.org\",\"@graph\":[{\"@type\":\"Article\",\"@id\":\"https:\/\/www.africa-press.net\/togo\/toutes-les-actualites\/togo-faure-gnassingbe-et-la-politique-de-prestige#article\",\"isPartOf\":{\"@id\":\"https:\/\/www.africa-press.net\/togo\/toutes-les-actualites\/togo-faure-gnassingbe-et-la-politique-de-prestige\"},\"author\":{\"name\":\"cfeditorfr\",\"@id\":\"https:\/\/www.africa-press.net\/togo\/#\/schema\/person\/2b1cf3cd81a31e3cd26889ca66d677f1\"},\"headline\":\"Togo- Faure Gnassingb\u00e9 et la politique de prestige\",\"datePublished\":\"2022-10-11T22:05:55+00:00\",\"dateModified\":\"2022-10-11T22:17:21+00:00\",\"mainEntityOfPage\":{\"@id\":\"https:\/\/www.africa-press.net\/togo\/toutes-les-actualites\/togo-faure-gnassingbe-et-la-politique-de-prestige\"},\"wordCount\":674,\"commentCount\":0,\"image\":{\"@id\":\"https:\/\/www.africa-press.net\/togo\/toutes-les-actualites\/togo-faure-gnassingbe-et-la-politique-de-prestige#primaryimage\"},\"thumbnailUrl\":\"https:\/\/static.africa-press.net\/togo\/sites\/58\/2022\/10\/postQueueImg_12-6345eb5d0d134.jpg\",\"keywords\":[\"Africa Press\",\"Africa Press-Togo\",\"Togo\"],\"articleSection\":[\"Communaut\u00e9\",\"Toutes les actualit\u00e9s\"],\"inLanguage\":\"fr-FR\",\"potentialAction\":[{\"@type\":\"CommentAction\",\"name\":\"Comment\",\"target\":[\"https:\/\/www.africa-press.net\/togo\/toutes-les-actualites\/togo-faure-gnassingbe-et-la-politique-de-prestige#respond\"]}]},{\"@type\":\"WebPage\",\"@id\":\"https:\/\/www.africa-press.net\/togo\/toutes-les-actualites\/togo-faure-gnassingbe-et-la-politique-de-prestige\",\"url\":\"https:\/\/www.africa-press.net\/togo\/toutes-les-actualites\/togo-faure-gnassingbe-et-la-politique-de-prestige\",\"name\":\"Togo- Faure Gnassingb\u00e9 et la politique de prestige - Togo\",\"isPartOf\":{\"@id\":\"https:\/\/www.africa-press.net\/togo\/#website\"},\"primaryImageOfPage\":{\"@id\":\"https:\/\/www.africa-press.net\/togo\/toutes-les-actualites\/togo-faure-gnassingbe-et-la-politique-de-prestige#primaryimage\"},\"image\":{\"@id\":\"https:\/\/www.africa-press.net\/togo\/toutes-les-actualites\/togo-faure-gnassingbe-et-la-politique-de-prestige#primaryimage\"},\"thumbnailUrl\":\"https:\/\/static.africa-press.net\/togo\/sites\/58\/2022\/10\/postQueueImg_12-6345eb5d0d134.jpg\",\"datePublished\":\"2022-10-11T22:05:55+00:00\",\"dateModified\":\"2022-10-11T22:17:21+00:00\",\"author\":{\"@id\":\"https:\/\/www.africa-press.net\/togo\/#\/schema\/person\/2b1cf3cd81a31e3cd26889ca66d677f1\"},\"description\":\"\u00ab Faites-vous les choses dans l\u2019optique de recevoir une reconnaissance de l\u2019exte\u0301rieur, ou faites-vous les choses par ...\",\"breadcrumb\":{\"@id\":\"https:\/\/www.africa-press.net\/togo\/toutes-les-actualites\/togo-faure-gnassingbe-et-la-politique-de-prestige#breadcrumb\"},\"inLanguage\":\"fr-FR\",\"potentialAction\":[{\"@type\":\"ReadAction\",\"target\":[\"https:\/\/www.africa-press.net\/togo\/toutes-les-actualites\/togo-faure-gnassingbe-et-la-politique-de-prestige\"]}]},{\"@type\":\"ImageObject\",\"inLanguage\":\"fr-FR\",\"@id\":\"https:\/\/www.africa-press.net\/togo\/toutes-les-actualites\/togo-faure-gnassingbe-et-la-politique-de-prestige#primaryimage\",\"url\":\"https:\/\/static.africa-press.net\/togo\/sites\/58\/2022\/10\/postQueueImg_12-6345eb5d0d134.jpg\",\"contentUrl\":\"https:\/\/static.africa-press.net\/togo\/sites\/58\/2022\/10\/postQueueImg_12-6345eb5d0d134.jpg\",\"width\":1280,\"height\":800,\"caption\":\"Togo- Faure Gnassingb\u00e9 et la politique de prestige\"},{\"@type\":\"BreadcrumbList\",\"@id\":\"https:\/\/www.africa-press.net\/togo\/toutes-les-actualites\/togo-faure-gnassingbe-et-la-politique-de-prestige#breadcrumb\",\"itemListElement\":[{\"@type\":\"ListItem\",\"position\":1,\"name\":\"Accueil\",\"item\":\"https:\/\/www.africa-press.net\/togo\/\"},{\"@type\":\"ListItem\",\"position\":2,\"name\":\"Togo- Faure Gnassingb\u00e9 et la politique de prestige\"}]},{\"@type\":\"WebSite\",\"@id\":\"https:\/\/www.africa-press.net\/togo\/#website\",\"url\":\"https:\/\/www.africa-press.net\/togo\/\",\"name\":\"Togo\",\"description\":\"Just another Africa News Agency Sites site\",\"potentialAction\":[{\"@type\":\"SearchAction\",\"target\":{\"@type\":\"EntryPoint\",\"urlTemplate\":\"https:\/\/www.africa-press.net\/togo\/?s={search_term_string}\"},\"query-input\":{\"@type\":\"PropertyValueSpecification\",\"valueRequired\":true,\"valueName\":\"search_term_string\"}}],\"inLanguage\":\"fr-FR\"},{\"@type\":\"Person\",\"@id\":\"https:\/\/www.africa-press.net\/togo\/#\/schema\/person\/2b1cf3cd81a31e3cd26889ca66d677f1\",\"name\":\"cfeditorfr\"}]}<\/script>\n<!-- \/ Yoast SEO Premium plugin. -->","yoast_head_json":{"title":"Togo- Faure Gnassingb\u00e9 et la politique de prestige - Togo","description":"\u00ab Faites-vous les choses dans l\u2019optique de recevoir une reconnaissance de l\u2019exte\u0301rieur, ou faites-vous les choses par ...","robots":{"index":"index","follow":"follow","max-snippet":"max-snippet:-1","max-image-preview":"max-image-preview:large","max-video-preview":"max-video-preview:-1"},"canonical":"https:\/\/www.africa-press.net\/togo\/toutes-les-actualites\/togo-faure-gnassingbe-et-la-politique-de-prestige","og_locale":"fr_FR","og_type":"article","og_title":"Togo- Faure Gnassingb\u00e9 et la politique de prestige","og_description":"\u00ab Faites-vous les choses dans l\u2019optique de recevoir une reconnaissance de l\u2019exte\u0301rieur, ou faites-vous les choses par ...","og_url":"https:\/\/www.africa-press.net\/togo\/toutes-les-actualites\/togo-faure-gnassingbe-et-la-politique-de-prestige","og_site_name":"Togo","article_published_time":"2022-10-11T22:05:55+00:00","article_modified_time":"2022-10-11T22:17:21+00:00","og_image":[{"width":1280,"height":800,"url":"https:\/\/static.africa-press.net\/togo\/sites\/58\/2022\/10\/postQueueImg_12-6345eb5d0d134.jpg","type":"image\/jpeg"}],"author":"cfeditorfr","twitter_card":"summary_large_image","twitter_misc":{"\u00c9crit par":"cfeditorfr","Dur\u00e9e de lecture estim\u00e9e":"3 minutes"},"schema":{"@context":"https:\/\/schema.org","@graph":[{"@type":"Article","@id":"https:\/\/www.africa-press.net\/togo\/toutes-les-actualites\/togo-faure-gnassingbe-et-la-politique-de-prestige#article","isPartOf":{"@id":"https:\/\/www.africa-press.net\/togo\/toutes-les-actualites\/togo-faure-gnassingbe-et-la-politique-de-prestige"},"author":{"name":"cfeditorfr","@id":"https:\/\/www.africa-press.net\/togo\/#\/schema\/person\/2b1cf3cd81a31e3cd26889ca66d677f1"},"headline":"Togo- Faure Gnassingb\u00e9 et la politique de prestige","datePublished":"2022-10-11T22:05:55+00:00","dateModified":"2022-10-11T22:17:21+00:00","mainEntityOfPage":{"@id":"https:\/\/www.africa-press.net\/togo\/toutes-les-actualites\/togo-faure-gnassingbe-et-la-politique-de-prestige"},"wordCount":674,"commentCount":0,"image":{"@id":"https:\/\/www.africa-press.net\/togo\/toutes-les-actualites\/togo-faure-gnassingbe-et-la-politique-de-prestige#primaryimage"},"thumbnailUrl":"https:\/\/static.africa-press.net\/togo\/sites\/58\/2022\/10\/postQueueImg_12-6345eb5d0d134.jpg","keywords":["Africa Press","Africa Press-Togo","Togo"],"articleSection":["Communaut\u00e9","Toutes les actualit\u00e9s"],"inLanguage":"fr-FR","potentialAction":[{"@type":"CommentAction","name":"Comment","target":["https:\/\/www.africa-press.net\/togo\/toutes-les-actualites\/togo-faure-gnassingbe-et-la-politique-de-prestige#respond"]}]},{"@type":"WebPage","@id":"https:\/\/www.africa-press.net\/togo\/toutes-les-actualites\/togo-faure-gnassingbe-et-la-politique-de-prestige","url":"https:\/\/www.africa-press.net\/togo\/toutes-les-actualites\/togo-faure-gnassingbe-et-la-politique-de-prestige","name":"Togo- Faure Gnassingb\u00e9 et la politique de prestige - Togo","isPartOf":{"@id":"https:\/\/www.africa-press.net\/togo\/#website"},"primaryImageOfPage":{"@id":"https:\/\/www.africa-press.net\/togo\/toutes-les-actualites\/togo-faure-gnassingbe-et-la-politique-de-prestige#primaryimage"},"image":{"@id":"https:\/\/www.africa-press.net\/togo\/toutes-les-actualites\/togo-faure-gnassingbe-et-la-politique-de-prestige#primaryimage"},"thumbnailUrl":"https:\/\/static.africa-press.net\/togo\/sites\/58\/2022\/10\/postQueueImg_12-6345eb5d0d134.jpg","datePublished":"2022-10-11T22:05:55+00:00","dateModified":"2022-10-11T22:17:21+00:00","author":{"@id":"https:\/\/www.africa-press.net\/togo\/#\/schema\/person\/2b1cf3cd81a31e3cd26889ca66d677f1"},"description":"\u00ab Faites-vous les choses dans l\u2019optique de recevoir une reconnaissance de l\u2019exte\u0301rieur, ou faites-vous les choses par ...","breadcrumb":{"@id":"https:\/\/www.africa-press.net\/togo\/toutes-les-actualites\/togo-faure-gnassingbe-et-la-politique-de-prestige#breadcrumb"},"inLanguage":"fr-FR","potentialAction":[{"@type":"ReadAction","target":["https:\/\/www.africa-press.net\/togo\/toutes-les-actualites\/togo-faure-gnassingbe-et-la-politique-de-prestige"]}]},{"@type":"ImageObject","inLanguage":"fr-FR","@id":"https:\/\/www.africa-press.net\/togo\/toutes-les-actualites\/togo-faure-gnassingbe-et-la-politique-de-prestige#primaryimage","url":"https:\/\/static.africa-press.net\/togo\/sites\/58\/2022\/10\/postQueueImg_12-6345eb5d0d134.jpg","contentUrl":"https:\/\/static.africa-press.net\/togo\/sites\/58\/2022\/10\/postQueueImg_12-6345eb5d0d134.jpg","width":1280,"height":800,"caption":"Togo- Faure Gnassingb\u00e9 et la politique de prestige"},{"@type":"BreadcrumbList","@id":"https:\/\/www.africa-press.net\/togo\/toutes-les-actualites\/togo-faure-gnassingbe-et-la-politique-de-prestige#breadcrumb","itemListElement":[{"@type":"ListItem","position":1,"name":"Accueil","item":"https:\/\/www.africa-press.net\/togo\/"},{"@type":"ListItem","position":2,"name":"Togo- Faure Gnassingb\u00e9 et la politique de prestige"}]},{"@type":"WebSite","@id":"https:\/\/www.africa-press.net\/togo\/#website","url":"https:\/\/www.africa-press.net\/togo\/","name":"Togo","description":"Just another Africa News Agency Sites site","potentialAction":[{"@type":"SearchAction","target":{"@type":"EntryPoint","urlTemplate":"https:\/\/www.africa-press.net\/togo\/?s={search_term_string}"},"query-input":{"@type":"PropertyValueSpecification","valueRequired":true,"valueName":"search_term_string"}}],"inLanguage":"fr-FR"},{"@type":"Person","@id":"https:\/\/www.africa-press.net\/togo\/#\/schema\/person\/2b1cf3cd81a31e3cd26889ca66d677f1","name":"cfeditorfr"}]}},"_links":{"self":[{"href":"https:\/\/www.africa-press.net\/togo\/wp-json\/wp\/v2\/posts\/12240","targetHints":{"allow":["GET"]}}],"collection":[{"href":"https:\/\/www.africa-press.net\/togo\/wp-json\/wp\/v2\/posts"}],"about":[{"href":"https:\/\/www.africa-press.net\/togo\/wp-json\/wp\/v2\/types\/post"}],"author":[{"embeddable":true,"href":"https:\/\/www.africa-press.net\/togo\/wp-json\/wp\/v2\/users\/82"}],"replies":[{"embeddable":true,"href":"https:\/\/www.africa-press.net\/togo\/wp-json\/wp\/v2\/comments?post=12240"}],"version-history":[{"count":0,"href":"https:\/\/www.africa-press.net\/togo\/wp-json\/wp\/v2\/posts\/12240\/revisions"}],"wp:featuredmedia":[{"embeddable":true,"href":"https:\/\/www.africa-press.net\/togo\/wp-json\/wp\/v2\/media\/12239"}],"wp:attachment":[{"href":"https:\/\/www.africa-press.net\/togo\/wp-json\/wp\/v2\/media?parent=12240"}],"wp:term":[{"taxonomy":"category","embeddable":true,"href":"https:\/\/www.africa-press.net\/togo\/wp-json\/wp\/v2\/categories?post=12240"},{"taxonomy":"post_tag","embeddable":true,"href":"https:\/\/www.africa-press.net\/togo\/wp-json\/wp\/v2\/tags?post=12240"}],"curies":[{"name":"wp","href":"https:\/\/api.w.org\/{rel}","templated":true}]}}