{"id":12243,"date":"2022-10-11T22:06:06","date_gmt":"2022-10-11T22:06:06","guid":{"rendered":"https:\/\/www.africa-press.net\/togo\/politique\/togo-mme-adjamagbo-johnson-le-temps-ne-compte-pas-pour-mener-ce-combat"},"modified":"2022-10-11T22:17:49","modified_gmt":"2022-10-11T22:17:49","slug":"togo-mme-adjamagbo-johnson-le-temps-ne-compte-pas-pour-mener-ce-combat","status":"publish","type":"post","link":"https:\/\/www.africa-press.net\/togo\/toutes-les-actualites\/togo-mme-adjamagbo-johnson-le-temps-ne-compte-pas-pour-mener-ce-combat","title":{"rendered":"Togo-Mme Adjamagbo-Johnson : \u00ab Le temps ne compte pas pour mener ce combat \u00bb"},"content":{"rendered":"<p><span style=\"color: #ff6600\"><strong>Africa-Press &#8211; Togo. <\/strong><\/span><b>Deux ans apre\u0300s la pre\u0301sidentielle de 2020, la Dynamique Mgr Kpodzro (DMK) persiste a\u0300 re\u0301clamer la victoire de son candidat, Agbe\u0301yome\u0301 Kodjo. N\u2019est-il pas temps de passer a\u0300 autre chose ?<\/b><\/p>\n<p>Cette question a e\u0301te\u0301 pose\u0301e a\u0300 Mme Adjamagbo-Johnson, Coordinatrice de la DMK, dans une interview accorde\u0301e au confre\u0300re Jeune Afrique. A en entendre l\u2019opposante, renoncer a\u0300 discuter du contentieux e\u0301lectoral ne\u0301 de la pre\u0301sidentielle de 2020, c\u2019est sacrifier l\u2019alternance au Togo.<\/p>\n<p>\u00ab Le temps ne compte pas pour mener ce combat. Cela fait plus de deux ans certes, mais cette question continue de pre\u0301occuper les Togolais comme si c\u2019e\u0301tait hier. Renoncer a\u0300 discuter du contentieux e\u0301lectoral ne\u0301 de la pre\u0301sidentielle, c\u2019est sacrifier l\u2019alternance au Togo, cette alternance que nous recherchons depuis plus de trente ans et qui est reconnue comme quelque chose de normal dans tout pays de\u0301mocratique \u00bb, a re\u0301pondu la Secre\u0301taire ge\u0301ne\u0301rale de la Convention de\u0301mocratique des peuples africains (CDPA).<\/p>\n<p>Et d\u2019ajouter : \u00ab Ce 22 fe\u0301vrier 2020, nous avons compris que les Togolais, en allant exprimer leur suffrage, disaient \u00ab oui \u00bb, qu\u2019ils sont d\u2019accord pour aller enfin vers l\u2019alternance. C\u2019est une responsabilite\u0301 e\u0301norme pour le candidat de la DMK, Agbe\u0301yome\u0301 Kodjo, et pour nous qui sommes de la DMK, de faire en sorte de ne pas leur laisser un gou\u0302t d\u2019inacheve\u0301 et qu\u2019ils voient qu\u2019ils n\u2019ont pas vote\u0301 pour rien. Nous en appelons donc a\u0300 des discussions franches sur ce sujet important, pour garantir aux Togolais que cet e\u0301pisode ne se re\u0301pe\u0300tera pas \u00bb.<\/p>\n<p>\u00ab Il faut que l\u2019on trouve des solutions durables pour apaiser les Togolais. Mais nous ne pouvons pas passer l\u2019e\u0301ponge. Nous pensons qu\u2019il est normal d\u2019ope\u0301rer un transfert du pouvoir s\u2019il s\u2019ave\u0300re que, au terme des discussions, il n\u2019a pas e\u0301te\u0301 tenu compte des suffrages des Togolais. Ces derniers ont tellement subi qu\u2019ils ne sont plus pre\u0302ts a\u0300 accepter de compromis boiteux, quel qu\u2019il soit. Nous ne voulons d\u2019aucun compromis aboutissant au statu quo \u00bb, a-t-elle poursuivi.<\/p>\n<p><strong>Pour plus d&rsquo;informations et d&rsquo;analyses sur la <a href=\"https:\/\/www.africa-press.net\/togo\">Togo<\/a>, suivez <a href=\"https:\/\/www.africa-press.net\/\">Africa-Press<\/a><\/strong><\/p>\n","protected":false},"excerpt":{"rendered":"<p>Africa-Press &#8211; Togo. Deux ans apre\u0300s la pre\u0301sidentielle de 2020, la Dynamique Mgr Kpodzro (DMK) persiste a\u0300 re\u0301clamer la victoire de son candidat, Agbe\u0301yome\u0301 Kodjo. N\u2019est-il pas temps de passer a\u0300 autre chose ? Cette question a e\u0301te\u0301 pose\u0301e a\u0300 Mme Adjamagbo-Johnson, Coordinatrice de la DMK, dans une interview accorde\u0301e au confre\u0300re Jeune Afrique. A [&hellip;]<\/p>\n","protected":false},"author":82,"featured_media":12242,"comment_status":"open","ping_status":"closed","sticky":false,"template":"","format":"standard","meta":{"footnotes":""},"categories":[21,10],"tags":[36,49,50],"class_list":["post-12243","post","type-post","status-publish","format-standard","has-post-thumbnail","hentry","category-communaute","category-toutes-les-actualites","tag-africa-press","tag-africa-press-togo","tag-togo"],"yoast_head":"<!-- This site is optimized with the Yoast SEO Premium plugin v26.1 (Yoast SEO v27.0) - https:\/\/yoast.com\/product\/yoast-seo-premium-wordpress\/ -->\n<title>Togo-Mme Adjamagbo-Johnson : \u00ab Le temps ne compte pas pour mener ce combat \u00bb - Togo<\/title>\n<meta name=\"description\" content=\"Deux ans apre\u0300s la pre\u0301sidentielle de 2020, la Dynamique Mgr Kpodzro (DMK) persiste a\u0300 re\u0301clamer la victoire de son c ...\" \/>\n<meta name=\"robots\" content=\"index, follow, max-snippet:-1, max-image-preview:large, max-video-preview:-1\" \/>\n<link rel=\"canonical\" href=\"https:\/\/www.africa-press.net\/togo\/toutes-les-actualites\/togo-mme-adjamagbo-johnson-le-temps-ne-compte-pas-pour-mener-ce-combat\" \/>\n<meta property=\"og:locale\" content=\"fr_FR\" \/>\n<meta property=\"og:type\" content=\"article\" \/>\n<meta property=\"og:title\" content=\"Togo-Mme Adjamagbo-Johnson : \u00ab Le temps ne compte pas pour mener ce combat \u00bb\" \/>\n<meta property=\"og:description\" content=\"Deux ans apre\u0300s la pre\u0301sidentielle de 2020, la Dynamique Mgr Kpodzro (DMK) persiste a\u0300 re\u0301clamer la victoire de son c ...\" \/>\n<meta property=\"og:url\" content=\"https:\/\/www.africa-press.net\/togo\/toutes-les-actualites\/togo-mme-adjamagbo-johnson-le-temps-ne-compte-pas-pour-mener-ce-combat\" \/>\n<meta property=\"og:site_name\" content=\"Togo\" \/>\n<meta property=\"article:published_time\" content=\"2022-10-11T22:06:06+00:00\" \/>\n<meta property=\"article:modified_time\" content=\"2022-10-11T22:17:49+00:00\" \/>\n<meta property=\"og:image\" content=\"https:\/\/static.africa-press.net\/togo\/sites\/58\/2022\/10\/postQueueImg_13-6345eb772184d.jpg\" \/>\n\t<meta property=\"og:image:width\" content=\"1280\" \/>\n\t<meta property=\"og:image:height\" content=\"800\" \/>\n\t<meta property=\"og:image:type\" content=\"image\/jpeg\" \/>\n<meta name=\"author\" content=\"cfeditorfr\" \/>\n<meta name=\"twitter:card\" content=\"summary_large_image\" \/>\n<meta name=\"twitter:label1\" content=\"\u00c9crit par\" \/>\n\t<meta name=\"twitter:data1\" content=\"cfeditorfr\" \/>\n\t<meta name=\"twitter:label2\" content=\"Dur\u00e9e de lecture estim\u00e9e\" \/>\n\t<meta name=\"twitter:data2\" content=\"2 minutes\" \/>\n<script type=\"application\/ld+json\" class=\"yoast-schema-graph\">{\"@context\":\"https:\/\/schema.org\",\"@graph\":[{\"@type\":\"Article\",\"@id\":\"https:\/\/www.africa-press.net\/togo\/toutes-les-actualites\/togo-mme-adjamagbo-johnson-le-temps-ne-compte-pas-pour-mener-ce-combat#article\",\"isPartOf\":{\"@id\":\"https:\/\/www.africa-press.net\/togo\/toutes-les-actualites\/togo-mme-adjamagbo-johnson-le-temps-ne-compte-pas-pour-mener-ce-combat\"},\"author\":{\"name\":\"cfeditorfr\",\"@id\":\"https:\/\/www.africa-press.net\/togo\/#\/schema\/person\/2b1cf3cd81a31e3cd26889ca66d677f1\"},\"headline\":\"Togo-Mme Adjamagbo-Johnson : \u00ab Le temps ne compte pas pour mener ce combat \u00bb\",\"datePublished\":\"2022-10-11T22:06:06+00:00\",\"dateModified\":\"2022-10-11T22:17:49+00:00\",\"mainEntityOfPage\":{\"@id\":\"https:\/\/www.africa-press.net\/togo\/toutes-les-actualites\/togo-mme-adjamagbo-johnson-le-temps-ne-compte-pas-pour-mener-ce-combat\"},\"wordCount\":396,\"commentCount\":0,\"image\":{\"@id\":\"https:\/\/www.africa-press.net\/togo\/toutes-les-actualites\/togo-mme-adjamagbo-johnson-le-temps-ne-compte-pas-pour-mener-ce-combat#primaryimage\"},\"thumbnailUrl\":\"https:\/\/static.africa-press.net\/togo\/sites\/58\/2022\/10\/postQueueImg_13-6345eb772184d.jpg\",\"keywords\":[\"Africa Press\",\"Africa Press-Togo\",\"Togo\"],\"articleSection\":[\"Communaut\u00e9\",\"Toutes les actualit\u00e9s\"],\"inLanguage\":\"fr-FR\",\"potentialAction\":[{\"@type\":\"CommentAction\",\"name\":\"Comment\",\"target\":[\"https:\/\/www.africa-press.net\/togo\/toutes-les-actualites\/togo-mme-adjamagbo-johnson-le-temps-ne-compte-pas-pour-mener-ce-combat#respond\"]}]},{\"@type\":\"WebPage\",\"@id\":\"https:\/\/www.africa-press.net\/togo\/toutes-les-actualites\/togo-mme-adjamagbo-johnson-le-temps-ne-compte-pas-pour-mener-ce-combat\",\"url\":\"https:\/\/www.africa-press.net\/togo\/toutes-les-actualites\/togo-mme-adjamagbo-johnson-le-temps-ne-compte-pas-pour-mener-ce-combat\",\"name\":\"Togo-Mme Adjamagbo-Johnson : \u00ab Le temps ne compte pas pour mener ce combat \u00bb - Togo\",\"isPartOf\":{\"@id\":\"https:\/\/www.africa-press.net\/togo\/#website\"},\"primaryImageOfPage\":{\"@id\":\"https:\/\/www.africa-press.net\/togo\/toutes-les-actualites\/togo-mme-adjamagbo-johnson-le-temps-ne-compte-pas-pour-mener-ce-combat#primaryimage\"},\"image\":{\"@id\":\"https:\/\/www.africa-press.net\/togo\/toutes-les-actualites\/togo-mme-adjamagbo-johnson-le-temps-ne-compte-pas-pour-mener-ce-combat#primaryimage\"},\"thumbnailUrl\":\"https:\/\/static.africa-press.net\/togo\/sites\/58\/2022\/10\/postQueueImg_13-6345eb772184d.jpg\",\"datePublished\":\"2022-10-11T22:06:06+00:00\",\"dateModified\":\"2022-10-11T22:17:49+00:00\",\"author\":{\"@id\":\"https:\/\/www.africa-press.net\/togo\/#\/schema\/person\/2b1cf3cd81a31e3cd26889ca66d677f1\"},\"description\":\"Deux ans apre\u0300s la pre\u0301sidentielle de 2020, la Dynamique Mgr Kpodzro (DMK) persiste a\u0300 re\u0301clamer la victoire de son c ...\",\"breadcrumb\":{\"@id\":\"https:\/\/www.africa-press.net\/togo\/toutes-les-actualites\/togo-mme-adjamagbo-johnson-le-temps-ne-compte-pas-pour-mener-ce-combat#breadcrumb\"},\"inLanguage\":\"fr-FR\",\"potentialAction\":[{\"@type\":\"ReadAction\",\"target\":[\"https:\/\/www.africa-press.net\/togo\/toutes-les-actualites\/togo-mme-adjamagbo-johnson-le-temps-ne-compte-pas-pour-mener-ce-combat\"]}]},{\"@type\":\"ImageObject\",\"inLanguage\":\"fr-FR\",\"@id\":\"https:\/\/www.africa-press.net\/togo\/toutes-les-actualites\/togo-mme-adjamagbo-johnson-le-temps-ne-compte-pas-pour-mener-ce-combat#primaryimage\",\"url\":\"https:\/\/static.africa-press.net\/togo\/sites\/58\/2022\/10\/postQueueImg_13-6345eb772184d.jpg\",\"contentUrl\":\"https:\/\/static.africa-press.net\/togo\/sites\/58\/2022\/10\/postQueueImg_13-6345eb772184d.jpg\",\"width\":1280,\"height\":800,\"caption\":\"Togo-Mme Adjamagbo-Johnson : \u00ab Le temps ne compte pas pour mener ce combat \u00bb\"},{\"@type\":\"BreadcrumbList\",\"@id\":\"https:\/\/www.africa-press.net\/togo\/toutes-les-actualites\/togo-mme-adjamagbo-johnson-le-temps-ne-compte-pas-pour-mener-ce-combat#breadcrumb\",\"itemListElement\":[{\"@type\":\"ListItem\",\"position\":1,\"name\":\"Accueil\",\"item\":\"https:\/\/www.africa-press.net\/togo\/\"},{\"@type\":\"ListItem\",\"position\":2,\"name\":\"Togo-Mme Adjamagbo-Johnson : \u00ab Le temps ne compte pas pour mener ce combat \u00bb\"}]},{\"@type\":\"WebSite\",\"@id\":\"https:\/\/www.africa-press.net\/togo\/#website\",\"url\":\"https:\/\/www.africa-press.net\/togo\/\",\"name\":\"Togo\",\"description\":\"Just another Africa News Agency Sites site\",\"potentialAction\":[{\"@type\":\"SearchAction\",\"target\":{\"@type\":\"EntryPoint\",\"urlTemplate\":\"https:\/\/www.africa-press.net\/togo\/?s={search_term_string}\"},\"query-input\":{\"@type\":\"PropertyValueSpecification\",\"valueRequired\":true,\"valueName\":\"search_term_string\"}}],\"inLanguage\":\"fr-FR\"},{\"@type\":\"Person\",\"@id\":\"https:\/\/www.africa-press.net\/togo\/#\/schema\/person\/2b1cf3cd81a31e3cd26889ca66d677f1\",\"name\":\"cfeditorfr\"}]}<\/script>\n<!-- \/ Yoast SEO Premium plugin. -->","yoast_head_json":{"title":"Togo-Mme Adjamagbo-Johnson : \u00ab Le temps ne compte pas pour mener ce combat \u00bb - Togo","description":"Deux ans apre\u0300s la pre\u0301sidentielle de 2020, la Dynamique Mgr Kpodzro (DMK) persiste a\u0300 re\u0301clamer la victoire de son c ...","robots":{"index":"index","follow":"follow","max-snippet":"max-snippet:-1","max-image-preview":"max-image-preview:large","max-video-preview":"max-video-preview:-1"},"canonical":"https:\/\/www.africa-press.net\/togo\/toutes-les-actualites\/togo-mme-adjamagbo-johnson-le-temps-ne-compte-pas-pour-mener-ce-combat","og_locale":"fr_FR","og_type":"article","og_title":"Togo-Mme Adjamagbo-Johnson : \u00ab Le temps ne compte pas pour mener ce combat \u00bb","og_description":"Deux ans apre\u0300s la pre\u0301sidentielle de 2020, la Dynamique Mgr Kpodzro (DMK) persiste a\u0300 re\u0301clamer la victoire de son c ...","og_url":"https:\/\/www.africa-press.net\/togo\/toutes-les-actualites\/togo-mme-adjamagbo-johnson-le-temps-ne-compte-pas-pour-mener-ce-combat","og_site_name":"Togo","article_published_time":"2022-10-11T22:06:06+00:00","article_modified_time":"2022-10-11T22:17:49+00:00","og_image":[{"width":1280,"height":800,"url":"https:\/\/static.africa-press.net\/togo\/sites\/58\/2022\/10\/postQueueImg_13-6345eb772184d.jpg","type":"image\/jpeg"}],"author":"cfeditorfr","twitter_card":"summary_large_image","twitter_misc":{"\u00c9crit par":"cfeditorfr","Dur\u00e9e de lecture estim\u00e9e":"2 minutes"},"schema":{"@context":"https:\/\/schema.org","@graph":[{"@type":"Article","@id":"https:\/\/www.africa-press.net\/togo\/toutes-les-actualites\/togo-mme-adjamagbo-johnson-le-temps-ne-compte-pas-pour-mener-ce-combat#article","isPartOf":{"@id":"https:\/\/www.africa-press.net\/togo\/toutes-les-actualites\/togo-mme-adjamagbo-johnson-le-temps-ne-compte-pas-pour-mener-ce-combat"},"author":{"name":"cfeditorfr","@id":"https:\/\/www.africa-press.net\/togo\/#\/schema\/person\/2b1cf3cd81a31e3cd26889ca66d677f1"},"headline":"Togo-Mme Adjamagbo-Johnson : \u00ab Le temps ne compte pas pour mener ce combat \u00bb","datePublished":"2022-10-11T22:06:06+00:00","dateModified":"2022-10-11T22:17:49+00:00","mainEntityOfPage":{"@id":"https:\/\/www.africa-press.net\/togo\/toutes-les-actualites\/togo-mme-adjamagbo-johnson-le-temps-ne-compte-pas-pour-mener-ce-combat"},"wordCount":396,"commentCount":0,"image":{"@id":"https:\/\/www.africa-press.net\/togo\/toutes-les-actualites\/togo-mme-adjamagbo-johnson-le-temps-ne-compte-pas-pour-mener-ce-combat#primaryimage"},"thumbnailUrl":"https:\/\/static.africa-press.net\/togo\/sites\/58\/2022\/10\/postQueueImg_13-6345eb772184d.jpg","keywords":["Africa Press","Africa Press-Togo","Togo"],"articleSection":["Communaut\u00e9","Toutes les actualit\u00e9s"],"inLanguage":"fr-FR","potentialAction":[{"@type":"CommentAction","name":"Comment","target":["https:\/\/www.africa-press.net\/togo\/toutes-les-actualites\/togo-mme-adjamagbo-johnson-le-temps-ne-compte-pas-pour-mener-ce-combat#respond"]}]},{"@type":"WebPage","@id":"https:\/\/www.africa-press.net\/togo\/toutes-les-actualites\/togo-mme-adjamagbo-johnson-le-temps-ne-compte-pas-pour-mener-ce-combat","url":"https:\/\/www.africa-press.net\/togo\/toutes-les-actualites\/togo-mme-adjamagbo-johnson-le-temps-ne-compte-pas-pour-mener-ce-combat","name":"Togo-Mme Adjamagbo-Johnson : \u00ab Le temps ne compte pas pour mener ce combat \u00bb - Togo","isPartOf":{"@id":"https:\/\/www.africa-press.net\/togo\/#website"},"primaryImageOfPage":{"@id":"https:\/\/www.africa-press.net\/togo\/toutes-les-actualites\/togo-mme-adjamagbo-johnson-le-temps-ne-compte-pas-pour-mener-ce-combat#primaryimage"},"image":{"@id":"https:\/\/www.africa-press.net\/togo\/toutes-les-actualites\/togo-mme-adjamagbo-johnson-le-temps-ne-compte-pas-pour-mener-ce-combat#primaryimage"},"thumbnailUrl":"https:\/\/static.africa-press.net\/togo\/sites\/58\/2022\/10\/postQueueImg_13-6345eb772184d.jpg","datePublished":"2022-10-11T22:06:06+00:00","dateModified":"2022-10-11T22:17:49+00:00","author":{"@id":"https:\/\/www.africa-press.net\/togo\/#\/schema\/person\/2b1cf3cd81a31e3cd26889ca66d677f1"},"description":"Deux ans apre\u0300s la pre\u0301sidentielle de 2020, la Dynamique Mgr Kpodzro (DMK) persiste a\u0300 re\u0301clamer la victoire de son c ...","breadcrumb":{"@id":"https:\/\/www.africa-press.net\/togo\/toutes-les-actualites\/togo-mme-adjamagbo-johnson-le-temps-ne-compte-pas-pour-mener-ce-combat#breadcrumb"},"inLanguage":"fr-FR","potentialAction":[{"@type":"ReadAction","target":["https:\/\/www.africa-press.net\/togo\/toutes-les-actualites\/togo-mme-adjamagbo-johnson-le-temps-ne-compte-pas-pour-mener-ce-combat"]}]},{"@type":"ImageObject","inLanguage":"fr-FR","@id":"https:\/\/www.africa-press.net\/togo\/toutes-les-actualites\/togo-mme-adjamagbo-johnson-le-temps-ne-compte-pas-pour-mener-ce-combat#primaryimage","url":"https:\/\/static.africa-press.net\/togo\/sites\/58\/2022\/10\/postQueueImg_13-6345eb772184d.jpg","contentUrl":"https:\/\/static.africa-press.net\/togo\/sites\/58\/2022\/10\/postQueueImg_13-6345eb772184d.jpg","width":1280,"height":800,"caption":"Togo-Mme Adjamagbo-Johnson : \u00ab Le temps ne compte pas pour mener ce combat \u00bb"},{"@type":"BreadcrumbList","@id":"https:\/\/www.africa-press.net\/togo\/toutes-les-actualites\/togo-mme-adjamagbo-johnson-le-temps-ne-compte-pas-pour-mener-ce-combat#breadcrumb","itemListElement":[{"@type":"ListItem","position":1,"name":"Accueil","item":"https:\/\/www.africa-press.net\/togo\/"},{"@type":"ListItem","position":2,"name":"Togo-Mme Adjamagbo-Johnson : \u00ab Le temps ne compte pas pour mener ce combat \u00bb"}]},{"@type":"WebSite","@id":"https:\/\/www.africa-press.net\/togo\/#website","url":"https:\/\/www.africa-press.net\/togo\/","name":"Togo","description":"Just another Africa News Agency Sites site","potentialAction":[{"@type":"SearchAction","target":{"@type":"EntryPoint","urlTemplate":"https:\/\/www.africa-press.net\/togo\/?s={search_term_string}"},"query-input":{"@type":"PropertyValueSpecification","valueRequired":true,"valueName":"search_term_string"}}],"inLanguage":"fr-FR"},{"@type":"Person","@id":"https:\/\/www.africa-press.net\/togo\/#\/schema\/person\/2b1cf3cd81a31e3cd26889ca66d677f1","name":"cfeditorfr"}]}},"_links":{"self":[{"href":"https:\/\/www.africa-press.net\/togo\/wp-json\/wp\/v2\/posts\/12243","targetHints":{"allow":["GET"]}}],"collection":[{"href":"https:\/\/www.africa-press.net\/togo\/wp-json\/wp\/v2\/posts"}],"about":[{"href":"https:\/\/www.africa-press.net\/togo\/wp-json\/wp\/v2\/types\/post"}],"author":[{"embeddable":true,"href":"https:\/\/www.africa-press.net\/togo\/wp-json\/wp\/v2\/users\/82"}],"replies":[{"embeddable":true,"href":"https:\/\/www.africa-press.net\/togo\/wp-json\/wp\/v2\/comments?post=12243"}],"version-history":[{"count":0,"href":"https:\/\/www.africa-press.net\/togo\/wp-json\/wp\/v2\/posts\/12243\/revisions"}],"wp:featuredmedia":[{"embeddable":true,"href":"https:\/\/www.africa-press.net\/togo\/wp-json\/wp\/v2\/media\/12242"}],"wp:attachment":[{"href":"https:\/\/www.africa-press.net\/togo\/wp-json\/wp\/v2\/media?parent=12243"}],"wp:term":[{"taxonomy":"category","embeddable":true,"href":"https:\/\/www.africa-press.net\/togo\/wp-json\/wp\/v2\/categories?post=12243"},{"taxonomy":"post_tag","embeddable":true,"href":"https:\/\/www.africa-press.net\/togo\/wp-json\/wp\/v2\/tags?post=12243"}],"curies":[{"name":"wp","href":"https:\/\/api.w.org\/{rel}","templated":true}]}}