{"id":12261,"date":"2022-10-11T22:07:11","date_gmt":"2022-10-11T22:07:11","guid":{"rendered":"https:\/\/www.africa-press.net\/togo\/politique\/economie-deux-togolais-parmi-les-leaders-economiques-africains-en-2022"},"modified":"2022-10-11T22:21:44","modified_gmt":"2022-10-11T22:21:44","slug":"economie-deux-togolais-parmi-les-leaders-economiques-africains-en-2022","status":"publish","type":"post","link":"https:\/\/www.africa-press.net\/togo\/politique\/economie-deux-togolais-parmi-les-leaders-economiques-africains-en-2022","title":{"rendered":"Economie\u00a0: deux Togolais parmi les leaders \u00e9conomiques africains en 2022"},"content":{"rendered":"<p><span style=\"color: #ff6600\"><strong>Africa-Press &#8211; Togo. <\/strong><\/span>L\u2019institut Choiseul qui recense chaque anne\u0301e les leaders e\u0301conomiques africains de demain, a rendu public son classement 2022.<\/p>\n<p>Ce classement identifie les 200 jeunes dirigeants africains de 40 ans et moins, appele\u0301s a\u0300 jouer un ro\u0302le important dans le de\u0301veloppement de l\u2019Afrique dans un avenir proche.<\/p>\n<p>Ainsi, apre\u0300s 2014, 2015, 2018, 2019 et 2021, le Togo est de nouveau repre\u0301sente\u0301 dans ce classement.<\/p>\n<p>Directeur Ge\u0301ne\u0301ral de l\u2019Autorite\u0301 de Re\u0301gulation des Marche\u0301s Publics (ARMP) et Secre\u0301taire Ge\u0301ne\u0301ral du Re\u0301seau Africain de la Commande Publique, Aftar Toure\u0301 Morou, qui est pre\u0301sent dans ce classement pour la 4e fois conse\u0301cutive. Il occupe pour l\u2019e\u0301dition 2022, la 30e place.<\/p>\n<p>Le second repre\u0301sentant du Togo est Ste\u0301phane Kpobie Tchasso Akaya, Secre\u0301taire permanent pour le suivi des politiques de re\u0301formes et des programmes financiers au ministe\u0300re de l\u2019Economie et des Finances. Il est classe\u0301, lui, dans le Top 200 pour la deuxie\u0300me anne\u0301e conse\u0301cutive<\/p>\n<p><strong>Pour plus d&rsquo;informations et d&rsquo;analyses sur la <a href=\"https:\/\/www.africa-press.net\/togo\">Togo<\/a>, suivez <a href=\"https:\/\/www.africa-press.net\/\">Africa-Press<\/a><\/strong><\/p>\n","protected":false},"excerpt":{"rendered":"<p>Africa-Press &#8211; Togo. L\u2019institut Choiseul qui recense chaque anne\u0301e les leaders e\u0301conomiques africains de demain, a rendu public son classement 2022. Ce classement identifie les 200 jeunes dirigeants africains de 40 ans et moins, appele\u0301s a\u0300 jouer un ro\u0302le important dans le de\u0301veloppement de l\u2019Afrique dans un avenir proche. Ainsi, apre\u0300s 2014, 2015, 2018, 2019 [&hellip;]<\/p>\n","protected":false},"author":82,"featured_media":12260,"comment_status":"open","ping_status":"closed","sticky":false,"template":"","format":"standard","meta":{"footnotes":""},"categories":[2,10],"tags":[36,49,50],"class_list":["post-12261","post","type-post","status-publish","format-standard","has-post-thumbnail","hentry","category-politique","category-toutes-les-actualites","tag-africa-press","tag-africa-press-togo","tag-togo"],"yoast_head":"<!-- This site is optimized with the Yoast SEO Premium plugin v26.1 (Yoast SEO v27.0) - https:\/\/yoast.com\/product\/yoast-seo-premium-wordpress\/ -->\n<title>Economie\u00a0: deux Togolais parmi les leaders \u00e9conomiques africains en 2022 - Togo<\/title>\n<meta name=\"description\" content=\"L\u2019institut Choiseul qui recense chaque anne\u0301e les leaders e\u0301conomiques africains de demain, a rendu public son classemen ...\" \/>\n<meta name=\"robots\" content=\"index, follow, max-snippet:-1, max-image-preview:large, max-video-preview:-1\" \/>\n<link rel=\"canonical\" href=\"https:\/\/www.africa-press.net\/togo\/politique\/economie-deux-togolais-parmi-les-leaders-economiques-africains-en-2022\" \/>\n<meta property=\"og:locale\" content=\"fr_FR\" \/>\n<meta property=\"og:type\" content=\"article\" \/>\n<meta property=\"og:title\" content=\"Economie\u00a0: deux Togolais parmi les leaders \u00e9conomiques africains en 2022\" \/>\n<meta property=\"og:description\" content=\"L\u2019institut Choiseul qui recense chaque anne\u0301e les leaders e\u0301conomiques africains de demain, a rendu public son classemen ...\" \/>\n<meta property=\"og:url\" content=\"https:\/\/www.africa-press.net\/togo\/politique\/economie-deux-togolais-parmi-les-leaders-economiques-africains-en-2022\" \/>\n<meta property=\"og:site_name\" content=\"Togo\" \/>\n<meta property=\"article:published_time\" content=\"2022-10-11T22:07:11+00:00\" \/>\n<meta property=\"article:modified_time\" content=\"2022-10-11T22:21:44+00:00\" \/>\n<meta property=\"og:image\" content=\"https:\/\/static.africa-press.net\/togo\/sites\/58\/2022\/10\/postQueueImg_19-6345ec515c2aa.jpg\" \/>\n\t<meta property=\"og:image:width\" content=\"720\" \/>\n\t<meta property=\"og:image:height\" content=\"366\" \/>\n\t<meta property=\"og:image:type\" content=\"image\/jpeg\" \/>\n<meta name=\"author\" content=\"cfeditorfr\" \/>\n<meta name=\"twitter:card\" content=\"summary_large_image\" \/>\n<meta name=\"twitter:label1\" content=\"\u00c9crit par\" \/>\n\t<meta name=\"twitter:data1\" content=\"cfeditorfr\" \/>\n\t<meta name=\"twitter:label2\" content=\"Dur\u00e9e de lecture estim\u00e9e\" \/>\n\t<meta name=\"twitter:data2\" content=\"1 minute\" \/>\n<script type=\"application\/ld+json\" class=\"yoast-schema-graph\">{\"@context\":\"https:\/\/schema.org\",\"@graph\":[{\"@type\":\"Article\",\"@id\":\"https:\/\/www.africa-press.net\/togo\/politique\/economie-deux-togolais-parmi-les-leaders-economiques-africains-en-2022#article\",\"isPartOf\":{\"@id\":\"https:\/\/www.africa-press.net\/togo\/politique\/economie-deux-togolais-parmi-les-leaders-economiques-africains-en-2022\"},\"author\":{\"name\":\"cfeditorfr\",\"@id\":\"https:\/\/www.africa-press.net\/togo\/#\/schema\/person\/2b1cf3cd81a31e3cd26889ca66d677f1\"},\"headline\":\"Economie\u00a0: deux Togolais parmi les leaders \u00e9conomiques africains en 2022\",\"datePublished\":\"2022-10-11T22:07:11+00:00\",\"dateModified\":\"2022-10-11T22:21:44+00:00\",\"mainEntityOfPage\":{\"@id\":\"https:\/\/www.africa-press.net\/togo\/politique\/economie-deux-togolais-parmi-les-leaders-economiques-africains-en-2022\"},\"wordCount\":193,\"commentCount\":0,\"image\":{\"@id\":\"https:\/\/www.africa-press.net\/togo\/politique\/economie-deux-togolais-parmi-les-leaders-economiques-africains-en-2022#primaryimage\"},\"thumbnailUrl\":\"https:\/\/static.africa-press.net\/togo\/sites\/58\/2022\/10\/postQueueImg_19-6345ec515c2aa.jpg\",\"keywords\":[\"Africa Press\",\"Africa Press-Togo\",\"Togo\"],\"articleSection\":[\"Politique\",\"Toutes les actualit\u00e9s\"],\"inLanguage\":\"fr-FR\",\"potentialAction\":[{\"@type\":\"CommentAction\",\"name\":\"Comment\",\"target\":[\"https:\/\/www.africa-press.net\/togo\/politique\/economie-deux-togolais-parmi-les-leaders-economiques-africains-en-2022#respond\"]}]},{\"@type\":\"WebPage\",\"@id\":\"https:\/\/www.africa-press.net\/togo\/politique\/economie-deux-togolais-parmi-les-leaders-economiques-africains-en-2022\",\"url\":\"https:\/\/www.africa-press.net\/togo\/politique\/economie-deux-togolais-parmi-les-leaders-economiques-africains-en-2022\",\"name\":\"Economie\u00a0: deux Togolais parmi les leaders \u00e9conomiques africains en 2022 - Togo\",\"isPartOf\":{\"@id\":\"https:\/\/www.africa-press.net\/togo\/#website\"},\"primaryImageOfPage\":{\"@id\":\"https:\/\/www.africa-press.net\/togo\/politique\/economie-deux-togolais-parmi-les-leaders-economiques-africains-en-2022#primaryimage\"},\"image\":{\"@id\":\"https:\/\/www.africa-press.net\/togo\/politique\/economie-deux-togolais-parmi-les-leaders-economiques-africains-en-2022#primaryimage\"},\"thumbnailUrl\":\"https:\/\/static.africa-press.net\/togo\/sites\/58\/2022\/10\/postQueueImg_19-6345ec515c2aa.jpg\",\"datePublished\":\"2022-10-11T22:07:11+00:00\",\"dateModified\":\"2022-10-11T22:21:44+00:00\",\"author\":{\"@id\":\"https:\/\/www.africa-press.net\/togo\/#\/schema\/person\/2b1cf3cd81a31e3cd26889ca66d677f1\"},\"description\":\"L\u2019institut Choiseul qui recense chaque anne\u0301e les leaders e\u0301conomiques africains de demain, a rendu public son classemen ...\",\"breadcrumb\":{\"@id\":\"https:\/\/www.africa-press.net\/togo\/politique\/economie-deux-togolais-parmi-les-leaders-economiques-africains-en-2022#breadcrumb\"},\"inLanguage\":\"fr-FR\",\"potentialAction\":[{\"@type\":\"ReadAction\",\"target\":[\"https:\/\/www.africa-press.net\/togo\/politique\/economie-deux-togolais-parmi-les-leaders-economiques-africains-en-2022\"]}]},{\"@type\":\"ImageObject\",\"inLanguage\":\"fr-FR\",\"@id\":\"https:\/\/www.africa-press.net\/togo\/politique\/economie-deux-togolais-parmi-les-leaders-economiques-africains-en-2022#primaryimage\",\"url\":\"https:\/\/static.africa-press.net\/togo\/sites\/58\/2022\/10\/postQueueImg_19-6345ec515c2aa.jpg\",\"contentUrl\":\"https:\/\/static.africa-press.net\/togo\/sites\/58\/2022\/10\/postQueueImg_19-6345ec515c2aa.jpg\",\"width\":720,\"height\":366,\"caption\":\"Economie\u00a0: deux Togolais parmi les leaders \u00e9conomiques africains en 2022\"},{\"@type\":\"BreadcrumbList\",\"@id\":\"https:\/\/www.africa-press.net\/togo\/politique\/economie-deux-togolais-parmi-les-leaders-economiques-africains-en-2022#breadcrumb\",\"itemListElement\":[{\"@type\":\"ListItem\",\"position\":1,\"name\":\"Accueil\",\"item\":\"https:\/\/www.africa-press.net\/togo\/\"},{\"@type\":\"ListItem\",\"position\":2,\"name\":\"Economie\u00a0: deux Togolais parmi les leaders \u00e9conomiques africains en 2022\"}]},{\"@type\":\"WebSite\",\"@id\":\"https:\/\/www.africa-press.net\/togo\/#website\",\"url\":\"https:\/\/www.africa-press.net\/togo\/\",\"name\":\"Togo\",\"description\":\"Just another Africa News Agency Sites site\",\"potentialAction\":[{\"@type\":\"SearchAction\",\"target\":{\"@type\":\"EntryPoint\",\"urlTemplate\":\"https:\/\/www.africa-press.net\/togo\/?s={search_term_string}\"},\"query-input\":{\"@type\":\"PropertyValueSpecification\",\"valueRequired\":true,\"valueName\":\"search_term_string\"}}],\"inLanguage\":\"fr-FR\"},{\"@type\":\"Person\",\"@id\":\"https:\/\/www.africa-press.net\/togo\/#\/schema\/person\/2b1cf3cd81a31e3cd26889ca66d677f1\",\"name\":\"cfeditorfr\"}]}<\/script>\n<!-- \/ Yoast SEO Premium plugin. -->","yoast_head_json":{"title":"Economie\u00a0: deux Togolais parmi les leaders \u00e9conomiques africains en 2022 - Togo","description":"L\u2019institut Choiseul qui recense chaque anne\u0301e les leaders e\u0301conomiques africains de demain, a rendu public son classemen ...","robots":{"index":"index","follow":"follow","max-snippet":"max-snippet:-1","max-image-preview":"max-image-preview:large","max-video-preview":"max-video-preview:-1"},"canonical":"https:\/\/www.africa-press.net\/togo\/politique\/economie-deux-togolais-parmi-les-leaders-economiques-africains-en-2022","og_locale":"fr_FR","og_type":"article","og_title":"Economie\u00a0: deux Togolais parmi les leaders \u00e9conomiques africains en 2022","og_description":"L\u2019institut Choiseul qui recense chaque anne\u0301e les leaders e\u0301conomiques africains de demain, a rendu public son classemen ...","og_url":"https:\/\/www.africa-press.net\/togo\/politique\/economie-deux-togolais-parmi-les-leaders-economiques-africains-en-2022","og_site_name":"Togo","article_published_time":"2022-10-11T22:07:11+00:00","article_modified_time":"2022-10-11T22:21:44+00:00","og_image":[{"width":720,"height":366,"url":"https:\/\/static.africa-press.net\/togo\/sites\/58\/2022\/10\/postQueueImg_19-6345ec515c2aa.jpg","type":"image\/jpeg"}],"author":"cfeditorfr","twitter_card":"summary_large_image","twitter_misc":{"\u00c9crit par":"cfeditorfr","Dur\u00e9e de lecture estim\u00e9e":"1 minute"},"schema":{"@context":"https:\/\/schema.org","@graph":[{"@type":"Article","@id":"https:\/\/www.africa-press.net\/togo\/politique\/economie-deux-togolais-parmi-les-leaders-economiques-africains-en-2022#article","isPartOf":{"@id":"https:\/\/www.africa-press.net\/togo\/politique\/economie-deux-togolais-parmi-les-leaders-economiques-africains-en-2022"},"author":{"name":"cfeditorfr","@id":"https:\/\/www.africa-press.net\/togo\/#\/schema\/person\/2b1cf3cd81a31e3cd26889ca66d677f1"},"headline":"Economie\u00a0: deux Togolais parmi les leaders \u00e9conomiques africains en 2022","datePublished":"2022-10-11T22:07:11+00:00","dateModified":"2022-10-11T22:21:44+00:00","mainEntityOfPage":{"@id":"https:\/\/www.africa-press.net\/togo\/politique\/economie-deux-togolais-parmi-les-leaders-economiques-africains-en-2022"},"wordCount":193,"commentCount":0,"image":{"@id":"https:\/\/www.africa-press.net\/togo\/politique\/economie-deux-togolais-parmi-les-leaders-economiques-africains-en-2022#primaryimage"},"thumbnailUrl":"https:\/\/static.africa-press.net\/togo\/sites\/58\/2022\/10\/postQueueImg_19-6345ec515c2aa.jpg","keywords":["Africa Press","Africa Press-Togo","Togo"],"articleSection":["Politique","Toutes les actualit\u00e9s"],"inLanguage":"fr-FR","potentialAction":[{"@type":"CommentAction","name":"Comment","target":["https:\/\/www.africa-press.net\/togo\/politique\/economie-deux-togolais-parmi-les-leaders-economiques-africains-en-2022#respond"]}]},{"@type":"WebPage","@id":"https:\/\/www.africa-press.net\/togo\/politique\/economie-deux-togolais-parmi-les-leaders-economiques-africains-en-2022","url":"https:\/\/www.africa-press.net\/togo\/politique\/economie-deux-togolais-parmi-les-leaders-economiques-africains-en-2022","name":"Economie\u00a0: deux Togolais parmi les leaders \u00e9conomiques africains en 2022 - Togo","isPartOf":{"@id":"https:\/\/www.africa-press.net\/togo\/#website"},"primaryImageOfPage":{"@id":"https:\/\/www.africa-press.net\/togo\/politique\/economie-deux-togolais-parmi-les-leaders-economiques-africains-en-2022#primaryimage"},"image":{"@id":"https:\/\/www.africa-press.net\/togo\/politique\/economie-deux-togolais-parmi-les-leaders-economiques-africains-en-2022#primaryimage"},"thumbnailUrl":"https:\/\/static.africa-press.net\/togo\/sites\/58\/2022\/10\/postQueueImg_19-6345ec515c2aa.jpg","datePublished":"2022-10-11T22:07:11+00:00","dateModified":"2022-10-11T22:21:44+00:00","author":{"@id":"https:\/\/www.africa-press.net\/togo\/#\/schema\/person\/2b1cf3cd81a31e3cd26889ca66d677f1"},"description":"L\u2019institut Choiseul qui recense chaque anne\u0301e les leaders e\u0301conomiques africains de demain, a rendu public son classemen ...","breadcrumb":{"@id":"https:\/\/www.africa-press.net\/togo\/politique\/economie-deux-togolais-parmi-les-leaders-economiques-africains-en-2022#breadcrumb"},"inLanguage":"fr-FR","potentialAction":[{"@type":"ReadAction","target":["https:\/\/www.africa-press.net\/togo\/politique\/economie-deux-togolais-parmi-les-leaders-economiques-africains-en-2022"]}]},{"@type":"ImageObject","inLanguage":"fr-FR","@id":"https:\/\/www.africa-press.net\/togo\/politique\/economie-deux-togolais-parmi-les-leaders-economiques-africains-en-2022#primaryimage","url":"https:\/\/static.africa-press.net\/togo\/sites\/58\/2022\/10\/postQueueImg_19-6345ec515c2aa.jpg","contentUrl":"https:\/\/static.africa-press.net\/togo\/sites\/58\/2022\/10\/postQueueImg_19-6345ec515c2aa.jpg","width":720,"height":366,"caption":"Economie\u00a0: deux Togolais parmi les leaders \u00e9conomiques africains en 2022"},{"@type":"BreadcrumbList","@id":"https:\/\/www.africa-press.net\/togo\/politique\/economie-deux-togolais-parmi-les-leaders-economiques-africains-en-2022#breadcrumb","itemListElement":[{"@type":"ListItem","position":1,"name":"Accueil","item":"https:\/\/www.africa-press.net\/togo\/"},{"@type":"ListItem","position":2,"name":"Economie\u00a0: deux Togolais parmi les leaders \u00e9conomiques africains en 2022"}]},{"@type":"WebSite","@id":"https:\/\/www.africa-press.net\/togo\/#website","url":"https:\/\/www.africa-press.net\/togo\/","name":"Togo","description":"Just another Africa News Agency Sites site","potentialAction":[{"@type":"SearchAction","target":{"@type":"EntryPoint","urlTemplate":"https:\/\/www.africa-press.net\/togo\/?s={search_term_string}"},"query-input":{"@type":"PropertyValueSpecification","valueRequired":true,"valueName":"search_term_string"}}],"inLanguage":"fr-FR"},{"@type":"Person","@id":"https:\/\/www.africa-press.net\/togo\/#\/schema\/person\/2b1cf3cd81a31e3cd26889ca66d677f1","name":"cfeditorfr"}]}},"_links":{"self":[{"href":"https:\/\/www.africa-press.net\/togo\/wp-json\/wp\/v2\/posts\/12261","targetHints":{"allow":["GET"]}}],"collection":[{"href":"https:\/\/www.africa-press.net\/togo\/wp-json\/wp\/v2\/posts"}],"about":[{"href":"https:\/\/www.africa-press.net\/togo\/wp-json\/wp\/v2\/types\/post"}],"author":[{"embeddable":true,"href":"https:\/\/www.africa-press.net\/togo\/wp-json\/wp\/v2\/users\/82"}],"replies":[{"embeddable":true,"href":"https:\/\/www.africa-press.net\/togo\/wp-json\/wp\/v2\/comments?post=12261"}],"version-history":[{"count":0,"href":"https:\/\/www.africa-press.net\/togo\/wp-json\/wp\/v2\/posts\/12261\/revisions"}],"wp:featuredmedia":[{"embeddable":true,"href":"https:\/\/www.africa-press.net\/togo\/wp-json\/wp\/v2\/media\/12260"}],"wp:attachment":[{"href":"https:\/\/www.africa-press.net\/togo\/wp-json\/wp\/v2\/media?parent=12261"}],"wp:term":[{"taxonomy":"category","embeddable":true,"href":"https:\/\/www.africa-press.net\/togo\/wp-json\/wp\/v2\/categories?post=12261"},{"taxonomy":"post_tag","embeddable":true,"href":"https:\/\/www.africa-press.net\/togo\/wp-json\/wp\/v2\/tags?post=12261"}],"curies":[{"name":"wp","href":"https:\/\/api.w.org\/{rel}","templated":true}]}}