{"id":12279,"date":"2022-10-12T18:35:17","date_gmt":"2022-10-12T18:35:17","guid":{"rendered":"https:\/\/www.africa-press.net\/togo\/politique\/145e-assemblee-de-luip-a-kigali-une-delegation-de-deputes-togolais-participe-aux-travaux"},"modified":"2022-10-12T18:44:04","modified_gmt":"2022-10-12T18:44:04","slug":"145e-assemblee-de-luip-a-kigali-une-delegation-de-deputes-togolais-participe-aux-travaux","status":"publish","type":"post","link":"https:\/\/www.africa-press.net\/togo\/politique\/145e-assemblee-de-luip-a-kigali-une-delegation-de-deputes-togolais-participe-aux-travaux","title":{"rendered":"145\u00e8 Assembl\u00e9e de l\u2019UIP \u00e0 Kigali : Une d\u00e9l\u00e9gation de d\u00e9put\u00e9s togolais participe aux travaux"},"content":{"rendered":"<p><span style=\"color: #ff6600\"><strong>Africa-Press &#8211; Togo. <\/strong><\/span><b>La 145e\u0300 Assemble\u0301e de l\u2019Union Interparlementaire se tient a\u0300 Kigali au Rwanda, du 11 au 15 Octobre 2022. Une de\u0301le\u0301gation togolaise conduite par l\u2019honorable Yaovi Attigbe\u0301 Ihou prend part activement aux travaux de cette rencontre consacre\u0301e a\u0300 : \u00ab L\u2019e\u0301galite\u0301 des sexes et des parlements sensibles au genre en tant que moteurs du changement pour un monde plus re\u0301silient et pacifique \u00bb.<\/b><\/p>\n<p>La ce\u0301re\u0301monie d\u2019ouverture a lieu au centre de convention de Kigali. Ella a e\u0301te\u0301 pre\u0301side\u0301e par Paul Kagame\u0301, Pre\u0301sident de la Re\u0301publique du Rwanda en pre\u0301sence du Pre\u0301sident de l\u2019UIP, Duarte Pacheco, de la Pre\u0301sidente de la Chambre des de\u0301pute\u0301s, Donatille Mukabalisa et du Pre\u0301sident du Se\u0301nat, Dr Augustin Iyamuremye.<\/p>\n<p>La de\u0301le\u0301gation du Togo est compose\u0301e, outre l\u2019honorable Yaovi Attigbe\u0301 Ihou, des de\u0301pute\u0301s innocent Kagbara, Gnonoufia Akossiwa Nomagnon et Ekoe\u0301 Kini, le chef de Cabinet de la Pre\u0301sidente de l\u2019Assemble\u0301e nationale. Plus de 1000 participants dont quelque 60 pre\u0301sidents et vice-pre\u0301sidents de parlement prennent part a\u0300 ce grand rendez-vous.<\/p>\n<p>Le Pre\u0301sident rwandais Paul Kagame\u0301, dans son intervention a\u0300 l\u2019ouverture de cette assemble\u0301e, a insiste\u0301 sur la responsabilite\u0301 des uns et des autres dans la promotion du genre. Il a en outre, exhorte\u0301 les diffe\u0301rents acteurs a\u0300 s\u2019approprier la notion de l\u2019e\u0301galite\u0301 de genre, car elle joue un ro\u0302le important dans la vraie de\u0301mocratie, la de\u0301mocratie inclusive, pour femmes et hommes.<\/p>\n<p>\u00ab La lutte contre les ine\u0301galite\u0301s entre les sexes est une responsabilite\u0301 partage\u0301e, et les hommes ont le devoir de s\u2019exprimer, et pas seulement d\u2019e\u0302tre des spectateurs. L\u2019e\u0301galite\u0301 du genre reste un outil important dans le processus de transformation du Rwanda. Il n\u2019y a pas de solution magique pour y arriver sauf mener la lutte contre l\u2019ine\u0301galite\u0301 de genre des hommes et des femmes \u00bb, a souligne\u0301 le Pre\u0301sident rwandais<\/p>\n<p>Le pre\u0301sident de l\u2019Union Parlementaire, Duarte Pacheco, a, de son co\u0302te\u0301 montre\u0301 du doigt les expe\u0301riences du Rwanda dans la promotion du genre. Elle se concre\u0301tise me\u0302me au niveau de l\u2019assemble\u0301e nationale, ou la chambre basse est pre\u0301side\u0301e par une femme.<\/p>\n<p>L\u2019honorable Mukabalisa Donatille, la pre\u0301sidente de la chambre des de\u0301pute\u0301s du Rwanda, a exprime\u0301 la fierte\u0301 du Rwanda d\u2019avoir partage\u0301 avec d\u2019autres participants ses bonnes pratiques en matie\u0300re de genre.<\/p>\n<p>\u00ab Nous sommes tre\u0300s fiers de partager cette bonne expe\u0301rience avec nos colle\u0300gues venus de tous les coins du monde \u00bb, a indique\u0301 la pre\u0301sidente de la chambre basse, Mukabalisa Donatille.<\/p>\n<p>Tout comme le Rwanda, le Togo a e\u0301te\u0301 cite\u0301 comme mode\u0300le sur le continent africain en matie\u0300re de promotion du genre notamment la repre\u0301sentativite\u0301 des femmes a\u0300 l\u2019he\u0301micycle, au gouvernement et dans d\u2019autres instances politiques et postes de de\u0301cisions.<\/p>\n<p>Cette Assemble\u0301e a e\u0301te\u0301 enrichie par le forum des femmes parlementaires, la re\u0301union des pre\u0301sidents des groupes ge\u0301opolitiques et les pre\u0301sidents des commissions permanentes, les assises du comite\u0301 des droits de l\u2019homme des parlementaires, la re\u0301union des conseillers et secre\u0301taires de de\u0301le\u0301gations pour la premie\u0300re journe\u0301e notamment.<\/p>\n<p>Elle examinera e\u0301galement les mesures parlementaires a\u0300 prendre en matie\u0300re de migration internationale et la manie\u0300re de mettre fin a\u0300 la traite des e\u0302tres humains et aux violations des droits de l\u2019homme, y compris celles qui sont parraine\u0301es par l\u2019E\u0301tat.<\/p>\n<p>Parmi les autres questions a\u0300 l\u2019e\u0301tude figurent aussi la de\u0301gradation de l\u2019environnement et ses effets sur la prolife\u0301ration du terrorisme, l\u2019impact de la guerre et des atrocite\u0301s sur les populations civiles, la guerre et le changement climatique comme de\u0301clencheurs de l\u2019inse\u0301curite\u0301 alimentaire mondiale et la situation des droits de l\u2019homme des parlementaires.<\/p>\n<p>Assemble\u0301e nationale<\/p>\n<p><strong>Pour plus d&rsquo;informations et d&rsquo;analyses sur la <a href=\"https:\/\/www.africa-press.net\/togo\">Togo<\/a>, suivez <a href=\"https:\/\/www.africa-press.net\/\">Africa-Press<\/a><\/strong><\/p>\n","protected":false},"excerpt":{"rendered":"<p>Africa-Press &#8211; Togo. La 145e\u0300 Assemble\u0301e de l\u2019Union Interparlementaire se tient a\u0300 Kigali au Rwanda, du 11 au 15 Octobre 2022. Une de\u0301le\u0301gation togolaise conduite par l\u2019honorable Yaovi Attigbe\u0301 Ihou prend part activement aux travaux de cette rencontre consacre\u0301e a\u0300 : \u00ab L\u2019e\u0301galite\u0301 des sexes et des parlements sensibles au genre en tant que moteurs [&hellip;]<\/p>\n","protected":false},"author":82,"featured_media":12278,"comment_status":"open","ping_status":"closed","sticky":false,"template":"","format":"standard","meta":{"footnotes":""},"categories":[2,10],"tags":[36,49,50],"class_list":["post-12279","post","type-post","status-publish","format-standard","has-post-thumbnail","hentry","category-politique","category-toutes-les-actualites","tag-africa-press","tag-africa-press-togo","tag-togo"],"yoast_head":"<!-- This site is optimized with the Yoast SEO Premium plugin v26.1 (Yoast SEO v27.0) - https:\/\/yoast.com\/product\/yoast-seo-premium-wordpress\/ -->\n<title>145\u00e8 Assembl\u00e9e de l\u2019UIP \u00e0 Kigali : Une d\u00e9l\u00e9gation de d\u00e9put\u00e9s togolais participe aux travaux - Togo<\/title>\n<meta name=\"description\" content=\"La 145e\u0300 Assemble\u0301e de l\u2019Union Interparlementaire se tient a\u0300 Kigali au Rwanda, du 11 au 15 Octobre 2022. Une de\u0301le\u0301g ...\" \/>\n<meta name=\"robots\" content=\"index, follow, max-snippet:-1, max-image-preview:large, max-video-preview:-1\" \/>\n<link rel=\"canonical\" href=\"https:\/\/www.africa-press.net\/togo\/politique\/145e-assemblee-de-luip-a-kigali-une-delegation-de-deputes-togolais-participe-aux-travaux\" \/>\n<meta property=\"og:locale\" content=\"fr_FR\" \/>\n<meta property=\"og:type\" content=\"article\" \/>\n<meta property=\"og:title\" content=\"145\u00e8 Assembl\u00e9e de l\u2019UIP \u00e0 Kigali : Une d\u00e9l\u00e9gation de d\u00e9put\u00e9s togolais participe aux travaux\" \/>\n<meta property=\"og:description\" content=\"La 145e\u0300 Assemble\u0301e de l\u2019Union Interparlementaire se tient a\u0300 Kigali au Rwanda, du 11 au 15 Octobre 2022. Une de\u0301le\u0301g ...\" \/>\n<meta property=\"og:url\" content=\"https:\/\/www.africa-press.net\/togo\/politique\/145e-assemblee-de-luip-a-kigali-une-delegation-de-deputes-togolais-participe-aux-travaux\" \/>\n<meta property=\"og:site_name\" content=\"Togo\" \/>\n<meta property=\"article:published_time\" content=\"2022-10-12T18:35:17+00:00\" \/>\n<meta property=\"article:modified_time\" content=\"2022-10-12T18:44:04+00:00\" \/>\n<meta property=\"og:image\" content=\"https:\/\/static.africa-press.net\/togo\/sites\/58\/2022\/10\/postQueueImg_3-63470ad746342.jpg\" \/>\n\t<meta property=\"og:image:width\" content=\"1728\" \/>\n\t<meta property=\"og:image:height\" content=\"1188\" \/>\n\t<meta property=\"og:image:type\" content=\"image\/jpeg\" \/>\n<meta name=\"author\" content=\"cfeditorfr\" \/>\n<meta name=\"twitter:card\" content=\"summary_large_image\" \/>\n<meta name=\"twitter:label1\" content=\"\u00c9crit par\" \/>\n\t<meta name=\"twitter:data1\" content=\"cfeditorfr\" \/>\n\t<meta name=\"twitter:label2\" content=\"Dur\u00e9e de lecture estim\u00e9e\" \/>\n\t<meta name=\"twitter:data2\" content=\"3 minutes\" \/>\n<script type=\"application\/ld+json\" class=\"yoast-schema-graph\">{\"@context\":\"https:\/\/schema.org\",\"@graph\":[{\"@type\":\"Article\",\"@id\":\"https:\/\/www.africa-press.net\/togo\/politique\/145e-assemblee-de-luip-a-kigali-une-delegation-de-deputes-togolais-participe-aux-travaux#article\",\"isPartOf\":{\"@id\":\"https:\/\/www.africa-press.net\/togo\/politique\/145e-assemblee-de-luip-a-kigali-une-delegation-de-deputes-togolais-participe-aux-travaux\"},\"author\":{\"name\":\"cfeditorfr\",\"@id\":\"https:\/\/www.africa-press.net\/togo\/#\/schema\/person\/2b1cf3cd81a31e3cd26889ca66d677f1\"},\"headline\":\"145\u00e8 Assembl\u00e9e de l\u2019UIP \u00e0 Kigali : Une d\u00e9l\u00e9gation de d\u00e9put\u00e9s togolais participe aux travaux\",\"datePublished\":\"2022-10-12T18:35:17+00:00\",\"dateModified\":\"2022-10-12T18:44:04+00:00\",\"mainEntityOfPage\":{\"@id\":\"https:\/\/www.africa-press.net\/togo\/politique\/145e-assemblee-de-luip-a-kigali-une-delegation-de-deputes-togolais-participe-aux-travaux\"},\"wordCount\":715,\"commentCount\":0,\"image\":{\"@id\":\"https:\/\/www.africa-press.net\/togo\/politique\/145e-assemblee-de-luip-a-kigali-une-delegation-de-deputes-togolais-participe-aux-travaux#primaryimage\"},\"thumbnailUrl\":\"https:\/\/static.africa-press.net\/togo\/sites\/58\/2022\/10\/postQueueImg_3-63470ad746342.jpg\",\"keywords\":[\"Africa Press\",\"Africa Press-Togo\",\"Togo\"],\"articleSection\":[\"Politique\",\"Toutes les actualit\u00e9s\"],\"inLanguage\":\"fr-FR\",\"potentialAction\":[{\"@type\":\"CommentAction\",\"name\":\"Comment\",\"target\":[\"https:\/\/www.africa-press.net\/togo\/politique\/145e-assemblee-de-luip-a-kigali-une-delegation-de-deputes-togolais-participe-aux-travaux#respond\"]}]},{\"@type\":\"WebPage\",\"@id\":\"https:\/\/www.africa-press.net\/togo\/politique\/145e-assemblee-de-luip-a-kigali-une-delegation-de-deputes-togolais-participe-aux-travaux\",\"url\":\"https:\/\/www.africa-press.net\/togo\/politique\/145e-assemblee-de-luip-a-kigali-une-delegation-de-deputes-togolais-participe-aux-travaux\",\"name\":\"145\u00e8 Assembl\u00e9e de l\u2019UIP \u00e0 Kigali : Une d\u00e9l\u00e9gation de d\u00e9put\u00e9s togolais participe aux travaux - Togo\",\"isPartOf\":{\"@id\":\"https:\/\/www.africa-press.net\/togo\/#website\"},\"primaryImageOfPage\":{\"@id\":\"https:\/\/www.africa-press.net\/togo\/politique\/145e-assemblee-de-luip-a-kigali-une-delegation-de-deputes-togolais-participe-aux-travaux#primaryimage\"},\"image\":{\"@id\":\"https:\/\/www.africa-press.net\/togo\/politique\/145e-assemblee-de-luip-a-kigali-une-delegation-de-deputes-togolais-participe-aux-travaux#primaryimage\"},\"thumbnailUrl\":\"https:\/\/static.africa-press.net\/togo\/sites\/58\/2022\/10\/postQueueImg_3-63470ad746342.jpg\",\"datePublished\":\"2022-10-12T18:35:17+00:00\",\"dateModified\":\"2022-10-12T18:44:04+00:00\",\"author\":{\"@id\":\"https:\/\/www.africa-press.net\/togo\/#\/schema\/person\/2b1cf3cd81a31e3cd26889ca66d677f1\"},\"description\":\"La 145e\u0300 Assemble\u0301e de l\u2019Union Interparlementaire se tient a\u0300 Kigali au Rwanda, du 11 au 15 Octobre 2022. Une de\u0301le\u0301g ...\",\"breadcrumb\":{\"@id\":\"https:\/\/www.africa-press.net\/togo\/politique\/145e-assemblee-de-luip-a-kigali-une-delegation-de-deputes-togolais-participe-aux-travaux#breadcrumb\"},\"inLanguage\":\"fr-FR\",\"potentialAction\":[{\"@type\":\"ReadAction\",\"target\":[\"https:\/\/www.africa-press.net\/togo\/politique\/145e-assemblee-de-luip-a-kigali-une-delegation-de-deputes-togolais-participe-aux-travaux\"]}]},{\"@type\":\"ImageObject\",\"inLanguage\":\"fr-FR\",\"@id\":\"https:\/\/www.africa-press.net\/togo\/politique\/145e-assemblee-de-luip-a-kigali-une-delegation-de-deputes-togolais-participe-aux-travaux#primaryimage\",\"url\":\"https:\/\/static.africa-press.net\/togo\/sites\/58\/2022\/10\/postQueueImg_3-63470ad746342.jpg\",\"contentUrl\":\"https:\/\/static.africa-press.net\/togo\/sites\/58\/2022\/10\/postQueueImg_3-63470ad746342.jpg\",\"width\":1728,\"height\":1188,\"caption\":\"145\u00e8 Assembl\u00e9e de l\u2019UIP \u00e0 Kigali : Une d\u00e9l\u00e9gation de d\u00e9put\u00e9s togolais participe aux travaux\"},{\"@type\":\"BreadcrumbList\",\"@id\":\"https:\/\/www.africa-press.net\/togo\/politique\/145e-assemblee-de-luip-a-kigali-une-delegation-de-deputes-togolais-participe-aux-travaux#breadcrumb\",\"itemListElement\":[{\"@type\":\"ListItem\",\"position\":1,\"name\":\"Accueil\",\"item\":\"https:\/\/www.africa-press.net\/togo\/\"},{\"@type\":\"ListItem\",\"position\":2,\"name\":\"145\u00e8 Assembl\u00e9e de l\u2019UIP \u00e0 Kigali : Une d\u00e9l\u00e9gation de d\u00e9put\u00e9s togolais participe aux travaux\"}]},{\"@type\":\"WebSite\",\"@id\":\"https:\/\/www.africa-press.net\/togo\/#website\",\"url\":\"https:\/\/www.africa-press.net\/togo\/\",\"name\":\"Togo\",\"description\":\"Just another Africa News Agency Sites site\",\"potentialAction\":[{\"@type\":\"SearchAction\",\"target\":{\"@type\":\"EntryPoint\",\"urlTemplate\":\"https:\/\/www.africa-press.net\/togo\/?s={search_term_string}\"},\"query-input\":{\"@type\":\"PropertyValueSpecification\",\"valueRequired\":true,\"valueName\":\"search_term_string\"}}],\"inLanguage\":\"fr-FR\"},{\"@type\":\"Person\",\"@id\":\"https:\/\/www.africa-press.net\/togo\/#\/schema\/person\/2b1cf3cd81a31e3cd26889ca66d677f1\",\"name\":\"cfeditorfr\"}]}<\/script>\n<!-- \/ Yoast SEO Premium plugin. -->","yoast_head_json":{"title":"145\u00e8 Assembl\u00e9e de l\u2019UIP \u00e0 Kigali : Une d\u00e9l\u00e9gation de d\u00e9put\u00e9s togolais participe aux travaux - Togo","description":"La 145e\u0300 Assemble\u0301e de l\u2019Union Interparlementaire se tient a\u0300 Kigali au Rwanda, du 11 au 15 Octobre 2022. Une de\u0301le\u0301g ...","robots":{"index":"index","follow":"follow","max-snippet":"max-snippet:-1","max-image-preview":"max-image-preview:large","max-video-preview":"max-video-preview:-1"},"canonical":"https:\/\/www.africa-press.net\/togo\/politique\/145e-assemblee-de-luip-a-kigali-une-delegation-de-deputes-togolais-participe-aux-travaux","og_locale":"fr_FR","og_type":"article","og_title":"145\u00e8 Assembl\u00e9e de l\u2019UIP \u00e0 Kigali : Une d\u00e9l\u00e9gation de d\u00e9put\u00e9s togolais participe aux travaux","og_description":"La 145e\u0300 Assemble\u0301e de l\u2019Union Interparlementaire se tient a\u0300 Kigali au Rwanda, du 11 au 15 Octobre 2022. Une de\u0301le\u0301g ...","og_url":"https:\/\/www.africa-press.net\/togo\/politique\/145e-assemblee-de-luip-a-kigali-une-delegation-de-deputes-togolais-participe-aux-travaux","og_site_name":"Togo","article_published_time":"2022-10-12T18:35:17+00:00","article_modified_time":"2022-10-12T18:44:04+00:00","og_image":[{"width":1728,"height":1188,"url":"https:\/\/static.africa-press.net\/togo\/sites\/58\/2022\/10\/postQueueImg_3-63470ad746342.jpg","type":"image\/jpeg"}],"author":"cfeditorfr","twitter_card":"summary_large_image","twitter_misc":{"\u00c9crit par":"cfeditorfr","Dur\u00e9e de lecture estim\u00e9e":"3 minutes"},"schema":{"@context":"https:\/\/schema.org","@graph":[{"@type":"Article","@id":"https:\/\/www.africa-press.net\/togo\/politique\/145e-assemblee-de-luip-a-kigali-une-delegation-de-deputes-togolais-participe-aux-travaux#article","isPartOf":{"@id":"https:\/\/www.africa-press.net\/togo\/politique\/145e-assemblee-de-luip-a-kigali-une-delegation-de-deputes-togolais-participe-aux-travaux"},"author":{"name":"cfeditorfr","@id":"https:\/\/www.africa-press.net\/togo\/#\/schema\/person\/2b1cf3cd81a31e3cd26889ca66d677f1"},"headline":"145\u00e8 Assembl\u00e9e de l\u2019UIP \u00e0 Kigali : Une d\u00e9l\u00e9gation de d\u00e9put\u00e9s togolais participe aux travaux","datePublished":"2022-10-12T18:35:17+00:00","dateModified":"2022-10-12T18:44:04+00:00","mainEntityOfPage":{"@id":"https:\/\/www.africa-press.net\/togo\/politique\/145e-assemblee-de-luip-a-kigali-une-delegation-de-deputes-togolais-participe-aux-travaux"},"wordCount":715,"commentCount":0,"image":{"@id":"https:\/\/www.africa-press.net\/togo\/politique\/145e-assemblee-de-luip-a-kigali-une-delegation-de-deputes-togolais-participe-aux-travaux#primaryimage"},"thumbnailUrl":"https:\/\/static.africa-press.net\/togo\/sites\/58\/2022\/10\/postQueueImg_3-63470ad746342.jpg","keywords":["Africa Press","Africa Press-Togo","Togo"],"articleSection":["Politique","Toutes les actualit\u00e9s"],"inLanguage":"fr-FR","potentialAction":[{"@type":"CommentAction","name":"Comment","target":["https:\/\/www.africa-press.net\/togo\/politique\/145e-assemblee-de-luip-a-kigali-une-delegation-de-deputes-togolais-participe-aux-travaux#respond"]}]},{"@type":"WebPage","@id":"https:\/\/www.africa-press.net\/togo\/politique\/145e-assemblee-de-luip-a-kigali-une-delegation-de-deputes-togolais-participe-aux-travaux","url":"https:\/\/www.africa-press.net\/togo\/politique\/145e-assemblee-de-luip-a-kigali-une-delegation-de-deputes-togolais-participe-aux-travaux","name":"145\u00e8 Assembl\u00e9e de l\u2019UIP \u00e0 Kigali : Une d\u00e9l\u00e9gation de d\u00e9put\u00e9s togolais participe aux travaux - Togo","isPartOf":{"@id":"https:\/\/www.africa-press.net\/togo\/#website"},"primaryImageOfPage":{"@id":"https:\/\/www.africa-press.net\/togo\/politique\/145e-assemblee-de-luip-a-kigali-une-delegation-de-deputes-togolais-participe-aux-travaux#primaryimage"},"image":{"@id":"https:\/\/www.africa-press.net\/togo\/politique\/145e-assemblee-de-luip-a-kigali-une-delegation-de-deputes-togolais-participe-aux-travaux#primaryimage"},"thumbnailUrl":"https:\/\/static.africa-press.net\/togo\/sites\/58\/2022\/10\/postQueueImg_3-63470ad746342.jpg","datePublished":"2022-10-12T18:35:17+00:00","dateModified":"2022-10-12T18:44:04+00:00","author":{"@id":"https:\/\/www.africa-press.net\/togo\/#\/schema\/person\/2b1cf3cd81a31e3cd26889ca66d677f1"},"description":"La 145e\u0300 Assemble\u0301e de l\u2019Union Interparlementaire se tient a\u0300 Kigali au Rwanda, du 11 au 15 Octobre 2022. Une de\u0301le\u0301g ...","breadcrumb":{"@id":"https:\/\/www.africa-press.net\/togo\/politique\/145e-assemblee-de-luip-a-kigali-une-delegation-de-deputes-togolais-participe-aux-travaux#breadcrumb"},"inLanguage":"fr-FR","potentialAction":[{"@type":"ReadAction","target":["https:\/\/www.africa-press.net\/togo\/politique\/145e-assemblee-de-luip-a-kigali-une-delegation-de-deputes-togolais-participe-aux-travaux"]}]},{"@type":"ImageObject","inLanguage":"fr-FR","@id":"https:\/\/www.africa-press.net\/togo\/politique\/145e-assemblee-de-luip-a-kigali-une-delegation-de-deputes-togolais-participe-aux-travaux#primaryimage","url":"https:\/\/static.africa-press.net\/togo\/sites\/58\/2022\/10\/postQueueImg_3-63470ad746342.jpg","contentUrl":"https:\/\/static.africa-press.net\/togo\/sites\/58\/2022\/10\/postQueueImg_3-63470ad746342.jpg","width":1728,"height":1188,"caption":"145\u00e8 Assembl\u00e9e de l\u2019UIP \u00e0 Kigali : Une d\u00e9l\u00e9gation de d\u00e9put\u00e9s togolais participe aux travaux"},{"@type":"BreadcrumbList","@id":"https:\/\/www.africa-press.net\/togo\/politique\/145e-assemblee-de-luip-a-kigali-une-delegation-de-deputes-togolais-participe-aux-travaux#breadcrumb","itemListElement":[{"@type":"ListItem","position":1,"name":"Accueil","item":"https:\/\/www.africa-press.net\/togo\/"},{"@type":"ListItem","position":2,"name":"145\u00e8 Assembl\u00e9e de l\u2019UIP \u00e0 Kigali : Une d\u00e9l\u00e9gation de d\u00e9put\u00e9s togolais participe aux travaux"}]},{"@type":"WebSite","@id":"https:\/\/www.africa-press.net\/togo\/#website","url":"https:\/\/www.africa-press.net\/togo\/","name":"Togo","description":"Just another Africa News Agency Sites site","potentialAction":[{"@type":"SearchAction","target":{"@type":"EntryPoint","urlTemplate":"https:\/\/www.africa-press.net\/togo\/?s={search_term_string}"},"query-input":{"@type":"PropertyValueSpecification","valueRequired":true,"valueName":"search_term_string"}}],"inLanguage":"fr-FR"},{"@type":"Person","@id":"https:\/\/www.africa-press.net\/togo\/#\/schema\/person\/2b1cf3cd81a31e3cd26889ca66d677f1","name":"cfeditorfr"}]}},"_links":{"self":[{"href":"https:\/\/www.africa-press.net\/togo\/wp-json\/wp\/v2\/posts\/12279","targetHints":{"allow":["GET"]}}],"collection":[{"href":"https:\/\/www.africa-press.net\/togo\/wp-json\/wp\/v2\/posts"}],"about":[{"href":"https:\/\/www.africa-press.net\/togo\/wp-json\/wp\/v2\/types\/post"}],"author":[{"embeddable":true,"href":"https:\/\/www.africa-press.net\/togo\/wp-json\/wp\/v2\/users\/82"}],"replies":[{"embeddable":true,"href":"https:\/\/www.africa-press.net\/togo\/wp-json\/wp\/v2\/comments?post=12279"}],"version-history":[{"count":0,"href":"https:\/\/www.africa-press.net\/togo\/wp-json\/wp\/v2\/posts\/12279\/revisions"}],"wp:featuredmedia":[{"embeddable":true,"href":"https:\/\/www.africa-press.net\/togo\/wp-json\/wp\/v2\/media\/12278"}],"wp:attachment":[{"href":"https:\/\/www.africa-press.net\/togo\/wp-json\/wp\/v2\/media?parent=12279"}],"wp:term":[{"taxonomy":"category","embeddable":true,"href":"https:\/\/www.africa-press.net\/togo\/wp-json\/wp\/v2\/categories?post=12279"},{"taxonomy":"post_tag","embeddable":true,"href":"https:\/\/www.africa-press.net\/togo\/wp-json\/wp\/v2\/tags?post=12279"}],"curies":[{"name":"wp","href":"https:\/\/api.w.org\/{rel}","templated":true}]}}