{"id":12285,"date":"2022-10-12T18:35:58","date_gmt":"2022-10-12T18:35:58","guid":{"rendered":"https:\/\/www.africa-press.net\/togo\/politique\/togo-adam-abdou-dermane-certains-violent-le-repos-biologique"},"modified":"2022-10-12T18:45:13","modified_gmt":"2022-10-12T18:45:13","slug":"togo-adam-abdou-dermane-certains-violent-le-repos-biologique","status":"publish","type":"post","link":"https:\/\/www.africa-press.net\/togo\/dossiers\/togo-adam-abdou-dermane-certains-violent-le-repos-biologique","title":{"rendered":"Togo-Adam Abdou Dermane : \u00ab Certains violent le repos biologique \u00bb"},"content":{"rendered":"<p><span style=\"color: #ff6600\"><strong>Africa-Press &#8211; Togo. <\/strong><\/span><b>Secre\u0301taire Ge\u0301ne\u0301ral du Syndicat national des pe\u0302cheurs du Togo (Synapeto) et e\u0301galement Secre\u0301taire Ge\u0301ne\u0301ral adjoint de la Fe\u0301de\u0301ration nationale des unions de coope\u0301ratives de pe\u0302che du Togo (Fenucopto), Adam Abdou Dermane dresse ici un tableau sombre sur la pe\u0302che, surtout continentale. Un secteur dont on parle peu car domine\u0301 par la pe\u0302che maritime.<\/b><br \/>\n<b>Quels sont, selon vous, les facteurs qui empe\u0302chent le de\u0301collage de la pe\u0302che<\/b><\/p>\n<p>continentale ?<\/p>\n<p>Au Togo, depuis un temps, les e\u0301tangs piscicoles ont disparu. Les lagunes sont<\/p>\n<p>pleines de de\u0301chets plastiques et toxiques qui empe\u0302chent la reproduction<\/p>\n<p>des ressources halieutiques et aussi ne leur permettent pas de vivre aise\u0301ment. Des<\/p>\n<p>conditions qui ne permettent pas aux poissons d\u2019avoir la frai\u0302cheur, le plancton. Cela les oblige de migrer vers n\u2019importe ou\u0300.<\/p>\n<p><b>Qu\u2019est-ce qui explique la disparition de ces e\u0301tangs piscicoles ?<\/b><\/p>\n<p>C\u2019est par rapport a\u0300 l\u2019assainissement. Et je donnerai l\u2019exemple de la rivie\u0300re Sara dans la pre\u0301fecture d\u2019Assoli a\u0300 Bafilo. Lorsque j\u2019e\u0301tais enfant, c\u2019e\u0301tait une grande rivie\u0300re<\/p>\n<p>qui nourrissait la population riveraine. Paralle\u0300lement, des activite\u0301s connexes<\/p>\n<p>s\u2019effectuaient le long de son cours comme le marai\u0302chage et d\u2019autres<\/p>\n<p>activite\u0301s agricoles. Lors des saisons pluvieuses, elle de\u0301bordait de son lit, tout comme les affluents. Mais la construction d\u2019un cha\u0302teau d\u2019eau va entrai\u0302ner l\u2019asse\u0300chement du cours d\u2019eau Sara quelques anne\u0301es plus tard.<\/p>\n<p>Aujourd\u2019hui, la rivie\u0300re n\u2019est plus ce qu\u2019elle e\u0301tait. Le cours d\u2019eau s\u2019est de\u0301grossi. L\u2019asse\u0300chement est tel que l\u2019irrigation n\u2019est plus praticable. Me\u0302me certaines<\/p>\n<p>ONG avaient voulu faire de la pisciculture, mais le tarissement de l\u2019eau n\u2019a pas<\/p>\n<p>permis l\u2019exe\u0301cution du projet.<\/p>\n<p>La transhumance aussi est l\u2019un des facteurs de la se\u0301cheresse des e\u0301tangs<\/p>\n<p>piscicoles. Lors du pa\u0302turage, les e\u0301leveurs ame\u0300nent les animaux aux bords des<\/p>\n<p>cours d\u2019eau. Cela contribue aussi a\u0300 l\u2019asse\u0300chement des rivie\u0300res, surtout des petits e\u0301tangs.<\/p>\n<p>Tous ces facteurs sont devenus des proble\u0300mes pour la pe\u0302che continentale<\/p>\n<p>qui ne re\u0301pond plus. Il faut souligner quand me\u0302me que les gens font des efforts.<\/p>\n<p><b>Qu\u2019est-ce qu\u2019on peut entendre par efforts ?<\/b><\/p>\n<p>A Nangbe\u0301to, on peut parler d\u2019une organisation autour de la pe\u0302che qui se pratique<\/p>\n<p>la\u0300-bas. Il est souvent instaure\u0301 le repos biologique afin de permettre la reproduction des poissons et la restauration des espe\u0300ces aquatiques.<\/p>\n<p>Aujourd\u2019hui, le barrage de Nangbe\u0301to est vraiment sain et bien ge\u0301re\u0301. Ce barrage et<\/p>\n<p>le fleuve Oti sont les deux importants bassins de ressources halieutiques au<\/p>\n<p>Togo. On peut ajouter le cours d\u2019eau Mono, mais dans une moindre mesure.<\/p>\n<p>Je dois pre\u0301ciser que Nangbe\u0301to est un barrage public que l\u2019Etat a ame\u0301nage\u0301. Il a me\u0302me dote\u0301 les pe\u0302cheurs de mate\u0301riels ade\u0301quats et adapte\u0301s. Il y a des coope\u0301ratives de<\/p>\n<p>pe\u0302cheurs qui se sont constitue\u0301es en comite\u0301s de surveillance sur le barrage.<\/p>\n<p>Car souvent, lors des repos biologiques, il y a certains<\/p>\n<p>qui violent la re\u0301glementation. En 2021, apre\u0300s l\u2019interdiction temporaire de l\u2019activite\u0301 de<\/p>\n<p>pe\u0302che, il a e\u0301te\u0301 enregistre\u0301 un tonnage important en quantite\u0301 et en qualite\u0301 de<\/p>\n<p>poissons.<\/p>\n<p>Au niveau de l \u2019Oti, la Fe\u0301de\u0301ration nationale a organise\u0301 les acteurs et donne\u0301 des instructions fermes par rapport a\u0300 l\u2019exploitation de la ressource. Celui qui n\u2019est<\/p>\n<p>pas dans une coope\u0301rative n\u2019est pas autorise\u0301 a\u0300 pratiquer la pe\u0302che. Il y a des<\/p>\n<p>coope\u0301ratives mixtes de pe\u0302cheurs et de transformatrices, des<\/p>\n<p>coope\u0301ratives uniquement pour les transformatrices, entre autres. Toutefois, sur le<\/p>\n<p>fleuve Oti, il n\u2019y a pas de repos biologique. Donc il y a une organisation mene\u0301e<\/p>\n<p>de concert avec l\u2019administration locale.<\/p>\n<p><b>On peut avoir une ide\u0301e sur la contribution de la pe\u0302che continentale au PIB<\/b><\/p>\n<p>national ?<\/p>\n<p>Elle est de 4,1%. Il faut pre\u0301ciser que ce pourcentage inclut la pe\u0302che maritime et la pe\u0302che continentale.<\/p>\n<p><b>Quels sont les de\u0301fis auxquels la pe\u0302che continentale est confronte\u0301e ?<\/b><\/p>\n<p>L\u2019intrant, c\u2019est d\u2019abord le mate\u0301riel de pe\u0302che. Le filet est disponible, mais c\u2019est<\/p>\n<p>re\u0301pondre aux normes qui pose proble\u0300me.<\/p>\n<p>Aujourd\u2019hui, dans la sous-re\u0301gion, les gens cherchent par tous les moyens a\u0300 avoir<\/p>\n<p>le poisson. On se rend compte que le poisson se fait de plus en plus rare.<\/p>\n<p>Quand c\u2019est comme c\u0327a, et lorsque les gens ont fait de cette activite\u0301 leur<\/p>\n<p>profession, ils e\u0301laborent des strate\u0301gies uniquement pour prendre le poisson, me\u0302me si<\/p>\n<p>c\u2019est un alevin. Ce sont des pratiques prohibe\u0301es. Toute c\u0327a, nous l\u2019appelons la<\/p>\n<p>surexploitation. Elle contribue a\u0300 la disparition des espe\u0300ces et a\u0300 la diminution des stocks. Les intrants sont disponibles, mais la question est de savoir si nous respectons les normes. Que ce soit la pe\u0302che maritime ou continentale, il y a une<\/p>\n<p>re\u0301glementation qui encadre les mate\u0301riels de pe\u0302che par exemple, la pirogue, les<\/p>\n<p>mailles des filets. Je dois ajouter que pour la pe\u0302che maritime, le premier intrant<\/p>\n<p>est le carburant et viennent par la suite le filet et la pirogue.<\/p>\n<p><b>Que fait votre fe\u0301de\u0301ration dans ce sens ?<\/b><\/p>\n<p>La Fe\u0301de\u0301ration, le 03 avril 2022 dernier, a tenu une confe\u0301rence de presse pour<\/p>\n<p>dire a\u0300 l\u2019opinion que nous-me\u0302mes en tant qu\u2019acteurs, nous nous engageons a\u0300<\/p>\n<p>respecter les bonnes pratiques de pe\u0302che, e\u0301viter la pe\u0302che illicite ou la pe\u0302che<\/p>\n<p>INN qui dit qu\u2019il ne faut pas pratiquer la pe\u0302che de petite maille, la pe\u0302che au feu, la<\/p>\n<p>pe\u0302che au carbure qui sont des pratiques prohibe\u0301es (c\u0327a se fait au Togo). Au port de<\/p>\n<p>pe\u0302che de Lome\u0301, deux de ces genres de pratiques se font actuellement. Cela<\/p>\n<p>contribue a\u0300 la surexploitation et a\u0300 la diminution de stock. Et devant cette situation, on<\/p>\n<p>a fait de la sensibilisation, des tourne\u0301es de sensibilisation me\u0302me jusqu\u2019a\u0300 l\u2019inte\u0301rieur du pays pour dire aux gens de respecter la loi. Si nous pratiquons les bonnes<\/p>\n<p>pratiques de pe\u0302che, les espe\u0300ces peuvent revenir. Il y a les filets re\u0300glemente\u0301s a\u0300<\/p>\n<p>toutes espe\u0300ces de pe\u0302che.<\/p>\n<p>Je pre\u0301cise que la pe\u0302che illicite se pratique aussi sur les fleuves Nangbeto, Oti et<\/p>\n<p>sur les autres cours d\u2019eau. Et c\u2019est ce qui tue le plateau continental. Cela a amene\u0301<\/p>\n<p>a\u0300 l\u2019instauration du repos biologique.<\/p>\n<p>Au niveau de la pe\u0302che maritime, il y a presque toutes les communaute\u0301s. A<\/p>\n<p>la suite de la confe\u0301rence de presse, il y a eu des incompre\u0301hensions. Les<\/p>\n<p>pe\u0302cheurs ghane\u0301ens ont saisi leurs autorite\u0301s pour leur dire qu\u2019on leur interdit de<\/p>\n<p>pe\u0302cher dans les eaux togolaises. Tel n\u2019e\u0301tait pas le cas. Il s\u2019agissait de<\/p>\n<p>sensibiliser les uns et les autres sur les pratiques prohibe\u0301es. Aujourd\u2019hui, nous<\/p>\n<p>pouvons dire que la sensibilisation produit des effets positifs.<\/p>\n<p><b>Quel est, selon vous, le proble\u0300me principal auquel fait face la pe\u0302che continentale ?<\/b><\/p>\n<p>C\u2019est l\u2019ame\u0301nagement des e\u0301tangs. L\u2019Etat avait pris sur lui d\u2019ame\u0301nager les e\u0301tangs<\/p>\n<p>\u00ab Certains violent le repos biologique \u00bb piscicoles qui tendaient a\u0300 disparai\u0302tre et de reconvertir les jeunes dans la formation de la pisciculture pour accompagner la pe\u0302che<\/p>\n<p>maritime. Il y a eu les fonds koweitiens pour aider les acteurs de la pe\u0302che<\/p>\n<p>continentale, mais cela a rencontre\u0301 des proble\u0300mes.<\/p>\n<p>Aujourd\u2019hui, il y a le MIFA qui est la\u0300 pour accompagner les acteurs. Aussi cela demande-t-il des e\u0301tudes d\u2019impact environnemental. C\u2019est toute une e\u0301tude qui requiert<\/p>\n<p>l\u2019avis des spe\u0301cialistes avant de se lancer dans l\u2019e\u0301levage piscicole. Si l \u2019Etat peut<\/p>\n<p>ame\u0301nager des zones comme c\u0327a uniquement de\u0301die\u0301es a\u0300 la pisciculture, je<\/p>\n<p>pense que cela peut re\u0301soudre le proble\u0300me. Un e\u0301tang piscicole peut<\/p>\n<p>ge\u0301ne\u0301rer au moins dix emplois. Cela de\u0301pend de l\u2019envergure du projet, de<\/p>\n<p>l\u2019ame\u0301nagement du sol, de la disponibilite\u0301 de l\u2019eau, de l\u2019aliment des poissons, entre<\/p>\n<p>autres. Vous comprenez de\u0300s lors que ce n\u2019est pas une affaire d\u2019une seule<\/p>\n<p>personne.<\/p>\n<p>La pe\u0302che peut nourrir son homme si le secteur est bien ge\u0301re\u0301. Les pe\u0302cheurs aussi se<\/p>\n<p>doivent de respecter scrupuleusement les re\u0301glementations et surtout cesser l es mauvaises pratiques. L\u2019Etat aussi de son co\u0302te\u0301 doit accompagner les acteurs de la filie\u0300re en les dotant de mate\u0301riels adapte\u0301s et financie\u0300rement.<\/p>\n<p><strong>Pour plus d&rsquo;informations et d&rsquo;analyses sur la <a href=\"https:\/\/www.africa-press.net\/togo\">Togo<\/a>, suivez <a href=\"https:\/\/www.africa-press.net\/\">Africa-Press<\/a><\/strong><\/p>\n","protected":false},"excerpt":{"rendered":"<p>Africa-Press &#8211; Togo. Secre\u0301taire Ge\u0301ne\u0301ral du Syndicat national des pe\u0302cheurs du Togo (Synapeto) et e\u0301galement Secre\u0301taire Ge\u0301ne\u0301ral adjoint de la Fe\u0301de\u0301ration nationale des unions de coope\u0301ratives de pe\u0302che du Togo (Fenucopto), Adam Abdou Dermane dresse ici un tableau sombre sur la pe\u0302che, surtout continentale. Un secteur dont on parle peu car domine\u0301 par la pe\u0302che [&hellip;]<\/p>\n","protected":false},"author":82,"featured_media":12284,"comment_status":"open","ping_status":"closed","sticky":false,"template":"","format":"standard","meta":{"footnotes":""},"categories":[7,10],"tags":[36,49,50],"class_list":["post-12285","post","type-post","status-publish","format-standard","has-post-thumbnail","hentry","category-dossiers","category-toutes-les-actualites","tag-africa-press","tag-africa-press-togo","tag-togo"],"yoast_head":"<!-- This site is optimized with the Yoast SEO Premium plugin v26.1 (Yoast SEO v27.0) - https:\/\/yoast.com\/product\/yoast-seo-premium-wordpress\/ -->\n<title>Togo-Adam Abdou Dermane : \u00ab Certains violent le repos biologique \u00bb - Togo<\/title>\n<meta name=\"description\" content=\"Secre\u0301taire Ge\u0301ne\u0301ral du Syndicat national des pe\u0302cheurs du Togo (Synapeto) et e\u0301galement Secre\u0301taire Ge\u0301ne\u0301ral adjoi ...\" \/>\n<meta name=\"robots\" content=\"index, follow, max-snippet:-1, max-image-preview:large, max-video-preview:-1\" \/>\n<link rel=\"canonical\" href=\"https:\/\/www.africa-press.net\/togo\/dossiers\/togo-adam-abdou-dermane-certains-violent-le-repos-biologique\" \/>\n<meta property=\"og:locale\" content=\"fr_FR\" \/>\n<meta property=\"og:type\" content=\"article\" \/>\n<meta property=\"og:title\" content=\"Togo-Adam Abdou Dermane : \u00ab Certains violent le repos biologique \u00bb\" \/>\n<meta property=\"og:description\" content=\"Secre\u0301taire Ge\u0301ne\u0301ral du Syndicat national des pe\u0302cheurs du Togo (Synapeto) et e\u0301galement Secre\u0301taire Ge\u0301ne\u0301ral adjoi ...\" \/>\n<meta property=\"og:url\" content=\"https:\/\/www.africa-press.net\/togo\/dossiers\/togo-adam-abdou-dermane-certains-violent-le-repos-biologique\" \/>\n<meta property=\"og:site_name\" content=\"Togo\" \/>\n<meta property=\"article:published_time\" content=\"2022-10-12T18:35:58+00:00\" \/>\n<meta property=\"article:modified_time\" content=\"2022-10-12T18:45:13+00:00\" \/>\n<meta property=\"og:image\" content=\"https:\/\/static.africa-press.net\/togo\/sites\/58\/2022\/10\/postQueueImg_5-63470b1d7cd0f.jpg\" \/>\n\t<meta property=\"og:image:width\" content=\"1280\" \/>\n\t<meta property=\"og:image:height\" content=\"800\" \/>\n\t<meta property=\"og:image:type\" content=\"image\/jpeg\" \/>\n<meta name=\"author\" content=\"cfeditorfr\" \/>\n<meta name=\"twitter:card\" content=\"summary_large_image\" \/>\n<meta name=\"twitter:label1\" content=\"\u00c9crit par\" \/>\n\t<meta name=\"twitter:data1\" content=\"cfeditorfr\" \/>\n\t<meta name=\"twitter:label2\" content=\"Dur\u00e9e de lecture estim\u00e9e\" \/>\n\t<meta name=\"twitter:data2\" content=\"7 minutes\" \/>\n<script type=\"application\/ld+json\" class=\"yoast-schema-graph\">{\"@context\":\"https:\/\/schema.org\",\"@graph\":[{\"@type\":\"Article\",\"@id\":\"https:\/\/www.africa-press.net\/togo\/dossiers\/togo-adam-abdou-dermane-certains-violent-le-repos-biologique#article\",\"isPartOf\":{\"@id\":\"https:\/\/www.africa-press.net\/togo\/dossiers\/togo-adam-abdou-dermane-certains-violent-le-repos-biologique\"},\"author\":{\"name\":\"cfeditorfr\",\"@id\":\"https:\/\/www.africa-press.net\/togo\/#\/schema\/person\/2b1cf3cd81a31e3cd26889ca66d677f1\"},\"headline\":\"Togo-Adam Abdou Dermane : \u00ab Certains violent le repos biologique \u00bb\",\"datePublished\":\"2022-10-12T18:35:58+00:00\",\"dateModified\":\"2022-10-12T18:45:13+00:00\",\"mainEntityOfPage\":{\"@id\":\"https:\/\/www.africa-press.net\/togo\/dossiers\/togo-adam-abdou-dermane-certains-violent-le-repos-biologique\"},\"wordCount\":1529,\"commentCount\":0,\"image\":{\"@id\":\"https:\/\/www.africa-press.net\/togo\/dossiers\/togo-adam-abdou-dermane-certains-violent-le-repos-biologique#primaryimage\"},\"thumbnailUrl\":\"https:\/\/static.africa-press.net\/togo\/sites\/58\/2022\/10\/postQueueImg_5-63470b1d7cd0f.jpg\",\"keywords\":[\"Africa Press\",\"Africa Press-Togo\",\"Togo\"],\"articleSection\":[\"Dossiers\",\"Toutes les actualit\u00e9s\"],\"inLanguage\":\"fr-FR\",\"potentialAction\":[{\"@type\":\"CommentAction\",\"name\":\"Comment\",\"target\":[\"https:\/\/www.africa-press.net\/togo\/dossiers\/togo-adam-abdou-dermane-certains-violent-le-repos-biologique#respond\"]}]},{\"@type\":\"WebPage\",\"@id\":\"https:\/\/www.africa-press.net\/togo\/dossiers\/togo-adam-abdou-dermane-certains-violent-le-repos-biologique\",\"url\":\"https:\/\/www.africa-press.net\/togo\/dossiers\/togo-adam-abdou-dermane-certains-violent-le-repos-biologique\",\"name\":\"Togo-Adam Abdou Dermane : \u00ab Certains violent le repos biologique \u00bb - Togo\",\"isPartOf\":{\"@id\":\"https:\/\/www.africa-press.net\/togo\/#website\"},\"primaryImageOfPage\":{\"@id\":\"https:\/\/www.africa-press.net\/togo\/dossiers\/togo-adam-abdou-dermane-certains-violent-le-repos-biologique#primaryimage\"},\"image\":{\"@id\":\"https:\/\/www.africa-press.net\/togo\/dossiers\/togo-adam-abdou-dermane-certains-violent-le-repos-biologique#primaryimage\"},\"thumbnailUrl\":\"https:\/\/static.africa-press.net\/togo\/sites\/58\/2022\/10\/postQueueImg_5-63470b1d7cd0f.jpg\",\"datePublished\":\"2022-10-12T18:35:58+00:00\",\"dateModified\":\"2022-10-12T18:45:13+00:00\",\"author\":{\"@id\":\"https:\/\/www.africa-press.net\/togo\/#\/schema\/person\/2b1cf3cd81a31e3cd26889ca66d677f1\"},\"description\":\"Secre\u0301taire Ge\u0301ne\u0301ral du Syndicat national des pe\u0302cheurs du Togo (Synapeto) et e\u0301galement Secre\u0301taire Ge\u0301ne\u0301ral adjoi ...\",\"breadcrumb\":{\"@id\":\"https:\/\/www.africa-press.net\/togo\/dossiers\/togo-adam-abdou-dermane-certains-violent-le-repos-biologique#breadcrumb\"},\"inLanguage\":\"fr-FR\",\"potentialAction\":[{\"@type\":\"ReadAction\",\"target\":[\"https:\/\/www.africa-press.net\/togo\/dossiers\/togo-adam-abdou-dermane-certains-violent-le-repos-biologique\"]}]},{\"@type\":\"ImageObject\",\"inLanguage\":\"fr-FR\",\"@id\":\"https:\/\/www.africa-press.net\/togo\/dossiers\/togo-adam-abdou-dermane-certains-violent-le-repos-biologique#primaryimage\",\"url\":\"https:\/\/static.africa-press.net\/togo\/sites\/58\/2022\/10\/postQueueImg_5-63470b1d7cd0f.jpg\",\"contentUrl\":\"https:\/\/static.africa-press.net\/togo\/sites\/58\/2022\/10\/postQueueImg_5-63470b1d7cd0f.jpg\",\"width\":1280,\"height\":800,\"caption\":\"Togo-Adam Abdou Dermane : \u00ab Certains violent le repos biologique \u00bb\"},{\"@type\":\"BreadcrumbList\",\"@id\":\"https:\/\/www.africa-press.net\/togo\/dossiers\/togo-adam-abdou-dermane-certains-violent-le-repos-biologique#breadcrumb\",\"itemListElement\":[{\"@type\":\"ListItem\",\"position\":1,\"name\":\"Accueil\",\"item\":\"https:\/\/www.africa-press.net\/togo\/\"},{\"@type\":\"ListItem\",\"position\":2,\"name\":\"Togo-Adam Abdou Dermane : \u00ab Certains violent le repos biologique \u00bb\"}]},{\"@type\":\"WebSite\",\"@id\":\"https:\/\/www.africa-press.net\/togo\/#website\",\"url\":\"https:\/\/www.africa-press.net\/togo\/\",\"name\":\"Togo\",\"description\":\"Just another Africa News Agency Sites site\",\"potentialAction\":[{\"@type\":\"SearchAction\",\"target\":{\"@type\":\"EntryPoint\",\"urlTemplate\":\"https:\/\/www.africa-press.net\/togo\/?s={search_term_string}\"},\"query-input\":{\"@type\":\"PropertyValueSpecification\",\"valueRequired\":true,\"valueName\":\"search_term_string\"}}],\"inLanguage\":\"fr-FR\"},{\"@type\":\"Person\",\"@id\":\"https:\/\/www.africa-press.net\/togo\/#\/schema\/person\/2b1cf3cd81a31e3cd26889ca66d677f1\",\"name\":\"cfeditorfr\"}]}<\/script>\n<!-- \/ Yoast SEO Premium plugin. -->","yoast_head_json":{"title":"Togo-Adam Abdou Dermane : \u00ab Certains violent le repos biologique \u00bb - Togo","description":"Secre\u0301taire Ge\u0301ne\u0301ral du Syndicat national des pe\u0302cheurs du Togo (Synapeto) et e\u0301galement Secre\u0301taire Ge\u0301ne\u0301ral adjoi ...","robots":{"index":"index","follow":"follow","max-snippet":"max-snippet:-1","max-image-preview":"max-image-preview:large","max-video-preview":"max-video-preview:-1"},"canonical":"https:\/\/www.africa-press.net\/togo\/dossiers\/togo-adam-abdou-dermane-certains-violent-le-repos-biologique","og_locale":"fr_FR","og_type":"article","og_title":"Togo-Adam Abdou Dermane : \u00ab Certains violent le repos biologique \u00bb","og_description":"Secre\u0301taire Ge\u0301ne\u0301ral du Syndicat national des pe\u0302cheurs du Togo (Synapeto) et e\u0301galement Secre\u0301taire Ge\u0301ne\u0301ral adjoi ...","og_url":"https:\/\/www.africa-press.net\/togo\/dossiers\/togo-adam-abdou-dermane-certains-violent-le-repos-biologique","og_site_name":"Togo","article_published_time":"2022-10-12T18:35:58+00:00","article_modified_time":"2022-10-12T18:45:13+00:00","og_image":[{"width":1280,"height":800,"url":"https:\/\/static.africa-press.net\/togo\/sites\/58\/2022\/10\/postQueueImg_5-63470b1d7cd0f.jpg","type":"image\/jpeg"}],"author":"cfeditorfr","twitter_card":"summary_large_image","twitter_misc":{"\u00c9crit par":"cfeditorfr","Dur\u00e9e de lecture estim\u00e9e":"7 minutes"},"schema":{"@context":"https:\/\/schema.org","@graph":[{"@type":"Article","@id":"https:\/\/www.africa-press.net\/togo\/dossiers\/togo-adam-abdou-dermane-certains-violent-le-repos-biologique#article","isPartOf":{"@id":"https:\/\/www.africa-press.net\/togo\/dossiers\/togo-adam-abdou-dermane-certains-violent-le-repos-biologique"},"author":{"name":"cfeditorfr","@id":"https:\/\/www.africa-press.net\/togo\/#\/schema\/person\/2b1cf3cd81a31e3cd26889ca66d677f1"},"headline":"Togo-Adam Abdou Dermane : \u00ab Certains violent le repos biologique \u00bb","datePublished":"2022-10-12T18:35:58+00:00","dateModified":"2022-10-12T18:45:13+00:00","mainEntityOfPage":{"@id":"https:\/\/www.africa-press.net\/togo\/dossiers\/togo-adam-abdou-dermane-certains-violent-le-repos-biologique"},"wordCount":1529,"commentCount":0,"image":{"@id":"https:\/\/www.africa-press.net\/togo\/dossiers\/togo-adam-abdou-dermane-certains-violent-le-repos-biologique#primaryimage"},"thumbnailUrl":"https:\/\/static.africa-press.net\/togo\/sites\/58\/2022\/10\/postQueueImg_5-63470b1d7cd0f.jpg","keywords":["Africa Press","Africa Press-Togo","Togo"],"articleSection":["Dossiers","Toutes les actualit\u00e9s"],"inLanguage":"fr-FR","potentialAction":[{"@type":"CommentAction","name":"Comment","target":["https:\/\/www.africa-press.net\/togo\/dossiers\/togo-adam-abdou-dermane-certains-violent-le-repos-biologique#respond"]}]},{"@type":"WebPage","@id":"https:\/\/www.africa-press.net\/togo\/dossiers\/togo-adam-abdou-dermane-certains-violent-le-repos-biologique","url":"https:\/\/www.africa-press.net\/togo\/dossiers\/togo-adam-abdou-dermane-certains-violent-le-repos-biologique","name":"Togo-Adam Abdou Dermane : \u00ab Certains violent le repos biologique \u00bb - Togo","isPartOf":{"@id":"https:\/\/www.africa-press.net\/togo\/#website"},"primaryImageOfPage":{"@id":"https:\/\/www.africa-press.net\/togo\/dossiers\/togo-adam-abdou-dermane-certains-violent-le-repos-biologique#primaryimage"},"image":{"@id":"https:\/\/www.africa-press.net\/togo\/dossiers\/togo-adam-abdou-dermane-certains-violent-le-repos-biologique#primaryimage"},"thumbnailUrl":"https:\/\/static.africa-press.net\/togo\/sites\/58\/2022\/10\/postQueueImg_5-63470b1d7cd0f.jpg","datePublished":"2022-10-12T18:35:58+00:00","dateModified":"2022-10-12T18:45:13+00:00","author":{"@id":"https:\/\/www.africa-press.net\/togo\/#\/schema\/person\/2b1cf3cd81a31e3cd26889ca66d677f1"},"description":"Secre\u0301taire Ge\u0301ne\u0301ral du Syndicat national des pe\u0302cheurs du Togo (Synapeto) et e\u0301galement Secre\u0301taire Ge\u0301ne\u0301ral adjoi ...","breadcrumb":{"@id":"https:\/\/www.africa-press.net\/togo\/dossiers\/togo-adam-abdou-dermane-certains-violent-le-repos-biologique#breadcrumb"},"inLanguage":"fr-FR","potentialAction":[{"@type":"ReadAction","target":["https:\/\/www.africa-press.net\/togo\/dossiers\/togo-adam-abdou-dermane-certains-violent-le-repos-biologique"]}]},{"@type":"ImageObject","inLanguage":"fr-FR","@id":"https:\/\/www.africa-press.net\/togo\/dossiers\/togo-adam-abdou-dermane-certains-violent-le-repos-biologique#primaryimage","url":"https:\/\/static.africa-press.net\/togo\/sites\/58\/2022\/10\/postQueueImg_5-63470b1d7cd0f.jpg","contentUrl":"https:\/\/static.africa-press.net\/togo\/sites\/58\/2022\/10\/postQueueImg_5-63470b1d7cd0f.jpg","width":1280,"height":800,"caption":"Togo-Adam Abdou Dermane : \u00ab Certains violent le repos biologique \u00bb"},{"@type":"BreadcrumbList","@id":"https:\/\/www.africa-press.net\/togo\/dossiers\/togo-adam-abdou-dermane-certains-violent-le-repos-biologique#breadcrumb","itemListElement":[{"@type":"ListItem","position":1,"name":"Accueil","item":"https:\/\/www.africa-press.net\/togo\/"},{"@type":"ListItem","position":2,"name":"Togo-Adam Abdou Dermane : \u00ab Certains violent le repos biologique \u00bb"}]},{"@type":"WebSite","@id":"https:\/\/www.africa-press.net\/togo\/#website","url":"https:\/\/www.africa-press.net\/togo\/","name":"Togo","description":"Just another Africa News Agency Sites site","potentialAction":[{"@type":"SearchAction","target":{"@type":"EntryPoint","urlTemplate":"https:\/\/www.africa-press.net\/togo\/?s={search_term_string}"},"query-input":{"@type":"PropertyValueSpecification","valueRequired":true,"valueName":"search_term_string"}}],"inLanguage":"fr-FR"},{"@type":"Person","@id":"https:\/\/www.africa-press.net\/togo\/#\/schema\/person\/2b1cf3cd81a31e3cd26889ca66d677f1","name":"cfeditorfr"}]}},"_links":{"self":[{"href":"https:\/\/www.africa-press.net\/togo\/wp-json\/wp\/v2\/posts\/12285","targetHints":{"allow":["GET"]}}],"collection":[{"href":"https:\/\/www.africa-press.net\/togo\/wp-json\/wp\/v2\/posts"}],"about":[{"href":"https:\/\/www.africa-press.net\/togo\/wp-json\/wp\/v2\/types\/post"}],"author":[{"embeddable":true,"href":"https:\/\/www.africa-press.net\/togo\/wp-json\/wp\/v2\/users\/82"}],"replies":[{"embeddable":true,"href":"https:\/\/www.africa-press.net\/togo\/wp-json\/wp\/v2\/comments?post=12285"}],"version-history":[{"count":0,"href":"https:\/\/www.africa-press.net\/togo\/wp-json\/wp\/v2\/posts\/12285\/revisions"}],"wp:featuredmedia":[{"embeddable":true,"href":"https:\/\/www.africa-press.net\/togo\/wp-json\/wp\/v2\/media\/12284"}],"wp:attachment":[{"href":"https:\/\/www.africa-press.net\/togo\/wp-json\/wp\/v2\/media?parent=12285"}],"wp:term":[{"taxonomy":"category","embeddable":true,"href":"https:\/\/www.africa-press.net\/togo\/wp-json\/wp\/v2\/categories?post=12285"},{"taxonomy":"post_tag","embeddable":true,"href":"https:\/\/www.africa-press.net\/togo\/wp-json\/wp\/v2\/tags?post=12285"}],"curies":[{"name":"wp","href":"https:\/\/api.w.org\/{rel}","templated":true}]}}