{"id":12288,"date":"2022-10-12T18:36:08","date_gmt":"2022-10-12T18:36:08","guid":{"rendered":"https:\/\/www.africa-press.net\/togo\/politique\/rdc-un-conflit-intercommunautaire-dans-louest-fait-142-morts"},"modified":"2022-10-12T18:45:44","modified_gmt":"2022-10-12T18:45:44","slug":"rdc-un-conflit-intercommunautaire-dans-louest-fait-142-morts","status":"publish","type":"post","link":"https:\/\/www.africa-press.net\/togo\/toutes-les-actualites\/rdc-un-conflit-intercommunautaire-dans-louest-fait-142-morts","title":{"rendered":"RDC-Un conflit intercommunautaire dans l\u2019Ouest fait 142 morts"},"content":{"rendered":"<p><span style=\"color: #ff6600\"><strong>Africa-Press &#8211; Togo. <\/strong><\/span><b>Des affrontements meurtriers ces deux derniers mois entre Teke et Yaka, deux communaute\u0301s de l\u2019Ouest de la Re\u0301publique de\u0301mocratique du Congo (RDC), ont fait une centaine de de\u0301ce\u0300s et pre\u0300s de trente mille de\u0301place\u0301s.<\/b><\/p>\n<p>Le territoire de Kwamouth, dans l\u2019Ouest de la RDC, est le the\u0301a\u0302tre depuis juillet 2022, de violents affrontements intercommunautaires opposant les Teke aux Yaka.<\/p>\n<p>Le conflit a cause\u0301 la mort de 142 personnes, \u00ab dont certaines ont e\u0301te\u0301 de\u0301capite\u0301es \u00bb. 27.000 personnes, majoritairement des enfants et des femmes, sont e\u0301galement oblige\u0301es de fuir les combats.<\/p>\n<p>Ces chiffres, rapporte ce mercredi Radio Okapi, ont e\u0301te\u0301 livre\u0301 mardi par le Haut Commissaire des Nations unies pour les re\u0301fugie\u0301s (HCR) a\u0300 l\u2019occasion d\u2019une confe\u0301rence de presse re\u0301gulie\u0300re a\u0300 Gene\u0300ve en Suisse.<\/p>\n<p>Des taxes coutumie\u0300res sur l\u2019utilisation des terres agricoles seraient a\u0300 l\u2019origine des violences entre les deux communaute\u0301s.<\/p>\n<p><strong>Pour plus d&rsquo;informations et d&rsquo;analyses sur la <a href=\"https:\/\/www.africa-press.net\/togo\">Togo<\/a>, suivez <a href=\"https:\/\/www.africa-press.net\/\">Africa-Press<\/a><\/strong><\/p>\n","protected":false},"excerpt":{"rendered":"<p>Africa-Press &#8211; Togo. Des affrontements meurtriers ces deux derniers mois entre Teke et Yaka, deux communaute\u0301s de l\u2019Ouest de la Re\u0301publique de\u0301mocratique du Congo (RDC), ont fait une centaine de de\u0301ce\u0300s et pre\u0300s de trente mille de\u0301place\u0301s. Le territoire de Kwamouth, dans l\u2019Ouest de la RDC, est le the\u0301a\u0302tre depuis juillet 2022, de violents affrontements [&hellip;]<\/p>\n","protected":false},"author":82,"featured_media":12287,"comment_status":"open","ping_status":"closed","sticky":false,"template":"","format":"standard","meta":{"footnotes":""},"categories":[21,10],"tags":[36,49,50],"class_list":["post-12288","post","type-post","status-publish","format-standard","has-post-thumbnail","hentry","category-communaute","category-toutes-les-actualites","tag-africa-press","tag-africa-press-togo","tag-togo"],"yoast_head":"<!-- This site is optimized with the Yoast SEO Premium plugin v26.1 (Yoast SEO v27.0) - https:\/\/yoast.com\/product\/yoast-seo-premium-wordpress\/ -->\n<title>RDC-Un conflit intercommunautaire dans l\u2019Ouest fait 142 morts - Togo<\/title>\n<meta name=\"description\" content=\"Des affrontements meurtriers ces deux derniers mois entre Teke et Yaka, deux communaute\u0301s de l\u2019Ouest de la Re\u0301publiqu ...\" \/>\n<meta name=\"robots\" content=\"index, follow, max-snippet:-1, max-image-preview:large, max-video-preview:-1\" \/>\n<link rel=\"canonical\" href=\"https:\/\/www.africa-press.net\/togo\/toutes-les-actualites\/rdc-un-conflit-intercommunautaire-dans-louest-fait-142-morts\" \/>\n<meta property=\"og:locale\" content=\"fr_FR\" \/>\n<meta property=\"og:type\" content=\"article\" \/>\n<meta property=\"og:title\" content=\"RDC-Un conflit intercommunautaire dans l\u2019Ouest fait 142 morts\" \/>\n<meta property=\"og:description\" content=\"Des affrontements meurtriers ces deux derniers mois entre Teke et Yaka, deux communaute\u0301s de l\u2019Ouest de la Re\u0301publiqu ...\" \/>\n<meta property=\"og:url\" content=\"https:\/\/www.africa-press.net\/togo\/toutes-les-actualites\/rdc-un-conflit-intercommunautaire-dans-louest-fait-142-morts\" \/>\n<meta property=\"og:site_name\" content=\"Togo\" \/>\n<meta property=\"article:published_time\" content=\"2022-10-12T18:36:08+00:00\" \/>\n<meta property=\"article:modified_time\" content=\"2022-10-12T18:45:44+00:00\" \/>\n<meta property=\"og:image\" content=\"https:\/\/static.africa-press.net\/togo\/sites\/58\/2022\/10\/postQueueImg_6-63470b3d0302d.jpg\" \/>\n\t<meta property=\"og:image:width\" content=\"1280\" \/>\n\t<meta property=\"og:image:height\" content=\"800\" \/>\n\t<meta property=\"og:image:type\" content=\"image\/jpeg\" \/>\n<meta name=\"author\" content=\"cfeditorfr\" \/>\n<meta name=\"twitter:card\" content=\"summary_large_image\" \/>\n<meta name=\"twitter:label1\" content=\"\u00c9crit par\" \/>\n\t<meta name=\"twitter:data1\" content=\"cfeditorfr\" \/>\n\t<meta name=\"twitter:label2\" content=\"Dur\u00e9e de lecture estim\u00e9e\" \/>\n\t<meta name=\"twitter:data2\" content=\"1 minute\" \/>\n<script type=\"application\/ld+json\" class=\"yoast-schema-graph\">{\"@context\":\"https:\/\/schema.org\",\"@graph\":[{\"@type\":\"Article\",\"@id\":\"https:\/\/www.africa-press.net\/togo\/toutes-les-actualites\/rdc-un-conflit-intercommunautaire-dans-louest-fait-142-morts#article\",\"isPartOf\":{\"@id\":\"https:\/\/www.africa-press.net\/togo\/toutes-les-actualites\/rdc-un-conflit-intercommunautaire-dans-louest-fait-142-morts\"},\"author\":{\"name\":\"cfeditorfr\",\"@id\":\"https:\/\/www.africa-press.net\/togo\/#\/schema\/person\/2b1cf3cd81a31e3cd26889ca66d677f1\"},\"headline\":\"RDC-Un conflit intercommunautaire dans l\u2019Ouest fait 142 morts\",\"datePublished\":\"2022-10-12T18:36:08+00:00\",\"dateModified\":\"2022-10-12T18:45:44+00:00\",\"mainEntityOfPage\":{\"@id\":\"https:\/\/www.africa-press.net\/togo\/toutes-les-actualites\/rdc-un-conflit-intercommunautaire-dans-louest-fait-142-morts\"},\"wordCount\":187,\"commentCount\":0,\"image\":{\"@id\":\"https:\/\/www.africa-press.net\/togo\/toutes-les-actualites\/rdc-un-conflit-intercommunautaire-dans-louest-fait-142-morts#primaryimage\"},\"thumbnailUrl\":\"https:\/\/static.africa-press.net\/togo\/sites\/58\/2022\/10\/postQueueImg_6-63470b3d0302d.jpg\",\"keywords\":[\"Africa Press\",\"Africa Press-Togo\",\"Togo\"],\"articleSection\":[\"Communaut\u00e9\",\"Toutes les actualit\u00e9s\"],\"inLanguage\":\"fr-FR\",\"potentialAction\":[{\"@type\":\"CommentAction\",\"name\":\"Comment\",\"target\":[\"https:\/\/www.africa-press.net\/togo\/toutes-les-actualites\/rdc-un-conflit-intercommunautaire-dans-louest-fait-142-morts#respond\"]}]},{\"@type\":\"WebPage\",\"@id\":\"https:\/\/www.africa-press.net\/togo\/toutes-les-actualites\/rdc-un-conflit-intercommunautaire-dans-louest-fait-142-morts\",\"url\":\"https:\/\/www.africa-press.net\/togo\/toutes-les-actualites\/rdc-un-conflit-intercommunautaire-dans-louest-fait-142-morts\",\"name\":\"RDC-Un conflit intercommunautaire dans l\u2019Ouest fait 142 morts - Togo\",\"isPartOf\":{\"@id\":\"https:\/\/www.africa-press.net\/togo\/#website\"},\"primaryImageOfPage\":{\"@id\":\"https:\/\/www.africa-press.net\/togo\/toutes-les-actualites\/rdc-un-conflit-intercommunautaire-dans-louest-fait-142-morts#primaryimage\"},\"image\":{\"@id\":\"https:\/\/www.africa-press.net\/togo\/toutes-les-actualites\/rdc-un-conflit-intercommunautaire-dans-louest-fait-142-morts#primaryimage\"},\"thumbnailUrl\":\"https:\/\/static.africa-press.net\/togo\/sites\/58\/2022\/10\/postQueueImg_6-63470b3d0302d.jpg\",\"datePublished\":\"2022-10-12T18:36:08+00:00\",\"dateModified\":\"2022-10-12T18:45:44+00:00\",\"author\":{\"@id\":\"https:\/\/www.africa-press.net\/togo\/#\/schema\/person\/2b1cf3cd81a31e3cd26889ca66d677f1\"},\"description\":\"Des affrontements meurtriers ces deux derniers mois entre Teke et Yaka, deux communaute\u0301s de l\u2019Ouest de la Re\u0301publiqu ...\",\"breadcrumb\":{\"@id\":\"https:\/\/www.africa-press.net\/togo\/toutes-les-actualites\/rdc-un-conflit-intercommunautaire-dans-louest-fait-142-morts#breadcrumb\"},\"inLanguage\":\"fr-FR\",\"potentialAction\":[{\"@type\":\"ReadAction\",\"target\":[\"https:\/\/www.africa-press.net\/togo\/toutes-les-actualites\/rdc-un-conflit-intercommunautaire-dans-louest-fait-142-morts\"]}]},{\"@type\":\"ImageObject\",\"inLanguage\":\"fr-FR\",\"@id\":\"https:\/\/www.africa-press.net\/togo\/toutes-les-actualites\/rdc-un-conflit-intercommunautaire-dans-louest-fait-142-morts#primaryimage\",\"url\":\"https:\/\/static.africa-press.net\/togo\/sites\/58\/2022\/10\/postQueueImg_6-63470b3d0302d.jpg\",\"contentUrl\":\"https:\/\/static.africa-press.net\/togo\/sites\/58\/2022\/10\/postQueueImg_6-63470b3d0302d.jpg\",\"width\":1280,\"height\":800,\"caption\":\"RDC-Un conflit intercommunautaire dans l\u2019Ouest fait 142 morts\"},{\"@type\":\"BreadcrumbList\",\"@id\":\"https:\/\/www.africa-press.net\/togo\/toutes-les-actualites\/rdc-un-conflit-intercommunautaire-dans-louest-fait-142-morts#breadcrumb\",\"itemListElement\":[{\"@type\":\"ListItem\",\"position\":1,\"name\":\"Accueil\",\"item\":\"https:\/\/www.africa-press.net\/togo\/\"},{\"@type\":\"ListItem\",\"position\":2,\"name\":\"RDC-Un conflit intercommunautaire dans l\u2019Ouest fait 142 morts\"}]},{\"@type\":\"WebSite\",\"@id\":\"https:\/\/www.africa-press.net\/togo\/#website\",\"url\":\"https:\/\/www.africa-press.net\/togo\/\",\"name\":\"Togo\",\"description\":\"Just another Africa News Agency Sites site\",\"potentialAction\":[{\"@type\":\"SearchAction\",\"target\":{\"@type\":\"EntryPoint\",\"urlTemplate\":\"https:\/\/www.africa-press.net\/togo\/?s={search_term_string}\"},\"query-input\":{\"@type\":\"PropertyValueSpecification\",\"valueRequired\":true,\"valueName\":\"search_term_string\"}}],\"inLanguage\":\"fr-FR\"},{\"@type\":\"Person\",\"@id\":\"https:\/\/www.africa-press.net\/togo\/#\/schema\/person\/2b1cf3cd81a31e3cd26889ca66d677f1\",\"name\":\"cfeditorfr\"}]}<\/script>\n<!-- \/ Yoast SEO Premium plugin. -->","yoast_head_json":{"title":"RDC-Un conflit intercommunautaire dans l\u2019Ouest fait 142 morts - Togo","description":"Des affrontements meurtriers ces deux derniers mois entre Teke et Yaka, deux communaute\u0301s de l\u2019Ouest de la Re\u0301publiqu ...","robots":{"index":"index","follow":"follow","max-snippet":"max-snippet:-1","max-image-preview":"max-image-preview:large","max-video-preview":"max-video-preview:-1"},"canonical":"https:\/\/www.africa-press.net\/togo\/toutes-les-actualites\/rdc-un-conflit-intercommunautaire-dans-louest-fait-142-morts","og_locale":"fr_FR","og_type":"article","og_title":"RDC-Un conflit intercommunautaire dans l\u2019Ouest fait 142 morts","og_description":"Des affrontements meurtriers ces deux derniers mois entre Teke et Yaka, deux communaute\u0301s de l\u2019Ouest de la Re\u0301publiqu ...","og_url":"https:\/\/www.africa-press.net\/togo\/toutes-les-actualites\/rdc-un-conflit-intercommunautaire-dans-louest-fait-142-morts","og_site_name":"Togo","article_published_time":"2022-10-12T18:36:08+00:00","article_modified_time":"2022-10-12T18:45:44+00:00","og_image":[{"width":1280,"height":800,"url":"https:\/\/static.africa-press.net\/togo\/sites\/58\/2022\/10\/postQueueImg_6-63470b3d0302d.jpg","type":"image\/jpeg"}],"author":"cfeditorfr","twitter_card":"summary_large_image","twitter_misc":{"\u00c9crit par":"cfeditorfr","Dur\u00e9e de lecture estim\u00e9e":"1 minute"},"schema":{"@context":"https:\/\/schema.org","@graph":[{"@type":"Article","@id":"https:\/\/www.africa-press.net\/togo\/toutes-les-actualites\/rdc-un-conflit-intercommunautaire-dans-louest-fait-142-morts#article","isPartOf":{"@id":"https:\/\/www.africa-press.net\/togo\/toutes-les-actualites\/rdc-un-conflit-intercommunautaire-dans-louest-fait-142-morts"},"author":{"name":"cfeditorfr","@id":"https:\/\/www.africa-press.net\/togo\/#\/schema\/person\/2b1cf3cd81a31e3cd26889ca66d677f1"},"headline":"RDC-Un conflit intercommunautaire dans l\u2019Ouest fait 142 morts","datePublished":"2022-10-12T18:36:08+00:00","dateModified":"2022-10-12T18:45:44+00:00","mainEntityOfPage":{"@id":"https:\/\/www.africa-press.net\/togo\/toutes-les-actualites\/rdc-un-conflit-intercommunautaire-dans-louest-fait-142-morts"},"wordCount":187,"commentCount":0,"image":{"@id":"https:\/\/www.africa-press.net\/togo\/toutes-les-actualites\/rdc-un-conflit-intercommunautaire-dans-louest-fait-142-morts#primaryimage"},"thumbnailUrl":"https:\/\/static.africa-press.net\/togo\/sites\/58\/2022\/10\/postQueueImg_6-63470b3d0302d.jpg","keywords":["Africa Press","Africa Press-Togo","Togo"],"articleSection":["Communaut\u00e9","Toutes les actualit\u00e9s"],"inLanguage":"fr-FR","potentialAction":[{"@type":"CommentAction","name":"Comment","target":["https:\/\/www.africa-press.net\/togo\/toutes-les-actualites\/rdc-un-conflit-intercommunautaire-dans-louest-fait-142-morts#respond"]}]},{"@type":"WebPage","@id":"https:\/\/www.africa-press.net\/togo\/toutes-les-actualites\/rdc-un-conflit-intercommunautaire-dans-louest-fait-142-morts","url":"https:\/\/www.africa-press.net\/togo\/toutes-les-actualites\/rdc-un-conflit-intercommunautaire-dans-louest-fait-142-morts","name":"RDC-Un conflit intercommunautaire dans l\u2019Ouest fait 142 morts - Togo","isPartOf":{"@id":"https:\/\/www.africa-press.net\/togo\/#website"},"primaryImageOfPage":{"@id":"https:\/\/www.africa-press.net\/togo\/toutes-les-actualites\/rdc-un-conflit-intercommunautaire-dans-louest-fait-142-morts#primaryimage"},"image":{"@id":"https:\/\/www.africa-press.net\/togo\/toutes-les-actualites\/rdc-un-conflit-intercommunautaire-dans-louest-fait-142-morts#primaryimage"},"thumbnailUrl":"https:\/\/static.africa-press.net\/togo\/sites\/58\/2022\/10\/postQueueImg_6-63470b3d0302d.jpg","datePublished":"2022-10-12T18:36:08+00:00","dateModified":"2022-10-12T18:45:44+00:00","author":{"@id":"https:\/\/www.africa-press.net\/togo\/#\/schema\/person\/2b1cf3cd81a31e3cd26889ca66d677f1"},"description":"Des affrontements meurtriers ces deux derniers mois entre Teke et Yaka, deux communaute\u0301s de l\u2019Ouest de la Re\u0301publiqu ...","breadcrumb":{"@id":"https:\/\/www.africa-press.net\/togo\/toutes-les-actualites\/rdc-un-conflit-intercommunautaire-dans-louest-fait-142-morts#breadcrumb"},"inLanguage":"fr-FR","potentialAction":[{"@type":"ReadAction","target":["https:\/\/www.africa-press.net\/togo\/toutes-les-actualites\/rdc-un-conflit-intercommunautaire-dans-louest-fait-142-morts"]}]},{"@type":"ImageObject","inLanguage":"fr-FR","@id":"https:\/\/www.africa-press.net\/togo\/toutes-les-actualites\/rdc-un-conflit-intercommunautaire-dans-louest-fait-142-morts#primaryimage","url":"https:\/\/static.africa-press.net\/togo\/sites\/58\/2022\/10\/postQueueImg_6-63470b3d0302d.jpg","contentUrl":"https:\/\/static.africa-press.net\/togo\/sites\/58\/2022\/10\/postQueueImg_6-63470b3d0302d.jpg","width":1280,"height":800,"caption":"RDC-Un conflit intercommunautaire dans l\u2019Ouest fait 142 morts"},{"@type":"BreadcrumbList","@id":"https:\/\/www.africa-press.net\/togo\/toutes-les-actualites\/rdc-un-conflit-intercommunautaire-dans-louest-fait-142-morts#breadcrumb","itemListElement":[{"@type":"ListItem","position":1,"name":"Accueil","item":"https:\/\/www.africa-press.net\/togo\/"},{"@type":"ListItem","position":2,"name":"RDC-Un conflit intercommunautaire dans l\u2019Ouest fait 142 morts"}]},{"@type":"WebSite","@id":"https:\/\/www.africa-press.net\/togo\/#website","url":"https:\/\/www.africa-press.net\/togo\/","name":"Togo","description":"Just another Africa News Agency Sites site","potentialAction":[{"@type":"SearchAction","target":{"@type":"EntryPoint","urlTemplate":"https:\/\/www.africa-press.net\/togo\/?s={search_term_string}"},"query-input":{"@type":"PropertyValueSpecification","valueRequired":true,"valueName":"search_term_string"}}],"inLanguage":"fr-FR"},{"@type":"Person","@id":"https:\/\/www.africa-press.net\/togo\/#\/schema\/person\/2b1cf3cd81a31e3cd26889ca66d677f1","name":"cfeditorfr"}]}},"_links":{"self":[{"href":"https:\/\/www.africa-press.net\/togo\/wp-json\/wp\/v2\/posts\/12288","targetHints":{"allow":["GET"]}}],"collection":[{"href":"https:\/\/www.africa-press.net\/togo\/wp-json\/wp\/v2\/posts"}],"about":[{"href":"https:\/\/www.africa-press.net\/togo\/wp-json\/wp\/v2\/types\/post"}],"author":[{"embeddable":true,"href":"https:\/\/www.africa-press.net\/togo\/wp-json\/wp\/v2\/users\/82"}],"replies":[{"embeddable":true,"href":"https:\/\/www.africa-press.net\/togo\/wp-json\/wp\/v2\/comments?post=12288"}],"version-history":[{"count":0,"href":"https:\/\/www.africa-press.net\/togo\/wp-json\/wp\/v2\/posts\/12288\/revisions"}],"wp:featuredmedia":[{"embeddable":true,"href":"https:\/\/www.africa-press.net\/togo\/wp-json\/wp\/v2\/media\/12287"}],"wp:attachment":[{"href":"https:\/\/www.africa-press.net\/togo\/wp-json\/wp\/v2\/media?parent=12288"}],"wp:term":[{"taxonomy":"category","embeddable":true,"href":"https:\/\/www.africa-press.net\/togo\/wp-json\/wp\/v2\/categories?post=12288"},{"taxonomy":"post_tag","embeddable":true,"href":"https:\/\/www.africa-press.net\/togo\/wp-json\/wp\/v2\/tags?post=12288"}],"curies":[{"name":"wp","href":"https:\/\/api.w.org\/{rel}","templated":true}]}}