{"id":12291,"date":"2022-10-12T18:36:19","date_gmt":"2022-10-12T18:36:19","guid":{"rendered":"https:\/\/www.africa-press.net\/togo\/politique\/togo-des-cles-pour-laffermissement-des-liens-civilo-militaires"},"modified":"2022-10-12T18:46:24","modified_gmt":"2022-10-12T18:46:24","slug":"togo-des-cles-pour-laffermissement-des-liens-civilo-militaires","status":"publish","type":"post","link":"https:\/\/www.africa-press.net\/togo\/politique\/togo-des-cles-pour-laffermissement-des-liens-civilo-militaires","title":{"rendered":"Togo-Des cl\u00e9s pour l\u2019affermissement des liens civilo-militaires"},"content":{"rendered":"<p><span style=\"color: #ff6600\"><strong>Africa-Press &#8211; Togo. <\/strong><\/span><b>Une confe\u0301rence a e\u0301te\u0301 organise\u0301e a\u0300 l\u2019Universite\u0301 de Lome\u0301 sur comment faire pour que les civils aient confiance aux hommes en uniforme. D\u2019e\u0301minentes personnalite\u0301s ont apporte\u0301 leur expertise pour une meilleure collaboration civilo-militaire.<\/b><\/p>\n<p>\u201cL\u2019affermissement des liens civilo-militaires au c\u0153ur d\u2019une confe\u0301rence a\u0300 l\u2019Universite\u0301 de Lome\u0301<\/p>\n<p>Une confe\u0301rence sur le the\u0300me \u00ab l\u2019arme\u0301e et l\u2019affermissement des fonctions civilo-militaires : Essor de la fonction duale de la force terrestre, restauration de la confiance et promotion patriotique au Togo \u00bb s\u2019est tenue le vendredi 07 octobre 2022 a\u0300 l\u2019auditorium de l\u2019Universite\u0301 de Lome\u0301. Cette confe\u0301rence anime\u0301e par des membres du gouvernement, des officiers supe\u0301rieurs des Forces Arme\u0301es Togolaises et des spe\u0301cialistes des questions strate\u0301giques et militaires, a e\u0301te\u0301 couple\u0301e de la ce\u0301re\u0301monie de lancement de l\u2019Institut des Etudes Strate\u0301giques (IES) de l\u2019Universite\u0301 de Lome\u0301.<\/p>\n<p>Aux co\u0302te\u0301s du Ministre des Droits de l\u2019Homme, de la Formation a\u0300 la Citoyennete\u0301 et des Relations avec les institutions de la Re\u0301publique, Christian TRIMUA, de celui de la Communication et des Me\u0301dias, Professeur AKODAH Ayewouadan et du pre\u0301sident de l\u2019Universite\u0301 de Lome\u0301, Professeur Komlan Dodzi KOKOROKO, les Forces Arme\u0301es Togolaises ont pre\u0301sente\u0301 une communication sur le the\u0300me \u00ab Relations civilo-militaires au niveau infra-fonctionnel \u00bb.<\/p>\n<p>Cette the\u0301matique a e\u0301te\u0301 aborde\u0301e par le Commandant DEVO Sile\u0301te\u0301, Directeur de l\u2019Agence nationale d\u2019identification qui dans sa pre\u0301sentation, a retrace\u0301 l\u2019histoire politico-militaire du Togo et la modernisation des FAT porte\u0301e notamment par la loi de programmation militaire (2021-2025).<\/p>\n<p>Il a e\u0301galement fait cas de la de\u0301marche de la simple cohabitation qui existait entre les Forces Arme\u0301es Togolaises et la composante civile et celle de collaboration insuffle\u0301e aujourd\u2019hui par le haut commandement militaire.<\/p>\n<p>Depuis les anne\u0301es d\u2019inde\u0301pendances lors desquelles existait une relation de me\u0301fiance entre les FAT et les civils, une relation de confiance est aujourd\u2019hui, observe\u0301e entre les deux composantes de la nation, a-t-il ajoute\u0301.<\/p>\n<p>Sociologue politique et militaire, Directeur scientifique de l\u2019Observatoire des Forces morales au centre de recherche des e\u0301coles de Saint-Cyr Coetquidan, le Professeur AXEL AUGE est auteur de plusieurs ouvrages dont \u00ab Re\u0301former les arme\u0301es africaines \u00bb, \u00ab Les armes et la plume. Sociologie du parcours professionnel des officiers de l\u2019arme\u0301e de Terre a\u0300 l\u2019universite\u0301 \u00bb et \u00ab le soldat et l\u2019intime.<\/p>\n<p><b>Les familles face au traumatisme psychique de guerre \u00bb.<\/b><\/p>\n<p>Intervenant sur le the\u0300me \u00ab l\u2019arme\u0301e et l\u2019affermissement des relations civilo-militaires : Essor de la fonction duale de la force terrestre, restauration de la confiance et promotion patriotique au Togo \u00bb, le Professeur AUGE a releve\u0301 que les FAT, dans leur fonction duale, conjuguent efficacement, leurs actions au profit des populations (consultations me\u0301dicales, construction d\u2019infrastructures routie\u0300res etc.) et les relations qu\u2019elles entretiennent avec les populations civiles sur les the\u0301a\u0302tres d\u2019ope\u0301ration. \u00ab Dans l\u2019objectif de raffermir les relations civilo-militaires, il est ne\u0301cessaire de consolider les espaces de dialogue partage\u0301 entre toutes les composantes sociales. Celles-ci serviront de vecteurs de diffusion d\u2019un esprit de de\u0301fense dans l\u2019espace public \u00bb, a-t-il recommande\u0301.<\/p>\n<p>L\u2019Institut des Etudes Strate\u0301giques a pour mission de contribuer a\u0300 ame\u0301liorer les relations qui existent entre l\u2019arme\u0301e et les civils.<\/p>\n<p>Pour le Professeur Koffi TSIGBE, Directeur de la Recherche et de l\u2019Innovation de l\u2019Universite\u0301 de Lome\u0301, l\u2019institutionnalisation de l\u2019IES est une \u00ab opportunite\u0301 pour les universitaires, de faire valoir les re\u0301sultats de leurs recherches pour le de\u0301veloppement du Togo \u00bb\u201d.<\/p>\n<p>www.defense.gouv.tg<\/p>\n<p><strong>Pour plus d&rsquo;informations et d&rsquo;analyses sur la <a href=\"https:\/\/www.africa-press.net\/togo\">Togo<\/a>, suivez <a href=\"https:\/\/www.africa-press.net\/\">Africa-Press<\/a><\/strong><\/p>\n","protected":false},"excerpt":{"rendered":"<p>Africa-Press &#8211; Togo. Une confe\u0301rence a e\u0301te\u0301 organise\u0301e a\u0300 l\u2019Universite\u0301 de Lome\u0301 sur comment faire pour que les civils aient confiance aux hommes en uniforme. D\u2019e\u0301minentes personnalite\u0301s ont apporte\u0301 leur expertise pour une meilleure collaboration civilo-militaire. \u201cL\u2019affermissement des liens civilo-militaires au c\u0153ur d\u2019une confe\u0301rence a\u0300 l\u2019Universite\u0301 de Lome\u0301 Une confe\u0301rence sur le the\u0300me \u00ab l\u2019arme\u0301e [&hellip;]<\/p>\n","protected":false},"author":82,"featured_media":12290,"comment_status":"open","ping_status":"closed","sticky":false,"template":"","format":"standard","meta":{"footnotes":""},"categories":[2,10],"tags":[36,49,50],"class_list":["post-12291","post","type-post","status-publish","format-standard","has-post-thumbnail","hentry","category-politique","category-toutes-les-actualites","tag-africa-press","tag-africa-press-togo","tag-togo"],"yoast_head":"<!-- This site is optimized with the Yoast SEO Premium plugin v26.1 (Yoast SEO v27.0) - https:\/\/yoast.com\/product\/yoast-seo-premium-wordpress\/ -->\n<title>Togo-Des cl\u00e9s pour l\u2019affermissement des liens civilo-militaires - Togo<\/title>\n<meta name=\"description\" content=\"Une confe\u0301rence a e\u0301te\u0301 organise\u0301e a\u0300 l\u2019Universite\u0301 de Lome\u0301 sur comment faire pour que les civils aient confiance au ...\" \/>\n<meta name=\"robots\" content=\"index, follow, max-snippet:-1, max-image-preview:large, max-video-preview:-1\" \/>\n<link rel=\"canonical\" href=\"https:\/\/www.africa-press.net\/togo\/politique\/togo-des-cles-pour-laffermissement-des-liens-civilo-militaires\" \/>\n<meta property=\"og:locale\" content=\"fr_FR\" \/>\n<meta property=\"og:type\" content=\"article\" \/>\n<meta property=\"og:title\" content=\"Togo-Des cl\u00e9s pour l\u2019affermissement des liens civilo-militaires\" \/>\n<meta property=\"og:description\" content=\"Une confe\u0301rence a e\u0301te\u0301 organise\u0301e a\u0300 l\u2019Universite\u0301 de Lome\u0301 sur comment faire pour que les civils aient confiance au ...\" \/>\n<meta property=\"og:url\" content=\"https:\/\/www.africa-press.net\/togo\/politique\/togo-des-cles-pour-laffermissement-des-liens-civilo-militaires\" \/>\n<meta property=\"og:site_name\" content=\"Togo\" \/>\n<meta property=\"article:published_time\" content=\"2022-10-12T18:36:19+00:00\" \/>\n<meta property=\"article:modified_time\" content=\"2022-10-12T18:46:24+00:00\" \/>\n<meta property=\"og:image\" content=\"https:\/\/static.africa-press.net\/togo\/sites\/58\/2022\/10\/postQueueImg_7-63470b5eb8ded.jpg\" \/>\n\t<meta property=\"og:image:width\" content=\"1280\" \/>\n\t<meta property=\"og:image:height\" content=\"800\" \/>\n\t<meta property=\"og:image:type\" content=\"image\/jpeg\" \/>\n<meta name=\"author\" content=\"cfeditorfr\" \/>\n<meta name=\"twitter:card\" content=\"summary_large_image\" \/>\n<meta name=\"twitter:label1\" content=\"\u00c9crit par\" \/>\n\t<meta name=\"twitter:data1\" content=\"cfeditorfr\" \/>\n\t<meta name=\"twitter:label2\" content=\"Dur\u00e9e de lecture estim\u00e9e\" \/>\n\t<meta name=\"twitter:data2\" content=\"3 minutes\" \/>\n<script type=\"application\/ld+json\" class=\"yoast-schema-graph\">{\"@context\":\"https:\/\/schema.org\",\"@graph\":[{\"@type\":\"Article\",\"@id\":\"https:\/\/www.africa-press.net\/togo\/politique\/togo-des-cles-pour-laffermissement-des-liens-civilo-militaires#article\",\"isPartOf\":{\"@id\":\"https:\/\/www.africa-press.net\/togo\/politique\/togo-des-cles-pour-laffermissement-des-liens-civilo-militaires\"},\"author\":{\"name\":\"cfeditorfr\",\"@id\":\"https:\/\/www.africa-press.net\/togo\/#\/schema\/person\/2b1cf3cd81a31e3cd26889ca66d677f1\"},\"headline\":\"Togo-Des cl\u00e9s pour l\u2019affermissement des liens civilo-militaires\",\"datePublished\":\"2022-10-12T18:36:19+00:00\",\"dateModified\":\"2022-10-12T18:46:24+00:00\",\"mainEntityOfPage\":{\"@id\":\"https:\/\/www.africa-press.net\/togo\/politique\/togo-des-cles-pour-laffermissement-des-liens-civilo-militaires\"},\"wordCount\":648,\"commentCount\":0,\"image\":{\"@id\":\"https:\/\/www.africa-press.net\/togo\/politique\/togo-des-cles-pour-laffermissement-des-liens-civilo-militaires#primaryimage\"},\"thumbnailUrl\":\"https:\/\/static.africa-press.net\/togo\/sites\/58\/2022\/10\/postQueueImg_7-63470b5eb8ded.jpg\",\"keywords\":[\"Africa Press\",\"Africa Press-Togo\",\"Togo\"],\"articleSection\":[\"Politique\",\"Toutes les actualit\u00e9s\"],\"inLanguage\":\"fr-FR\",\"potentialAction\":[{\"@type\":\"CommentAction\",\"name\":\"Comment\",\"target\":[\"https:\/\/www.africa-press.net\/togo\/politique\/togo-des-cles-pour-laffermissement-des-liens-civilo-militaires#respond\"]}]},{\"@type\":\"WebPage\",\"@id\":\"https:\/\/www.africa-press.net\/togo\/politique\/togo-des-cles-pour-laffermissement-des-liens-civilo-militaires\",\"url\":\"https:\/\/www.africa-press.net\/togo\/politique\/togo-des-cles-pour-laffermissement-des-liens-civilo-militaires\",\"name\":\"Togo-Des cl\u00e9s pour l\u2019affermissement des liens civilo-militaires - Togo\",\"isPartOf\":{\"@id\":\"https:\/\/www.africa-press.net\/togo\/#website\"},\"primaryImageOfPage\":{\"@id\":\"https:\/\/www.africa-press.net\/togo\/politique\/togo-des-cles-pour-laffermissement-des-liens-civilo-militaires#primaryimage\"},\"image\":{\"@id\":\"https:\/\/www.africa-press.net\/togo\/politique\/togo-des-cles-pour-laffermissement-des-liens-civilo-militaires#primaryimage\"},\"thumbnailUrl\":\"https:\/\/static.africa-press.net\/togo\/sites\/58\/2022\/10\/postQueueImg_7-63470b5eb8ded.jpg\",\"datePublished\":\"2022-10-12T18:36:19+00:00\",\"dateModified\":\"2022-10-12T18:46:24+00:00\",\"author\":{\"@id\":\"https:\/\/www.africa-press.net\/togo\/#\/schema\/person\/2b1cf3cd81a31e3cd26889ca66d677f1\"},\"description\":\"Une confe\u0301rence a e\u0301te\u0301 organise\u0301e a\u0300 l\u2019Universite\u0301 de Lome\u0301 sur comment faire pour que les civils aient confiance au ...\",\"breadcrumb\":{\"@id\":\"https:\/\/www.africa-press.net\/togo\/politique\/togo-des-cles-pour-laffermissement-des-liens-civilo-militaires#breadcrumb\"},\"inLanguage\":\"fr-FR\",\"potentialAction\":[{\"@type\":\"ReadAction\",\"target\":[\"https:\/\/www.africa-press.net\/togo\/politique\/togo-des-cles-pour-laffermissement-des-liens-civilo-militaires\"]}]},{\"@type\":\"ImageObject\",\"inLanguage\":\"fr-FR\",\"@id\":\"https:\/\/www.africa-press.net\/togo\/politique\/togo-des-cles-pour-laffermissement-des-liens-civilo-militaires#primaryimage\",\"url\":\"https:\/\/static.africa-press.net\/togo\/sites\/58\/2022\/10\/postQueueImg_7-63470b5eb8ded.jpg\",\"contentUrl\":\"https:\/\/static.africa-press.net\/togo\/sites\/58\/2022\/10\/postQueueImg_7-63470b5eb8ded.jpg\",\"width\":1280,\"height\":800,\"caption\":\"Togo-Des cl\u00e9s pour l\u2019affermissement des liens civilo-militaires\"},{\"@type\":\"BreadcrumbList\",\"@id\":\"https:\/\/www.africa-press.net\/togo\/politique\/togo-des-cles-pour-laffermissement-des-liens-civilo-militaires#breadcrumb\",\"itemListElement\":[{\"@type\":\"ListItem\",\"position\":1,\"name\":\"Accueil\",\"item\":\"https:\/\/www.africa-press.net\/togo\/\"},{\"@type\":\"ListItem\",\"position\":2,\"name\":\"Togo-Des cl\u00e9s pour l\u2019affermissement des liens civilo-militaires\"}]},{\"@type\":\"WebSite\",\"@id\":\"https:\/\/www.africa-press.net\/togo\/#website\",\"url\":\"https:\/\/www.africa-press.net\/togo\/\",\"name\":\"Togo\",\"description\":\"Just another Africa News Agency Sites site\",\"potentialAction\":[{\"@type\":\"SearchAction\",\"target\":{\"@type\":\"EntryPoint\",\"urlTemplate\":\"https:\/\/www.africa-press.net\/togo\/?s={search_term_string}\"},\"query-input\":{\"@type\":\"PropertyValueSpecification\",\"valueRequired\":true,\"valueName\":\"search_term_string\"}}],\"inLanguage\":\"fr-FR\"},{\"@type\":\"Person\",\"@id\":\"https:\/\/www.africa-press.net\/togo\/#\/schema\/person\/2b1cf3cd81a31e3cd26889ca66d677f1\",\"name\":\"cfeditorfr\"}]}<\/script>\n<!-- \/ Yoast SEO Premium plugin. -->","yoast_head_json":{"title":"Togo-Des cl\u00e9s pour l\u2019affermissement des liens civilo-militaires - Togo","description":"Une confe\u0301rence a e\u0301te\u0301 organise\u0301e a\u0300 l\u2019Universite\u0301 de Lome\u0301 sur comment faire pour que les civils aient confiance au ...","robots":{"index":"index","follow":"follow","max-snippet":"max-snippet:-1","max-image-preview":"max-image-preview:large","max-video-preview":"max-video-preview:-1"},"canonical":"https:\/\/www.africa-press.net\/togo\/politique\/togo-des-cles-pour-laffermissement-des-liens-civilo-militaires","og_locale":"fr_FR","og_type":"article","og_title":"Togo-Des cl\u00e9s pour l\u2019affermissement des liens civilo-militaires","og_description":"Une confe\u0301rence a e\u0301te\u0301 organise\u0301e a\u0300 l\u2019Universite\u0301 de Lome\u0301 sur comment faire pour que les civils aient confiance au ...","og_url":"https:\/\/www.africa-press.net\/togo\/politique\/togo-des-cles-pour-laffermissement-des-liens-civilo-militaires","og_site_name":"Togo","article_published_time":"2022-10-12T18:36:19+00:00","article_modified_time":"2022-10-12T18:46:24+00:00","og_image":[{"width":1280,"height":800,"url":"https:\/\/static.africa-press.net\/togo\/sites\/58\/2022\/10\/postQueueImg_7-63470b5eb8ded.jpg","type":"image\/jpeg"}],"author":"cfeditorfr","twitter_card":"summary_large_image","twitter_misc":{"\u00c9crit par":"cfeditorfr","Dur\u00e9e de lecture estim\u00e9e":"3 minutes"},"schema":{"@context":"https:\/\/schema.org","@graph":[{"@type":"Article","@id":"https:\/\/www.africa-press.net\/togo\/politique\/togo-des-cles-pour-laffermissement-des-liens-civilo-militaires#article","isPartOf":{"@id":"https:\/\/www.africa-press.net\/togo\/politique\/togo-des-cles-pour-laffermissement-des-liens-civilo-militaires"},"author":{"name":"cfeditorfr","@id":"https:\/\/www.africa-press.net\/togo\/#\/schema\/person\/2b1cf3cd81a31e3cd26889ca66d677f1"},"headline":"Togo-Des cl\u00e9s pour l\u2019affermissement des liens civilo-militaires","datePublished":"2022-10-12T18:36:19+00:00","dateModified":"2022-10-12T18:46:24+00:00","mainEntityOfPage":{"@id":"https:\/\/www.africa-press.net\/togo\/politique\/togo-des-cles-pour-laffermissement-des-liens-civilo-militaires"},"wordCount":648,"commentCount":0,"image":{"@id":"https:\/\/www.africa-press.net\/togo\/politique\/togo-des-cles-pour-laffermissement-des-liens-civilo-militaires#primaryimage"},"thumbnailUrl":"https:\/\/static.africa-press.net\/togo\/sites\/58\/2022\/10\/postQueueImg_7-63470b5eb8ded.jpg","keywords":["Africa Press","Africa Press-Togo","Togo"],"articleSection":["Politique","Toutes les actualit\u00e9s"],"inLanguage":"fr-FR","potentialAction":[{"@type":"CommentAction","name":"Comment","target":["https:\/\/www.africa-press.net\/togo\/politique\/togo-des-cles-pour-laffermissement-des-liens-civilo-militaires#respond"]}]},{"@type":"WebPage","@id":"https:\/\/www.africa-press.net\/togo\/politique\/togo-des-cles-pour-laffermissement-des-liens-civilo-militaires","url":"https:\/\/www.africa-press.net\/togo\/politique\/togo-des-cles-pour-laffermissement-des-liens-civilo-militaires","name":"Togo-Des cl\u00e9s pour l\u2019affermissement des liens civilo-militaires - Togo","isPartOf":{"@id":"https:\/\/www.africa-press.net\/togo\/#website"},"primaryImageOfPage":{"@id":"https:\/\/www.africa-press.net\/togo\/politique\/togo-des-cles-pour-laffermissement-des-liens-civilo-militaires#primaryimage"},"image":{"@id":"https:\/\/www.africa-press.net\/togo\/politique\/togo-des-cles-pour-laffermissement-des-liens-civilo-militaires#primaryimage"},"thumbnailUrl":"https:\/\/static.africa-press.net\/togo\/sites\/58\/2022\/10\/postQueueImg_7-63470b5eb8ded.jpg","datePublished":"2022-10-12T18:36:19+00:00","dateModified":"2022-10-12T18:46:24+00:00","author":{"@id":"https:\/\/www.africa-press.net\/togo\/#\/schema\/person\/2b1cf3cd81a31e3cd26889ca66d677f1"},"description":"Une confe\u0301rence a e\u0301te\u0301 organise\u0301e a\u0300 l\u2019Universite\u0301 de Lome\u0301 sur comment faire pour que les civils aient confiance au ...","breadcrumb":{"@id":"https:\/\/www.africa-press.net\/togo\/politique\/togo-des-cles-pour-laffermissement-des-liens-civilo-militaires#breadcrumb"},"inLanguage":"fr-FR","potentialAction":[{"@type":"ReadAction","target":["https:\/\/www.africa-press.net\/togo\/politique\/togo-des-cles-pour-laffermissement-des-liens-civilo-militaires"]}]},{"@type":"ImageObject","inLanguage":"fr-FR","@id":"https:\/\/www.africa-press.net\/togo\/politique\/togo-des-cles-pour-laffermissement-des-liens-civilo-militaires#primaryimage","url":"https:\/\/static.africa-press.net\/togo\/sites\/58\/2022\/10\/postQueueImg_7-63470b5eb8ded.jpg","contentUrl":"https:\/\/static.africa-press.net\/togo\/sites\/58\/2022\/10\/postQueueImg_7-63470b5eb8ded.jpg","width":1280,"height":800,"caption":"Togo-Des cl\u00e9s pour l\u2019affermissement des liens civilo-militaires"},{"@type":"BreadcrumbList","@id":"https:\/\/www.africa-press.net\/togo\/politique\/togo-des-cles-pour-laffermissement-des-liens-civilo-militaires#breadcrumb","itemListElement":[{"@type":"ListItem","position":1,"name":"Accueil","item":"https:\/\/www.africa-press.net\/togo\/"},{"@type":"ListItem","position":2,"name":"Togo-Des cl\u00e9s pour l\u2019affermissement des liens civilo-militaires"}]},{"@type":"WebSite","@id":"https:\/\/www.africa-press.net\/togo\/#website","url":"https:\/\/www.africa-press.net\/togo\/","name":"Togo","description":"Just another Africa News Agency Sites site","potentialAction":[{"@type":"SearchAction","target":{"@type":"EntryPoint","urlTemplate":"https:\/\/www.africa-press.net\/togo\/?s={search_term_string}"},"query-input":{"@type":"PropertyValueSpecification","valueRequired":true,"valueName":"search_term_string"}}],"inLanguage":"fr-FR"},{"@type":"Person","@id":"https:\/\/www.africa-press.net\/togo\/#\/schema\/person\/2b1cf3cd81a31e3cd26889ca66d677f1","name":"cfeditorfr"}]}},"_links":{"self":[{"href":"https:\/\/www.africa-press.net\/togo\/wp-json\/wp\/v2\/posts\/12291","targetHints":{"allow":["GET"]}}],"collection":[{"href":"https:\/\/www.africa-press.net\/togo\/wp-json\/wp\/v2\/posts"}],"about":[{"href":"https:\/\/www.africa-press.net\/togo\/wp-json\/wp\/v2\/types\/post"}],"author":[{"embeddable":true,"href":"https:\/\/www.africa-press.net\/togo\/wp-json\/wp\/v2\/users\/82"}],"replies":[{"embeddable":true,"href":"https:\/\/www.africa-press.net\/togo\/wp-json\/wp\/v2\/comments?post=12291"}],"version-history":[{"count":0,"href":"https:\/\/www.africa-press.net\/togo\/wp-json\/wp\/v2\/posts\/12291\/revisions"}],"wp:featuredmedia":[{"embeddable":true,"href":"https:\/\/www.africa-press.net\/togo\/wp-json\/wp\/v2\/media\/12290"}],"wp:attachment":[{"href":"https:\/\/www.africa-press.net\/togo\/wp-json\/wp\/v2\/media?parent=12291"}],"wp:term":[{"taxonomy":"category","embeddable":true,"href":"https:\/\/www.africa-press.net\/togo\/wp-json\/wp\/v2\/categories?post=12291"},{"taxonomy":"post_tag","embeddable":true,"href":"https:\/\/www.africa-press.net\/togo\/wp-json\/wp\/v2\/tags?post=12291"}],"curies":[{"name":"wp","href":"https:\/\/api.w.org\/{rel}","templated":true}]}}