{"id":12300,"date":"2022-10-12T18:37:17","date_gmt":"2022-10-12T18:37:17","guid":{"rendered":"https:\/\/www.africa-press.net\/togo\/politique\/togo-faure-gnassingbe-aux-assemblees-annuelles-du-groupe-de-la-bm-et-du-fmi-a-washington"},"modified":"2022-10-12T18:49:29","modified_gmt":"2022-10-12T18:49:29","slug":"togo-faure-gnassingbe-aux-assemblees-annuelles-du-groupe-de-la-bm-et-du-fmi-a-washington","status":"publish","type":"post","link":"https:\/\/www.africa-press.net\/togo\/politique\/togo-faure-gnassingbe-aux-assemblees-annuelles-du-groupe-de-la-bm-et-du-fmi-a-washington","title":{"rendered":"Togo-Faure Gnassingb\u00e9 aux Assembl\u00e9es annuelles du Groupe de la BM et du FMI \u00e0 Washington"},"content":{"rendered":"<p><span style=\"color: #ff6600\"><strong>Africa-Press &#8211; Togo. <\/strong><\/span><b>Le chef de l\u2019Etat Faure Gnassingbe\u0301 a pris part ce 11 octobre 2022 a\u0300 une se\u0301rie d\u2019activite\u0301s inscrites a\u0300 son agenda, en qualite\u0301 d\u2019invite\u0301 spe\u0301cial aux Assemble\u0301es annuelles du Groupe de la Banque mondiale et du Fonds mone\u0301taire international, qui se de\u0301roulent du 10 au 16 octobre 2022, a\u0300 Washington.<\/b><\/p>\n<p>Le chef de l\u2019E\u0301tat s\u2019est entretenu en milieu de matine\u0301e au sie\u0300ge du Fonds mone\u0301taire international (FMI) avec la Directrice ge\u0301ne\u0301rale de l\u2019institution, Madame Kristalina Georgieva. Les e\u0301changes ont notamment porte\u0301 sur le financement des actions de de\u0301veloppement, dans un contexte e\u0301conomique mondial et re\u0301gional marque\u0301 par une superposition de crises ayant un impact sensible sur le cou\u0302t de la vie.<\/p>\n<p>Les performances appre\u0301ciables de l\u2019e\u0301conomie togolaise ont e\u0301te\u0301 releve\u0301es, et seront soutenues par les partenaires en de\u0301veloppement afin de maintenir la dynamique de croissance inclusive, en de\u0301pit de la conjoncture actuelle.<\/p>\n<p>La re\u0301silience face aux chocs syste\u0301miques a e\u0301galement e\u0301te\u0301 au c\u0153ur d\u2019une rencontre de haut niveau sur le renforcement de la se\u0301curite\u0301 alimentaire, au cours de laquelle le Pre\u0301sident Faure Essozimna Gnassingbe\u0301 a de\u0301livre\u0301 une adresse introductive.<\/p>\n<p>L\u2019expe\u0301rience du Togo et le leadership du chef de l\u2019E\u0301tat enrichiront les re\u0301flexions des institutions de Bretton Woods au cours de ces Assemble\u0301es annuelles.<\/p>\n<p>En marge de ses interventions sur des the\u0301matiques d\u2019actualite\u0301, le Pre\u0301sident de la Re\u0301publique aura des e\u0301changes avec plusieurs personnalite\u0301s et repre\u0301sentants d\u2019organisations qui entretiennent des relations de coope\u0301ration avec notre pays.<\/p>\n<p><strong>Pour plus d&rsquo;informations et d&rsquo;analyses sur la <a href=\"https:\/\/www.africa-press.net\/togo\">Togo<\/a>, suivez <a href=\"https:\/\/www.africa-press.net\/\">Africa-Press<\/a><\/strong><\/p>\n","protected":false},"excerpt":{"rendered":"<p>Africa-Press &#8211; Togo. Le chef de l\u2019Etat Faure Gnassingbe\u0301 a pris part ce 11 octobre 2022 a\u0300 une se\u0301rie d\u2019activite\u0301s inscrites a\u0300 son agenda, en qualite\u0301 d\u2019invite\u0301 spe\u0301cial aux Assemble\u0301es annuelles du Groupe de la Banque mondiale et du Fonds mone\u0301taire international, qui se de\u0301roulent du 10 au 16 octobre 2022, a\u0300 Washington. Le chef [&hellip;]<\/p>\n","protected":false},"author":82,"featured_media":12299,"comment_status":"open","ping_status":"closed","sticky":false,"template":"","format":"standard","meta":{"footnotes":""},"categories":[2,10],"tags":[36,49,50],"class_list":["post-12300","post","type-post","status-publish","format-standard","has-post-thumbnail","hentry","category-politique","category-toutes-les-actualites","tag-africa-press","tag-africa-press-togo","tag-togo"],"yoast_head":"<!-- This site is optimized with the Yoast SEO Premium plugin v26.1 (Yoast SEO v27.0) - https:\/\/yoast.com\/product\/yoast-seo-premium-wordpress\/ -->\n<title>Togo-Faure Gnassingb\u00e9 aux Assembl\u00e9es annuelles du Groupe de la BM et du FMI \u00e0 Washington - Togo<\/title>\n<meta name=\"description\" content=\"Le chef de l\u2019Etat Faure Gnassingbe\u0301 a pris part ce 11 octobre 2022 a\u0300 une se\u0301rie d\u2019activite\u0301s inscrites a\u0300 son agenda ...\" \/>\n<meta name=\"robots\" content=\"index, follow, max-snippet:-1, max-image-preview:large, max-video-preview:-1\" \/>\n<link rel=\"canonical\" href=\"https:\/\/www.africa-press.net\/togo\/politique\/togo-faure-gnassingbe-aux-assemblees-annuelles-du-groupe-de-la-bm-et-du-fmi-a-washington\" \/>\n<meta property=\"og:locale\" content=\"fr_FR\" \/>\n<meta property=\"og:type\" content=\"article\" \/>\n<meta property=\"og:title\" content=\"Togo-Faure Gnassingb\u00e9 aux Assembl\u00e9es annuelles du Groupe de la BM et du FMI \u00e0 Washington\" \/>\n<meta property=\"og:description\" content=\"Le chef de l\u2019Etat Faure Gnassingbe\u0301 a pris part ce 11 octobre 2022 a\u0300 une se\u0301rie d\u2019activite\u0301s inscrites a\u0300 son agenda ...\" \/>\n<meta property=\"og:url\" content=\"https:\/\/www.africa-press.net\/togo\/politique\/togo-faure-gnassingbe-aux-assemblees-annuelles-du-groupe-de-la-bm-et-du-fmi-a-washington\" \/>\n<meta property=\"og:site_name\" content=\"Togo\" \/>\n<meta property=\"article:published_time\" content=\"2022-10-12T18:37:17+00:00\" \/>\n<meta property=\"article:modified_time\" content=\"2022-10-12T18:49:29+00:00\" \/>\n<meta property=\"og:image\" content=\"https:\/\/static.africa-press.net\/togo\/sites\/58\/2022\/10\/postQueueImg_11-63470c139cae2.jpg\" \/>\n\t<meta property=\"og:image:width\" content=\"1280\" \/>\n\t<meta property=\"og:image:height\" content=\"862\" \/>\n\t<meta property=\"og:image:type\" content=\"image\/jpeg\" \/>\n<meta name=\"author\" content=\"cfeditorfr\" \/>\n<meta name=\"twitter:card\" content=\"summary_large_image\" \/>\n<meta name=\"twitter:label1\" content=\"\u00c9crit par\" \/>\n\t<meta name=\"twitter:data1\" content=\"cfeditorfr\" \/>\n\t<meta name=\"twitter:label2\" content=\"Dur\u00e9e de lecture estim\u00e9e\" \/>\n\t<meta name=\"twitter:data2\" content=\"2 minutes\" \/>\n<script type=\"application\/ld+json\" class=\"yoast-schema-graph\">{\"@context\":\"https:\/\/schema.org\",\"@graph\":[{\"@type\":\"Article\",\"@id\":\"https:\/\/www.africa-press.net\/togo\/politique\/togo-faure-gnassingbe-aux-assemblees-annuelles-du-groupe-de-la-bm-et-du-fmi-a-washington#article\",\"isPartOf\":{\"@id\":\"https:\/\/www.africa-press.net\/togo\/politique\/togo-faure-gnassingbe-aux-assemblees-annuelles-du-groupe-de-la-bm-et-du-fmi-a-washington\"},\"author\":{\"name\":\"cfeditorfr\",\"@id\":\"https:\/\/www.africa-press.net\/togo\/#\/schema\/person\/2b1cf3cd81a31e3cd26889ca66d677f1\"},\"headline\":\"Togo-Faure Gnassingb\u00e9 aux Assembl\u00e9es annuelles du Groupe de la BM et du FMI \u00e0 Washington\",\"datePublished\":\"2022-10-12T18:37:17+00:00\",\"dateModified\":\"2022-10-12T18:49:29+00:00\",\"mainEntityOfPage\":{\"@id\":\"https:\/\/www.africa-press.net\/togo\/politique\/togo-faure-gnassingbe-aux-assemblees-annuelles-du-groupe-de-la-bm-et-du-fmi-a-washington\"},\"wordCount\":314,\"commentCount\":0,\"image\":{\"@id\":\"https:\/\/www.africa-press.net\/togo\/politique\/togo-faure-gnassingbe-aux-assemblees-annuelles-du-groupe-de-la-bm-et-du-fmi-a-washington#primaryimage\"},\"thumbnailUrl\":\"https:\/\/static.africa-press.net\/togo\/sites\/58\/2022\/10\/postQueueImg_11-63470c139cae2.jpg\",\"keywords\":[\"Africa Press\",\"Africa Press-Togo\",\"Togo\"],\"articleSection\":[\"Politique\",\"Toutes les actualit\u00e9s\"],\"inLanguage\":\"fr-FR\",\"potentialAction\":[{\"@type\":\"CommentAction\",\"name\":\"Comment\",\"target\":[\"https:\/\/www.africa-press.net\/togo\/politique\/togo-faure-gnassingbe-aux-assemblees-annuelles-du-groupe-de-la-bm-et-du-fmi-a-washington#respond\"]}]},{\"@type\":\"WebPage\",\"@id\":\"https:\/\/www.africa-press.net\/togo\/politique\/togo-faure-gnassingbe-aux-assemblees-annuelles-du-groupe-de-la-bm-et-du-fmi-a-washington\",\"url\":\"https:\/\/www.africa-press.net\/togo\/politique\/togo-faure-gnassingbe-aux-assemblees-annuelles-du-groupe-de-la-bm-et-du-fmi-a-washington\",\"name\":\"Togo-Faure Gnassingb\u00e9 aux Assembl\u00e9es annuelles du Groupe de la BM et du FMI \u00e0 Washington - Togo\",\"isPartOf\":{\"@id\":\"https:\/\/www.africa-press.net\/togo\/#website\"},\"primaryImageOfPage\":{\"@id\":\"https:\/\/www.africa-press.net\/togo\/politique\/togo-faure-gnassingbe-aux-assemblees-annuelles-du-groupe-de-la-bm-et-du-fmi-a-washington#primaryimage\"},\"image\":{\"@id\":\"https:\/\/www.africa-press.net\/togo\/politique\/togo-faure-gnassingbe-aux-assemblees-annuelles-du-groupe-de-la-bm-et-du-fmi-a-washington#primaryimage\"},\"thumbnailUrl\":\"https:\/\/static.africa-press.net\/togo\/sites\/58\/2022\/10\/postQueueImg_11-63470c139cae2.jpg\",\"datePublished\":\"2022-10-12T18:37:17+00:00\",\"dateModified\":\"2022-10-12T18:49:29+00:00\",\"author\":{\"@id\":\"https:\/\/www.africa-press.net\/togo\/#\/schema\/person\/2b1cf3cd81a31e3cd26889ca66d677f1\"},\"description\":\"Le chef de l\u2019Etat Faure Gnassingbe\u0301 a pris part ce 11 octobre 2022 a\u0300 une se\u0301rie d\u2019activite\u0301s inscrites a\u0300 son agenda ...\",\"breadcrumb\":{\"@id\":\"https:\/\/www.africa-press.net\/togo\/politique\/togo-faure-gnassingbe-aux-assemblees-annuelles-du-groupe-de-la-bm-et-du-fmi-a-washington#breadcrumb\"},\"inLanguage\":\"fr-FR\",\"potentialAction\":[{\"@type\":\"ReadAction\",\"target\":[\"https:\/\/www.africa-press.net\/togo\/politique\/togo-faure-gnassingbe-aux-assemblees-annuelles-du-groupe-de-la-bm-et-du-fmi-a-washington\"]}]},{\"@type\":\"ImageObject\",\"inLanguage\":\"fr-FR\",\"@id\":\"https:\/\/www.africa-press.net\/togo\/politique\/togo-faure-gnassingbe-aux-assemblees-annuelles-du-groupe-de-la-bm-et-du-fmi-a-washington#primaryimage\",\"url\":\"https:\/\/static.africa-press.net\/togo\/sites\/58\/2022\/10\/postQueueImg_11-63470c139cae2.jpg\",\"contentUrl\":\"https:\/\/static.africa-press.net\/togo\/sites\/58\/2022\/10\/postQueueImg_11-63470c139cae2.jpg\",\"width\":1280,\"height\":862,\"caption\":\"Togo-Faure Gnassingb\u00e9 aux Assembl\u00e9es annuelles du Groupe de la BM et du FMI \u00e0 Washington\"},{\"@type\":\"BreadcrumbList\",\"@id\":\"https:\/\/www.africa-press.net\/togo\/politique\/togo-faure-gnassingbe-aux-assemblees-annuelles-du-groupe-de-la-bm-et-du-fmi-a-washington#breadcrumb\",\"itemListElement\":[{\"@type\":\"ListItem\",\"position\":1,\"name\":\"Accueil\",\"item\":\"https:\/\/www.africa-press.net\/togo\/\"},{\"@type\":\"ListItem\",\"position\":2,\"name\":\"Togo-Faure Gnassingb\u00e9 aux Assembl\u00e9es annuelles du Groupe de la BM et du FMI \u00e0 Washington\"}]},{\"@type\":\"WebSite\",\"@id\":\"https:\/\/www.africa-press.net\/togo\/#website\",\"url\":\"https:\/\/www.africa-press.net\/togo\/\",\"name\":\"Togo\",\"description\":\"Just another Africa News Agency Sites site\",\"potentialAction\":[{\"@type\":\"SearchAction\",\"target\":{\"@type\":\"EntryPoint\",\"urlTemplate\":\"https:\/\/www.africa-press.net\/togo\/?s={search_term_string}\"},\"query-input\":{\"@type\":\"PropertyValueSpecification\",\"valueRequired\":true,\"valueName\":\"search_term_string\"}}],\"inLanguage\":\"fr-FR\"},{\"@type\":\"Person\",\"@id\":\"https:\/\/www.africa-press.net\/togo\/#\/schema\/person\/2b1cf3cd81a31e3cd26889ca66d677f1\",\"name\":\"cfeditorfr\"}]}<\/script>\n<!-- \/ Yoast SEO Premium plugin. -->","yoast_head_json":{"title":"Togo-Faure Gnassingb\u00e9 aux Assembl\u00e9es annuelles du Groupe de la BM et du FMI \u00e0 Washington - Togo","description":"Le chef de l\u2019Etat Faure Gnassingbe\u0301 a pris part ce 11 octobre 2022 a\u0300 une se\u0301rie d\u2019activite\u0301s inscrites a\u0300 son agenda ...","robots":{"index":"index","follow":"follow","max-snippet":"max-snippet:-1","max-image-preview":"max-image-preview:large","max-video-preview":"max-video-preview:-1"},"canonical":"https:\/\/www.africa-press.net\/togo\/politique\/togo-faure-gnassingbe-aux-assemblees-annuelles-du-groupe-de-la-bm-et-du-fmi-a-washington","og_locale":"fr_FR","og_type":"article","og_title":"Togo-Faure Gnassingb\u00e9 aux Assembl\u00e9es annuelles du Groupe de la BM et du FMI \u00e0 Washington","og_description":"Le chef de l\u2019Etat Faure Gnassingbe\u0301 a pris part ce 11 octobre 2022 a\u0300 une se\u0301rie d\u2019activite\u0301s inscrites a\u0300 son agenda ...","og_url":"https:\/\/www.africa-press.net\/togo\/politique\/togo-faure-gnassingbe-aux-assemblees-annuelles-du-groupe-de-la-bm-et-du-fmi-a-washington","og_site_name":"Togo","article_published_time":"2022-10-12T18:37:17+00:00","article_modified_time":"2022-10-12T18:49:29+00:00","og_image":[{"width":1280,"height":862,"url":"https:\/\/static.africa-press.net\/togo\/sites\/58\/2022\/10\/postQueueImg_11-63470c139cae2.jpg","type":"image\/jpeg"}],"author":"cfeditorfr","twitter_card":"summary_large_image","twitter_misc":{"\u00c9crit par":"cfeditorfr","Dur\u00e9e de lecture estim\u00e9e":"2 minutes"},"schema":{"@context":"https:\/\/schema.org","@graph":[{"@type":"Article","@id":"https:\/\/www.africa-press.net\/togo\/politique\/togo-faure-gnassingbe-aux-assemblees-annuelles-du-groupe-de-la-bm-et-du-fmi-a-washington#article","isPartOf":{"@id":"https:\/\/www.africa-press.net\/togo\/politique\/togo-faure-gnassingbe-aux-assemblees-annuelles-du-groupe-de-la-bm-et-du-fmi-a-washington"},"author":{"name":"cfeditorfr","@id":"https:\/\/www.africa-press.net\/togo\/#\/schema\/person\/2b1cf3cd81a31e3cd26889ca66d677f1"},"headline":"Togo-Faure Gnassingb\u00e9 aux Assembl\u00e9es annuelles du Groupe de la BM et du FMI \u00e0 Washington","datePublished":"2022-10-12T18:37:17+00:00","dateModified":"2022-10-12T18:49:29+00:00","mainEntityOfPage":{"@id":"https:\/\/www.africa-press.net\/togo\/politique\/togo-faure-gnassingbe-aux-assemblees-annuelles-du-groupe-de-la-bm-et-du-fmi-a-washington"},"wordCount":314,"commentCount":0,"image":{"@id":"https:\/\/www.africa-press.net\/togo\/politique\/togo-faure-gnassingbe-aux-assemblees-annuelles-du-groupe-de-la-bm-et-du-fmi-a-washington#primaryimage"},"thumbnailUrl":"https:\/\/static.africa-press.net\/togo\/sites\/58\/2022\/10\/postQueueImg_11-63470c139cae2.jpg","keywords":["Africa Press","Africa Press-Togo","Togo"],"articleSection":["Politique","Toutes les actualit\u00e9s"],"inLanguage":"fr-FR","potentialAction":[{"@type":"CommentAction","name":"Comment","target":["https:\/\/www.africa-press.net\/togo\/politique\/togo-faure-gnassingbe-aux-assemblees-annuelles-du-groupe-de-la-bm-et-du-fmi-a-washington#respond"]}]},{"@type":"WebPage","@id":"https:\/\/www.africa-press.net\/togo\/politique\/togo-faure-gnassingbe-aux-assemblees-annuelles-du-groupe-de-la-bm-et-du-fmi-a-washington","url":"https:\/\/www.africa-press.net\/togo\/politique\/togo-faure-gnassingbe-aux-assemblees-annuelles-du-groupe-de-la-bm-et-du-fmi-a-washington","name":"Togo-Faure Gnassingb\u00e9 aux Assembl\u00e9es annuelles du Groupe de la BM et du FMI \u00e0 Washington - Togo","isPartOf":{"@id":"https:\/\/www.africa-press.net\/togo\/#website"},"primaryImageOfPage":{"@id":"https:\/\/www.africa-press.net\/togo\/politique\/togo-faure-gnassingbe-aux-assemblees-annuelles-du-groupe-de-la-bm-et-du-fmi-a-washington#primaryimage"},"image":{"@id":"https:\/\/www.africa-press.net\/togo\/politique\/togo-faure-gnassingbe-aux-assemblees-annuelles-du-groupe-de-la-bm-et-du-fmi-a-washington#primaryimage"},"thumbnailUrl":"https:\/\/static.africa-press.net\/togo\/sites\/58\/2022\/10\/postQueueImg_11-63470c139cae2.jpg","datePublished":"2022-10-12T18:37:17+00:00","dateModified":"2022-10-12T18:49:29+00:00","author":{"@id":"https:\/\/www.africa-press.net\/togo\/#\/schema\/person\/2b1cf3cd81a31e3cd26889ca66d677f1"},"description":"Le chef de l\u2019Etat Faure Gnassingbe\u0301 a pris part ce 11 octobre 2022 a\u0300 une se\u0301rie d\u2019activite\u0301s inscrites a\u0300 son agenda ...","breadcrumb":{"@id":"https:\/\/www.africa-press.net\/togo\/politique\/togo-faure-gnassingbe-aux-assemblees-annuelles-du-groupe-de-la-bm-et-du-fmi-a-washington#breadcrumb"},"inLanguage":"fr-FR","potentialAction":[{"@type":"ReadAction","target":["https:\/\/www.africa-press.net\/togo\/politique\/togo-faure-gnassingbe-aux-assemblees-annuelles-du-groupe-de-la-bm-et-du-fmi-a-washington"]}]},{"@type":"ImageObject","inLanguage":"fr-FR","@id":"https:\/\/www.africa-press.net\/togo\/politique\/togo-faure-gnassingbe-aux-assemblees-annuelles-du-groupe-de-la-bm-et-du-fmi-a-washington#primaryimage","url":"https:\/\/static.africa-press.net\/togo\/sites\/58\/2022\/10\/postQueueImg_11-63470c139cae2.jpg","contentUrl":"https:\/\/static.africa-press.net\/togo\/sites\/58\/2022\/10\/postQueueImg_11-63470c139cae2.jpg","width":1280,"height":862,"caption":"Togo-Faure Gnassingb\u00e9 aux Assembl\u00e9es annuelles du Groupe de la BM et du FMI \u00e0 Washington"},{"@type":"BreadcrumbList","@id":"https:\/\/www.africa-press.net\/togo\/politique\/togo-faure-gnassingbe-aux-assemblees-annuelles-du-groupe-de-la-bm-et-du-fmi-a-washington#breadcrumb","itemListElement":[{"@type":"ListItem","position":1,"name":"Accueil","item":"https:\/\/www.africa-press.net\/togo\/"},{"@type":"ListItem","position":2,"name":"Togo-Faure Gnassingb\u00e9 aux Assembl\u00e9es annuelles du Groupe de la BM et du FMI \u00e0 Washington"}]},{"@type":"WebSite","@id":"https:\/\/www.africa-press.net\/togo\/#website","url":"https:\/\/www.africa-press.net\/togo\/","name":"Togo","description":"Just another Africa News Agency Sites site","potentialAction":[{"@type":"SearchAction","target":{"@type":"EntryPoint","urlTemplate":"https:\/\/www.africa-press.net\/togo\/?s={search_term_string}"},"query-input":{"@type":"PropertyValueSpecification","valueRequired":true,"valueName":"search_term_string"}}],"inLanguage":"fr-FR"},{"@type":"Person","@id":"https:\/\/www.africa-press.net\/togo\/#\/schema\/person\/2b1cf3cd81a31e3cd26889ca66d677f1","name":"cfeditorfr"}]}},"_links":{"self":[{"href":"https:\/\/www.africa-press.net\/togo\/wp-json\/wp\/v2\/posts\/12300","targetHints":{"allow":["GET"]}}],"collection":[{"href":"https:\/\/www.africa-press.net\/togo\/wp-json\/wp\/v2\/posts"}],"about":[{"href":"https:\/\/www.africa-press.net\/togo\/wp-json\/wp\/v2\/types\/post"}],"author":[{"embeddable":true,"href":"https:\/\/www.africa-press.net\/togo\/wp-json\/wp\/v2\/users\/82"}],"replies":[{"embeddable":true,"href":"https:\/\/www.africa-press.net\/togo\/wp-json\/wp\/v2\/comments?post=12300"}],"version-history":[{"count":0,"href":"https:\/\/www.africa-press.net\/togo\/wp-json\/wp\/v2\/posts\/12300\/revisions"}],"wp:featuredmedia":[{"embeddable":true,"href":"https:\/\/www.africa-press.net\/togo\/wp-json\/wp\/v2\/media\/12299"}],"wp:attachment":[{"href":"https:\/\/www.africa-press.net\/togo\/wp-json\/wp\/v2\/media?parent=12300"}],"wp:term":[{"taxonomy":"category","embeddable":true,"href":"https:\/\/www.africa-press.net\/togo\/wp-json\/wp\/v2\/categories?post=12300"},{"taxonomy":"post_tag","embeddable":true,"href":"https:\/\/www.africa-press.net\/togo\/wp-json\/wp\/v2\/tags?post=12300"}],"curies":[{"name":"wp","href":"https:\/\/api.w.org\/{rel}","templated":true}]}}