{"id":12333,"date":"2022-10-13T19:06:19","date_gmt":"2022-10-13T19:06:19","guid":{"rendered":"https:\/\/www.africa-press.net\/togo\/politique\/togo-kako-nubukpo-de-nouveau-a-la-librairie"},"modified":"2022-10-13T19:15:33","modified_gmt":"2022-10-13T19:15:33","slug":"togo-kako-nubukpo-de-nouveau-a-la-librairie","status":"publish","type":"post","link":"https:\/\/www.africa-press.net\/togo\/politique\/togo-kako-nubukpo-de-nouveau-a-la-librairie","title":{"rendered":"Togo-Kako Nubukpo de nouveau \u00e0 la librairie"},"content":{"rendered":"<p><span style=\"color: #ff6600\"><strong>Africa-Press &#8211; Togo. <\/strong><\/span><b>L\u2019ancien ministre togolais de la Prospective et de l\u2019Evaluation des politiques publiques publie un nouvel essai : \u00ab Une solution pour l\u2019Afrique : du protectionnisme aux biens communs \u00bb.<\/b><\/p>\n<p>Kako Nubukpo, e\u0301conomiste et homme politique, 54 ans, vient de faire parai\u0302tre un nouvel ouvrage aux e\u0301ditions Odile Jacob a\u0300 Paris (France).<\/p>\n<p>\u00ab Une solution pour l\u2019Afrique : du protectionnisme aux biens communs \u00bb fait suite a\u0300 \u00ab un contexte de fortes incertitudes en Afrique et dans le monde \u00bb, obligeant l\u2019ancien haut fonctionnaire de la Banque centrale des Etats de l\u2019Afrique de l\u2019ouest (BCEAO) a\u0300 \u00ab poser un diagnostic sans complaisance de l\u2019e\u0301tat e\u0301conomique du continent et surtout imaginer des chemins d\u2019acce\u0300s a\u0300 la prospe\u0301rite\u0301 partage\u0301e, gage de stabilite\u0301 e\u0301conomique, de progre\u0300s social et de durabilite\u0301 e\u0301cologique \u00bb.<\/p>\n<p>Le natif de Lome\u0301 \u00ab plaide dans cet ouvrage pour un ne\u0301oprotectionnisme capable de pre\u0301server l\u2019Afrique des pre\u0301dations a\u0300 l\u2019\u0153uvre a\u0300 l\u2019heure actuelle et pour la promotion de nouveaux communs fonde\u0301s sur les valeurs de partage, d\u2019e\u0301quite\u0301 et de consensus, soit un contrat social africain qui entre en re\u0301sonnance avec notre vivre ensemble se\u0301culaire \u00bb.<\/p>\n<p>Comme toute \u0153uvre, cet essai, ajoute son auteur, bien qu\u2019il soit \u00ab perfectible, (&#8230;) s\u2019inscrit dans un devoir de ge\u0301ne\u0301ration, celui de ne pas laisser les autres re\u0301fle\u0301chir et proposer des solution \u00bb a\u0300 la place des Africains.<\/p>\n<p>Kako Nubukpo, docteur en sciences e\u0301conomiques de l\u2019Universite\u0301 Lumie\u0300re-Lyon-II, spe\u0301cialiste de l\u2019e\u0301conomie du coton, agre\u0301ge\u0301 d\u2019e\u0301conomie, auteur de \u00ab L\u2019inse\u0301curite\u0301 alimentaire en Afrique subsaharienne : le ro\u0302le des incertitudes \u00bb, \u00ab L\u2019Improvisation e\u0301conomique en Afrique de l\u2019Ouest, du coton au franc CFA \u00bb, \u00ab L\u2019Urgence africaine \u00bb, entre autres, est actuellement le Commissaire charge\u0301 du de\u0301partement de l\u2019agriculture, des ressources de l\u2019eau et de l\u2019environnement de l\u2019Union e\u0301conomique et mone\u0301taire ouest africaine (UEMOA).<\/p>\n<p><strong>Pour plus d&rsquo;informations et d&rsquo;analyses sur la <a href=\"https:\/\/www.africa-press.net\/togo\">Togo<\/a>, suivez <a href=\"https:\/\/www.africa-press.net\/\">Africa-Press<\/a><\/strong><\/p>\n","protected":false},"excerpt":{"rendered":"<p>Africa-Press &#8211; Togo. L\u2019ancien ministre togolais de la Prospective et de l\u2019Evaluation des politiques publiques publie un nouvel essai : \u00ab Une solution pour l\u2019Afrique : du protectionnisme aux biens communs \u00bb. Kako Nubukpo, e\u0301conomiste et homme politique, 54 ans, vient de faire parai\u0302tre un nouvel ouvrage aux e\u0301ditions Odile Jacob a\u0300 Paris (France). \u00ab [&hellip;]<\/p>\n","protected":false},"author":82,"featured_media":12332,"comment_status":"open","ping_status":"closed","sticky":false,"template":"","format":"standard","meta":{"footnotes":""},"categories":[2,10],"tags":[36,49,50],"class_list":["post-12333","post","type-post","status-publish","format-standard","has-post-thumbnail","hentry","category-politique","category-toutes-les-actualites","tag-africa-press","tag-africa-press-togo","tag-togo"],"yoast_head":"<!-- This site is optimized with the Yoast SEO Premium plugin v26.1 (Yoast SEO v27.0) - https:\/\/yoast.com\/product\/yoast-seo-premium-wordpress\/ -->\n<title>Togo-Kako Nubukpo de nouveau \u00e0 la librairie - Togo<\/title>\n<meta name=\"description\" content=\"L\u2019ancien ministre togolais de la Prospective et de l\u2019Evaluation des politiques publiques publie un nouvel essai : \u00ab U ...\" \/>\n<meta name=\"robots\" content=\"index, follow, max-snippet:-1, max-image-preview:large, max-video-preview:-1\" \/>\n<link rel=\"canonical\" href=\"https:\/\/www.africa-press.net\/togo\/politique\/togo-kako-nubukpo-de-nouveau-a-la-librairie\" \/>\n<meta property=\"og:locale\" content=\"fr_FR\" \/>\n<meta property=\"og:type\" content=\"article\" \/>\n<meta property=\"og:title\" content=\"Togo-Kako Nubukpo de nouveau \u00e0 la librairie\" \/>\n<meta property=\"og:description\" content=\"L\u2019ancien ministre togolais de la Prospective et de l\u2019Evaluation des politiques publiques publie un nouvel essai : \u00ab U ...\" \/>\n<meta property=\"og:url\" content=\"https:\/\/www.africa-press.net\/togo\/politique\/togo-kako-nubukpo-de-nouveau-a-la-librairie\" \/>\n<meta property=\"og:site_name\" content=\"Togo\" \/>\n<meta property=\"article:published_time\" content=\"2022-10-13T19:06:19+00:00\" \/>\n<meta property=\"article:modified_time\" content=\"2022-10-13T19:15:33+00:00\" \/>\n<meta property=\"og:image\" content=\"https:\/\/static.africa-press.net\/togo\/sites\/58\/2022\/10\/postQueueImg_1-634863a6207be.jpg\" \/>\n\t<meta property=\"og:image:width\" content=\"1280\" \/>\n\t<meta property=\"og:image:height\" content=\"800\" \/>\n\t<meta property=\"og:image:type\" content=\"image\/jpeg\" \/>\n<meta name=\"author\" content=\"cfeditorfr\" \/>\n<meta name=\"twitter:card\" content=\"summary_large_image\" \/>\n<meta name=\"twitter:label1\" content=\"\u00c9crit par\" \/>\n\t<meta name=\"twitter:data1\" content=\"cfeditorfr\" \/>\n\t<meta name=\"twitter:label2\" content=\"Dur\u00e9e de lecture estim\u00e9e\" \/>\n\t<meta name=\"twitter:data2\" content=\"2 minutes\" \/>\n<script type=\"application\/ld+json\" class=\"yoast-schema-graph\">{\"@context\":\"https:\/\/schema.org\",\"@graph\":[{\"@type\":\"Article\",\"@id\":\"https:\/\/www.africa-press.net\/togo\/politique\/togo-kako-nubukpo-de-nouveau-a-la-librairie#article\",\"isPartOf\":{\"@id\":\"https:\/\/www.africa-press.net\/togo\/politique\/togo-kako-nubukpo-de-nouveau-a-la-librairie\"},\"author\":{\"name\":\"cfeditorfr\",\"@id\":\"https:\/\/www.africa-press.net\/togo\/#\/schema\/person\/2b1cf3cd81a31e3cd26889ca66d677f1\"},\"headline\":\"Togo-Kako Nubukpo de nouveau \u00e0 la librairie\",\"datePublished\":\"2022-10-13T19:06:19+00:00\",\"dateModified\":\"2022-10-13T19:15:33+00:00\",\"mainEntityOfPage\":{\"@id\":\"https:\/\/www.africa-press.net\/togo\/politique\/togo-kako-nubukpo-de-nouveau-a-la-librairie\"},\"wordCount\":351,\"commentCount\":0,\"image\":{\"@id\":\"https:\/\/www.africa-press.net\/togo\/politique\/togo-kako-nubukpo-de-nouveau-a-la-librairie#primaryimage\"},\"thumbnailUrl\":\"https:\/\/static.africa-press.net\/togo\/sites\/58\/2022\/10\/postQueueImg_1-634863a6207be.jpg\",\"keywords\":[\"Africa Press\",\"Africa Press-Togo\",\"Togo\"],\"articleSection\":[\"Politique\",\"Toutes les actualit\u00e9s\"],\"inLanguage\":\"fr-FR\",\"potentialAction\":[{\"@type\":\"CommentAction\",\"name\":\"Comment\",\"target\":[\"https:\/\/www.africa-press.net\/togo\/politique\/togo-kako-nubukpo-de-nouveau-a-la-librairie#respond\"]}]},{\"@type\":\"WebPage\",\"@id\":\"https:\/\/www.africa-press.net\/togo\/politique\/togo-kako-nubukpo-de-nouveau-a-la-librairie\",\"url\":\"https:\/\/www.africa-press.net\/togo\/politique\/togo-kako-nubukpo-de-nouveau-a-la-librairie\",\"name\":\"Togo-Kako Nubukpo de nouveau \u00e0 la librairie - Togo\",\"isPartOf\":{\"@id\":\"https:\/\/www.africa-press.net\/togo\/#website\"},\"primaryImageOfPage\":{\"@id\":\"https:\/\/www.africa-press.net\/togo\/politique\/togo-kako-nubukpo-de-nouveau-a-la-librairie#primaryimage\"},\"image\":{\"@id\":\"https:\/\/www.africa-press.net\/togo\/politique\/togo-kako-nubukpo-de-nouveau-a-la-librairie#primaryimage\"},\"thumbnailUrl\":\"https:\/\/static.africa-press.net\/togo\/sites\/58\/2022\/10\/postQueueImg_1-634863a6207be.jpg\",\"datePublished\":\"2022-10-13T19:06:19+00:00\",\"dateModified\":\"2022-10-13T19:15:33+00:00\",\"author\":{\"@id\":\"https:\/\/www.africa-press.net\/togo\/#\/schema\/person\/2b1cf3cd81a31e3cd26889ca66d677f1\"},\"description\":\"L\u2019ancien ministre togolais de la Prospective et de l\u2019Evaluation des politiques publiques publie un nouvel essai : \u00ab U ...\",\"breadcrumb\":{\"@id\":\"https:\/\/www.africa-press.net\/togo\/politique\/togo-kako-nubukpo-de-nouveau-a-la-librairie#breadcrumb\"},\"inLanguage\":\"fr-FR\",\"potentialAction\":[{\"@type\":\"ReadAction\",\"target\":[\"https:\/\/www.africa-press.net\/togo\/politique\/togo-kako-nubukpo-de-nouveau-a-la-librairie\"]}]},{\"@type\":\"ImageObject\",\"inLanguage\":\"fr-FR\",\"@id\":\"https:\/\/www.africa-press.net\/togo\/politique\/togo-kako-nubukpo-de-nouveau-a-la-librairie#primaryimage\",\"url\":\"https:\/\/static.africa-press.net\/togo\/sites\/58\/2022\/10\/postQueueImg_1-634863a6207be.jpg\",\"contentUrl\":\"https:\/\/static.africa-press.net\/togo\/sites\/58\/2022\/10\/postQueueImg_1-634863a6207be.jpg\",\"width\":1280,\"height\":800,\"caption\":\"Togo-Kako Nubukpo de nouveau \u00e0 la librairie\"},{\"@type\":\"BreadcrumbList\",\"@id\":\"https:\/\/www.africa-press.net\/togo\/politique\/togo-kako-nubukpo-de-nouveau-a-la-librairie#breadcrumb\",\"itemListElement\":[{\"@type\":\"ListItem\",\"position\":1,\"name\":\"Accueil\",\"item\":\"https:\/\/www.africa-press.net\/togo\/\"},{\"@type\":\"ListItem\",\"position\":2,\"name\":\"Togo-Kako Nubukpo de nouveau \u00e0 la librairie\"}]},{\"@type\":\"WebSite\",\"@id\":\"https:\/\/www.africa-press.net\/togo\/#website\",\"url\":\"https:\/\/www.africa-press.net\/togo\/\",\"name\":\"Togo\",\"description\":\"Just another Africa News Agency Sites site\",\"potentialAction\":[{\"@type\":\"SearchAction\",\"target\":{\"@type\":\"EntryPoint\",\"urlTemplate\":\"https:\/\/www.africa-press.net\/togo\/?s={search_term_string}\"},\"query-input\":{\"@type\":\"PropertyValueSpecification\",\"valueRequired\":true,\"valueName\":\"search_term_string\"}}],\"inLanguage\":\"fr-FR\"},{\"@type\":\"Person\",\"@id\":\"https:\/\/www.africa-press.net\/togo\/#\/schema\/person\/2b1cf3cd81a31e3cd26889ca66d677f1\",\"name\":\"cfeditorfr\"}]}<\/script>\n<!-- \/ Yoast SEO Premium plugin. -->","yoast_head_json":{"title":"Togo-Kako Nubukpo de nouveau \u00e0 la librairie - Togo","description":"L\u2019ancien ministre togolais de la Prospective et de l\u2019Evaluation des politiques publiques publie un nouvel essai : \u00ab U ...","robots":{"index":"index","follow":"follow","max-snippet":"max-snippet:-1","max-image-preview":"max-image-preview:large","max-video-preview":"max-video-preview:-1"},"canonical":"https:\/\/www.africa-press.net\/togo\/politique\/togo-kako-nubukpo-de-nouveau-a-la-librairie","og_locale":"fr_FR","og_type":"article","og_title":"Togo-Kako Nubukpo de nouveau \u00e0 la librairie","og_description":"L\u2019ancien ministre togolais de la Prospective et de l\u2019Evaluation des politiques publiques publie un nouvel essai : \u00ab U ...","og_url":"https:\/\/www.africa-press.net\/togo\/politique\/togo-kako-nubukpo-de-nouveau-a-la-librairie","og_site_name":"Togo","article_published_time":"2022-10-13T19:06:19+00:00","article_modified_time":"2022-10-13T19:15:33+00:00","og_image":[{"width":1280,"height":800,"url":"https:\/\/static.africa-press.net\/togo\/sites\/58\/2022\/10\/postQueueImg_1-634863a6207be.jpg","type":"image\/jpeg"}],"author":"cfeditorfr","twitter_card":"summary_large_image","twitter_misc":{"\u00c9crit par":"cfeditorfr","Dur\u00e9e de lecture estim\u00e9e":"2 minutes"},"schema":{"@context":"https:\/\/schema.org","@graph":[{"@type":"Article","@id":"https:\/\/www.africa-press.net\/togo\/politique\/togo-kako-nubukpo-de-nouveau-a-la-librairie#article","isPartOf":{"@id":"https:\/\/www.africa-press.net\/togo\/politique\/togo-kako-nubukpo-de-nouveau-a-la-librairie"},"author":{"name":"cfeditorfr","@id":"https:\/\/www.africa-press.net\/togo\/#\/schema\/person\/2b1cf3cd81a31e3cd26889ca66d677f1"},"headline":"Togo-Kako Nubukpo de nouveau \u00e0 la librairie","datePublished":"2022-10-13T19:06:19+00:00","dateModified":"2022-10-13T19:15:33+00:00","mainEntityOfPage":{"@id":"https:\/\/www.africa-press.net\/togo\/politique\/togo-kako-nubukpo-de-nouveau-a-la-librairie"},"wordCount":351,"commentCount":0,"image":{"@id":"https:\/\/www.africa-press.net\/togo\/politique\/togo-kako-nubukpo-de-nouveau-a-la-librairie#primaryimage"},"thumbnailUrl":"https:\/\/static.africa-press.net\/togo\/sites\/58\/2022\/10\/postQueueImg_1-634863a6207be.jpg","keywords":["Africa Press","Africa Press-Togo","Togo"],"articleSection":["Politique","Toutes les actualit\u00e9s"],"inLanguage":"fr-FR","potentialAction":[{"@type":"CommentAction","name":"Comment","target":["https:\/\/www.africa-press.net\/togo\/politique\/togo-kako-nubukpo-de-nouveau-a-la-librairie#respond"]}]},{"@type":"WebPage","@id":"https:\/\/www.africa-press.net\/togo\/politique\/togo-kako-nubukpo-de-nouveau-a-la-librairie","url":"https:\/\/www.africa-press.net\/togo\/politique\/togo-kako-nubukpo-de-nouveau-a-la-librairie","name":"Togo-Kako Nubukpo de nouveau \u00e0 la librairie - Togo","isPartOf":{"@id":"https:\/\/www.africa-press.net\/togo\/#website"},"primaryImageOfPage":{"@id":"https:\/\/www.africa-press.net\/togo\/politique\/togo-kako-nubukpo-de-nouveau-a-la-librairie#primaryimage"},"image":{"@id":"https:\/\/www.africa-press.net\/togo\/politique\/togo-kako-nubukpo-de-nouveau-a-la-librairie#primaryimage"},"thumbnailUrl":"https:\/\/static.africa-press.net\/togo\/sites\/58\/2022\/10\/postQueueImg_1-634863a6207be.jpg","datePublished":"2022-10-13T19:06:19+00:00","dateModified":"2022-10-13T19:15:33+00:00","author":{"@id":"https:\/\/www.africa-press.net\/togo\/#\/schema\/person\/2b1cf3cd81a31e3cd26889ca66d677f1"},"description":"L\u2019ancien ministre togolais de la Prospective et de l\u2019Evaluation des politiques publiques publie un nouvel essai : \u00ab U ...","breadcrumb":{"@id":"https:\/\/www.africa-press.net\/togo\/politique\/togo-kako-nubukpo-de-nouveau-a-la-librairie#breadcrumb"},"inLanguage":"fr-FR","potentialAction":[{"@type":"ReadAction","target":["https:\/\/www.africa-press.net\/togo\/politique\/togo-kako-nubukpo-de-nouveau-a-la-librairie"]}]},{"@type":"ImageObject","inLanguage":"fr-FR","@id":"https:\/\/www.africa-press.net\/togo\/politique\/togo-kako-nubukpo-de-nouveau-a-la-librairie#primaryimage","url":"https:\/\/static.africa-press.net\/togo\/sites\/58\/2022\/10\/postQueueImg_1-634863a6207be.jpg","contentUrl":"https:\/\/static.africa-press.net\/togo\/sites\/58\/2022\/10\/postQueueImg_1-634863a6207be.jpg","width":1280,"height":800,"caption":"Togo-Kako Nubukpo de nouveau \u00e0 la librairie"},{"@type":"BreadcrumbList","@id":"https:\/\/www.africa-press.net\/togo\/politique\/togo-kako-nubukpo-de-nouveau-a-la-librairie#breadcrumb","itemListElement":[{"@type":"ListItem","position":1,"name":"Accueil","item":"https:\/\/www.africa-press.net\/togo\/"},{"@type":"ListItem","position":2,"name":"Togo-Kako Nubukpo de nouveau \u00e0 la librairie"}]},{"@type":"WebSite","@id":"https:\/\/www.africa-press.net\/togo\/#website","url":"https:\/\/www.africa-press.net\/togo\/","name":"Togo","description":"Just another Africa News Agency Sites site","potentialAction":[{"@type":"SearchAction","target":{"@type":"EntryPoint","urlTemplate":"https:\/\/www.africa-press.net\/togo\/?s={search_term_string}"},"query-input":{"@type":"PropertyValueSpecification","valueRequired":true,"valueName":"search_term_string"}}],"inLanguage":"fr-FR"},{"@type":"Person","@id":"https:\/\/www.africa-press.net\/togo\/#\/schema\/person\/2b1cf3cd81a31e3cd26889ca66d677f1","name":"cfeditorfr"}]}},"_links":{"self":[{"href":"https:\/\/www.africa-press.net\/togo\/wp-json\/wp\/v2\/posts\/12333","targetHints":{"allow":["GET"]}}],"collection":[{"href":"https:\/\/www.africa-press.net\/togo\/wp-json\/wp\/v2\/posts"}],"about":[{"href":"https:\/\/www.africa-press.net\/togo\/wp-json\/wp\/v2\/types\/post"}],"author":[{"embeddable":true,"href":"https:\/\/www.africa-press.net\/togo\/wp-json\/wp\/v2\/users\/82"}],"replies":[{"embeddable":true,"href":"https:\/\/www.africa-press.net\/togo\/wp-json\/wp\/v2\/comments?post=12333"}],"version-history":[{"count":0,"href":"https:\/\/www.africa-press.net\/togo\/wp-json\/wp\/v2\/posts\/12333\/revisions"}],"wp:featuredmedia":[{"embeddable":true,"href":"https:\/\/www.africa-press.net\/togo\/wp-json\/wp\/v2\/media\/12332"}],"wp:attachment":[{"href":"https:\/\/www.africa-press.net\/togo\/wp-json\/wp\/v2\/media?parent=12333"}],"wp:term":[{"taxonomy":"category","embeddable":true,"href":"https:\/\/www.africa-press.net\/togo\/wp-json\/wp\/v2\/categories?post=12333"},{"taxonomy":"post_tag","embeddable":true,"href":"https:\/\/www.africa-press.net\/togo\/wp-json\/wp\/v2\/tags?post=12333"}],"curies":[{"name":"wp","href":"https:\/\/api.w.org\/{rel}","templated":true}]}}