{"id":12340,"date":"2022-10-13T19:08:40","date_gmt":"2022-10-13T19:08:40","guid":{"rendered":"https:\/\/www.africa-press.net\/togo\/politique\/60-ans-de-lassassinat-de-sylvanus-olympio-le-parti-des-travailleurs-appelle-a-une-reflexion"},"modified":"2022-10-13T19:17:10","modified_gmt":"2022-10-13T19:17:10","slug":"60-ans-de-lassassinat-de-sylvanus-olympio-le-parti-des-travailleurs-appelle-a-une-reflexion","status":"publish","type":"post","link":"https:\/\/www.africa-press.net\/togo\/politique\/60-ans-de-lassassinat-de-sylvanus-olympio-le-parti-des-travailleurs-appelle-a-une-reflexion","title":{"rendered":"60 ans de l\u2019assassinat de Sylvanus OLYMPIO : Le Parti des Travailleurs appelle \u00e0 une r\u00e9flexion"},"content":{"rendered":"<p><span style=\"color: #ff6600\"><strong>Africa-Press &#8211; Togo. <\/strong><\/span><b>13 janvier 1963 \u2013 13 janvier 2023 : 60 ans de l\u2019assassinat de Sylvanus OLYMPIO : Appel a\u0300 la re\u0301flexion&#8230;<\/b><\/p>\n<p>Dans exactement 3 mois, la date du 13 janvier 2023 marquera les 60 ans de la tragique disparition de Sylvanus OLYMPIO, le premier pre\u0301sident de\u0301mocratiquement e\u0301lu de la Re\u0301publique togolaise et e\u0301minent dirigeant de la lutte pour la conque\u0302te de l\u2019inde\u0301pendance du Togo, \u00ab Ablode\u0301 ! \u00bb, la\u0302chement assassine\u0301 au petit matin du 13 janvier 1963 dans un vaste complot international qui, relaye\u0301 et exe\u0301cute\u0301 au plan national, est reste\u0301 impuni jusqu\u2019a\u0300 ce jour. Cette date comme\u0301morative doit interpeller la conscience de tout le peuple togolais et, au-dela\u0300, de tous les Africains et de tous les de\u0301mocrates du monde entier en ce qu\u2019il constitue la premie\u0300re de l\u2019interminable se\u0301rie d\u2019irruptions violentes et assassines des forces arme\u0301es nationales, instrumentalise\u0301es par les grandes puissances e\u0301trange\u0300res pour changer le cours du destin des jeunes Etats africains venant d\u2019acce\u0301der a\u0300 la souverainete\u0301 nationale.<\/p>\n<p>Depuis lors, les 60 anne\u0301es e\u0301coule\u0301es dans la vie du peuple togolais ne sont qu\u2019une longue rivie\u0300re de deuils, de souffrances, de mise\u0300re, de famine, de ruine, de corruption, de mal vivre, de pillage des richesses et ressources nationales, de gabegie, de perte d\u2019espoir en un lendemain de bonheur, de joie et de paix. Durant ces 60 ans, le Togo a vu se succe\u0301der plus de deux ge\u0301ne\u0301rations de citoyens qui sont ne\u0301s et ont grandi sous le re\u0300gne de la me\u0302me dynastie dictatoriale des EYADEMA-GNASSINGBE, un re\u0301gime de type particulier puisque seul a\u0300 avoir dure\u0301 aussi longtemps en Afrique et dans le monde entier apre\u0300s celui de la dynastie de la Core\u0301e du Nord qui, au pouvoir depuis 1948, a e\u0301te\u0301 son inde\u0301fectible soutien au temps fort du re\u0301gime du parti unique \u2013 parti Etat RPT.<\/p>\n<p>Dans cette situation, de multiples questionnements ne peuvent que rebondir a\u0300 la face de tout un chacun et il serait inconvenant d\u2019attendre l\u2019ave\u0300nement d\u2019une comme\u0301moration conventionnelle, voire folklorique, du 60e anniversaire cette date de malheur pour commencer a\u0300 se les poser en tentant d\u2019y re\u0301pondre insuffisamment ou maladroitement. Notamment ceux-ci parmi tant d\u2019autres : \u00ab Pourquoi toutes ces souffrances ? \u00bb, \u00ab Comment en est-on venu la\u0300 ? \u00bb, \u00ab Ou\u0300 sont les responsabilite\u0301s ? \u00bb, \u00ab Pourquoi, malgre\u0301 la volonte\u0301 de changement et d\u2019alternance qui n\u2019a cesse\u0301 de s\u2019exprimer au Togo notamment depuis le soule\u0300vement populaire du 5 octobre 1990, ce soit le re\u0301gime monolithique de la me\u0302me dynastie familiale qui domine le peuple togolais depuis 60 ans ? \u00bb, \u00ab Comment faire en sorte que la volonte\u0301 de changement du peuple togolais puisse enfin se re\u0301aliser ? \u00bb, etc.<\/p>\n<p>Pour sa part, le Parti des travailleurs estime que l\u2019ouverture d\u2019un de\u0301bat au sein du peuple sur cette date et sa signification est d\u2019une impe\u0301rative ne\u0301cessite\u0301 en ce moment ou\u0300 de grands bouleversements secouent nombre de pays de par le monde entier, indiquant que le peuple togolais doit se ressaisir en re\u0301fle\u0301chissant sur son destin.<\/p>\n<p>Nous voulons ouvrir cette re\u0301flexion en sacrifiant au devoir de me\u0301moire du rappel du parcours de vie de Sylvanus Epiphanio Elpidio Kwami OLYMPIO, l\u2019e\u0301minent martyr et dirigeant de la lutte pour la conque\u0302te de l\u2019inde\u0301pendance du Togo, en re\u0301pondant aux questions telles que : Qui est-il ? Qu\u2019a-t-il fait ? Et comment ? Pourquoi et comment son sang a-t-il e\u0301te\u0301 si impune\u0301ment verse\u0301 sur cette terre de nos ai\u0308eux qu\u2019il a contribue\u0301 a\u0300 libe\u0301rer du joug du pouvoir colonial franc\u0327ais, 4 ans et 9 mois avant son odieux assassinat ? Comment rendre dans les meilleures conditions un hommage me\u0301rite\u0301 a\u0300 cet illustre dirigeant qui a paye\u0301 de son sang et de sa vie sa volonte\u0301 de faire du Togo \u00ab L\u2019Or de l\u2019humanite\u0301 \u00bb ?<\/p>\n<p>Pour nourrir la discussion sur toutes ces questions, le Parti des travailleurs se propose, pendant chacun des 93 jours des 3 prochains mois a\u0300 compter de ce jeudi 13 octobre 2022, de mettre a\u0300 la disposition du peuple togolais et de toutes les personnes de bonne volonte\u0301 de par le monde, des informations permettant de mieux connai\u0302tre Sylvanus OLYMPIO, e\u0301manant pour la plupart de lui-me\u0302me ou de ses compagnons de lutte, telles qu\u2019elles e\u0301taient donne\u0301es au feu me\u0302me du combat e\u0301mancipateur pour la libe\u0301ration du peuple togolais. Tout ceci, avec l\u2019espoir que la mise a\u0300 disposition de toutes ces informations puisse contribuer a\u0300 mieux e\u0301clairer le peuple togolais sur son passe\u0301, pour ba\u0302tir son pre\u0301sent, afin de mieux de\u0301terminer et mai\u0302triser son avenir.<\/p>\n<p>Claude AMEGANVI,<\/p>\n<p>Secre\u0301taire charge\u0301 la coordination du Parti des travailleurs<\/p>\n<p><strong>Pour plus d&rsquo;informations et d&rsquo;analyses sur la <a href=\"https:\/\/www.africa-press.net\/togo\">Togo<\/a>, suivez <a href=\"https:\/\/www.africa-press.net\/\">Africa-Press<\/a><\/strong><\/p>\n","protected":false},"excerpt":{"rendered":"<p>Africa-Press &#8211; Togo. 13 janvier 1963 \u2013 13 janvier 2023 : 60 ans de l\u2019assassinat de Sylvanus OLYMPIO : Appel a\u0300 la re\u0301flexion&#8230; Dans exactement 3 mois, la date du 13 janvier 2023 marquera les 60 ans de la tragique disparition de Sylvanus OLYMPIO, le premier pre\u0301sident de\u0301mocratiquement e\u0301lu de la Re\u0301publique togolaise et e\u0301minent [&hellip;]<\/p>\n","protected":false},"author":82,"featured_media":12339,"comment_status":"open","ping_status":"closed","sticky":false,"template":"","format":"standard","meta":{"footnotes":""},"categories":[2,10],"tags":[36,49,50],"class_list":["post-12340","post","type-post","status-publish","format-standard","has-post-thumbnail","hentry","category-politique","category-toutes-les-actualites","tag-africa-press","tag-africa-press-togo","tag-togo"],"yoast_head":"<!-- This site is optimized with the Yoast SEO Premium plugin v26.1 (Yoast SEO v27.0) - https:\/\/yoast.com\/product\/yoast-seo-premium-wordpress\/ -->\n<title>60 ans de l\u2019assassinat de Sylvanus OLYMPIO : Le Parti des Travailleurs appelle \u00e0 une r\u00e9flexion - Togo<\/title>\n<meta name=\"description\" content=\"13 janvier 1963 \u2013 13 janvier 2023 : 60 ans de l\u2019assassinat de Sylvanus OLYMPIO : Appel a\u0300 la re\u0301flexion... Dans ...\" \/>\n<meta name=\"robots\" content=\"index, follow, max-snippet:-1, max-image-preview:large, max-video-preview:-1\" \/>\n<link rel=\"canonical\" href=\"https:\/\/www.africa-press.net\/togo\/politique\/60-ans-de-lassassinat-de-sylvanus-olympio-le-parti-des-travailleurs-appelle-a-une-reflexion\" \/>\n<meta property=\"og:locale\" content=\"fr_FR\" \/>\n<meta property=\"og:type\" content=\"article\" \/>\n<meta property=\"og:title\" content=\"60 ans de l\u2019assassinat de Sylvanus OLYMPIO : Le Parti des Travailleurs appelle \u00e0 une r\u00e9flexion\" \/>\n<meta property=\"og:description\" content=\"13 janvier 1963 \u2013 13 janvier 2023 : 60 ans de l\u2019assassinat de Sylvanus OLYMPIO : Appel a\u0300 la re\u0301flexion... Dans ...\" \/>\n<meta property=\"og:url\" content=\"https:\/\/www.africa-press.net\/togo\/politique\/60-ans-de-lassassinat-de-sylvanus-olympio-le-parti-des-travailleurs-appelle-a-une-reflexion\" \/>\n<meta property=\"og:site_name\" content=\"Togo\" \/>\n<meta property=\"article:published_time\" content=\"2022-10-13T19:08:40+00:00\" \/>\n<meta property=\"article:modified_time\" content=\"2022-10-13T19:17:10+00:00\" \/>\n<meta property=\"og:image\" content=\"https:\/\/static.africa-press.net\/togo\/sites\/58\/2022\/10\/postQueueImg_4-63486418be06c.jpg\" \/>\n\t<meta property=\"og:image:width\" content=\"1280\" \/>\n\t<meta property=\"og:image:height\" content=\"796\" \/>\n\t<meta property=\"og:image:type\" content=\"image\/jpeg\" \/>\n<meta name=\"author\" content=\"cfeditorfr\" \/>\n<meta name=\"twitter:card\" content=\"summary_large_image\" \/>\n<meta name=\"twitter:label1\" content=\"\u00c9crit par\" \/>\n\t<meta name=\"twitter:data1\" content=\"cfeditorfr\" \/>\n\t<meta name=\"twitter:label2\" content=\"Dur\u00e9e de lecture estim\u00e9e\" \/>\n\t<meta name=\"twitter:data2\" content=\"4 minutes\" \/>\n<script type=\"application\/ld+json\" class=\"yoast-schema-graph\">{\"@context\":\"https:\/\/schema.org\",\"@graph\":[{\"@type\":\"Article\",\"@id\":\"https:\/\/www.africa-press.net\/togo\/politique\/60-ans-de-lassassinat-de-sylvanus-olympio-le-parti-des-travailleurs-appelle-a-une-reflexion#article\",\"isPartOf\":{\"@id\":\"https:\/\/www.africa-press.net\/togo\/politique\/60-ans-de-lassassinat-de-sylvanus-olympio-le-parti-des-travailleurs-appelle-a-une-reflexion\"},\"author\":{\"name\":\"cfeditorfr\",\"@id\":\"https:\/\/www.africa-press.net\/togo\/#\/schema\/person\/2b1cf3cd81a31e3cd26889ca66d677f1\"},\"headline\":\"60 ans de l\u2019assassinat de Sylvanus OLYMPIO : Le Parti des Travailleurs appelle \u00e0 une r\u00e9flexion\",\"datePublished\":\"2022-10-13T19:08:40+00:00\",\"dateModified\":\"2022-10-13T19:17:10+00:00\",\"mainEntityOfPage\":{\"@id\":\"https:\/\/www.africa-press.net\/togo\/politique\/60-ans-de-lassassinat-de-sylvanus-olympio-le-parti-des-travailleurs-appelle-a-une-reflexion\"},\"wordCount\":829,\"commentCount\":0,\"image\":{\"@id\":\"https:\/\/www.africa-press.net\/togo\/politique\/60-ans-de-lassassinat-de-sylvanus-olympio-le-parti-des-travailleurs-appelle-a-une-reflexion#primaryimage\"},\"thumbnailUrl\":\"https:\/\/static.africa-press.net\/togo\/sites\/58\/2022\/10\/postQueueImg_4-63486418be06c.jpg\",\"keywords\":[\"Africa Press\",\"Africa Press-Togo\",\"Togo\"],\"articleSection\":[\"Politique\",\"Toutes les actualit\u00e9s\"],\"inLanguage\":\"fr-FR\",\"potentialAction\":[{\"@type\":\"CommentAction\",\"name\":\"Comment\",\"target\":[\"https:\/\/www.africa-press.net\/togo\/politique\/60-ans-de-lassassinat-de-sylvanus-olympio-le-parti-des-travailleurs-appelle-a-une-reflexion#respond\"]}]},{\"@type\":\"WebPage\",\"@id\":\"https:\/\/www.africa-press.net\/togo\/politique\/60-ans-de-lassassinat-de-sylvanus-olympio-le-parti-des-travailleurs-appelle-a-une-reflexion\",\"url\":\"https:\/\/www.africa-press.net\/togo\/politique\/60-ans-de-lassassinat-de-sylvanus-olympio-le-parti-des-travailleurs-appelle-a-une-reflexion\",\"name\":\"60 ans de l\u2019assassinat de Sylvanus OLYMPIO : Le Parti des Travailleurs appelle \u00e0 une r\u00e9flexion - Togo\",\"isPartOf\":{\"@id\":\"https:\/\/www.africa-press.net\/togo\/#website\"},\"primaryImageOfPage\":{\"@id\":\"https:\/\/www.africa-press.net\/togo\/politique\/60-ans-de-lassassinat-de-sylvanus-olympio-le-parti-des-travailleurs-appelle-a-une-reflexion#primaryimage\"},\"image\":{\"@id\":\"https:\/\/www.africa-press.net\/togo\/politique\/60-ans-de-lassassinat-de-sylvanus-olympio-le-parti-des-travailleurs-appelle-a-une-reflexion#primaryimage\"},\"thumbnailUrl\":\"https:\/\/static.africa-press.net\/togo\/sites\/58\/2022\/10\/postQueueImg_4-63486418be06c.jpg\",\"datePublished\":\"2022-10-13T19:08:40+00:00\",\"dateModified\":\"2022-10-13T19:17:10+00:00\",\"author\":{\"@id\":\"https:\/\/www.africa-press.net\/togo\/#\/schema\/person\/2b1cf3cd81a31e3cd26889ca66d677f1\"},\"description\":\"13 janvier 1963 \u2013 13 janvier 2023 : 60 ans de l\u2019assassinat de Sylvanus OLYMPIO : Appel a\u0300 la re\u0301flexion... Dans ...\",\"breadcrumb\":{\"@id\":\"https:\/\/www.africa-press.net\/togo\/politique\/60-ans-de-lassassinat-de-sylvanus-olympio-le-parti-des-travailleurs-appelle-a-une-reflexion#breadcrumb\"},\"inLanguage\":\"fr-FR\",\"potentialAction\":[{\"@type\":\"ReadAction\",\"target\":[\"https:\/\/www.africa-press.net\/togo\/politique\/60-ans-de-lassassinat-de-sylvanus-olympio-le-parti-des-travailleurs-appelle-a-une-reflexion\"]}]},{\"@type\":\"ImageObject\",\"inLanguage\":\"fr-FR\",\"@id\":\"https:\/\/www.africa-press.net\/togo\/politique\/60-ans-de-lassassinat-de-sylvanus-olympio-le-parti-des-travailleurs-appelle-a-une-reflexion#primaryimage\",\"url\":\"https:\/\/static.africa-press.net\/togo\/sites\/58\/2022\/10\/postQueueImg_4-63486418be06c.jpg\",\"contentUrl\":\"https:\/\/static.africa-press.net\/togo\/sites\/58\/2022\/10\/postQueueImg_4-63486418be06c.jpg\",\"width\":1280,\"height\":796,\"caption\":\"60 ans de l\u2019assassinat de Sylvanus OLYMPIO : Le Parti des Travailleurs appelle \u00e0 une r\u00e9flexion\"},{\"@type\":\"BreadcrumbList\",\"@id\":\"https:\/\/www.africa-press.net\/togo\/politique\/60-ans-de-lassassinat-de-sylvanus-olympio-le-parti-des-travailleurs-appelle-a-une-reflexion#breadcrumb\",\"itemListElement\":[{\"@type\":\"ListItem\",\"position\":1,\"name\":\"Accueil\",\"item\":\"https:\/\/www.africa-press.net\/togo\/\"},{\"@type\":\"ListItem\",\"position\":2,\"name\":\"60 ans de l\u2019assassinat de Sylvanus OLYMPIO : Le Parti des Travailleurs appelle \u00e0 une r\u00e9flexion\"}]},{\"@type\":\"WebSite\",\"@id\":\"https:\/\/www.africa-press.net\/togo\/#website\",\"url\":\"https:\/\/www.africa-press.net\/togo\/\",\"name\":\"Togo\",\"description\":\"Just another Africa News Agency Sites site\",\"potentialAction\":[{\"@type\":\"SearchAction\",\"target\":{\"@type\":\"EntryPoint\",\"urlTemplate\":\"https:\/\/www.africa-press.net\/togo\/?s={search_term_string}\"},\"query-input\":{\"@type\":\"PropertyValueSpecification\",\"valueRequired\":true,\"valueName\":\"search_term_string\"}}],\"inLanguage\":\"fr-FR\"},{\"@type\":\"Person\",\"@id\":\"https:\/\/www.africa-press.net\/togo\/#\/schema\/person\/2b1cf3cd81a31e3cd26889ca66d677f1\",\"name\":\"cfeditorfr\"}]}<\/script>\n<!-- \/ Yoast SEO Premium plugin. -->","yoast_head_json":{"title":"60 ans de l\u2019assassinat de Sylvanus OLYMPIO : Le Parti des Travailleurs appelle \u00e0 une r\u00e9flexion - Togo","description":"13 janvier 1963 \u2013 13 janvier 2023 : 60 ans de l\u2019assassinat de Sylvanus OLYMPIO : Appel a\u0300 la re\u0301flexion... Dans ...","robots":{"index":"index","follow":"follow","max-snippet":"max-snippet:-1","max-image-preview":"max-image-preview:large","max-video-preview":"max-video-preview:-1"},"canonical":"https:\/\/www.africa-press.net\/togo\/politique\/60-ans-de-lassassinat-de-sylvanus-olympio-le-parti-des-travailleurs-appelle-a-une-reflexion","og_locale":"fr_FR","og_type":"article","og_title":"60 ans de l\u2019assassinat de Sylvanus OLYMPIO : Le Parti des Travailleurs appelle \u00e0 une r\u00e9flexion","og_description":"13 janvier 1963 \u2013 13 janvier 2023 : 60 ans de l\u2019assassinat de Sylvanus OLYMPIO : Appel a\u0300 la re\u0301flexion... Dans ...","og_url":"https:\/\/www.africa-press.net\/togo\/politique\/60-ans-de-lassassinat-de-sylvanus-olympio-le-parti-des-travailleurs-appelle-a-une-reflexion","og_site_name":"Togo","article_published_time":"2022-10-13T19:08:40+00:00","article_modified_time":"2022-10-13T19:17:10+00:00","og_image":[{"width":1280,"height":796,"url":"https:\/\/static.africa-press.net\/togo\/sites\/58\/2022\/10\/postQueueImg_4-63486418be06c.jpg","type":"image\/jpeg"}],"author":"cfeditorfr","twitter_card":"summary_large_image","twitter_misc":{"\u00c9crit par":"cfeditorfr","Dur\u00e9e de lecture estim\u00e9e":"4 minutes"},"schema":{"@context":"https:\/\/schema.org","@graph":[{"@type":"Article","@id":"https:\/\/www.africa-press.net\/togo\/politique\/60-ans-de-lassassinat-de-sylvanus-olympio-le-parti-des-travailleurs-appelle-a-une-reflexion#article","isPartOf":{"@id":"https:\/\/www.africa-press.net\/togo\/politique\/60-ans-de-lassassinat-de-sylvanus-olympio-le-parti-des-travailleurs-appelle-a-une-reflexion"},"author":{"name":"cfeditorfr","@id":"https:\/\/www.africa-press.net\/togo\/#\/schema\/person\/2b1cf3cd81a31e3cd26889ca66d677f1"},"headline":"60 ans de l\u2019assassinat de Sylvanus OLYMPIO : Le Parti des Travailleurs appelle \u00e0 une r\u00e9flexion","datePublished":"2022-10-13T19:08:40+00:00","dateModified":"2022-10-13T19:17:10+00:00","mainEntityOfPage":{"@id":"https:\/\/www.africa-press.net\/togo\/politique\/60-ans-de-lassassinat-de-sylvanus-olympio-le-parti-des-travailleurs-appelle-a-une-reflexion"},"wordCount":829,"commentCount":0,"image":{"@id":"https:\/\/www.africa-press.net\/togo\/politique\/60-ans-de-lassassinat-de-sylvanus-olympio-le-parti-des-travailleurs-appelle-a-une-reflexion#primaryimage"},"thumbnailUrl":"https:\/\/static.africa-press.net\/togo\/sites\/58\/2022\/10\/postQueueImg_4-63486418be06c.jpg","keywords":["Africa Press","Africa Press-Togo","Togo"],"articleSection":["Politique","Toutes les actualit\u00e9s"],"inLanguage":"fr-FR","potentialAction":[{"@type":"CommentAction","name":"Comment","target":["https:\/\/www.africa-press.net\/togo\/politique\/60-ans-de-lassassinat-de-sylvanus-olympio-le-parti-des-travailleurs-appelle-a-une-reflexion#respond"]}]},{"@type":"WebPage","@id":"https:\/\/www.africa-press.net\/togo\/politique\/60-ans-de-lassassinat-de-sylvanus-olympio-le-parti-des-travailleurs-appelle-a-une-reflexion","url":"https:\/\/www.africa-press.net\/togo\/politique\/60-ans-de-lassassinat-de-sylvanus-olympio-le-parti-des-travailleurs-appelle-a-une-reflexion","name":"60 ans de l\u2019assassinat de Sylvanus OLYMPIO : Le Parti des Travailleurs appelle \u00e0 une r\u00e9flexion - Togo","isPartOf":{"@id":"https:\/\/www.africa-press.net\/togo\/#website"},"primaryImageOfPage":{"@id":"https:\/\/www.africa-press.net\/togo\/politique\/60-ans-de-lassassinat-de-sylvanus-olympio-le-parti-des-travailleurs-appelle-a-une-reflexion#primaryimage"},"image":{"@id":"https:\/\/www.africa-press.net\/togo\/politique\/60-ans-de-lassassinat-de-sylvanus-olympio-le-parti-des-travailleurs-appelle-a-une-reflexion#primaryimage"},"thumbnailUrl":"https:\/\/static.africa-press.net\/togo\/sites\/58\/2022\/10\/postQueueImg_4-63486418be06c.jpg","datePublished":"2022-10-13T19:08:40+00:00","dateModified":"2022-10-13T19:17:10+00:00","author":{"@id":"https:\/\/www.africa-press.net\/togo\/#\/schema\/person\/2b1cf3cd81a31e3cd26889ca66d677f1"},"description":"13 janvier 1963 \u2013 13 janvier 2023 : 60 ans de l\u2019assassinat de Sylvanus OLYMPIO : Appel a\u0300 la re\u0301flexion... Dans ...","breadcrumb":{"@id":"https:\/\/www.africa-press.net\/togo\/politique\/60-ans-de-lassassinat-de-sylvanus-olympio-le-parti-des-travailleurs-appelle-a-une-reflexion#breadcrumb"},"inLanguage":"fr-FR","potentialAction":[{"@type":"ReadAction","target":["https:\/\/www.africa-press.net\/togo\/politique\/60-ans-de-lassassinat-de-sylvanus-olympio-le-parti-des-travailleurs-appelle-a-une-reflexion"]}]},{"@type":"ImageObject","inLanguage":"fr-FR","@id":"https:\/\/www.africa-press.net\/togo\/politique\/60-ans-de-lassassinat-de-sylvanus-olympio-le-parti-des-travailleurs-appelle-a-une-reflexion#primaryimage","url":"https:\/\/static.africa-press.net\/togo\/sites\/58\/2022\/10\/postQueueImg_4-63486418be06c.jpg","contentUrl":"https:\/\/static.africa-press.net\/togo\/sites\/58\/2022\/10\/postQueueImg_4-63486418be06c.jpg","width":1280,"height":796,"caption":"60 ans de l\u2019assassinat de Sylvanus OLYMPIO : Le Parti des Travailleurs appelle \u00e0 une r\u00e9flexion"},{"@type":"BreadcrumbList","@id":"https:\/\/www.africa-press.net\/togo\/politique\/60-ans-de-lassassinat-de-sylvanus-olympio-le-parti-des-travailleurs-appelle-a-une-reflexion#breadcrumb","itemListElement":[{"@type":"ListItem","position":1,"name":"Accueil","item":"https:\/\/www.africa-press.net\/togo\/"},{"@type":"ListItem","position":2,"name":"60 ans de l\u2019assassinat de Sylvanus OLYMPIO : Le Parti des Travailleurs appelle \u00e0 une r\u00e9flexion"}]},{"@type":"WebSite","@id":"https:\/\/www.africa-press.net\/togo\/#website","url":"https:\/\/www.africa-press.net\/togo\/","name":"Togo","description":"Just another Africa News Agency Sites site","potentialAction":[{"@type":"SearchAction","target":{"@type":"EntryPoint","urlTemplate":"https:\/\/www.africa-press.net\/togo\/?s={search_term_string}"},"query-input":{"@type":"PropertyValueSpecification","valueRequired":true,"valueName":"search_term_string"}}],"inLanguage":"fr-FR"},{"@type":"Person","@id":"https:\/\/www.africa-press.net\/togo\/#\/schema\/person\/2b1cf3cd81a31e3cd26889ca66d677f1","name":"cfeditorfr"}]}},"_links":{"self":[{"href":"https:\/\/www.africa-press.net\/togo\/wp-json\/wp\/v2\/posts\/12340","targetHints":{"allow":["GET"]}}],"collection":[{"href":"https:\/\/www.africa-press.net\/togo\/wp-json\/wp\/v2\/posts"}],"about":[{"href":"https:\/\/www.africa-press.net\/togo\/wp-json\/wp\/v2\/types\/post"}],"author":[{"embeddable":true,"href":"https:\/\/www.africa-press.net\/togo\/wp-json\/wp\/v2\/users\/82"}],"replies":[{"embeddable":true,"href":"https:\/\/www.africa-press.net\/togo\/wp-json\/wp\/v2\/comments?post=12340"}],"version-history":[{"count":0,"href":"https:\/\/www.africa-press.net\/togo\/wp-json\/wp\/v2\/posts\/12340\/revisions"}],"wp:featuredmedia":[{"embeddable":true,"href":"https:\/\/www.africa-press.net\/togo\/wp-json\/wp\/v2\/media\/12339"}],"wp:attachment":[{"href":"https:\/\/www.africa-press.net\/togo\/wp-json\/wp\/v2\/media?parent=12340"}],"wp:term":[{"taxonomy":"category","embeddable":true,"href":"https:\/\/www.africa-press.net\/togo\/wp-json\/wp\/v2\/categories?post=12340"},{"taxonomy":"post_tag","embeddable":true,"href":"https:\/\/www.africa-press.net\/togo\/wp-json\/wp\/v2\/tags?post=12340"}],"curies":[{"name":"wp","href":"https:\/\/api.w.org\/{rel}","templated":true}]}}