{"id":12346,"date":"2022-10-13T19:09:05","date_gmt":"2022-10-13T19:09:05","guid":{"rendered":"https:\/\/www.africa-press.net\/togo\/politique\/togo-badja-la-cohesion-sociale-toujours-menacee"},"modified":"2022-10-13T19:18:09","modified_gmt":"2022-10-13T19:18:09","slug":"togo-badja-la-cohesion-sociale-toujours-menacee","status":"publish","type":"post","link":"https:\/\/www.africa-press.net\/togo\/toutes-les-actualites\/togo-badja-la-cohesion-sociale-toujours-menacee","title":{"rendered":"Togo\u2013Badja : La coh\u00e9sion sociale toujours menac\u00e9e"},"content":{"rendered":"<p><span style=\"color: #ff6600\"><strong>Africa-Press &#8211; Togo. <\/strong><\/span><b>Apre\u0300s l\u2019e\u0301pisode du litige foncier, la population de Badja est de nouveau dans la tourmente. Au centre d\u2019une situation indigeste, s\u2019enlise un autre conflit impliquant le \u00ab Tam-tam sacre\u0301 \u00bb de ce village situe\u0301 a\u0300 environ 42 km au nord de la ville de Lome\u0301.<\/b><\/p>\n<p>L\u2019affaire qui remonte a\u0300 plus de trois (03) mois de\u0301ja\u0300 est aujourd\u2019hui aux mains de la police de Ke\u0301ve\u0301. Le conflit tel que relate\u0301 par certaines sources, est ne\u0301e de la disparition soudaine du tam-tam sacre\u0301 du village. Un instrument dont l\u2019usage n\u2019est fait qu\u2019a\u0300 titre exceptionnelle, notamment lors des ce\u0301re\u0301monies fune\u0301raires des personnes a\u0302ge\u0301es.<\/p>\n<p>Apre\u0300s enque\u0302te minutieuse, les habitants de\u0301couvriront que des responsables du CVD (Comite\u0301 villageois de de\u0301veloppement) sont implique\u0301s dans la disparition du tam-tam.<\/p>\n<p>\u00ab Ils sont venus prendre le tam-tam du village et l\u2019ont remplace\u0301 par un autre. Nous avons fait les recherches et quand nous leur avons demande\u0301, ils ont dit qu\u2019ils ont le tam-tam avec eux. Mais ils ont refuse\u0301 de nous le rendre alors que c\u2019est un tam-tam qui est utilise\u0301 par tout le village. Depuis la perte de notre tam-tam, ceux qui veulent utiliser l\u2019autre sont oblige\u0301s de payer \u00bb, soutient Adzola Kossi, Secre\u0301taire du village charge\u0301 des affaires fune\u0301raires.<\/p>\n<p>Il a poursuivi : \u00ab Ainsi, nous avions aussi a\u0300 notre tour de\u0301cide\u0301 de cacher le tam-tam de\u0301pose\u0301 pour remplacer celui du village. Nous avons ensuite e\u0301te\u0301 convoque\u0301s a\u0300 la brigade territoriale de Badja et l\u2019un des commandants de la Brigade, apre\u0300s nous avoir e\u0301coute\u0301s, a tranche\u0301 l\u2019affaire en ordonnant aux partis en conflit de rendre mutuellement les tam-tams cache\u0301s. Le rendez-vous a e\u0301te\u0301 pris sur le lendemain. Mais le jour J, a\u0300 la surprise ge\u0301ne\u0301rale a\u0300 la brigade, nous n\u2019avions pas retrouve\u0301 le tam-tam du village et encore moins ceux qui l\u2019ont de\u0301robe\u0301. On nous a dit que l\u2019affaire est de\u0301ja\u0300 re\u0301gle\u0301e, d\u2019aller re\u0301cupe\u0301rer notre tam-tam chez l\u2019autre parti. Quand nous sommes alle\u0301s, ils ont refuse\u0301 de nous rendre notre tam-tam. Nous avons appele\u0301 le CB adjoint qui est arrive\u0301 sur les lieux. Malheureusement, c\u2019est devant lui que les autres nous ont battus. Certains d\u2019entre nous ont e\u0301te\u0301 blesse\u0301s \u00bb.<\/p>\n<p>Notons que cette affaire qui met a\u0300 mal la cohe\u0301sion sociale dans la village de Badja est de\u0301sormais porte\u0301e aupre\u0300s de la police de Ke\u0301ve\u0301. On nous append que le commissariat de police de cette localite\u0301 a transmis une convocation au sieur Adzola Kossi qui doit y re\u0301pondre aujourd\u2019hui, \u00ab tout en n\u2019excluant pas la possibilite\u0301 d\u2019e\u0302tre de\u0301pose\u0301 \u00bb, selon des sources.<\/p>\n<p>Nous y reviendrons<\/p>\n<p><strong>Pour plus d&rsquo;informations et d&rsquo;analyses sur la <a href=\"https:\/\/www.africa-press.net\/togo\">Togo<\/a>, suivez <a href=\"https:\/\/www.africa-press.net\/\">Africa-Press<\/a><\/strong><\/p>\n","protected":false},"excerpt":{"rendered":"<p>Africa-Press &#8211; Togo. Apre\u0300s l\u2019e\u0301pisode du litige foncier, la population de Badja est de nouveau dans la tourmente. Au centre d\u2019une situation indigeste, s\u2019enlise un autre conflit impliquant le \u00ab Tam-tam sacre\u0301 \u00bb de ce village situe\u0301 a\u0300 environ 42 km au nord de la ville de Lome\u0301. L\u2019affaire qui remonte a\u0300 plus de trois [&hellip;]<\/p>\n","protected":false},"author":82,"featured_media":12345,"comment_status":"open","ping_status":"closed","sticky":false,"template":"","format":"standard","meta":{"footnotes":""},"categories":[21,10],"tags":[36,49,50],"class_list":["post-12346","post","type-post","status-publish","format-standard","has-post-thumbnail","hentry","category-communaute","category-toutes-les-actualites","tag-africa-press","tag-africa-press-togo","tag-togo"],"yoast_head":"<!-- This site is optimized with the Yoast SEO Premium plugin v26.1 (Yoast SEO v27.0) - https:\/\/yoast.com\/product\/yoast-seo-premium-wordpress\/ -->\n<title>Togo\u2013Badja : La coh\u00e9sion sociale toujours menac\u00e9e - Togo<\/title>\n<meta name=\"description\" content=\"Apre\u0300s l\u2019e\u0301pisode du litige foncier, la population de Badja est de nouveau dans la tourmente. Au centre d\u2019une situati ...\" \/>\n<meta name=\"robots\" content=\"index, follow, max-snippet:-1, max-image-preview:large, max-video-preview:-1\" \/>\n<link rel=\"canonical\" href=\"https:\/\/www.africa-press.net\/togo\/toutes-les-actualites\/togo-badja-la-cohesion-sociale-toujours-menacee\" \/>\n<meta property=\"og:locale\" content=\"fr_FR\" \/>\n<meta property=\"og:type\" content=\"article\" \/>\n<meta property=\"og:title\" content=\"Togo\u2013Badja : La coh\u00e9sion sociale toujours menac\u00e9e\" \/>\n<meta property=\"og:description\" content=\"Apre\u0300s l\u2019e\u0301pisode du litige foncier, la population de Badja est de nouveau dans la tourmente. Au centre d\u2019une situati ...\" \/>\n<meta property=\"og:url\" content=\"https:\/\/www.africa-press.net\/togo\/toutes-les-actualites\/togo-badja-la-cohesion-sociale-toujours-menacee\" \/>\n<meta property=\"og:site_name\" content=\"Togo\" \/>\n<meta property=\"article:published_time\" content=\"2022-10-13T19:09:05+00:00\" \/>\n<meta property=\"article:modified_time\" content=\"2022-10-13T19:18:09+00:00\" \/>\n<meta property=\"og:image\" content=\"https:\/\/static.africa-press.net\/togo\/sites\/58\/2022\/10\/postQueueImg_6-6348645a679fa.jpg\" \/>\n\t<meta property=\"og:image:width\" content=\"1280\" \/>\n\t<meta property=\"og:image:height\" content=\"800\" \/>\n\t<meta property=\"og:image:type\" content=\"image\/jpeg\" \/>\n<meta name=\"author\" content=\"cfeditorfr\" \/>\n<meta name=\"twitter:card\" content=\"summary_large_image\" \/>\n<meta name=\"twitter:label1\" content=\"\u00c9crit par\" \/>\n\t<meta name=\"twitter:data1\" content=\"cfeditorfr\" \/>\n\t<meta name=\"twitter:label2\" content=\"Dur\u00e9e de lecture estim\u00e9e\" \/>\n\t<meta name=\"twitter:data2\" content=\"3 minutes\" \/>\n<script type=\"application\/ld+json\" class=\"yoast-schema-graph\">{\"@context\":\"https:\/\/schema.org\",\"@graph\":[{\"@type\":\"Article\",\"@id\":\"https:\/\/www.africa-press.net\/togo\/toutes-les-actualites\/togo-badja-la-cohesion-sociale-toujours-menacee#article\",\"isPartOf\":{\"@id\":\"https:\/\/www.africa-press.net\/togo\/toutes-les-actualites\/togo-badja-la-cohesion-sociale-toujours-menacee\"},\"author\":{\"name\":\"cfeditorfr\",\"@id\":\"https:\/\/www.africa-press.net\/togo\/#\/schema\/person\/2b1cf3cd81a31e3cd26889ca66d677f1\"},\"headline\":\"Togo\u2013Badja : La coh\u00e9sion sociale toujours menac\u00e9e\",\"datePublished\":\"2022-10-13T19:09:05+00:00\",\"dateModified\":\"2022-10-13T19:18:09+00:00\",\"mainEntityOfPage\":{\"@id\":\"https:\/\/www.africa-press.net\/togo\/toutes-les-actualites\/togo-badja-la-cohesion-sociale-toujours-menacee\"},\"wordCount\":502,\"commentCount\":0,\"image\":{\"@id\":\"https:\/\/www.africa-press.net\/togo\/toutes-les-actualites\/togo-badja-la-cohesion-sociale-toujours-menacee#primaryimage\"},\"thumbnailUrl\":\"https:\/\/static.africa-press.net\/togo\/sites\/58\/2022\/10\/postQueueImg_6-6348645a679fa.jpg\",\"keywords\":[\"Africa Press\",\"Africa Press-Togo\",\"Togo\"],\"articleSection\":[\"Communaut\u00e9\",\"Toutes les actualit\u00e9s\"],\"inLanguage\":\"fr-FR\",\"potentialAction\":[{\"@type\":\"CommentAction\",\"name\":\"Comment\",\"target\":[\"https:\/\/www.africa-press.net\/togo\/toutes-les-actualites\/togo-badja-la-cohesion-sociale-toujours-menacee#respond\"]}]},{\"@type\":\"WebPage\",\"@id\":\"https:\/\/www.africa-press.net\/togo\/toutes-les-actualites\/togo-badja-la-cohesion-sociale-toujours-menacee\",\"url\":\"https:\/\/www.africa-press.net\/togo\/toutes-les-actualites\/togo-badja-la-cohesion-sociale-toujours-menacee\",\"name\":\"Togo\u2013Badja : La coh\u00e9sion sociale toujours menac\u00e9e - Togo\",\"isPartOf\":{\"@id\":\"https:\/\/www.africa-press.net\/togo\/#website\"},\"primaryImageOfPage\":{\"@id\":\"https:\/\/www.africa-press.net\/togo\/toutes-les-actualites\/togo-badja-la-cohesion-sociale-toujours-menacee#primaryimage\"},\"image\":{\"@id\":\"https:\/\/www.africa-press.net\/togo\/toutes-les-actualites\/togo-badja-la-cohesion-sociale-toujours-menacee#primaryimage\"},\"thumbnailUrl\":\"https:\/\/static.africa-press.net\/togo\/sites\/58\/2022\/10\/postQueueImg_6-6348645a679fa.jpg\",\"datePublished\":\"2022-10-13T19:09:05+00:00\",\"dateModified\":\"2022-10-13T19:18:09+00:00\",\"author\":{\"@id\":\"https:\/\/www.africa-press.net\/togo\/#\/schema\/person\/2b1cf3cd81a31e3cd26889ca66d677f1\"},\"description\":\"Apre\u0300s l\u2019e\u0301pisode du litige foncier, la population de Badja est de nouveau dans la tourmente. Au centre d\u2019une situati ...\",\"breadcrumb\":{\"@id\":\"https:\/\/www.africa-press.net\/togo\/toutes-les-actualites\/togo-badja-la-cohesion-sociale-toujours-menacee#breadcrumb\"},\"inLanguage\":\"fr-FR\",\"potentialAction\":[{\"@type\":\"ReadAction\",\"target\":[\"https:\/\/www.africa-press.net\/togo\/toutes-les-actualites\/togo-badja-la-cohesion-sociale-toujours-menacee\"]}]},{\"@type\":\"ImageObject\",\"inLanguage\":\"fr-FR\",\"@id\":\"https:\/\/www.africa-press.net\/togo\/toutes-les-actualites\/togo-badja-la-cohesion-sociale-toujours-menacee#primaryimage\",\"url\":\"https:\/\/static.africa-press.net\/togo\/sites\/58\/2022\/10\/postQueueImg_6-6348645a679fa.jpg\",\"contentUrl\":\"https:\/\/static.africa-press.net\/togo\/sites\/58\/2022\/10\/postQueueImg_6-6348645a679fa.jpg\",\"width\":1280,\"height\":800,\"caption\":\"Togo\u2013Badja : La coh\u00e9sion sociale toujours menac\u00e9e\"},{\"@type\":\"BreadcrumbList\",\"@id\":\"https:\/\/www.africa-press.net\/togo\/toutes-les-actualites\/togo-badja-la-cohesion-sociale-toujours-menacee#breadcrumb\",\"itemListElement\":[{\"@type\":\"ListItem\",\"position\":1,\"name\":\"Accueil\",\"item\":\"https:\/\/www.africa-press.net\/togo\/\"},{\"@type\":\"ListItem\",\"position\":2,\"name\":\"Togo\u2013Badja : La coh\u00e9sion sociale toujours menac\u00e9e\"}]},{\"@type\":\"WebSite\",\"@id\":\"https:\/\/www.africa-press.net\/togo\/#website\",\"url\":\"https:\/\/www.africa-press.net\/togo\/\",\"name\":\"Togo\",\"description\":\"Just another Africa News Agency Sites site\",\"potentialAction\":[{\"@type\":\"SearchAction\",\"target\":{\"@type\":\"EntryPoint\",\"urlTemplate\":\"https:\/\/www.africa-press.net\/togo\/?s={search_term_string}\"},\"query-input\":{\"@type\":\"PropertyValueSpecification\",\"valueRequired\":true,\"valueName\":\"search_term_string\"}}],\"inLanguage\":\"fr-FR\"},{\"@type\":\"Person\",\"@id\":\"https:\/\/www.africa-press.net\/togo\/#\/schema\/person\/2b1cf3cd81a31e3cd26889ca66d677f1\",\"name\":\"cfeditorfr\"}]}<\/script>\n<!-- \/ Yoast SEO Premium plugin. -->","yoast_head_json":{"title":"Togo\u2013Badja : La coh\u00e9sion sociale toujours menac\u00e9e - Togo","description":"Apre\u0300s l\u2019e\u0301pisode du litige foncier, la population de Badja est de nouveau dans la tourmente. Au centre d\u2019une situati ...","robots":{"index":"index","follow":"follow","max-snippet":"max-snippet:-1","max-image-preview":"max-image-preview:large","max-video-preview":"max-video-preview:-1"},"canonical":"https:\/\/www.africa-press.net\/togo\/toutes-les-actualites\/togo-badja-la-cohesion-sociale-toujours-menacee","og_locale":"fr_FR","og_type":"article","og_title":"Togo\u2013Badja : La coh\u00e9sion sociale toujours menac\u00e9e","og_description":"Apre\u0300s l\u2019e\u0301pisode du litige foncier, la population de Badja est de nouveau dans la tourmente. Au centre d\u2019une situati ...","og_url":"https:\/\/www.africa-press.net\/togo\/toutes-les-actualites\/togo-badja-la-cohesion-sociale-toujours-menacee","og_site_name":"Togo","article_published_time":"2022-10-13T19:09:05+00:00","article_modified_time":"2022-10-13T19:18:09+00:00","og_image":[{"width":1280,"height":800,"url":"https:\/\/static.africa-press.net\/togo\/sites\/58\/2022\/10\/postQueueImg_6-6348645a679fa.jpg","type":"image\/jpeg"}],"author":"cfeditorfr","twitter_card":"summary_large_image","twitter_misc":{"\u00c9crit par":"cfeditorfr","Dur\u00e9e de lecture estim\u00e9e":"3 minutes"},"schema":{"@context":"https:\/\/schema.org","@graph":[{"@type":"Article","@id":"https:\/\/www.africa-press.net\/togo\/toutes-les-actualites\/togo-badja-la-cohesion-sociale-toujours-menacee#article","isPartOf":{"@id":"https:\/\/www.africa-press.net\/togo\/toutes-les-actualites\/togo-badja-la-cohesion-sociale-toujours-menacee"},"author":{"name":"cfeditorfr","@id":"https:\/\/www.africa-press.net\/togo\/#\/schema\/person\/2b1cf3cd81a31e3cd26889ca66d677f1"},"headline":"Togo\u2013Badja : La coh\u00e9sion sociale toujours menac\u00e9e","datePublished":"2022-10-13T19:09:05+00:00","dateModified":"2022-10-13T19:18:09+00:00","mainEntityOfPage":{"@id":"https:\/\/www.africa-press.net\/togo\/toutes-les-actualites\/togo-badja-la-cohesion-sociale-toujours-menacee"},"wordCount":502,"commentCount":0,"image":{"@id":"https:\/\/www.africa-press.net\/togo\/toutes-les-actualites\/togo-badja-la-cohesion-sociale-toujours-menacee#primaryimage"},"thumbnailUrl":"https:\/\/static.africa-press.net\/togo\/sites\/58\/2022\/10\/postQueueImg_6-6348645a679fa.jpg","keywords":["Africa Press","Africa Press-Togo","Togo"],"articleSection":["Communaut\u00e9","Toutes les actualit\u00e9s"],"inLanguage":"fr-FR","potentialAction":[{"@type":"CommentAction","name":"Comment","target":["https:\/\/www.africa-press.net\/togo\/toutes-les-actualites\/togo-badja-la-cohesion-sociale-toujours-menacee#respond"]}]},{"@type":"WebPage","@id":"https:\/\/www.africa-press.net\/togo\/toutes-les-actualites\/togo-badja-la-cohesion-sociale-toujours-menacee","url":"https:\/\/www.africa-press.net\/togo\/toutes-les-actualites\/togo-badja-la-cohesion-sociale-toujours-menacee","name":"Togo\u2013Badja : La coh\u00e9sion sociale toujours menac\u00e9e - Togo","isPartOf":{"@id":"https:\/\/www.africa-press.net\/togo\/#website"},"primaryImageOfPage":{"@id":"https:\/\/www.africa-press.net\/togo\/toutes-les-actualites\/togo-badja-la-cohesion-sociale-toujours-menacee#primaryimage"},"image":{"@id":"https:\/\/www.africa-press.net\/togo\/toutes-les-actualites\/togo-badja-la-cohesion-sociale-toujours-menacee#primaryimage"},"thumbnailUrl":"https:\/\/static.africa-press.net\/togo\/sites\/58\/2022\/10\/postQueueImg_6-6348645a679fa.jpg","datePublished":"2022-10-13T19:09:05+00:00","dateModified":"2022-10-13T19:18:09+00:00","author":{"@id":"https:\/\/www.africa-press.net\/togo\/#\/schema\/person\/2b1cf3cd81a31e3cd26889ca66d677f1"},"description":"Apre\u0300s l\u2019e\u0301pisode du litige foncier, la population de Badja est de nouveau dans la tourmente. Au centre d\u2019une situati ...","breadcrumb":{"@id":"https:\/\/www.africa-press.net\/togo\/toutes-les-actualites\/togo-badja-la-cohesion-sociale-toujours-menacee#breadcrumb"},"inLanguage":"fr-FR","potentialAction":[{"@type":"ReadAction","target":["https:\/\/www.africa-press.net\/togo\/toutes-les-actualites\/togo-badja-la-cohesion-sociale-toujours-menacee"]}]},{"@type":"ImageObject","inLanguage":"fr-FR","@id":"https:\/\/www.africa-press.net\/togo\/toutes-les-actualites\/togo-badja-la-cohesion-sociale-toujours-menacee#primaryimage","url":"https:\/\/static.africa-press.net\/togo\/sites\/58\/2022\/10\/postQueueImg_6-6348645a679fa.jpg","contentUrl":"https:\/\/static.africa-press.net\/togo\/sites\/58\/2022\/10\/postQueueImg_6-6348645a679fa.jpg","width":1280,"height":800,"caption":"Togo\u2013Badja : La coh\u00e9sion sociale toujours menac\u00e9e"},{"@type":"BreadcrumbList","@id":"https:\/\/www.africa-press.net\/togo\/toutes-les-actualites\/togo-badja-la-cohesion-sociale-toujours-menacee#breadcrumb","itemListElement":[{"@type":"ListItem","position":1,"name":"Accueil","item":"https:\/\/www.africa-press.net\/togo\/"},{"@type":"ListItem","position":2,"name":"Togo\u2013Badja : La coh\u00e9sion sociale toujours menac\u00e9e"}]},{"@type":"WebSite","@id":"https:\/\/www.africa-press.net\/togo\/#website","url":"https:\/\/www.africa-press.net\/togo\/","name":"Togo","description":"Just another Africa News Agency Sites site","potentialAction":[{"@type":"SearchAction","target":{"@type":"EntryPoint","urlTemplate":"https:\/\/www.africa-press.net\/togo\/?s={search_term_string}"},"query-input":{"@type":"PropertyValueSpecification","valueRequired":true,"valueName":"search_term_string"}}],"inLanguage":"fr-FR"},{"@type":"Person","@id":"https:\/\/www.africa-press.net\/togo\/#\/schema\/person\/2b1cf3cd81a31e3cd26889ca66d677f1","name":"cfeditorfr"}]}},"_links":{"self":[{"href":"https:\/\/www.africa-press.net\/togo\/wp-json\/wp\/v2\/posts\/12346","targetHints":{"allow":["GET"]}}],"collection":[{"href":"https:\/\/www.africa-press.net\/togo\/wp-json\/wp\/v2\/posts"}],"about":[{"href":"https:\/\/www.africa-press.net\/togo\/wp-json\/wp\/v2\/types\/post"}],"author":[{"embeddable":true,"href":"https:\/\/www.africa-press.net\/togo\/wp-json\/wp\/v2\/users\/82"}],"replies":[{"embeddable":true,"href":"https:\/\/www.africa-press.net\/togo\/wp-json\/wp\/v2\/comments?post=12346"}],"version-history":[{"count":0,"href":"https:\/\/www.africa-press.net\/togo\/wp-json\/wp\/v2\/posts\/12346\/revisions"}],"wp:featuredmedia":[{"embeddable":true,"href":"https:\/\/www.africa-press.net\/togo\/wp-json\/wp\/v2\/media\/12345"}],"wp:attachment":[{"href":"https:\/\/www.africa-press.net\/togo\/wp-json\/wp\/v2\/media?parent=12346"}],"wp:term":[{"taxonomy":"category","embeddable":true,"href":"https:\/\/www.africa-press.net\/togo\/wp-json\/wp\/v2\/categories?post=12346"},{"taxonomy":"post_tag","embeddable":true,"href":"https:\/\/www.africa-press.net\/togo\/wp-json\/wp\/v2\/tags?post=12346"}],"curies":[{"name":"wp","href":"https:\/\/api.w.org\/{rel}","templated":true}]}}