{"id":12361,"date":"2022-10-13T19:09:56","date_gmt":"2022-10-13T19:09:56","guid":{"rendered":"https:\/\/www.africa-press.net\/togo\/politique\/la-foi-de-deux-parlementaires-togolais"},"modified":"2022-10-13T19:20:30","modified_gmt":"2022-10-13T19:20:30","slug":"la-foi-de-deux-parlementaires-togolais","status":"publish","type":"post","link":"https:\/\/www.africa-press.net\/togo\/politique\/la-foi-de-deux-parlementaires-togolais","title":{"rendered":"La foi de deux parlementaires togolais"},"content":{"rendered":"<p><span style=\"color: #ff6600\"><strong>Africa-Press &#8211; Togo. <\/strong><\/span><b>A\u0300 Lome\u0301, deux parlementaires catholiques partagent leurs expe\u0301riences en politique. Comment la foi chre\u0301tienne guide Germaine Anate\u0301 et Gerry Taama dans l\u2019are\u0300ne politique ?<\/b><\/p>\n<p>Les 24 et 25 septembre a\u0300 Lome\u0301, au cours du se\u0301minaire \u00ab Le\u0300ve-toi et marche \u00bb organise\u0301 par la coalition des chre\u0301tiens hommes, femmes d\u2019affaires et de\u0301cideurs du Togo, un panel e\u0301tait propose\u0301 sur le the\u0300me \u00ab devenir un chef d\u2019entreprise ou un de\u0301cideur chre\u0301tien influent \u00bb. Deux catholiques togolais du monde politique ont y participe\u0301 : Germaine Anate\u0301 et Gerry Taama.<\/p>\n<p>Femme politique et de\u0301pute\u0301e a\u0300 l\u2019Assemble\u0301e nationale, Germaine Anate\u0301 est titulaire d\u2019un doctorat en sciences de l\u2019information et de la communication a\u0300 l\u2019universite\u0301 Bordeaux III en France et enseigne dans les universite\u0301s de Lome\u0301 et de Kara au Togo. E\u0301crivaine, elle a e\u0301te\u0301 ministre de la communication, de la culture, des arts et de la formation civique. Malgre\u0301 ces hautes responsabilite\u0301s, elle reste tre\u0300s attache\u0301e a\u0300 sa foi chre\u0301tienne. \u00ab Ma foi catholique est une lanterne, une force et un appui dans tous les domaines de ma vie et, plus spe\u0301cifiquement, dans ma vie sociopolitique \u00bb, confie-t-elle. \u00ab Ma foi est un bouclier qui m\u2019a toujours sauve\u0301e de beaucoup de situations difficiles \u00bb, explique-t-elle encore.<\/p>\n<p>Ne\u0301e en 1968 a\u0300 Kazaboua dans la re\u0301gion centrale (Togo), elle a e\u0301te\u0301 tre\u0300s engage\u0301e dans des mouvements d\u2019action catholique comme le Mouvement eucharistique des jeunes, le groupe de prie\u0300re Bon Pasteur et, depuis 2016, le groupe d\u2019e\u0301vange\u0301lisation femmes du Ce\u0301nacle.<\/p>\n<p>Dans la peau d\u2019une \u00ab missionnaire lai\u0308que \u00bb dans la cite\u0301, Germaine dit mettre sa confiance en Je\u0301sus. \u00ab Je sollicite le plus souvent possible l\u2019Esprit Saint pour me guider a\u0300 mieux servir mon pays et mes fre\u0300res et s\u0153urs \u00bb, affirme-t-elle. Elle a collabore\u0301 dans les me\u0301dias chre\u0301tiens Le grain de Se\u0301neve\u0301 et Le Rameau de Jesse\u0301, puis a e\u0301te\u0301 vice-pre\u0301sidente du Conseil pastoral paroissial (2017-2019) a\u0300 la paroisse universitaire Saint Jean de Lome\u0301.<\/p>\n<p>Germaine raconte que, encore e\u0301tudiante, elle s\u2019interrogeait sur sa mission en tant que chre\u0301tienne et son orientation. Or un jour, a\u0300 la plage, elle a entendu une voix inte\u0301rieure lui dire : \u00ab tu es une goutte d\u2019eau \u00bb. \u00ab Alors, si je suis une goutte d\u2019eau devant cette immensite\u0301 qu\u2019est la mer, alors je ne suis rien \u00bb, s\u2019est-elle mise a\u0300 penser. Et la voix lui pre\u0301cise que \u00ab chaque goutte d\u2019eau est importante \u00bb. Une relation intime est ainsi ne\u0301e entre elle et Dieu.<\/p>\n<p>Chre\u0301tien, e\u0301crivain et homme politique, Gerry Taama est aussi de\u0301pute\u0301 et sie\u0300ge a\u0300 la me\u0302me Assemble\u0301e nationale pour le compte d\u2019un parti politique diffe\u0301rent de celui de cette promotrice de l\u2019e\u0301quite\u0301 de genre. \u00ab C\u2019est ma foi en Dieu qui m\u2019aide a\u0300 continuer \u00bb, confie Gerry avant d\u2019ajouter : \u00ab la religion catholique m\u2019a donne\u0301 des valeurs qui me permettent d\u2019avancer dans mes engagements sociaux et politiques \u00bb. Son profil est assez similaire a\u0300 celui de Germaine, mais son parcours, moins line\u0301aire, rele\u0300ve plus du \u00ab Parcours de combattants \u00bb, titre de son roman paru a\u0300 L\u2019Harmattan, en 2009.<\/p>\n<p>Ne\u0301 en 1975 a\u0300 Siou, dans la re\u0301gion de la Kara (Togo), il fait ses e\u0301tudes secondaires au Colle\u0300ge Chaminade, un institut de formation dirige\u0301 par les fre\u0300res marianistes. Apre\u0300s ses e\u0301tudes a\u0300 l\u2019Universite\u0301 de Lome\u0301 et une formation a\u0300 l\u2019e\u0301cole militaire de Saint-Cyr en France, il devient officier de l\u2019arme\u0301e togolaise et exerce pendant quelques anne\u0301es avant de demander \u00ab deux ans de non-activite\u0301 \u00bb. Un processus complexe et incertain s\u2019enclenche. \u00ab Continue, me disait une voix inte\u0301rieure, face aux obstacles \u00bb, explique ce commando, tireur d\u2019e\u0301lite qui quitte l\u2019arme\u0301e en 2008. \u00ab Ce sont des valeurs comme la charite\u0301 et la fraternite\u0301 \u00bb he\u0301rite\u0301es de sa famille et de son e\u0301ducation chre\u0301tienne qui l\u2019orientent dans ses choix et engagements, explique-t-il.<\/p>\n<p><strong>Pour plus d&rsquo;informations et d&rsquo;analyses sur la <a href=\"https:\/\/www.africa-press.net\/togo\">Togo<\/a>, suivez <a href=\"https:\/\/www.africa-press.net\/\">Africa-Press<\/a><\/strong><\/p>\n","protected":false},"excerpt":{"rendered":"<p>Africa-Press &#8211; Togo. A\u0300 Lome\u0301, deux parlementaires catholiques partagent leurs expe\u0301riences en politique. Comment la foi chre\u0301tienne guide Germaine Anate\u0301 et Gerry Taama dans l\u2019are\u0300ne politique ? Les 24 et 25 septembre a\u0300 Lome\u0301, au cours du se\u0301minaire \u00ab Le\u0300ve-toi et marche \u00bb organise\u0301 par la coalition des chre\u0301tiens hommes, femmes d\u2019affaires et de\u0301cideurs du [&hellip;]<\/p>\n","protected":false},"author":82,"featured_media":12360,"comment_status":"open","ping_status":"closed","sticky":false,"template":"","format":"standard","meta":{"footnotes":""},"categories":[2,10],"tags":[36,49,50],"class_list":["post-12361","post","type-post","status-publish","format-standard","has-post-thumbnail","hentry","category-politique","category-toutes-les-actualites","tag-africa-press","tag-africa-press-togo","tag-togo"],"yoast_head":"<!-- This site is optimized with the Yoast SEO Premium plugin v26.1 (Yoast SEO v27.0) - https:\/\/yoast.com\/product\/yoast-seo-premium-wordpress\/ -->\n<title>La foi de deux parlementaires togolais - Togo<\/title>\n<meta name=\"description\" content=\"A\u0300 Lome\u0301, deux parlementaires catholiques partagent leurs expe\u0301riences en politique. Comment la foi chre\u0301tienne guide ...\" \/>\n<meta name=\"robots\" content=\"index, follow, max-snippet:-1, max-image-preview:large, max-video-preview:-1\" \/>\n<link rel=\"canonical\" href=\"https:\/\/www.africa-press.net\/togo\/politique\/la-foi-de-deux-parlementaires-togolais\" \/>\n<meta property=\"og:locale\" content=\"fr_FR\" \/>\n<meta property=\"og:type\" content=\"article\" \/>\n<meta property=\"og:title\" content=\"La foi de deux parlementaires togolais\" \/>\n<meta property=\"og:description\" content=\"A\u0300 Lome\u0301, deux parlementaires catholiques partagent leurs expe\u0301riences en politique. Comment la foi chre\u0301tienne guide ...\" \/>\n<meta property=\"og:url\" content=\"https:\/\/www.africa-press.net\/togo\/politique\/la-foi-de-deux-parlementaires-togolais\" \/>\n<meta property=\"og:site_name\" content=\"Togo\" \/>\n<meta property=\"article:published_time\" content=\"2022-10-13T19:09:56+00:00\" \/>\n<meta property=\"article:modified_time\" content=\"2022-10-13T19:20:30+00:00\" \/>\n<meta property=\"og:image\" content=\"https:\/\/static.africa-press.net\/togo\/sites\/58\/2022\/10\/postQueueImg_11-634864e6b4ad2.jpg\" \/>\n\t<meta property=\"og:image:width\" content=\"1280\" \/>\n\t<meta property=\"og:image:height\" content=\"800\" \/>\n\t<meta property=\"og:image:type\" content=\"image\/jpeg\" \/>\n<meta name=\"author\" content=\"cfeditorfr\" \/>\n<meta name=\"twitter:card\" content=\"summary_large_image\" \/>\n<meta name=\"twitter:label1\" content=\"\u00c9crit par\" \/>\n\t<meta name=\"twitter:data1\" content=\"cfeditorfr\" \/>\n\t<meta name=\"twitter:label2\" content=\"Dur\u00e9e de lecture estim\u00e9e\" \/>\n\t<meta name=\"twitter:data2\" content=\"4 minutes\" \/>\n<script type=\"application\/ld+json\" class=\"yoast-schema-graph\">{\"@context\":\"https:\/\/schema.org\",\"@graph\":[{\"@type\":\"Article\",\"@id\":\"https:\/\/www.africa-press.net\/togo\/politique\/la-foi-de-deux-parlementaires-togolais#article\",\"isPartOf\":{\"@id\":\"https:\/\/www.africa-press.net\/togo\/politique\/la-foi-de-deux-parlementaires-togolais\"},\"author\":{\"name\":\"cfeditorfr\",\"@id\":\"https:\/\/www.africa-press.net\/togo\/#\/schema\/person\/2b1cf3cd81a31e3cd26889ca66d677f1\"},\"headline\":\"La foi de deux parlementaires togolais\",\"datePublished\":\"2022-10-13T19:09:56+00:00\",\"dateModified\":\"2022-10-13T19:20:30+00:00\",\"mainEntityOfPage\":{\"@id\":\"https:\/\/www.africa-press.net\/togo\/politique\/la-foi-de-deux-parlementaires-togolais\"},\"wordCount\":709,\"commentCount\":0,\"image\":{\"@id\":\"https:\/\/www.africa-press.net\/togo\/politique\/la-foi-de-deux-parlementaires-togolais#primaryimage\"},\"thumbnailUrl\":\"https:\/\/static.africa-press.net\/togo\/sites\/58\/2022\/10\/postQueueImg_11-634864e6b4ad2.jpg\",\"keywords\":[\"Africa Press\",\"Africa Press-Togo\",\"Togo\"],\"articleSection\":[\"Politique\",\"Toutes les actualit\u00e9s\"],\"inLanguage\":\"fr-FR\",\"potentialAction\":[{\"@type\":\"CommentAction\",\"name\":\"Comment\",\"target\":[\"https:\/\/www.africa-press.net\/togo\/politique\/la-foi-de-deux-parlementaires-togolais#respond\"]}]},{\"@type\":\"WebPage\",\"@id\":\"https:\/\/www.africa-press.net\/togo\/politique\/la-foi-de-deux-parlementaires-togolais\",\"url\":\"https:\/\/www.africa-press.net\/togo\/politique\/la-foi-de-deux-parlementaires-togolais\",\"name\":\"La foi de deux parlementaires togolais - Togo\",\"isPartOf\":{\"@id\":\"https:\/\/www.africa-press.net\/togo\/#website\"},\"primaryImageOfPage\":{\"@id\":\"https:\/\/www.africa-press.net\/togo\/politique\/la-foi-de-deux-parlementaires-togolais#primaryimage\"},\"image\":{\"@id\":\"https:\/\/www.africa-press.net\/togo\/politique\/la-foi-de-deux-parlementaires-togolais#primaryimage\"},\"thumbnailUrl\":\"https:\/\/static.africa-press.net\/togo\/sites\/58\/2022\/10\/postQueueImg_11-634864e6b4ad2.jpg\",\"datePublished\":\"2022-10-13T19:09:56+00:00\",\"dateModified\":\"2022-10-13T19:20:30+00:00\",\"author\":{\"@id\":\"https:\/\/www.africa-press.net\/togo\/#\/schema\/person\/2b1cf3cd81a31e3cd26889ca66d677f1\"},\"description\":\"A\u0300 Lome\u0301, deux parlementaires catholiques partagent leurs expe\u0301riences en politique. Comment la foi chre\u0301tienne guide ...\",\"breadcrumb\":{\"@id\":\"https:\/\/www.africa-press.net\/togo\/politique\/la-foi-de-deux-parlementaires-togolais#breadcrumb\"},\"inLanguage\":\"fr-FR\",\"potentialAction\":[{\"@type\":\"ReadAction\",\"target\":[\"https:\/\/www.africa-press.net\/togo\/politique\/la-foi-de-deux-parlementaires-togolais\"]}]},{\"@type\":\"ImageObject\",\"inLanguage\":\"fr-FR\",\"@id\":\"https:\/\/www.africa-press.net\/togo\/politique\/la-foi-de-deux-parlementaires-togolais#primaryimage\",\"url\":\"https:\/\/static.africa-press.net\/togo\/sites\/58\/2022\/10\/postQueueImg_11-634864e6b4ad2.jpg\",\"contentUrl\":\"https:\/\/static.africa-press.net\/togo\/sites\/58\/2022\/10\/postQueueImg_11-634864e6b4ad2.jpg\",\"width\":1280,\"height\":800,\"caption\":\"La foi de deux parlementaires togolais\"},{\"@type\":\"BreadcrumbList\",\"@id\":\"https:\/\/www.africa-press.net\/togo\/politique\/la-foi-de-deux-parlementaires-togolais#breadcrumb\",\"itemListElement\":[{\"@type\":\"ListItem\",\"position\":1,\"name\":\"Accueil\",\"item\":\"https:\/\/www.africa-press.net\/togo\/\"},{\"@type\":\"ListItem\",\"position\":2,\"name\":\"La foi de deux parlementaires togolais\"}]},{\"@type\":\"WebSite\",\"@id\":\"https:\/\/www.africa-press.net\/togo\/#website\",\"url\":\"https:\/\/www.africa-press.net\/togo\/\",\"name\":\"Togo\",\"description\":\"Just another Africa News Agency Sites site\",\"potentialAction\":[{\"@type\":\"SearchAction\",\"target\":{\"@type\":\"EntryPoint\",\"urlTemplate\":\"https:\/\/www.africa-press.net\/togo\/?s={search_term_string}\"},\"query-input\":{\"@type\":\"PropertyValueSpecification\",\"valueRequired\":true,\"valueName\":\"search_term_string\"}}],\"inLanguage\":\"fr-FR\"},{\"@type\":\"Person\",\"@id\":\"https:\/\/www.africa-press.net\/togo\/#\/schema\/person\/2b1cf3cd81a31e3cd26889ca66d677f1\",\"name\":\"cfeditorfr\"}]}<\/script>\n<!-- \/ Yoast SEO Premium plugin. -->","yoast_head_json":{"title":"La foi de deux parlementaires togolais - Togo","description":"A\u0300 Lome\u0301, deux parlementaires catholiques partagent leurs expe\u0301riences en politique. Comment la foi chre\u0301tienne guide ...","robots":{"index":"index","follow":"follow","max-snippet":"max-snippet:-1","max-image-preview":"max-image-preview:large","max-video-preview":"max-video-preview:-1"},"canonical":"https:\/\/www.africa-press.net\/togo\/politique\/la-foi-de-deux-parlementaires-togolais","og_locale":"fr_FR","og_type":"article","og_title":"La foi de deux parlementaires togolais","og_description":"A\u0300 Lome\u0301, deux parlementaires catholiques partagent leurs expe\u0301riences en politique. Comment la foi chre\u0301tienne guide ...","og_url":"https:\/\/www.africa-press.net\/togo\/politique\/la-foi-de-deux-parlementaires-togolais","og_site_name":"Togo","article_published_time":"2022-10-13T19:09:56+00:00","article_modified_time":"2022-10-13T19:20:30+00:00","og_image":[{"width":1280,"height":800,"url":"https:\/\/static.africa-press.net\/togo\/sites\/58\/2022\/10\/postQueueImg_11-634864e6b4ad2.jpg","type":"image\/jpeg"}],"author":"cfeditorfr","twitter_card":"summary_large_image","twitter_misc":{"\u00c9crit par":"cfeditorfr","Dur\u00e9e de lecture estim\u00e9e":"4 minutes"},"schema":{"@context":"https:\/\/schema.org","@graph":[{"@type":"Article","@id":"https:\/\/www.africa-press.net\/togo\/politique\/la-foi-de-deux-parlementaires-togolais#article","isPartOf":{"@id":"https:\/\/www.africa-press.net\/togo\/politique\/la-foi-de-deux-parlementaires-togolais"},"author":{"name":"cfeditorfr","@id":"https:\/\/www.africa-press.net\/togo\/#\/schema\/person\/2b1cf3cd81a31e3cd26889ca66d677f1"},"headline":"La foi de deux parlementaires togolais","datePublished":"2022-10-13T19:09:56+00:00","dateModified":"2022-10-13T19:20:30+00:00","mainEntityOfPage":{"@id":"https:\/\/www.africa-press.net\/togo\/politique\/la-foi-de-deux-parlementaires-togolais"},"wordCount":709,"commentCount":0,"image":{"@id":"https:\/\/www.africa-press.net\/togo\/politique\/la-foi-de-deux-parlementaires-togolais#primaryimage"},"thumbnailUrl":"https:\/\/static.africa-press.net\/togo\/sites\/58\/2022\/10\/postQueueImg_11-634864e6b4ad2.jpg","keywords":["Africa Press","Africa Press-Togo","Togo"],"articleSection":["Politique","Toutes les actualit\u00e9s"],"inLanguage":"fr-FR","potentialAction":[{"@type":"CommentAction","name":"Comment","target":["https:\/\/www.africa-press.net\/togo\/politique\/la-foi-de-deux-parlementaires-togolais#respond"]}]},{"@type":"WebPage","@id":"https:\/\/www.africa-press.net\/togo\/politique\/la-foi-de-deux-parlementaires-togolais","url":"https:\/\/www.africa-press.net\/togo\/politique\/la-foi-de-deux-parlementaires-togolais","name":"La foi de deux parlementaires togolais - Togo","isPartOf":{"@id":"https:\/\/www.africa-press.net\/togo\/#website"},"primaryImageOfPage":{"@id":"https:\/\/www.africa-press.net\/togo\/politique\/la-foi-de-deux-parlementaires-togolais#primaryimage"},"image":{"@id":"https:\/\/www.africa-press.net\/togo\/politique\/la-foi-de-deux-parlementaires-togolais#primaryimage"},"thumbnailUrl":"https:\/\/static.africa-press.net\/togo\/sites\/58\/2022\/10\/postQueueImg_11-634864e6b4ad2.jpg","datePublished":"2022-10-13T19:09:56+00:00","dateModified":"2022-10-13T19:20:30+00:00","author":{"@id":"https:\/\/www.africa-press.net\/togo\/#\/schema\/person\/2b1cf3cd81a31e3cd26889ca66d677f1"},"description":"A\u0300 Lome\u0301, deux parlementaires catholiques partagent leurs expe\u0301riences en politique. Comment la foi chre\u0301tienne guide ...","breadcrumb":{"@id":"https:\/\/www.africa-press.net\/togo\/politique\/la-foi-de-deux-parlementaires-togolais#breadcrumb"},"inLanguage":"fr-FR","potentialAction":[{"@type":"ReadAction","target":["https:\/\/www.africa-press.net\/togo\/politique\/la-foi-de-deux-parlementaires-togolais"]}]},{"@type":"ImageObject","inLanguage":"fr-FR","@id":"https:\/\/www.africa-press.net\/togo\/politique\/la-foi-de-deux-parlementaires-togolais#primaryimage","url":"https:\/\/static.africa-press.net\/togo\/sites\/58\/2022\/10\/postQueueImg_11-634864e6b4ad2.jpg","contentUrl":"https:\/\/static.africa-press.net\/togo\/sites\/58\/2022\/10\/postQueueImg_11-634864e6b4ad2.jpg","width":1280,"height":800,"caption":"La foi de deux parlementaires togolais"},{"@type":"BreadcrumbList","@id":"https:\/\/www.africa-press.net\/togo\/politique\/la-foi-de-deux-parlementaires-togolais#breadcrumb","itemListElement":[{"@type":"ListItem","position":1,"name":"Accueil","item":"https:\/\/www.africa-press.net\/togo\/"},{"@type":"ListItem","position":2,"name":"La foi de deux parlementaires togolais"}]},{"@type":"WebSite","@id":"https:\/\/www.africa-press.net\/togo\/#website","url":"https:\/\/www.africa-press.net\/togo\/","name":"Togo","description":"Just another Africa News Agency Sites site","potentialAction":[{"@type":"SearchAction","target":{"@type":"EntryPoint","urlTemplate":"https:\/\/www.africa-press.net\/togo\/?s={search_term_string}"},"query-input":{"@type":"PropertyValueSpecification","valueRequired":true,"valueName":"search_term_string"}}],"inLanguage":"fr-FR"},{"@type":"Person","@id":"https:\/\/www.africa-press.net\/togo\/#\/schema\/person\/2b1cf3cd81a31e3cd26889ca66d677f1","name":"cfeditorfr"}]}},"_links":{"self":[{"href":"https:\/\/www.africa-press.net\/togo\/wp-json\/wp\/v2\/posts\/12361","targetHints":{"allow":["GET"]}}],"collection":[{"href":"https:\/\/www.africa-press.net\/togo\/wp-json\/wp\/v2\/posts"}],"about":[{"href":"https:\/\/www.africa-press.net\/togo\/wp-json\/wp\/v2\/types\/post"}],"author":[{"embeddable":true,"href":"https:\/\/www.africa-press.net\/togo\/wp-json\/wp\/v2\/users\/82"}],"replies":[{"embeddable":true,"href":"https:\/\/www.africa-press.net\/togo\/wp-json\/wp\/v2\/comments?post=12361"}],"version-history":[{"count":0,"href":"https:\/\/www.africa-press.net\/togo\/wp-json\/wp\/v2\/posts\/12361\/revisions"}],"wp:featuredmedia":[{"embeddable":true,"href":"https:\/\/www.africa-press.net\/togo\/wp-json\/wp\/v2\/media\/12360"}],"wp:attachment":[{"href":"https:\/\/www.africa-press.net\/togo\/wp-json\/wp\/v2\/media?parent=12361"}],"wp:term":[{"taxonomy":"category","embeddable":true,"href":"https:\/\/www.africa-press.net\/togo\/wp-json\/wp\/v2\/categories?post=12361"},{"taxonomy":"post_tag","embeddable":true,"href":"https:\/\/www.africa-press.net\/togo\/wp-json\/wp\/v2\/tags?post=12361"}],"curies":[{"name":"wp","href":"https:\/\/api.w.org\/{rel}","templated":true}]}}