{"id":12367,"date":"2022-10-13T19:10:28","date_gmt":"2022-10-13T19:10:28","guid":{"rendered":"https:\/\/www.africa-press.net\/togo\/politique\/elim-can-u23-un-nigerien-au-sifflet-pour-togo-vs-afrique-du-sud"},"modified":"2022-10-13T19:21:34","modified_gmt":"2022-10-13T19:21:34","slug":"elim-can-u23-un-nigerien-au-sifflet-pour-togo-vs-afrique-du-sud","status":"publish","type":"post","link":"https:\/\/www.africa-press.net\/togo\/sports\/elim-can-u23-un-nigerien-au-sifflet-pour-togo-vs-afrique-du-sud","title":{"rendered":"\u00c9lim CAN U23-Un Nig\u00e9rien au sifflet pour Togo vs Afrique du Sud"},"content":{"rendered":"<p><span style=\"color: #ff6600\"><strong>Africa-Press &#8211; Togo. <\/strong><\/span><b>La Confe\u0301de\u0301ration africaine de football (CAF) a de\u0301signe\u0301 un quatuor d\u2019arbitres nige\u0301rien pour Togo vs Afrique du Sud le 23 octobre 2022 au stade de Kegue\u0301.<\/b><\/p>\n<p>Le Nige\u0301rien Moussa Ahamadou Alou dirigera, le 23 octobre prochain au stade Ke\u0301gue\u0301, le match aller du 2e tour des e\u0301liminatoires de la CAN U23 qui oppose le Togo a\u0300 l\u2019Afrique du sud.<\/p>\n<p>Il sera aide\u0301 ses compatriotes Abdoul Aziz Moctar Saley et Soufia Soufi Abdou Garba, respectivement 1er et 2e assistant.<\/p>\n<p>Le 4e officiel s\u2019appelle Oumarou Idi Issaka. Il vient aussi du Niger.<\/p>\n<p><strong>Pour plus d&rsquo;informations et d&rsquo;analyses sur la <a href=\"https:\/\/www.africa-press.net\/togo\">Togo<\/a>, suivez <a href=\"https:\/\/www.africa-press.net\/\">Africa-Press<\/a><\/strong><\/p>\n","protected":false},"excerpt":{"rendered":"<p>Africa-Press &#8211; Togo. La Confe\u0301de\u0301ration africaine de football (CAF) a de\u0301signe\u0301 un quatuor d\u2019arbitres nige\u0301rien pour Togo vs Afrique du Sud le 23 octobre 2022 au stade de Kegue\u0301. Le Nige\u0301rien Moussa Ahamadou Alou dirigera, le 23 octobre prochain au stade Ke\u0301gue\u0301, le match aller du 2e tour des e\u0301liminatoires de la CAN U23 qui [&hellip;]<\/p>\n","protected":false},"author":82,"featured_media":12366,"comment_status":"open","ping_status":"closed","sticky":false,"template":"","format":"standard","meta":{"footnotes":""},"categories":[6,10],"tags":[36,49,50],"class_list":["post-12367","post","type-post","status-publish","format-standard","has-post-thumbnail","hentry","category-sports","category-toutes-les-actualites","tag-africa-press","tag-africa-press-togo","tag-togo"],"yoast_head":"<!-- This site is optimized with the Yoast SEO Premium plugin v26.1 (Yoast SEO v27.0) - https:\/\/yoast.com\/product\/yoast-seo-premium-wordpress\/ -->\n<title>\u00c9lim CAN U23-Un Nig\u00e9rien au sifflet pour Togo vs Afrique du Sud - Togo<\/title>\n<meta name=\"description\" content=\"La Confe\u0301de\u0301ration africaine de football (CAF) a de\u0301signe\u0301 un quatuor d\u2019arbitres nige\u0301rien pour Togo vs Afrique du Su ...\" \/>\n<meta name=\"robots\" content=\"index, follow, max-snippet:-1, max-image-preview:large, max-video-preview:-1\" \/>\n<link rel=\"canonical\" href=\"https:\/\/www.africa-press.net\/togo\/sports\/elim-can-u23-un-nigerien-au-sifflet-pour-togo-vs-afrique-du-sud\" \/>\n<meta property=\"og:locale\" content=\"fr_FR\" \/>\n<meta property=\"og:type\" content=\"article\" \/>\n<meta property=\"og:title\" content=\"\u00c9lim CAN U23-Un Nig\u00e9rien au sifflet pour Togo vs Afrique du Sud\" \/>\n<meta property=\"og:description\" content=\"La Confe\u0301de\u0301ration africaine de football (CAF) a de\u0301signe\u0301 un quatuor d\u2019arbitres nige\u0301rien pour Togo vs Afrique du Su ...\" \/>\n<meta property=\"og:url\" content=\"https:\/\/www.africa-press.net\/togo\/sports\/elim-can-u23-un-nigerien-au-sifflet-pour-togo-vs-afrique-du-sud\" \/>\n<meta property=\"og:site_name\" content=\"Togo\" \/>\n<meta property=\"article:published_time\" content=\"2022-10-13T19:10:28+00:00\" \/>\n<meta property=\"article:modified_time\" content=\"2022-10-13T19:21:34+00:00\" \/>\n<meta property=\"og:image\" content=\"https:\/\/static.africa-press.net\/togo\/sites\/58\/2022\/10\/postQueueImg_13-6348652742778.jpg\" \/>\n\t<meta property=\"og:image:width\" content=\"1280\" \/>\n\t<meta property=\"og:image:height\" content=\"800\" \/>\n\t<meta property=\"og:image:type\" content=\"image\/jpeg\" \/>\n<meta name=\"author\" content=\"cfeditorfr\" \/>\n<meta name=\"twitter:card\" content=\"summary_large_image\" \/>\n<meta name=\"twitter:label1\" content=\"\u00c9crit par\" \/>\n\t<meta name=\"twitter:data1\" content=\"cfeditorfr\" \/>\n\t<meta name=\"twitter:label2\" content=\"Dur\u00e9e de lecture estim\u00e9e\" \/>\n\t<meta name=\"twitter:data2\" content=\"1 minute\" \/>\n<script type=\"application\/ld+json\" class=\"yoast-schema-graph\">{\"@context\":\"https:\/\/schema.org\",\"@graph\":[{\"@type\":\"Article\",\"@id\":\"https:\/\/www.africa-press.net\/togo\/sports\/elim-can-u23-un-nigerien-au-sifflet-pour-togo-vs-afrique-du-sud#article\",\"isPartOf\":{\"@id\":\"https:\/\/www.africa-press.net\/togo\/sports\/elim-can-u23-un-nigerien-au-sifflet-pour-togo-vs-afrique-du-sud\"},\"author\":{\"name\":\"cfeditorfr\",\"@id\":\"https:\/\/www.africa-press.net\/togo\/#\/schema\/person\/2b1cf3cd81a31e3cd26889ca66d677f1\"},\"headline\":\"\u00c9lim CAN U23-Un Nig\u00e9rien au sifflet pour Togo vs Afrique du Sud\",\"datePublished\":\"2022-10-13T19:10:28+00:00\",\"dateModified\":\"2022-10-13T19:21:34+00:00\",\"mainEntityOfPage\":{\"@id\":\"https:\/\/www.africa-press.net\/togo\/sports\/elim-can-u23-un-nigerien-au-sifflet-pour-togo-vs-afrique-du-sud\"},\"wordCount\":126,\"commentCount\":0,\"image\":{\"@id\":\"https:\/\/www.africa-press.net\/togo\/sports\/elim-can-u23-un-nigerien-au-sifflet-pour-togo-vs-afrique-du-sud#primaryimage\"},\"thumbnailUrl\":\"https:\/\/static.africa-press.net\/togo\/sites\/58\/2022\/10\/postQueueImg_13-6348652742778.jpg\",\"keywords\":[\"Africa Press\",\"Africa Press-Togo\",\"Togo\"],\"articleSection\":[\"Sports\",\"Toutes les actualit\u00e9s\"],\"inLanguage\":\"fr-FR\",\"potentialAction\":[{\"@type\":\"CommentAction\",\"name\":\"Comment\",\"target\":[\"https:\/\/www.africa-press.net\/togo\/sports\/elim-can-u23-un-nigerien-au-sifflet-pour-togo-vs-afrique-du-sud#respond\"]}]},{\"@type\":\"WebPage\",\"@id\":\"https:\/\/www.africa-press.net\/togo\/sports\/elim-can-u23-un-nigerien-au-sifflet-pour-togo-vs-afrique-du-sud\",\"url\":\"https:\/\/www.africa-press.net\/togo\/sports\/elim-can-u23-un-nigerien-au-sifflet-pour-togo-vs-afrique-du-sud\",\"name\":\"\u00c9lim CAN U23-Un Nig\u00e9rien au sifflet pour Togo vs Afrique du Sud - Togo\",\"isPartOf\":{\"@id\":\"https:\/\/www.africa-press.net\/togo\/#website\"},\"primaryImageOfPage\":{\"@id\":\"https:\/\/www.africa-press.net\/togo\/sports\/elim-can-u23-un-nigerien-au-sifflet-pour-togo-vs-afrique-du-sud#primaryimage\"},\"image\":{\"@id\":\"https:\/\/www.africa-press.net\/togo\/sports\/elim-can-u23-un-nigerien-au-sifflet-pour-togo-vs-afrique-du-sud#primaryimage\"},\"thumbnailUrl\":\"https:\/\/static.africa-press.net\/togo\/sites\/58\/2022\/10\/postQueueImg_13-6348652742778.jpg\",\"datePublished\":\"2022-10-13T19:10:28+00:00\",\"dateModified\":\"2022-10-13T19:21:34+00:00\",\"author\":{\"@id\":\"https:\/\/www.africa-press.net\/togo\/#\/schema\/person\/2b1cf3cd81a31e3cd26889ca66d677f1\"},\"description\":\"La Confe\u0301de\u0301ration africaine de football (CAF) a de\u0301signe\u0301 un quatuor d\u2019arbitres nige\u0301rien pour Togo vs Afrique du Su ...\",\"breadcrumb\":{\"@id\":\"https:\/\/www.africa-press.net\/togo\/sports\/elim-can-u23-un-nigerien-au-sifflet-pour-togo-vs-afrique-du-sud#breadcrumb\"},\"inLanguage\":\"fr-FR\",\"potentialAction\":[{\"@type\":\"ReadAction\",\"target\":[\"https:\/\/www.africa-press.net\/togo\/sports\/elim-can-u23-un-nigerien-au-sifflet-pour-togo-vs-afrique-du-sud\"]}]},{\"@type\":\"ImageObject\",\"inLanguage\":\"fr-FR\",\"@id\":\"https:\/\/www.africa-press.net\/togo\/sports\/elim-can-u23-un-nigerien-au-sifflet-pour-togo-vs-afrique-du-sud#primaryimage\",\"url\":\"https:\/\/static.africa-press.net\/togo\/sites\/58\/2022\/10\/postQueueImg_13-6348652742778.jpg\",\"contentUrl\":\"https:\/\/static.africa-press.net\/togo\/sites\/58\/2022\/10\/postQueueImg_13-6348652742778.jpg\",\"width\":1280,\"height\":800,\"caption\":\"\u00c9lim CAN U23-Un Nig\u00e9rien au sifflet pour Togo vs Afrique du Sud\"},{\"@type\":\"BreadcrumbList\",\"@id\":\"https:\/\/www.africa-press.net\/togo\/sports\/elim-can-u23-un-nigerien-au-sifflet-pour-togo-vs-afrique-du-sud#breadcrumb\",\"itemListElement\":[{\"@type\":\"ListItem\",\"position\":1,\"name\":\"Accueil\",\"item\":\"https:\/\/www.africa-press.net\/togo\/\"},{\"@type\":\"ListItem\",\"position\":2,\"name\":\"\u00c9lim CAN U23-Un Nig\u00e9rien au sifflet pour Togo vs Afrique du Sud\"}]},{\"@type\":\"WebSite\",\"@id\":\"https:\/\/www.africa-press.net\/togo\/#website\",\"url\":\"https:\/\/www.africa-press.net\/togo\/\",\"name\":\"Togo\",\"description\":\"Just another Africa News Agency Sites site\",\"potentialAction\":[{\"@type\":\"SearchAction\",\"target\":{\"@type\":\"EntryPoint\",\"urlTemplate\":\"https:\/\/www.africa-press.net\/togo\/?s={search_term_string}\"},\"query-input\":{\"@type\":\"PropertyValueSpecification\",\"valueRequired\":true,\"valueName\":\"search_term_string\"}}],\"inLanguage\":\"fr-FR\"},{\"@type\":\"Person\",\"@id\":\"https:\/\/www.africa-press.net\/togo\/#\/schema\/person\/2b1cf3cd81a31e3cd26889ca66d677f1\",\"name\":\"cfeditorfr\"}]}<\/script>\n<!-- \/ Yoast SEO Premium plugin. -->","yoast_head_json":{"title":"\u00c9lim CAN U23-Un Nig\u00e9rien au sifflet pour Togo vs Afrique du Sud - Togo","description":"La Confe\u0301de\u0301ration africaine de football (CAF) a de\u0301signe\u0301 un quatuor d\u2019arbitres nige\u0301rien pour Togo vs Afrique du Su ...","robots":{"index":"index","follow":"follow","max-snippet":"max-snippet:-1","max-image-preview":"max-image-preview:large","max-video-preview":"max-video-preview:-1"},"canonical":"https:\/\/www.africa-press.net\/togo\/sports\/elim-can-u23-un-nigerien-au-sifflet-pour-togo-vs-afrique-du-sud","og_locale":"fr_FR","og_type":"article","og_title":"\u00c9lim CAN U23-Un Nig\u00e9rien au sifflet pour Togo vs Afrique du Sud","og_description":"La Confe\u0301de\u0301ration africaine de football (CAF) a de\u0301signe\u0301 un quatuor d\u2019arbitres nige\u0301rien pour Togo vs Afrique du Su ...","og_url":"https:\/\/www.africa-press.net\/togo\/sports\/elim-can-u23-un-nigerien-au-sifflet-pour-togo-vs-afrique-du-sud","og_site_name":"Togo","article_published_time":"2022-10-13T19:10:28+00:00","article_modified_time":"2022-10-13T19:21:34+00:00","og_image":[{"width":1280,"height":800,"url":"https:\/\/static.africa-press.net\/togo\/sites\/58\/2022\/10\/postQueueImg_13-6348652742778.jpg","type":"image\/jpeg"}],"author":"cfeditorfr","twitter_card":"summary_large_image","twitter_misc":{"\u00c9crit par":"cfeditorfr","Dur\u00e9e de lecture estim\u00e9e":"1 minute"},"schema":{"@context":"https:\/\/schema.org","@graph":[{"@type":"Article","@id":"https:\/\/www.africa-press.net\/togo\/sports\/elim-can-u23-un-nigerien-au-sifflet-pour-togo-vs-afrique-du-sud#article","isPartOf":{"@id":"https:\/\/www.africa-press.net\/togo\/sports\/elim-can-u23-un-nigerien-au-sifflet-pour-togo-vs-afrique-du-sud"},"author":{"name":"cfeditorfr","@id":"https:\/\/www.africa-press.net\/togo\/#\/schema\/person\/2b1cf3cd81a31e3cd26889ca66d677f1"},"headline":"\u00c9lim CAN U23-Un Nig\u00e9rien au sifflet pour Togo vs Afrique du Sud","datePublished":"2022-10-13T19:10:28+00:00","dateModified":"2022-10-13T19:21:34+00:00","mainEntityOfPage":{"@id":"https:\/\/www.africa-press.net\/togo\/sports\/elim-can-u23-un-nigerien-au-sifflet-pour-togo-vs-afrique-du-sud"},"wordCount":126,"commentCount":0,"image":{"@id":"https:\/\/www.africa-press.net\/togo\/sports\/elim-can-u23-un-nigerien-au-sifflet-pour-togo-vs-afrique-du-sud#primaryimage"},"thumbnailUrl":"https:\/\/static.africa-press.net\/togo\/sites\/58\/2022\/10\/postQueueImg_13-6348652742778.jpg","keywords":["Africa Press","Africa Press-Togo","Togo"],"articleSection":["Sports","Toutes les actualit\u00e9s"],"inLanguage":"fr-FR","potentialAction":[{"@type":"CommentAction","name":"Comment","target":["https:\/\/www.africa-press.net\/togo\/sports\/elim-can-u23-un-nigerien-au-sifflet-pour-togo-vs-afrique-du-sud#respond"]}]},{"@type":"WebPage","@id":"https:\/\/www.africa-press.net\/togo\/sports\/elim-can-u23-un-nigerien-au-sifflet-pour-togo-vs-afrique-du-sud","url":"https:\/\/www.africa-press.net\/togo\/sports\/elim-can-u23-un-nigerien-au-sifflet-pour-togo-vs-afrique-du-sud","name":"\u00c9lim CAN U23-Un Nig\u00e9rien au sifflet pour Togo vs Afrique du Sud - Togo","isPartOf":{"@id":"https:\/\/www.africa-press.net\/togo\/#website"},"primaryImageOfPage":{"@id":"https:\/\/www.africa-press.net\/togo\/sports\/elim-can-u23-un-nigerien-au-sifflet-pour-togo-vs-afrique-du-sud#primaryimage"},"image":{"@id":"https:\/\/www.africa-press.net\/togo\/sports\/elim-can-u23-un-nigerien-au-sifflet-pour-togo-vs-afrique-du-sud#primaryimage"},"thumbnailUrl":"https:\/\/static.africa-press.net\/togo\/sites\/58\/2022\/10\/postQueueImg_13-6348652742778.jpg","datePublished":"2022-10-13T19:10:28+00:00","dateModified":"2022-10-13T19:21:34+00:00","author":{"@id":"https:\/\/www.africa-press.net\/togo\/#\/schema\/person\/2b1cf3cd81a31e3cd26889ca66d677f1"},"description":"La Confe\u0301de\u0301ration africaine de football (CAF) a de\u0301signe\u0301 un quatuor d\u2019arbitres nige\u0301rien pour Togo vs Afrique du Su ...","breadcrumb":{"@id":"https:\/\/www.africa-press.net\/togo\/sports\/elim-can-u23-un-nigerien-au-sifflet-pour-togo-vs-afrique-du-sud#breadcrumb"},"inLanguage":"fr-FR","potentialAction":[{"@type":"ReadAction","target":["https:\/\/www.africa-press.net\/togo\/sports\/elim-can-u23-un-nigerien-au-sifflet-pour-togo-vs-afrique-du-sud"]}]},{"@type":"ImageObject","inLanguage":"fr-FR","@id":"https:\/\/www.africa-press.net\/togo\/sports\/elim-can-u23-un-nigerien-au-sifflet-pour-togo-vs-afrique-du-sud#primaryimage","url":"https:\/\/static.africa-press.net\/togo\/sites\/58\/2022\/10\/postQueueImg_13-6348652742778.jpg","contentUrl":"https:\/\/static.africa-press.net\/togo\/sites\/58\/2022\/10\/postQueueImg_13-6348652742778.jpg","width":1280,"height":800,"caption":"\u00c9lim CAN U23-Un Nig\u00e9rien au sifflet pour Togo vs Afrique du Sud"},{"@type":"BreadcrumbList","@id":"https:\/\/www.africa-press.net\/togo\/sports\/elim-can-u23-un-nigerien-au-sifflet-pour-togo-vs-afrique-du-sud#breadcrumb","itemListElement":[{"@type":"ListItem","position":1,"name":"Accueil","item":"https:\/\/www.africa-press.net\/togo\/"},{"@type":"ListItem","position":2,"name":"\u00c9lim CAN U23-Un Nig\u00e9rien au sifflet pour Togo vs Afrique du Sud"}]},{"@type":"WebSite","@id":"https:\/\/www.africa-press.net\/togo\/#website","url":"https:\/\/www.africa-press.net\/togo\/","name":"Togo","description":"Just another Africa News Agency Sites site","potentialAction":[{"@type":"SearchAction","target":{"@type":"EntryPoint","urlTemplate":"https:\/\/www.africa-press.net\/togo\/?s={search_term_string}"},"query-input":{"@type":"PropertyValueSpecification","valueRequired":true,"valueName":"search_term_string"}}],"inLanguage":"fr-FR"},{"@type":"Person","@id":"https:\/\/www.africa-press.net\/togo\/#\/schema\/person\/2b1cf3cd81a31e3cd26889ca66d677f1","name":"cfeditorfr"}]}},"_links":{"self":[{"href":"https:\/\/www.africa-press.net\/togo\/wp-json\/wp\/v2\/posts\/12367","targetHints":{"allow":["GET"]}}],"collection":[{"href":"https:\/\/www.africa-press.net\/togo\/wp-json\/wp\/v2\/posts"}],"about":[{"href":"https:\/\/www.africa-press.net\/togo\/wp-json\/wp\/v2\/types\/post"}],"author":[{"embeddable":true,"href":"https:\/\/www.africa-press.net\/togo\/wp-json\/wp\/v2\/users\/82"}],"replies":[{"embeddable":true,"href":"https:\/\/www.africa-press.net\/togo\/wp-json\/wp\/v2\/comments?post=12367"}],"version-history":[{"count":0,"href":"https:\/\/www.africa-press.net\/togo\/wp-json\/wp\/v2\/posts\/12367\/revisions"}],"wp:featuredmedia":[{"embeddable":true,"href":"https:\/\/www.africa-press.net\/togo\/wp-json\/wp\/v2\/media\/12366"}],"wp:attachment":[{"href":"https:\/\/www.africa-press.net\/togo\/wp-json\/wp\/v2\/media?parent=12367"}],"wp:term":[{"taxonomy":"category","embeddable":true,"href":"https:\/\/www.africa-press.net\/togo\/wp-json\/wp\/v2\/categories?post=12367"},{"taxonomy":"post_tag","embeddable":true,"href":"https:\/\/www.africa-press.net\/togo\/wp-json\/wp\/v2\/tags?post=12367"}],"curies":[{"name":"wp","href":"https:\/\/api.w.org\/{rel}","templated":true}]}}