{"id":12370,"date":"2022-10-13T19:10:45","date_gmt":"2022-10-13T19:10:45","guid":{"rendered":"https:\/\/www.africa-press.net\/togo\/politique\/togo-to-lead-the-international-coffee-organization-in-2023"},"modified":"2022-10-13T19:22:34","modified_gmt":"2022-10-13T19:22:34","slug":"togo-to-lead-the-international-coffee-organization-in-2023","status":"publish","type":"post","link":"https:\/\/www.africa-press.net\/togo\/politique\/togo-to-lead-the-international-coffee-organization-in-2023","title":{"rendered":"Togo to lead the International Coffee Organization in 2023"},"content":{"rendered":"<p><span style=\"color: #ff6600\"><strong>Africa-Press &#8211; Togo. <\/strong><\/span><b>Togo will hold the presidency of the International Coffee Organization (ICO) from September 2023. The government announced this Thursday October 13, 2022.<\/b><\/p>\n<p>The country, represented by the secretary general of the coffee and cocoa sector coordination committee (CCFCC), Enselme Gouthon, was unanimously elected a few days ago by the members of the international council of the OIC.<\/p>\n<p>Currently vice-president, Togo will succeed Italy.<\/p>\n<p>Apart from his national functions, Enselme Gouthon also represents the country at the presidency of the Robusta Coffee Agency of Africa and Madagascar (ACRAM), a continental network of producers of this variety of coffee.<\/p>\n<p>Togo, where coffee is the second export crop, is world renowned for the quality of its beans.<\/p>\n<p>The government said it pays particular attention to this and multiplies initiatives to improve productivity.<\/p>\n<p><strong>Pour plus d&rsquo;informations et d&rsquo;analyses sur la <a href=\"https:\/\/www.africa-press.net\/togo\">Togo<\/a>, suivez <a href=\"https:\/\/www.africa-press.net\/\">Africa-Press<\/a><\/strong><\/p>\n","protected":false},"excerpt":{"rendered":"<p>Africa-Press &#8211; Togo. Togo will hold the presidency of the International Coffee Organization (ICO) from September 2023. The government announced this Thursday October 13, 2022. The country, represented by the secretary general of the coffee and cocoa sector coordination committee (CCFCC), Enselme Gouthon, was unanimously elected a few days ago by the members of the [&hellip;]<\/p>\n","protected":false},"author":82,"featured_media":12369,"comment_status":"open","ping_status":"closed","sticky":false,"template":"","format":"standard","meta":{"footnotes":""},"categories":[2,10],"tags":[36,49,50],"class_list":["post-12370","post","type-post","status-publish","format-standard","has-post-thumbnail","hentry","category-politique","category-toutes-les-actualites","tag-africa-press","tag-africa-press-togo","tag-togo"],"yoast_head":"<!-- This site is optimized with the Yoast SEO Premium plugin v26.1 (Yoast SEO v27.0) - https:\/\/yoast.com\/product\/yoast-seo-premium-wordpress\/ -->\n<title>Togo to lead the International Coffee Organization in 2023 - Togo<\/title>\n<meta name=\"description\" content=\"Togo will hold the presidency of the International Coffee Organization (ICO) from September 2023. The government anno ...\" \/>\n<meta name=\"robots\" content=\"index, follow, max-snippet:-1, max-image-preview:large, max-video-preview:-1\" \/>\n<link rel=\"canonical\" href=\"https:\/\/www.africa-press.net\/togo\/politique\/togo-to-lead-the-international-coffee-organization-in-2023\" \/>\n<meta property=\"og:locale\" content=\"fr_FR\" \/>\n<meta property=\"og:type\" content=\"article\" \/>\n<meta property=\"og:title\" content=\"Togo to lead the International Coffee Organization in 2023\" \/>\n<meta property=\"og:description\" content=\"Togo will hold the presidency of the International Coffee Organization (ICO) from September 2023. The government anno ...\" \/>\n<meta property=\"og:url\" content=\"https:\/\/www.africa-press.net\/togo\/politique\/togo-to-lead-the-international-coffee-organization-in-2023\" \/>\n<meta property=\"og:site_name\" content=\"Togo\" \/>\n<meta property=\"article:published_time\" content=\"2022-10-13T19:10:45+00:00\" \/>\n<meta property=\"article:modified_time\" content=\"2022-10-13T19:22:34+00:00\" \/>\n<meta property=\"og:image\" content=\"https:\/\/static.africa-press.net\/togo\/sites\/58\/2022\/10\/postQueueImg_15-63486561b0241.jpg\" \/>\n\t<meta property=\"og:image:width\" content=\"1920\" \/>\n\t<meta property=\"og:image:height\" content=\"1079\" \/>\n\t<meta property=\"og:image:type\" content=\"image\/jpeg\" \/>\n<meta name=\"author\" content=\"cfeditorfr\" \/>\n<meta name=\"twitter:card\" content=\"summary_large_image\" \/>\n<meta name=\"twitter:label1\" content=\"\u00c9crit par\" \/>\n\t<meta name=\"twitter:data1\" content=\"cfeditorfr\" \/>\n\t<meta name=\"twitter:label2\" content=\"Dur\u00e9e de lecture estim\u00e9e\" \/>\n\t<meta name=\"twitter:data2\" content=\"1 minute\" \/>\n<script type=\"application\/ld+json\" class=\"yoast-schema-graph\">{\"@context\":\"https:\/\/schema.org\",\"@graph\":[{\"@type\":\"Article\",\"@id\":\"https:\/\/www.africa-press.net\/togo\/politique\/togo-to-lead-the-international-coffee-organization-in-2023#article\",\"isPartOf\":{\"@id\":\"https:\/\/www.africa-press.net\/togo\/politique\/togo-to-lead-the-international-coffee-organization-in-2023\"},\"author\":{\"name\":\"cfeditorfr\",\"@id\":\"https:\/\/www.africa-press.net\/togo\/#\/schema\/person\/2b1cf3cd81a31e3cd26889ca66d677f1\"},\"headline\":\"Togo to lead the International Coffee Organization in 2023\",\"datePublished\":\"2022-10-13T19:10:45+00:00\",\"dateModified\":\"2022-10-13T19:22:34+00:00\",\"mainEntityOfPage\":{\"@id\":\"https:\/\/www.africa-press.net\/togo\/politique\/togo-to-lead-the-international-coffee-organization-in-2023\"},\"wordCount\":149,\"commentCount\":0,\"image\":{\"@id\":\"https:\/\/www.africa-press.net\/togo\/politique\/togo-to-lead-the-international-coffee-organization-in-2023#primaryimage\"},\"thumbnailUrl\":\"https:\/\/static.africa-press.net\/togo\/sites\/58\/2022\/10\/postQueueImg_15-63486561b0241.jpg\",\"keywords\":[\"Africa Press\",\"Africa Press-Togo\",\"Togo\"],\"articleSection\":[\"Politique\",\"Toutes les actualit\u00e9s\"],\"inLanguage\":\"fr-FR\",\"potentialAction\":[{\"@type\":\"CommentAction\",\"name\":\"Comment\",\"target\":[\"https:\/\/www.africa-press.net\/togo\/politique\/togo-to-lead-the-international-coffee-organization-in-2023#respond\"]}]},{\"@type\":\"WebPage\",\"@id\":\"https:\/\/www.africa-press.net\/togo\/politique\/togo-to-lead-the-international-coffee-organization-in-2023\",\"url\":\"https:\/\/www.africa-press.net\/togo\/politique\/togo-to-lead-the-international-coffee-organization-in-2023\",\"name\":\"Togo to lead the International Coffee Organization in 2023 - Togo\",\"isPartOf\":{\"@id\":\"https:\/\/www.africa-press.net\/togo\/#website\"},\"primaryImageOfPage\":{\"@id\":\"https:\/\/www.africa-press.net\/togo\/politique\/togo-to-lead-the-international-coffee-organization-in-2023#primaryimage\"},\"image\":{\"@id\":\"https:\/\/www.africa-press.net\/togo\/politique\/togo-to-lead-the-international-coffee-organization-in-2023#primaryimage\"},\"thumbnailUrl\":\"https:\/\/static.africa-press.net\/togo\/sites\/58\/2022\/10\/postQueueImg_15-63486561b0241.jpg\",\"datePublished\":\"2022-10-13T19:10:45+00:00\",\"dateModified\":\"2022-10-13T19:22:34+00:00\",\"author\":{\"@id\":\"https:\/\/www.africa-press.net\/togo\/#\/schema\/person\/2b1cf3cd81a31e3cd26889ca66d677f1\"},\"description\":\"Togo will hold the presidency of the International Coffee Organization (ICO) from September 2023. The government anno ...\",\"breadcrumb\":{\"@id\":\"https:\/\/www.africa-press.net\/togo\/politique\/togo-to-lead-the-international-coffee-organization-in-2023#breadcrumb\"},\"inLanguage\":\"fr-FR\",\"potentialAction\":[{\"@type\":\"ReadAction\",\"target\":[\"https:\/\/www.africa-press.net\/togo\/politique\/togo-to-lead-the-international-coffee-organization-in-2023\"]}]},{\"@type\":\"ImageObject\",\"inLanguage\":\"fr-FR\",\"@id\":\"https:\/\/www.africa-press.net\/togo\/politique\/togo-to-lead-the-international-coffee-organization-in-2023#primaryimage\",\"url\":\"https:\/\/static.africa-press.net\/togo\/sites\/58\/2022\/10\/postQueueImg_15-63486561b0241.jpg\",\"contentUrl\":\"https:\/\/static.africa-press.net\/togo\/sites\/58\/2022\/10\/postQueueImg_15-63486561b0241.jpg\",\"width\":1920,\"height\":1079,\"caption\":\"Togo to lead the International Coffee Organization in 2023\"},{\"@type\":\"BreadcrumbList\",\"@id\":\"https:\/\/www.africa-press.net\/togo\/politique\/togo-to-lead-the-international-coffee-organization-in-2023#breadcrumb\",\"itemListElement\":[{\"@type\":\"ListItem\",\"position\":1,\"name\":\"Accueil\",\"item\":\"https:\/\/www.africa-press.net\/togo\/\"},{\"@type\":\"ListItem\",\"position\":2,\"name\":\"Togo to lead the International Coffee Organization in 2023\"}]},{\"@type\":\"WebSite\",\"@id\":\"https:\/\/www.africa-press.net\/togo\/#website\",\"url\":\"https:\/\/www.africa-press.net\/togo\/\",\"name\":\"Togo\",\"description\":\"Just another Africa News Agency Sites site\",\"potentialAction\":[{\"@type\":\"SearchAction\",\"target\":{\"@type\":\"EntryPoint\",\"urlTemplate\":\"https:\/\/www.africa-press.net\/togo\/?s={search_term_string}\"},\"query-input\":{\"@type\":\"PropertyValueSpecification\",\"valueRequired\":true,\"valueName\":\"search_term_string\"}}],\"inLanguage\":\"fr-FR\"},{\"@type\":\"Person\",\"@id\":\"https:\/\/www.africa-press.net\/togo\/#\/schema\/person\/2b1cf3cd81a31e3cd26889ca66d677f1\",\"name\":\"cfeditorfr\"}]}<\/script>\n<!-- \/ Yoast SEO Premium plugin. -->","yoast_head_json":{"title":"Togo to lead the International Coffee Organization in 2023 - Togo","description":"Togo will hold the presidency of the International Coffee Organization (ICO) from September 2023. The government anno ...","robots":{"index":"index","follow":"follow","max-snippet":"max-snippet:-1","max-image-preview":"max-image-preview:large","max-video-preview":"max-video-preview:-1"},"canonical":"https:\/\/www.africa-press.net\/togo\/politique\/togo-to-lead-the-international-coffee-organization-in-2023","og_locale":"fr_FR","og_type":"article","og_title":"Togo to lead the International Coffee Organization in 2023","og_description":"Togo will hold the presidency of the International Coffee Organization (ICO) from September 2023. The government anno ...","og_url":"https:\/\/www.africa-press.net\/togo\/politique\/togo-to-lead-the-international-coffee-organization-in-2023","og_site_name":"Togo","article_published_time":"2022-10-13T19:10:45+00:00","article_modified_time":"2022-10-13T19:22:34+00:00","og_image":[{"width":1920,"height":1079,"url":"https:\/\/static.africa-press.net\/togo\/sites\/58\/2022\/10\/postQueueImg_15-63486561b0241.jpg","type":"image\/jpeg"}],"author":"cfeditorfr","twitter_card":"summary_large_image","twitter_misc":{"\u00c9crit par":"cfeditorfr","Dur\u00e9e de lecture estim\u00e9e":"1 minute"},"schema":{"@context":"https:\/\/schema.org","@graph":[{"@type":"Article","@id":"https:\/\/www.africa-press.net\/togo\/politique\/togo-to-lead-the-international-coffee-organization-in-2023#article","isPartOf":{"@id":"https:\/\/www.africa-press.net\/togo\/politique\/togo-to-lead-the-international-coffee-organization-in-2023"},"author":{"name":"cfeditorfr","@id":"https:\/\/www.africa-press.net\/togo\/#\/schema\/person\/2b1cf3cd81a31e3cd26889ca66d677f1"},"headline":"Togo to lead the International Coffee Organization in 2023","datePublished":"2022-10-13T19:10:45+00:00","dateModified":"2022-10-13T19:22:34+00:00","mainEntityOfPage":{"@id":"https:\/\/www.africa-press.net\/togo\/politique\/togo-to-lead-the-international-coffee-organization-in-2023"},"wordCount":149,"commentCount":0,"image":{"@id":"https:\/\/www.africa-press.net\/togo\/politique\/togo-to-lead-the-international-coffee-organization-in-2023#primaryimage"},"thumbnailUrl":"https:\/\/static.africa-press.net\/togo\/sites\/58\/2022\/10\/postQueueImg_15-63486561b0241.jpg","keywords":["Africa Press","Africa Press-Togo","Togo"],"articleSection":["Politique","Toutes les actualit\u00e9s"],"inLanguage":"fr-FR","potentialAction":[{"@type":"CommentAction","name":"Comment","target":["https:\/\/www.africa-press.net\/togo\/politique\/togo-to-lead-the-international-coffee-organization-in-2023#respond"]}]},{"@type":"WebPage","@id":"https:\/\/www.africa-press.net\/togo\/politique\/togo-to-lead-the-international-coffee-organization-in-2023","url":"https:\/\/www.africa-press.net\/togo\/politique\/togo-to-lead-the-international-coffee-organization-in-2023","name":"Togo to lead the International Coffee Organization in 2023 - Togo","isPartOf":{"@id":"https:\/\/www.africa-press.net\/togo\/#website"},"primaryImageOfPage":{"@id":"https:\/\/www.africa-press.net\/togo\/politique\/togo-to-lead-the-international-coffee-organization-in-2023#primaryimage"},"image":{"@id":"https:\/\/www.africa-press.net\/togo\/politique\/togo-to-lead-the-international-coffee-organization-in-2023#primaryimage"},"thumbnailUrl":"https:\/\/static.africa-press.net\/togo\/sites\/58\/2022\/10\/postQueueImg_15-63486561b0241.jpg","datePublished":"2022-10-13T19:10:45+00:00","dateModified":"2022-10-13T19:22:34+00:00","author":{"@id":"https:\/\/www.africa-press.net\/togo\/#\/schema\/person\/2b1cf3cd81a31e3cd26889ca66d677f1"},"description":"Togo will hold the presidency of the International Coffee Organization (ICO) from September 2023. The government anno ...","breadcrumb":{"@id":"https:\/\/www.africa-press.net\/togo\/politique\/togo-to-lead-the-international-coffee-organization-in-2023#breadcrumb"},"inLanguage":"fr-FR","potentialAction":[{"@type":"ReadAction","target":["https:\/\/www.africa-press.net\/togo\/politique\/togo-to-lead-the-international-coffee-organization-in-2023"]}]},{"@type":"ImageObject","inLanguage":"fr-FR","@id":"https:\/\/www.africa-press.net\/togo\/politique\/togo-to-lead-the-international-coffee-organization-in-2023#primaryimage","url":"https:\/\/static.africa-press.net\/togo\/sites\/58\/2022\/10\/postQueueImg_15-63486561b0241.jpg","contentUrl":"https:\/\/static.africa-press.net\/togo\/sites\/58\/2022\/10\/postQueueImg_15-63486561b0241.jpg","width":1920,"height":1079,"caption":"Togo to lead the International Coffee Organization in 2023"},{"@type":"BreadcrumbList","@id":"https:\/\/www.africa-press.net\/togo\/politique\/togo-to-lead-the-international-coffee-organization-in-2023#breadcrumb","itemListElement":[{"@type":"ListItem","position":1,"name":"Accueil","item":"https:\/\/www.africa-press.net\/togo\/"},{"@type":"ListItem","position":2,"name":"Togo to lead the International Coffee Organization in 2023"}]},{"@type":"WebSite","@id":"https:\/\/www.africa-press.net\/togo\/#website","url":"https:\/\/www.africa-press.net\/togo\/","name":"Togo","description":"Just another Africa News Agency Sites site","potentialAction":[{"@type":"SearchAction","target":{"@type":"EntryPoint","urlTemplate":"https:\/\/www.africa-press.net\/togo\/?s={search_term_string}"},"query-input":{"@type":"PropertyValueSpecification","valueRequired":true,"valueName":"search_term_string"}}],"inLanguage":"fr-FR"},{"@type":"Person","@id":"https:\/\/www.africa-press.net\/togo\/#\/schema\/person\/2b1cf3cd81a31e3cd26889ca66d677f1","name":"cfeditorfr"}]}},"_links":{"self":[{"href":"https:\/\/www.africa-press.net\/togo\/wp-json\/wp\/v2\/posts\/12370","targetHints":{"allow":["GET"]}}],"collection":[{"href":"https:\/\/www.africa-press.net\/togo\/wp-json\/wp\/v2\/posts"}],"about":[{"href":"https:\/\/www.africa-press.net\/togo\/wp-json\/wp\/v2\/types\/post"}],"author":[{"embeddable":true,"href":"https:\/\/www.africa-press.net\/togo\/wp-json\/wp\/v2\/users\/82"}],"replies":[{"embeddable":true,"href":"https:\/\/www.africa-press.net\/togo\/wp-json\/wp\/v2\/comments?post=12370"}],"version-history":[{"count":0,"href":"https:\/\/www.africa-press.net\/togo\/wp-json\/wp\/v2\/posts\/12370\/revisions"}],"wp:featuredmedia":[{"embeddable":true,"href":"https:\/\/www.africa-press.net\/togo\/wp-json\/wp\/v2\/media\/12369"}],"wp:attachment":[{"href":"https:\/\/www.africa-press.net\/togo\/wp-json\/wp\/v2\/media?parent=12370"}],"wp:term":[{"taxonomy":"category","embeddable":true,"href":"https:\/\/www.africa-press.net\/togo\/wp-json\/wp\/v2\/categories?post=12370"},{"taxonomy":"post_tag","embeddable":true,"href":"https:\/\/www.africa-press.net\/togo\/wp-json\/wp\/v2\/tags?post=12370"}],"curies":[{"name":"wp","href":"https:\/\/api.w.org\/{rel}","templated":true}]}}