{"id":12397,"date":"2022-10-14T17:11:08","date_gmt":"2022-10-14T17:11:08","guid":{"rendered":"https:\/\/www.africa-press.net\/togo\/politique\/togo-affaire-de-49-militaires-detenus-au-mali-ouattara-se-moque-t-il-de-faure-gnassingbe"},"modified":"2022-10-14T17:21:44","modified_gmt":"2022-10-14T17:21:44","slug":"togo-affaire-de-49-militaires-detenus-au-mali-ouattara-se-moque-t-il-de-faure-gnassingbe","status":"publish","type":"post","link":"https:\/\/www.africa-press.net\/togo\/politique\/togo-affaire-de-49-militaires-detenus-au-mali-ouattara-se-moque-t-il-de-faure-gnassingbe","title":{"rendered":"Togo- Affaire de 49 militaires d\u00e9tenus au Mali : Ouattara se moque-t-il de Faure Gnassingb\u00e9 ?"},"content":{"rendered":"<p><span style=\"color: #ff6600\"><strong>Africa-Press &#8211; Togo. <\/strong><\/span><b>Le Chef de l\u2019E\u0301tat togolais Faure Gnassingbe\u0301 a effectue\u0301 jeudi , 6 octobre dernier une visite \u00abd\u2019amitie\u0301 et de travail \u00ab a\u0300 Abidjan en Co\u0302te d\u2019Ivoire ou\u0300 il a eu un entretien avec son homologue, Alassane Dramane Ouattara. Les e\u0301changes ont notamment porte\u0301 sur l\u2019e\u0301volution de la situation se\u0301curitaire dans la sous-re\u0301gion, ainsi que plusieurs sujets d\u2019inte\u0301re\u0302t commun, selon les sources officielles.<\/b><\/p>\n<p>Naturellement, le Pre\u0301sident Gnassingbe\u0301, me\u0301diateur dans la re\u0301solution de l\u2019affaire des 46 militaires ivoiriens finalement de\u0301tenus au Mali, est alle\u0301 dans la capitale ivoirienne rendre compte de l\u2019e\u0301volution du dossier comme Ouattara lui-me\u0302me l\u2019a confirme\u0301 le lendemain en confe\u0301rence de presse :<\/p>\n<p>\u00abConcernant les soldats ivoiriens au Mali, les choses e\u0301voluent bien. J\u2019ai eu la visite du Pre\u0301sident togolais Faure Gnassingbe\u0301, facilitateur et me\u0301diateur, hier pour m\u2019informer de l\u2019avance\u0301e des choses. Et nous pensons que tre\u0300s rapidement, nous aurons sans doute un heureux aboutissement\u00bb, avance -t-il tout confiant.<\/p>\n<p>Selon le confre\u0300re jeuneafrique \u00abau moins un point de blocage subsiste entre Alassane Ouattara et Assimi Goi\u0308ta pour la libe\u0301ration des 46 soldats de\u0301tenus depuis trois mois au Mali : le lieu ou\u0300 ils seront remis aux autorite\u0301s ivoiriennes.<\/p>\n<p>Selon nos informations, la junte malienne et les autorite\u0301s ivoiriennes ne parviennent pas a\u0300 se mettre d\u2019accord sur le lieu ou\u0300 seront remis, au moment de leur libe\u0301ration, les 46 soldats ivoiriens de\u0301tenus au Mali depuis trois mois.<\/p>\n<p>Un blocage qui a e\u0301te\u0301 e\u0301voque\u0301 ce 6 octobre a\u0300 Abidjan, au cours d\u2019un entretien entre Alassane Ouattara et son homologue togolais Faure Essozimna Gnassingbe\u0301, par ailleurs me\u0301diateur dans ce dossier qui empoisonne les relations entre les deux voisins ouest-africains. Le Directeur de Cabinet de Ouattara, Fide\u0300le Sarassoro, lui aussi implique\u0301 dans les ne\u0301gociations, et le ministre ivoirien de la De\u0301fense, Te\u0301ne\u0301 Birahima Ouattara, e\u0301taient par ailleurs pre\u0301sents. C\u2019est la premie\u0300re fois que les deux Chefs d\u2019E\u0301tat, qui discutaient jusqu\u2019ici par te\u0301le\u0301phone, e\u0301voquaient directement ce dossier\u00bb avance-t-il avant d\u2019ajouter \u00abtandis que les autorite\u0301s ivoiriennes re\u0301clament le transfert de leurs compatriotes par Lome\u0301 (comme lors de la libe\u0301ration des trois soldates, le 9 septembre), les Maliens plaident pour que ceux-ci soient rela\u0302che\u0301s a\u0300 Bamako. Lors de cette entrevue, le Pre\u0301sident togolais a par ailleurs fait part de \u00ab progre\u0300s \u00bb dans les discussions avec la junte. Abidjan conside\u0300re toujours ses soldats comme e\u0301tant des \u00ab otages \u00bb des autorite\u0301s maliennes. Ceux-ci ont e\u0301te\u0301 inculpe\u0301s en aou\u0302t pour \u00ab tentative d\u2019atteinte a\u0300 la su\u0302rete\u0301 exte\u0301rieure de l\u2019E\u0301tat \u00bb, accuse\u0301s d\u2019e\u0302tre des \u00ab mercenaires \u00bb.<\/p>\n<p>Bamako continue de re\u0301clamer l\u2019extradition de Karim Kei\u0308ta, de Tie\u0301man Hubert Coulibaly et de Boubou Cisse\u0301, ce qu\u2019Abidjan estime e\u0302tre un \u00ab chantage inacceptable \u00bb, assurant que ces personnalite\u0301s recherche\u0301es par la justice malienne ne se trouvent pas en Co\u0302te d\u2019Ivoire\u00bb.<\/p>\n<p>On comprend facilement que le me\u0301diateur s\u2019est de\u0301place\u0301 lui-me\u0302me pour faire le point a\u0300 celui qui l\u2019a surnomme\u0301 \u00abJeune Doyen\u00bb.<\/p>\n<p>En l\u2019espe\u0300ce, cela pose un proble\u0300me. Faure a-t-il que\u0301mande\u0301 la me\u0301diation ? S i non, il revient a\u0300 Ouattara de son retour de France la veille, de venir pluto\u0302t a\u0300 Lome\u0301 demander le point de la situation et non l\u2019inverse. C\u2019est bien la Co\u0302te d\u2019Ivoire qui en situation de\u0301licate dans cette affaire et non le Togo. Mais il ne serait pas surprenant que des nervis du re\u0301gime togolais justifient ce voyage de Faure en Co\u0302te d\u2019Ivoire en avanc\u0327ant par exemple \u00ab son humilite\u0301 le\u0301gendaire\u00bb. Mais qui paie l\u2019addition dans tout c\u0327a ? En effet, c\u2019est le pauvre et mise\u0301rable contribuable togolais qui paie ces one\u0301reux et futiles de\u0301placements.<\/p>\n<p>Comme pour dire que les Chefs d\u2019E\u0301tat de la CEDEAO sont au service de Ouattara, le lendemain du voyage de Faure Gnassingbe\u0301, le 7 octobre, c\u2019e\u0301tait au tour d\u2019Umaro Sissoco Embalo\u0301, le Pre\u0301sident en exercice de la Communaute\u0301 E\u0301conomique des E\u0301tats de l\u2019Afrique de l\u2019Ouest d\u2019aller aussi a\u0300 Abidjan pour e\u0301changer sur des sujets entre autres le dossier malien. Rien que pour exister et couvrir le long re\u0300gne sans fin, le successeur de Gnassingbe\u0301 Eyade\u0301ma se fourre dans tout.<\/p>\n<p><b>Kokou AGBEMEBIO<\/b><\/p>\n<p><strong>Pour plus d&rsquo;informations et d&rsquo;analyses sur la <a href=\"https:\/\/www.africa-press.net\/togo\">Togo<\/a>, suivez <a href=\"https:\/\/www.africa-press.net\/\">Africa-Press<\/a><\/strong><\/p>\n","protected":false},"excerpt":{"rendered":"<p>Africa-Press &#8211; Togo. Le Chef de l\u2019E\u0301tat togolais Faure Gnassingbe\u0301 a effectue\u0301 jeudi , 6 octobre dernier une visite \u00abd\u2019amitie\u0301 et de travail \u00ab a\u0300 Abidjan en Co\u0302te d\u2019Ivoire ou\u0300 il a eu un entretien avec son homologue, Alassane Dramane Ouattara. Les e\u0301changes ont notamment porte\u0301 sur l\u2019e\u0301volution de la situation se\u0301curitaire dans la sous-re\u0301gion, [&hellip;]<\/p>\n","protected":false},"author":82,"featured_media":12396,"comment_status":"open","ping_status":"closed","sticky":false,"template":"","format":"standard","meta":{"footnotes":""},"categories":[2,10],"tags":[36,49,50],"class_list":["post-12397","post","type-post","status-publish","format-standard","has-post-thumbnail","hentry","category-politique","category-toutes-les-actualites","tag-africa-press","tag-africa-press-togo","tag-togo"],"yoast_head":"<!-- This site is optimized with the Yoast SEO Premium plugin v26.1 (Yoast SEO v27.0) - https:\/\/yoast.com\/product\/yoast-seo-premium-wordpress\/ -->\n<title>Togo- Affaire de 49 militaires d\u00e9tenus au Mali : Ouattara se moque-t-il de Faure Gnassingb\u00e9 ? - Togo<\/title>\n<meta name=\"description\" content=\"Le Chef de l\u2019E\u0301tat togolais Faure Gnassingbe\u0301 a effectue\u0301 jeudi , 6 octobre dernier une visite \u00abd\u2019amitie\u0301 et de trava ...\" \/>\n<meta name=\"robots\" content=\"index, follow, max-snippet:-1, max-image-preview:large, max-video-preview:-1\" \/>\n<link rel=\"canonical\" href=\"https:\/\/www.africa-press.net\/togo\/politique\/togo-affaire-de-49-militaires-detenus-au-mali-ouattara-se-moque-t-il-de-faure-gnassingbe\" \/>\n<meta property=\"og:locale\" content=\"fr_FR\" \/>\n<meta property=\"og:type\" content=\"article\" \/>\n<meta property=\"og:title\" content=\"Togo- Affaire de 49 militaires d\u00e9tenus au Mali : Ouattara se moque-t-il de Faure Gnassingb\u00e9 ?\" \/>\n<meta property=\"og:description\" content=\"Le Chef de l\u2019E\u0301tat togolais Faure Gnassingbe\u0301 a effectue\u0301 jeudi , 6 octobre dernier une visite \u00abd\u2019amitie\u0301 et de trava ...\" \/>\n<meta property=\"og:url\" content=\"https:\/\/www.africa-press.net\/togo\/politique\/togo-affaire-de-49-militaires-detenus-au-mali-ouattara-se-moque-t-il-de-faure-gnassingbe\" \/>\n<meta property=\"og:site_name\" content=\"Togo\" \/>\n<meta property=\"article:published_time\" content=\"2022-10-14T17:11:08+00:00\" \/>\n<meta property=\"article:modified_time\" content=\"2022-10-14T17:21:44+00:00\" \/>\n<meta property=\"og:image\" content=\"https:\/\/static.africa-press.net\/togo\/sites\/58\/2022\/10\/postQueueImg_4-63499a8310e75.jpg\" \/>\n\t<meta property=\"og:image:width\" content=\"1280\" \/>\n\t<meta property=\"og:image:height\" content=\"814\" \/>\n\t<meta property=\"og:image:type\" content=\"image\/jpeg\" \/>\n<meta name=\"author\" content=\"cfeditorfr\" \/>\n<meta name=\"twitter:card\" content=\"summary_large_image\" \/>\n<meta name=\"twitter:label1\" content=\"\u00c9crit par\" \/>\n\t<meta name=\"twitter:data1\" content=\"cfeditorfr\" \/>\n\t<meta name=\"twitter:label2\" content=\"Dur\u00e9e de lecture estim\u00e9e\" \/>\n\t<meta name=\"twitter:data2\" content=\"4 minutes\" \/>\n<script type=\"application\/ld+json\" class=\"yoast-schema-graph\">{\"@context\":\"https:\/\/schema.org\",\"@graph\":[{\"@type\":\"Article\",\"@id\":\"https:\/\/www.africa-press.net\/togo\/politique\/togo-affaire-de-49-militaires-detenus-au-mali-ouattara-se-moque-t-il-de-faure-gnassingbe#article\",\"isPartOf\":{\"@id\":\"https:\/\/www.africa-press.net\/togo\/politique\/togo-affaire-de-49-militaires-detenus-au-mali-ouattara-se-moque-t-il-de-faure-gnassingbe\"},\"author\":{\"name\":\"cfeditorfr\",\"@id\":\"https:\/\/www.africa-press.net\/togo\/#\/schema\/person\/2b1cf3cd81a31e3cd26889ca66d677f1\"},\"headline\":\"Togo- Affaire de 49 militaires d\u00e9tenus au Mali : Ouattara se moque-t-il de Faure Gnassingb\u00e9 ?\",\"datePublished\":\"2022-10-14T17:11:08+00:00\",\"dateModified\":\"2022-10-14T17:21:44+00:00\",\"mainEntityOfPage\":{\"@id\":\"https:\/\/www.africa-press.net\/togo\/politique\/togo-affaire-de-49-militaires-detenus-au-mali-ouattara-se-moque-t-il-de-faure-gnassingbe\"},\"wordCount\":795,\"commentCount\":0,\"image\":{\"@id\":\"https:\/\/www.africa-press.net\/togo\/politique\/togo-affaire-de-49-militaires-detenus-au-mali-ouattara-se-moque-t-il-de-faure-gnassingbe#primaryimage\"},\"thumbnailUrl\":\"https:\/\/static.africa-press.net\/togo\/sites\/58\/2022\/10\/postQueueImg_4-63499a8310e75.jpg\",\"keywords\":[\"Africa Press\",\"Africa Press-Togo\",\"Togo\"],\"articleSection\":[\"Politique\",\"Toutes les actualit\u00e9s\"],\"inLanguage\":\"fr-FR\",\"potentialAction\":[{\"@type\":\"CommentAction\",\"name\":\"Comment\",\"target\":[\"https:\/\/www.africa-press.net\/togo\/politique\/togo-affaire-de-49-militaires-detenus-au-mali-ouattara-se-moque-t-il-de-faure-gnassingbe#respond\"]}]},{\"@type\":\"WebPage\",\"@id\":\"https:\/\/www.africa-press.net\/togo\/politique\/togo-affaire-de-49-militaires-detenus-au-mali-ouattara-se-moque-t-il-de-faure-gnassingbe\",\"url\":\"https:\/\/www.africa-press.net\/togo\/politique\/togo-affaire-de-49-militaires-detenus-au-mali-ouattara-se-moque-t-il-de-faure-gnassingbe\",\"name\":\"Togo- Affaire de 49 militaires d\u00e9tenus au Mali : Ouattara se moque-t-il de Faure Gnassingb\u00e9 ? - Togo\",\"isPartOf\":{\"@id\":\"https:\/\/www.africa-press.net\/togo\/#website\"},\"primaryImageOfPage\":{\"@id\":\"https:\/\/www.africa-press.net\/togo\/politique\/togo-affaire-de-49-militaires-detenus-au-mali-ouattara-se-moque-t-il-de-faure-gnassingbe#primaryimage\"},\"image\":{\"@id\":\"https:\/\/www.africa-press.net\/togo\/politique\/togo-affaire-de-49-militaires-detenus-au-mali-ouattara-se-moque-t-il-de-faure-gnassingbe#primaryimage\"},\"thumbnailUrl\":\"https:\/\/static.africa-press.net\/togo\/sites\/58\/2022\/10\/postQueueImg_4-63499a8310e75.jpg\",\"datePublished\":\"2022-10-14T17:11:08+00:00\",\"dateModified\":\"2022-10-14T17:21:44+00:00\",\"author\":{\"@id\":\"https:\/\/www.africa-press.net\/togo\/#\/schema\/person\/2b1cf3cd81a31e3cd26889ca66d677f1\"},\"description\":\"Le Chef de l\u2019E\u0301tat togolais Faure Gnassingbe\u0301 a effectue\u0301 jeudi , 6 octobre dernier une visite \u00abd\u2019amitie\u0301 et de trava ...\",\"breadcrumb\":{\"@id\":\"https:\/\/www.africa-press.net\/togo\/politique\/togo-affaire-de-49-militaires-detenus-au-mali-ouattara-se-moque-t-il-de-faure-gnassingbe#breadcrumb\"},\"inLanguage\":\"fr-FR\",\"potentialAction\":[{\"@type\":\"ReadAction\",\"target\":[\"https:\/\/www.africa-press.net\/togo\/politique\/togo-affaire-de-49-militaires-detenus-au-mali-ouattara-se-moque-t-il-de-faure-gnassingbe\"]}]},{\"@type\":\"ImageObject\",\"inLanguage\":\"fr-FR\",\"@id\":\"https:\/\/www.africa-press.net\/togo\/politique\/togo-affaire-de-49-militaires-detenus-au-mali-ouattara-se-moque-t-il-de-faure-gnassingbe#primaryimage\",\"url\":\"https:\/\/static.africa-press.net\/togo\/sites\/58\/2022\/10\/postQueueImg_4-63499a8310e75.jpg\",\"contentUrl\":\"https:\/\/static.africa-press.net\/togo\/sites\/58\/2022\/10\/postQueueImg_4-63499a8310e75.jpg\",\"width\":1280,\"height\":814,\"caption\":\"Togo- Affaire de 49 militaires d\u00e9tenus au Mali : Ouattara se moque-t-il de Faure Gnassingb\u00e9 ?\"},{\"@type\":\"BreadcrumbList\",\"@id\":\"https:\/\/www.africa-press.net\/togo\/politique\/togo-affaire-de-49-militaires-detenus-au-mali-ouattara-se-moque-t-il-de-faure-gnassingbe#breadcrumb\",\"itemListElement\":[{\"@type\":\"ListItem\",\"position\":1,\"name\":\"Accueil\",\"item\":\"https:\/\/www.africa-press.net\/togo\/\"},{\"@type\":\"ListItem\",\"position\":2,\"name\":\"Togo- Affaire de 49 militaires d\u00e9tenus au Mali : Ouattara se moque-t-il de Faure Gnassingb\u00e9 ?\"}]},{\"@type\":\"WebSite\",\"@id\":\"https:\/\/www.africa-press.net\/togo\/#website\",\"url\":\"https:\/\/www.africa-press.net\/togo\/\",\"name\":\"Togo\",\"description\":\"Just another Africa News Agency Sites site\",\"potentialAction\":[{\"@type\":\"SearchAction\",\"target\":{\"@type\":\"EntryPoint\",\"urlTemplate\":\"https:\/\/www.africa-press.net\/togo\/?s={search_term_string}\"},\"query-input\":{\"@type\":\"PropertyValueSpecification\",\"valueRequired\":true,\"valueName\":\"search_term_string\"}}],\"inLanguage\":\"fr-FR\"},{\"@type\":\"Person\",\"@id\":\"https:\/\/www.africa-press.net\/togo\/#\/schema\/person\/2b1cf3cd81a31e3cd26889ca66d677f1\",\"name\":\"cfeditorfr\"}]}<\/script>\n<!-- \/ Yoast SEO Premium plugin. -->","yoast_head_json":{"title":"Togo- Affaire de 49 militaires d\u00e9tenus au Mali : Ouattara se moque-t-il de Faure Gnassingb\u00e9 ? - Togo","description":"Le Chef de l\u2019E\u0301tat togolais Faure Gnassingbe\u0301 a effectue\u0301 jeudi , 6 octobre dernier une visite \u00abd\u2019amitie\u0301 et de trava ...","robots":{"index":"index","follow":"follow","max-snippet":"max-snippet:-1","max-image-preview":"max-image-preview:large","max-video-preview":"max-video-preview:-1"},"canonical":"https:\/\/www.africa-press.net\/togo\/politique\/togo-affaire-de-49-militaires-detenus-au-mali-ouattara-se-moque-t-il-de-faure-gnassingbe","og_locale":"fr_FR","og_type":"article","og_title":"Togo- Affaire de 49 militaires d\u00e9tenus au Mali : Ouattara se moque-t-il de Faure Gnassingb\u00e9 ?","og_description":"Le Chef de l\u2019E\u0301tat togolais Faure Gnassingbe\u0301 a effectue\u0301 jeudi , 6 octobre dernier une visite \u00abd\u2019amitie\u0301 et de trava ...","og_url":"https:\/\/www.africa-press.net\/togo\/politique\/togo-affaire-de-49-militaires-detenus-au-mali-ouattara-se-moque-t-il-de-faure-gnassingbe","og_site_name":"Togo","article_published_time":"2022-10-14T17:11:08+00:00","article_modified_time":"2022-10-14T17:21:44+00:00","og_image":[{"width":1280,"height":814,"url":"https:\/\/static.africa-press.net\/togo\/sites\/58\/2022\/10\/postQueueImg_4-63499a8310e75.jpg","type":"image\/jpeg"}],"author":"cfeditorfr","twitter_card":"summary_large_image","twitter_misc":{"\u00c9crit par":"cfeditorfr","Dur\u00e9e de lecture estim\u00e9e":"4 minutes"},"schema":{"@context":"https:\/\/schema.org","@graph":[{"@type":"Article","@id":"https:\/\/www.africa-press.net\/togo\/politique\/togo-affaire-de-49-militaires-detenus-au-mali-ouattara-se-moque-t-il-de-faure-gnassingbe#article","isPartOf":{"@id":"https:\/\/www.africa-press.net\/togo\/politique\/togo-affaire-de-49-militaires-detenus-au-mali-ouattara-se-moque-t-il-de-faure-gnassingbe"},"author":{"name":"cfeditorfr","@id":"https:\/\/www.africa-press.net\/togo\/#\/schema\/person\/2b1cf3cd81a31e3cd26889ca66d677f1"},"headline":"Togo- Affaire de 49 militaires d\u00e9tenus au Mali : Ouattara se moque-t-il de Faure Gnassingb\u00e9 ?","datePublished":"2022-10-14T17:11:08+00:00","dateModified":"2022-10-14T17:21:44+00:00","mainEntityOfPage":{"@id":"https:\/\/www.africa-press.net\/togo\/politique\/togo-affaire-de-49-militaires-detenus-au-mali-ouattara-se-moque-t-il-de-faure-gnassingbe"},"wordCount":795,"commentCount":0,"image":{"@id":"https:\/\/www.africa-press.net\/togo\/politique\/togo-affaire-de-49-militaires-detenus-au-mali-ouattara-se-moque-t-il-de-faure-gnassingbe#primaryimage"},"thumbnailUrl":"https:\/\/static.africa-press.net\/togo\/sites\/58\/2022\/10\/postQueueImg_4-63499a8310e75.jpg","keywords":["Africa Press","Africa Press-Togo","Togo"],"articleSection":["Politique","Toutes les actualit\u00e9s"],"inLanguage":"fr-FR","potentialAction":[{"@type":"CommentAction","name":"Comment","target":["https:\/\/www.africa-press.net\/togo\/politique\/togo-affaire-de-49-militaires-detenus-au-mali-ouattara-se-moque-t-il-de-faure-gnassingbe#respond"]}]},{"@type":"WebPage","@id":"https:\/\/www.africa-press.net\/togo\/politique\/togo-affaire-de-49-militaires-detenus-au-mali-ouattara-se-moque-t-il-de-faure-gnassingbe","url":"https:\/\/www.africa-press.net\/togo\/politique\/togo-affaire-de-49-militaires-detenus-au-mali-ouattara-se-moque-t-il-de-faure-gnassingbe","name":"Togo- Affaire de 49 militaires d\u00e9tenus au Mali : Ouattara se moque-t-il de Faure Gnassingb\u00e9 ? - Togo","isPartOf":{"@id":"https:\/\/www.africa-press.net\/togo\/#website"},"primaryImageOfPage":{"@id":"https:\/\/www.africa-press.net\/togo\/politique\/togo-affaire-de-49-militaires-detenus-au-mali-ouattara-se-moque-t-il-de-faure-gnassingbe#primaryimage"},"image":{"@id":"https:\/\/www.africa-press.net\/togo\/politique\/togo-affaire-de-49-militaires-detenus-au-mali-ouattara-se-moque-t-il-de-faure-gnassingbe#primaryimage"},"thumbnailUrl":"https:\/\/static.africa-press.net\/togo\/sites\/58\/2022\/10\/postQueueImg_4-63499a8310e75.jpg","datePublished":"2022-10-14T17:11:08+00:00","dateModified":"2022-10-14T17:21:44+00:00","author":{"@id":"https:\/\/www.africa-press.net\/togo\/#\/schema\/person\/2b1cf3cd81a31e3cd26889ca66d677f1"},"description":"Le Chef de l\u2019E\u0301tat togolais Faure Gnassingbe\u0301 a effectue\u0301 jeudi , 6 octobre dernier une visite \u00abd\u2019amitie\u0301 et de trava ...","breadcrumb":{"@id":"https:\/\/www.africa-press.net\/togo\/politique\/togo-affaire-de-49-militaires-detenus-au-mali-ouattara-se-moque-t-il-de-faure-gnassingbe#breadcrumb"},"inLanguage":"fr-FR","potentialAction":[{"@type":"ReadAction","target":["https:\/\/www.africa-press.net\/togo\/politique\/togo-affaire-de-49-militaires-detenus-au-mali-ouattara-se-moque-t-il-de-faure-gnassingbe"]}]},{"@type":"ImageObject","inLanguage":"fr-FR","@id":"https:\/\/www.africa-press.net\/togo\/politique\/togo-affaire-de-49-militaires-detenus-au-mali-ouattara-se-moque-t-il-de-faure-gnassingbe#primaryimage","url":"https:\/\/static.africa-press.net\/togo\/sites\/58\/2022\/10\/postQueueImg_4-63499a8310e75.jpg","contentUrl":"https:\/\/static.africa-press.net\/togo\/sites\/58\/2022\/10\/postQueueImg_4-63499a8310e75.jpg","width":1280,"height":814,"caption":"Togo- Affaire de 49 militaires d\u00e9tenus au Mali : Ouattara se moque-t-il de Faure Gnassingb\u00e9 ?"},{"@type":"BreadcrumbList","@id":"https:\/\/www.africa-press.net\/togo\/politique\/togo-affaire-de-49-militaires-detenus-au-mali-ouattara-se-moque-t-il-de-faure-gnassingbe#breadcrumb","itemListElement":[{"@type":"ListItem","position":1,"name":"Accueil","item":"https:\/\/www.africa-press.net\/togo\/"},{"@type":"ListItem","position":2,"name":"Togo- Affaire de 49 militaires d\u00e9tenus au Mali : Ouattara se moque-t-il de Faure Gnassingb\u00e9 ?"}]},{"@type":"WebSite","@id":"https:\/\/www.africa-press.net\/togo\/#website","url":"https:\/\/www.africa-press.net\/togo\/","name":"Togo","description":"Just another Africa News Agency Sites site","potentialAction":[{"@type":"SearchAction","target":{"@type":"EntryPoint","urlTemplate":"https:\/\/www.africa-press.net\/togo\/?s={search_term_string}"},"query-input":{"@type":"PropertyValueSpecification","valueRequired":true,"valueName":"search_term_string"}}],"inLanguage":"fr-FR"},{"@type":"Person","@id":"https:\/\/www.africa-press.net\/togo\/#\/schema\/person\/2b1cf3cd81a31e3cd26889ca66d677f1","name":"cfeditorfr"}]}},"_links":{"self":[{"href":"https:\/\/www.africa-press.net\/togo\/wp-json\/wp\/v2\/posts\/12397","targetHints":{"allow":["GET"]}}],"collection":[{"href":"https:\/\/www.africa-press.net\/togo\/wp-json\/wp\/v2\/posts"}],"about":[{"href":"https:\/\/www.africa-press.net\/togo\/wp-json\/wp\/v2\/types\/post"}],"author":[{"embeddable":true,"href":"https:\/\/www.africa-press.net\/togo\/wp-json\/wp\/v2\/users\/82"}],"replies":[{"embeddable":true,"href":"https:\/\/www.africa-press.net\/togo\/wp-json\/wp\/v2\/comments?post=12397"}],"version-history":[{"count":0,"href":"https:\/\/www.africa-press.net\/togo\/wp-json\/wp\/v2\/posts\/12397\/revisions"}],"wp:featuredmedia":[{"embeddable":true,"href":"https:\/\/www.africa-press.net\/togo\/wp-json\/wp\/v2\/media\/12396"}],"wp:attachment":[{"href":"https:\/\/www.africa-press.net\/togo\/wp-json\/wp\/v2\/media?parent=12397"}],"wp:term":[{"taxonomy":"category","embeddable":true,"href":"https:\/\/www.africa-press.net\/togo\/wp-json\/wp\/v2\/categories?post=12397"},{"taxonomy":"post_tag","embeddable":true,"href":"https:\/\/www.africa-press.net\/togo\/wp-json\/wp\/v2\/tags?post=12397"}],"curies":[{"name":"wp","href":"https:\/\/api.w.org\/{rel}","templated":true}]}}