{"id":12405,"date":"2022-10-14T17:11:37","date_gmt":"2022-10-14T17:11:37","guid":{"rendered":"https:\/\/www.africa-press.net\/togo\/politique\/rdc-les-delicates-missions-confiees-au-nouveau-chef-detat-major-general"},"modified":"2022-10-14T17:22:45","modified_gmt":"2022-10-14T17:22:45","slug":"rdc-les-delicates-missions-confiees-au-nouveau-chef-detat-major-general","status":"publish","type":"post","link":"https:\/\/www.africa-press.net\/togo\/politique\/rdc-les-delicates-missions-confiees-au-nouveau-chef-detat-major-general","title":{"rendered":"RDC : Les d\u00e9licates missions confi\u00e9es au nouveau chef d\u2019\u00e9tat-major g\u00e9n\u00e9ral"},"content":{"rendered":"<p><span style=\"color: #ff6600\"><strong>Africa-Press &#8211; Togo. <\/strong><\/span>C\u2019est en pre\u0301sence de Fe\u0301lix Tshisekedi, le pre\u0301sident de la Re\u0301publique de\u0301mocratique du Congo (RDC), que le lieutenant-ge\u0301ne\u0301ral Christian Tshiwewe a pris fonction en tant que le nouveau chef d\u2019e\u0301tat-major ge\u0301ne\u0301ral des forces arme\u0301es.<\/p>\n<p>Le lieutenant-ge\u0301ne\u0301ral Christian Tshiwewe est le nouveau patron des forces arme\u0301es de la RDc(FARDC). Il remplace a\u0300 ce poste le ge\u0301ne\u0301ral Ce\u0301lestin Mbala lors d\u2019une ce\u0301re\u0301monie officielle organise\u0301e ce jeudi 13 octobre 2022.<\/p>\n<p>Le nouveau chef d\u2019e\u0301tat-major ge\u0301ne\u0301ral des FARDC est nomme\u0301 a\u0300 un moment le pays traverse une pe\u0301riode complique\u0301e.<\/p>\n<p>Sa mission, s\u2019employer avec ses troupes pour re\u0301cupe\u0301rer la ville de Nunagana aux mains des rebelles M23 avec le soutien du Rwanda, si l\u2019on en croit une re\u0301cente publication de l\u2019Organisation des nations unies (ONU).<\/p>\n<p>C\u2019est donc qu\u2019il revient, selon rfi, de \u00ab coordonner l\u2019arrive\u0301e prochaine dans l\u2019Est congolais des arme\u0301es de six pays membres de la Communaute\u0301 des E\u0301tats de l\u2019Afrique de l\u2019Est \u00bb. Sans oublier qu\u2019il doit trouver la bonne formule pour re\u0301former l\u2019arme\u0301e, et insuffler du sang nouveau dans certaines chai\u0302nes de commandement.<\/p>\n<p>Dans la nouvelle dynamique, il est vote\u0301 une loi de programme militaire 2022-2025 dont l\u2019objectif est de faire de la FARDC une arme\u0301e puissante, capable de de\u0301fendre le territoire national.<\/p>\n<p><strong>Pour plus d&rsquo;informations et d&rsquo;analyses sur la <a href=\"https:\/\/www.africa-press.net\/togo\">Togo<\/a>, suivez <a href=\"https:\/\/www.africa-press.net\/\">Africa-Press<\/a><\/strong><\/p>\n","protected":false},"excerpt":{"rendered":"<p>Africa-Press &#8211; Togo. C\u2019est en pre\u0301sence de Fe\u0301lix Tshisekedi, le pre\u0301sident de la Re\u0301publique de\u0301mocratique du Congo (RDC), que le lieutenant-ge\u0301ne\u0301ral Christian Tshiwewe a pris fonction en tant que le nouveau chef d\u2019e\u0301tat-major ge\u0301ne\u0301ral des forces arme\u0301es. Le lieutenant-ge\u0301ne\u0301ral Christian Tshiwewe est le nouveau patron des forces arme\u0301es de la RDc(FARDC). Il remplace a\u0300 ce [&hellip;]<\/p>\n","protected":false},"author":82,"featured_media":12402,"comment_status":"open","ping_status":"closed","sticky":false,"template":"","format":"standard","meta":{"footnotes":""},"categories":[2,10],"tags":[36,49,50],"class_list":["post-12405","post","type-post","status-publish","format-standard","has-post-thumbnail","hentry","category-politique","category-toutes-les-actualites","tag-africa-press","tag-africa-press-togo","tag-togo"],"yoast_head":"<!-- This site is optimized with the Yoast SEO Premium plugin v26.1 (Yoast SEO v27.0) - https:\/\/yoast.com\/product\/yoast-seo-premium-wordpress\/ -->\n<title>RDC : Les d\u00e9licates missions confi\u00e9es au nouveau chef d\u2019\u00e9tat-major g\u00e9n\u00e9ral - Togo<\/title>\n<meta name=\"description\" content=\"C\u2019est en pre\u0301sence de Fe\u0301lix Tshisekedi, le pre\u0301sident de la Re\u0301publique de\u0301mocratique du Congo (RDC), que le lieutenant ...\" \/>\n<meta name=\"robots\" content=\"index, follow, max-snippet:-1, max-image-preview:large, max-video-preview:-1\" \/>\n<link rel=\"canonical\" href=\"https:\/\/www.africa-press.net\/togo\/politique\/rdc-les-delicates-missions-confiees-au-nouveau-chef-detat-major-general\" \/>\n<meta property=\"og:locale\" content=\"fr_FR\" \/>\n<meta property=\"og:type\" content=\"article\" \/>\n<meta property=\"og:title\" content=\"RDC : Les d\u00e9licates missions confi\u00e9es au nouveau chef d\u2019\u00e9tat-major g\u00e9n\u00e9ral\" \/>\n<meta property=\"og:description\" content=\"C\u2019est en pre\u0301sence de Fe\u0301lix Tshisekedi, le pre\u0301sident de la Re\u0301publique de\u0301mocratique du Congo (RDC), que le lieutenant ...\" \/>\n<meta property=\"og:url\" content=\"https:\/\/www.africa-press.net\/togo\/politique\/rdc-les-delicates-missions-confiees-au-nouveau-chef-detat-major-general\" \/>\n<meta property=\"og:site_name\" content=\"Togo\" \/>\n<meta property=\"article:published_time\" content=\"2022-10-14T17:11:37+00:00\" \/>\n<meta property=\"article:modified_time\" content=\"2022-10-14T17:22:45+00:00\" \/>\n<meta property=\"og:image\" content=\"https:\/\/static.africa-press.net\/togo\/sites\/58\/2022\/10\/postQueueImg_6-63499acc6d032.jpg\" \/>\n\t<meta property=\"og:image:width\" content=\"1280\" \/>\n\t<meta property=\"og:image:height\" content=\"800\" \/>\n\t<meta property=\"og:image:type\" content=\"image\/jpeg\" \/>\n<meta name=\"author\" content=\"cfeditorfr\" \/>\n<meta name=\"twitter:card\" content=\"summary_large_image\" \/>\n<meta name=\"twitter:label1\" content=\"\u00c9crit par\" \/>\n\t<meta name=\"twitter:data1\" content=\"cfeditorfr\" \/>\n\t<meta name=\"twitter:label2\" content=\"Dur\u00e9e de lecture estim\u00e9e\" \/>\n\t<meta name=\"twitter:data2\" content=\"2 minutes\" \/>\n<script type=\"application\/ld+json\" class=\"yoast-schema-graph\">{\"@context\":\"https:\/\/schema.org\",\"@graph\":[{\"@type\":\"Article\",\"@id\":\"https:\/\/www.africa-press.net\/togo\/politique\/rdc-les-delicates-missions-confiees-au-nouveau-chef-detat-major-general#article\",\"isPartOf\":{\"@id\":\"https:\/\/www.africa-press.net\/togo\/politique\/rdc-les-delicates-missions-confiees-au-nouveau-chef-detat-major-general\"},\"author\":{\"name\":\"cfeditorfr\",\"@id\":\"https:\/\/www.africa-press.net\/togo\/#\/schema\/person\/2b1cf3cd81a31e3cd26889ca66d677f1\"},\"headline\":\"RDC : Les d\u00e9licates missions confi\u00e9es au nouveau chef d\u2019\u00e9tat-major g\u00e9n\u00e9ral\",\"datePublished\":\"2022-10-14T17:11:37+00:00\",\"dateModified\":\"2022-10-14T17:22:45+00:00\",\"mainEntityOfPage\":{\"@id\":\"https:\/\/www.africa-press.net\/togo\/politique\/rdc-les-delicates-missions-confiees-au-nouveau-chef-detat-major-general\"},\"wordCount\":280,\"commentCount\":0,\"image\":{\"@id\":\"https:\/\/www.africa-press.net\/togo\/politique\/rdc-les-delicates-missions-confiees-au-nouveau-chef-detat-major-general#primaryimage\"},\"thumbnailUrl\":\"https:\/\/static.africa-press.net\/togo\/sites\/58\/2022\/10\/postQueueImg_6-63499acc6d032.jpg\",\"keywords\":[\"Africa Press\",\"Africa Press-Togo\",\"Togo\"],\"articleSection\":[\"Politique\",\"Toutes les actualit\u00e9s\"],\"inLanguage\":\"fr-FR\",\"potentialAction\":[{\"@type\":\"CommentAction\",\"name\":\"Comment\",\"target\":[\"https:\/\/www.africa-press.net\/togo\/politique\/rdc-les-delicates-missions-confiees-au-nouveau-chef-detat-major-general#respond\"]}]},{\"@type\":\"WebPage\",\"@id\":\"https:\/\/www.africa-press.net\/togo\/politique\/rdc-les-delicates-missions-confiees-au-nouveau-chef-detat-major-general\",\"url\":\"https:\/\/www.africa-press.net\/togo\/politique\/rdc-les-delicates-missions-confiees-au-nouveau-chef-detat-major-general\",\"name\":\"RDC : Les d\u00e9licates missions confi\u00e9es au nouveau chef d\u2019\u00e9tat-major g\u00e9n\u00e9ral - Togo\",\"isPartOf\":{\"@id\":\"https:\/\/www.africa-press.net\/togo\/#website\"},\"primaryImageOfPage\":{\"@id\":\"https:\/\/www.africa-press.net\/togo\/politique\/rdc-les-delicates-missions-confiees-au-nouveau-chef-detat-major-general#primaryimage\"},\"image\":{\"@id\":\"https:\/\/www.africa-press.net\/togo\/politique\/rdc-les-delicates-missions-confiees-au-nouveau-chef-detat-major-general#primaryimage\"},\"thumbnailUrl\":\"https:\/\/static.africa-press.net\/togo\/sites\/58\/2022\/10\/postQueueImg_6-63499acc6d032.jpg\",\"datePublished\":\"2022-10-14T17:11:37+00:00\",\"dateModified\":\"2022-10-14T17:22:45+00:00\",\"author\":{\"@id\":\"https:\/\/www.africa-press.net\/togo\/#\/schema\/person\/2b1cf3cd81a31e3cd26889ca66d677f1\"},\"description\":\"C\u2019est en pre\u0301sence de Fe\u0301lix Tshisekedi, le pre\u0301sident de la Re\u0301publique de\u0301mocratique du Congo (RDC), que le lieutenant ...\",\"breadcrumb\":{\"@id\":\"https:\/\/www.africa-press.net\/togo\/politique\/rdc-les-delicates-missions-confiees-au-nouveau-chef-detat-major-general#breadcrumb\"},\"inLanguage\":\"fr-FR\",\"potentialAction\":[{\"@type\":\"ReadAction\",\"target\":[\"https:\/\/www.africa-press.net\/togo\/politique\/rdc-les-delicates-missions-confiees-au-nouveau-chef-detat-major-general\"]}]},{\"@type\":\"ImageObject\",\"inLanguage\":\"fr-FR\",\"@id\":\"https:\/\/www.africa-press.net\/togo\/politique\/rdc-les-delicates-missions-confiees-au-nouveau-chef-detat-major-general#primaryimage\",\"url\":\"https:\/\/static.africa-press.net\/togo\/sites\/58\/2022\/10\/postQueueImg_6-63499acc6d032.jpg\",\"contentUrl\":\"https:\/\/static.africa-press.net\/togo\/sites\/58\/2022\/10\/postQueueImg_6-63499acc6d032.jpg\",\"width\":1280,\"height\":800,\"caption\":\"RDC : Les d\u00e9licates missions confi\u00e9es au nouveau chef d\u2019\u00e9tat-major g\u00e9n\u00e9ral\"},{\"@type\":\"BreadcrumbList\",\"@id\":\"https:\/\/www.africa-press.net\/togo\/politique\/rdc-les-delicates-missions-confiees-au-nouveau-chef-detat-major-general#breadcrumb\",\"itemListElement\":[{\"@type\":\"ListItem\",\"position\":1,\"name\":\"Accueil\",\"item\":\"https:\/\/www.africa-press.net\/togo\/\"},{\"@type\":\"ListItem\",\"position\":2,\"name\":\"RDC : Les d\u00e9licates missions confi\u00e9es au nouveau chef d\u2019\u00e9tat-major g\u00e9n\u00e9ral\"}]},{\"@type\":\"WebSite\",\"@id\":\"https:\/\/www.africa-press.net\/togo\/#website\",\"url\":\"https:\/\/www.africa-press.net\/togo\/\",\"name\":\"Togo\",\"description\":\"Just another Africa News Agency Sites site\",\"potentialAction\":[{\"@type\":\"SearchAction\",\"target\":{\"@type\":\"EntryPoint\",\"urlTemplate\":\"https:\/\/www.africa-press.net\/togo\/?s={search_term_string}\"},\"query-input\":{\"@type\":\"PropertyValueSpecification\",\"valueRequired\":true,\"valueName\":\"search_term_string\"}}],\"inLanguage\":\"fr-FR\"},{\"@type\":\"Person\",\"@id\":\"https:\/\/www.africa-press.net\/togo\/#\/schema\/person\/2b1cf3cd81a31e3cd26889ca66d677f1\",\"name\":\"cfeditorfr\"}]}<\/script>\n<!-- \/ Yoast SEO Premium plugin. -->","yoast_head_json":{"title":"RDC : Les d\u00e9licates missions confi\u00e9es au nouveau chef d\u2019\u00e9tat-major g\u00e9n\u00e9ral - Togo","description":"C\u2019est en pre\u0301sence de Fe\u0301lix Tshisekedi, le pre\u0301sident de la Re\u0301publique de\u0301mocratique du Congo (RDC), que le lieutenant ...","robots":{"index":"index","follow":"follow","max-snippet":"max-snippet:-1","max-image-preview":"max-image-preview:large","max-video-preview":"max-video-preview:-1"},"canonical":"https:\/\/www.africa-press.net\/togo\/politique\/rdc-les-delicates-missions-confiees-au-nouveau-chef-detat-major-general","og_locale":"fr_FR","og_type":"article","og_title":"RDC : Les d\u00e9licates missions confi\u00e9es au nouveau chef d\u2019\u00e9tat-major g\u00e9n\u00e9ral","og_description":"C\u2019est en pre\u0301sence de Fe\u0301lix Tshisekedi, le pre\u0301sident de la Re\u0301publique de\u0301mocratique du Congo (RDC), que le lieutenant ...","og_url":"https:\/\/www.africa-press.net\/togo\/politique\/rdc-les-delicates-missions-confiees-au-nouveau-chef-detat-major-general","og_site_name":"Togo","article_published_time":"2022-10-14T17:11:37+00:00","article_modified_time":"2022-10-14T17:22:45+00:00","og_image":[{"width":1280,"height":800,"url":"https:\/\/static.africa-press.net\/togo\/sites\/58\/2022\/10\/postQueueImg_6-63499acc6d032.jpg","type":"image\/jpeg"}],"author":"cfeditorfr","twitter_card":"summary_large_image","twitter_misc":{"\u00c9crit par":"cfeditorfr","Dur\u00e9e de lecture estim\u00e9e":"2 minutes"},"schema":{"@context":"https:\/\/schema.org","@graph":[{"@type":"Article","@id":"https:\/\/www.africa-press.net\/togo\/politique\/rdc-les-delicates-missions-confiees-au-nouveau-chef-detat-major-general#article","isPartOf":{"@id":"https:\/\/www.africa-press.net\/togo\/politique\/rdc-les-delicates-missions-confiees-au-nouveau-chef-detat-major-general"},"author":{"name":"cfeditorfr","@id":"https:\/\/www.africa-press.net\/togo\/#\/schema\/person\/2b1cf3cd81a31e3cd26889ca66d677f1"},"headline":"RDC : Les d\u00e9licates missions confi\u00e9es au nouveau chef d\u2019\u00e9tat-major g\u00e9n\u00e9ral","datePublished":"2022-10-14T17:11:37+00:00","dateModified":"2022-10-14T17:22:45+00:00","mainEntityOfPage":{"@id":"https:\/\/www.africa-press.net\/togo\/politique\/rdc-les-delicates-missions-confiees-au-nouveau-chef-detat-major-general"},"wordCount":280,"commentCount":0,"image":{"@id":"https:\/\/www.africa-press.net\/togo\/politique\/rdc-les-delicates-missions-confiees-au-nouveau-chef-detat-major-general#primaryimage"},"thumbnailUrl":"https:\/\/static.africa-press.net\/togo\/sites\/58\/2022\/10\/postQueueImg_6-63499acc6d032.jpg","keywords":["Africa Press","Africa Press-Togo","Togo"],"articleSection":["Politique","Toutes les actualit\u00e9s"],"inLanguage":"fr-FR","potentialAction":[{"@type":"CommentAction","name":"Comment","target":["https:\/\/www.africa-press.net\/togo\/politique\/rdc-les-delicates-missions-confiees-au-nouveau-chef-detat-major-general#respond"]}]},{"@type":"WebPage","@id":"https:\/\/www.africa-press.net\/togo\/politique\/rdc-les-delicates-missions-confiees-au-nouveau-chef-detat-major-general","url":"https:\/\/www.africa-press.net\/togo\/politique\/rdc-les-delicates-missions-confiees-au-nouveau-chef-detat-major-general","name":"RDC : Les d\u00e9licates missions confi\u00e9es au nouveau chef d\u2019\u00e9tat-major g\u00e9n\u00e9ral - Togo","isPartOf":{"@id":"https:\/\/www.africa-press.net\/togo\/#website"},"primaryImageOfPage":{"@id":"https:\/\/www.africa-press.net\/togo\/politique\/rdc-les-delicates-missions-confiees-au-nouveau-chef-detat-major-general#primaryimage"},"image":{"@id":"https:\/\/www.africa-press.net\/togo\/politique\/rdc-les-delicates-missions-confiees-au-nouveau-chef-detat-major-general#primaryimage"},"thumbnailUrl":"https:\/\/static.africa-press.net\/togo\/sites\/58\/2022\/10\/postQueueImg_6-63499acc6d032.jpg","datePublished":"2022-10-14T17:11:37+00:00","dateModified":"2022-10-14T17:22:45+00:00","author":{"@id":"https:\/\/www.africa-press.net\/togo\/#\/schema\/person\/2b1cf3cd81a31e3cd26889ca66d677f1"},"description":"C\u2019est en pre\u0301sence de Fe\u0301lix Tshisekedi, le pre\u0301sident de la Re\u0301publique de\u0301mocratique du Congo (RDC), que le lieutenant ...","breadcrumb":{"@id":"https:\/\/www.africa-press.net\/togo\/politique\/rdc-les-delicates-missions-confiees-au-nouveau-chef-detat-major-general#breadcrumb"},"inLanguage":"fr-FR","potentialAction":[{"@type":"ReadAction","target":["https:\/\/www.africa-press.net\/togo\/politique\/rdc-les-delicates-missions-confiees-au-nouveau-chef-detat-major-general"]}]},{"@type":"ImageObject","inLanguage":"fr-FR","@id":"https:\/\/www.africa-press.net\/togo\/politique\/rdc-les-delicates-missions-confiees-au-nouveau-chef-detat-major-general#primaryimage","url":"https:\/\/static.africa-press.net\/togo\/sites\/58\/2022\/10\/postQueueImg_6-63499acc6d032.jpg","contentUrl":"https:\/\/static.africa-press.net\/togo\/sites\/58\/2022\/10\/postQueueImg_6-63499acc6d032.jpg","width":1280,"height":800,"caption":"RDC : Les d\u00e9licates missions confi\u00e9es au nouveau chef d\u2019\u00e9tat-major g\u00e9n\u00e9ral"},{"@type":"BreadcrumbList","@id":"https:\/\/www.africa-press.net\/togo\/politique\/rdc-les-delicates-missions-confiees-au-nouveau-chef-detat-major-general#breadcrumb","itemListElement":[{"@type":"ListItem","position":1,"name":"Accueil","item":"https:\/\/www.africa-press.net\/togo\/"},{"@type":"ListItem","position":2,"name":"RDC : Les d\u00e9licates missions confi\u00e9es au nouveau chef d\u2019\u00e9tat-major g\u00e9n\u00e9ral"}]},{"@type":"WebSite","@id":"https:\/\/www.africa-press.net\/togo\/#website","url":"https:\/\/www.africa-press.net\/togo\/","name":"Togo","description":"Just another Africa News Agency Sites site","potentialAction":[{"@type":"SearchAction","target":{"@type":"EntryPoint","urlTemplate":"https:\/\/www.africa-press.net\/togo\/?s={search_term_string}"},"query-input":{"@type":"PropertyValueSpecification","valueRequired":true,"valueName":"search_term_string"}}],"inLanguage":"fr-FR"},{"@type":"Person","@id":"https:\/\/www.africa-press.net\/togo\/#\/schema\/person\/2b1cf3cd81a31e3cd26889ca66d677f1","name":"cfeditorfr"}]}},"_links":{"self":[{"href":"https:\/\/www.africa-press.net\/togo\/wp-json\/wp\/v2\/posts\/12405","targetHints":{"allow":["GET"]}}],"collection":[{"href":"https:\/\/www.africa-press.net\/togo\/wp-json\/wp\/v2\/posts"}],"about":[{"href":"https:\/\/www.africa-press.net\/togo\/wp-json\/wp\/v2\/types\/post"}],"author":[{"embeddable":true,"href":"https:\/\/www.africa-press.net\/togo\/wp-json\/wp\/v2\/users\/82"}],"replies":[{"embeddable":true,"href":"https:\/\/www.africa-press.net\/togo\/wp-json\/wp\/v2\/comments?post=12405"}],"version-history":[{"count":0,"href":"https:\/\/www.africa-press.net\/togo\/wp-json\/wp\/v2\/posts\/12405\/revisions"}],"wp:featuredmedia":[{"embeddable":true,"href":"https:\/\/www.africa-press.net\/togo\/wp-json\/wp\/v2\/media\/12402"}],"wp:attachment":[{"href":"https:\/\/www.africa-press.net\/togo\/wp-json\/wp\/v2\/media?parent=12405"}],"wp:term":[{"taxonomy":"category","embeddable":true,"href":"https:\/\/www.africa-press.net\/togo\/wp-json\/wp\/v2\/categories?post=12405"},{"taxonomy":"post_tag","embeddable":true,"href":"https:\/\/www.africa-press.net\/togo\/wp-json\/wp\/v2\/tags?post=12405"}],"curies":[{"name":"wp","href":"https:\/\/api.w.org\/{rel}","templated":true}]}}