{"id":12409,"date":"2022-10-14T17:12:01","date_gmt":"2022-10-14T17:12:01","guid":{"rendered":"https:\/\/www.africa-press.net\/togo\/politique\/elim-can-u23-2e-tour-une-liste-de-26-eperviers-espoirs-convoques"},"modified":"2022-10-14T17:23:11","modified_gmt":"2022-10-14T17:23:11","slug":"elim-can-u23-2e-tour-une-liste-de-26-eperviers-espoirs-convoques","status":"publish","type":"post","link":"https:\/\/www.africa-press.net\/togo\/sports\/elim-can-u23-2e-tour-une-liste-de-26-eperviers-espoirs-convoques","title":{"rendered":"\u00c9lim CAN U23\/2e Tour : Une liste de 26 \u00c9perviers espoirs convoqu\u00e9s"},"content":{"rendered":"<p><span style=\"color: #ff6600\"><strong>Africa-Press &#8211; Togo. <\/strong><\/span><b>Le se\u0301lectionneur national des E\u0301perviers U23, Afizou Traore\u0301, a rendu public ce vendredi une liste de 26 joueurs convoque\u0301s pour la double confrontation face a\u0300 l\u2019Afrique du Sud. C\u2019est dans le cadre du 2e tour des e\u0301liminatoires de la CAN U23.<\/b><\/p>\n<p>D\u2019abord le 23 octobre 2022, le Togo sera l\u2019ho\u0302te de l\u2019Afrique du Sud. Les deux formations s\u2019affrontent au stade de Ke\u0301gue\u0301. Ensuite, les E\u0301perviers U23 se rendront a\u0300 Johannesburg, le 30 octobre, pour le match retour.<\/p>\n<p><b>Liste officielle du se\u0301lectionneur Afizou Traore\u0301<\/b><br \/>\n<b>Gardiens : <\/b>GBADEGBE Bola Baminie (Tambo FC, Togo) ; OURO-NIMINI Abdoul Latifou (Unisport, Togo) ; Baboni Ibrahim (CSKA, Tadjikistan)<\/p>\n<p><b>De\u0301fenseurs : <\/b>Dotse Mathieu (DYTO, Togo) ; OURO Wetchire Aboudou-Moutalebi (ASCK Togo) ; AYIVI Bernardin (AS OTR, Togo) ; DRAKPE Augustin (Sparta Rotterdam, Hollande) ; KATAWIRI Moubarak (Unisport, Togo) ; BOMA Kevin (Rodez, France) ; IDRISSOU Hadi (Dyto, Togo), Sama Halimou (ASKO, Togo).<\/p>\n<p><b>Milieux de terrain : <\/b>Karime Dermane (Feyenoord Rotterdam) ; ABALO Denis (ASCK, Togo) ; AGBEMEFA Martin (Sara FC, Togo) ; TCHAKEI Moucheri (ASKO Togo) ; ADJAKLY Tom (Sochaux, France) ; Hounze Abdoulaye (Tambo FC, Togo).<\/p>\n<p><b>Attaquants : <\/b>Aguidi Anani Roland (Tambo FC, Togo) ; Hallah Messan (ASKO, TOGO) ; AVOTOR Kokou Bruno (ASKO, Togo) ; Kouyara Robert (ASKO) ; LABA Ke\u0301vin (AS Binah, Togo) ; Doke\u0301 Josue\u0301 (Plane\u0300te foot, Togo).<\/p>\n<p><strong>Pour plus d&rsquo;informations et d&rsquo;analyses sur la <a href=\"https:\/\/www.africa-press.net\/togo\">Togo<\/a>, suivez <a href=\"https:\/\/www.africa-press.net\/\">Africa-Press<\/a><\/strong><\/p>\n","protected":false},"excerpt":{"rendered":"<p>Africa-Press &#8211; Togo. Le se\u0301lectionneur national des E\u0301perviers U23, Afizou Traore\u0301, a rendu public ce vendredi une liste de 26 joueurs convoque\u0301s pour la double confrontation face a\u0300 l\u2019Afrique du Sud. C\u2019est dans le cadre du 2e tour des e\u0301liminatoires de la CAN U23. D\u2019abord le 23 octobre 2022, le Togo sera l\u2019ho\u0302te de l\u2019Afrique [&hellip;]<\/p>\n","protected":false},"author":82,"featured_media":12408,"comment_status":"open","ping_status":"closed","sticky":false,"template":"","format":"standard","meta":{"footnotes":""},"categories":[6,10],"tags":[36,49,50],"class_list":["post-12409","post","type-post","status-publish","format-standard","has-post-thumbnail","hentry","category-sports","category-toutes-les-actualites","tag-africa-press","tag-africa-press-togo","tag-togo"],"yoast_head":"<!-- This site is optimized with the Yoast SEO Premium plugin v26.1 (Yoast SEO v27.0) - https:\/\/yoast.com\/product\/yoast-seo-premium-wordpress\/ -->\n<title>\u00c9lim CAN U23\/2e Tour : Une liste de 26 \u00c9perviers espoirs convoqu\u00e9s - Togo<\/title>\n<meta name=\"description\" content=\"Le se\u0301lectionneur national des E\u0301perviers U23, Afizou Traore\u0301, a rendu public ce vendredi une liste de 26 joueurs con ...\" \/>\n<meta name=\"robots\" content=\"index, follow, max-snippet:-1, max-image-preview:large, max-video-preview:-1\" \/>\n<link rel=\"canonical\" href=\"https:\/\/www.africa-press.net\/togo\/sports\/elim-can-u23-2e-tour-une-liste-de-26-eperviers-espoirs-convoques\" \/>\n<meta property=\"og:locale\" content=\"fr_FR\" \/>\n<meta property=\"og:type\" content=\"article\" \/>\n<meta property=\"og:title\" content=\"\u00c9lim CAN U23\/2e Tour : Une liste de 26 \u00c9perviers espoirs convoqu\u00e9s\" \/>\n<meta property=\"og:description\" content=\"Le se\u0301lectionneur national des E\u0301perviers U23, Afizou Traore\u0301, a rendu public ce vendredi une liste de 26 joueurs con ...\" \/>\n<meta property=\"og:url\" content=\"https:\/\/www.africa-press.net\/togo\/sports\/elim-can-u23-2e-tour-une-liste-de-26-eperviers-espoirs-convoques\" \/>\n<meta property=\"og:site_name\" content=\"Togo\" \/>\n<meta property=\"article:published_time\" content=\"2022-10-14T17:12:01+00:00\" \/>\n<meta property=\"article:modified_time\" content=\"2022-10-14T17:23:11+00:00\" \/>\n<meta property=\"og:image\" content=\"https:\/\/static.africa-press.net\/togo\/sites\/58\/2022\/10\/postQueueImg_7-63499aea80123.jpg\" \/>\n\t<meta property=\"og:image:width\" content=\"720\" \/>\n\t<meta property=\"og:image:height\" content=\"404\" \/>\n\t<meta property=\"og:image:type\" content=\"image\/jpeg\" \/>\n<meta name=\"author\" content=\"cfeditorfr\" \/>\n<meta name=\"twitter:card\" content=\"summary_large_image\" \/>\n<meta name=\"twitter:label1\" content=\"\u00c9crit par\" \/>\n\t<meta name=\"twitter:data1\" content=\"cfeditorfr\" \/>\n\t<meta name=\"twitter:label2\" content=\"Dur\u00e9e de lecture estim\u00e9e\" \/>\n\t<meta name=\"twitter:data2\" content=\"2 minutes\" \/>\n<script type=\"application\/ld+json\" class=\"yoast-schema-graph\">{\"@context\":\"https:\/\/schema.org\",\"@graph\":[{\"@type\":\"Article\",\"@id\":\"https:\/\/www.africa-press.net\/togo\/sports\/elim-can-u23-2e-tour-une-liste-de-26-eperviers-espoirs-convoques#article\",\"isPartOf\":{\"@id\":\"https:\/\/www.africa-press.net\/togo\/sports\/elim-can-u23-2e-tour-une-liste-de-26-eperviers-espoirs-convoques\"},\"author\":{\"name\":\"cfeditorfr\",\"@id\":\"https:\/\/www.africa-press.net\/togo\/#\/schema\/person\/2b1cf3cd81a31e3cd26889ca66d677f1\"},\"headline\":\"\u00c9lim CAN U23\/2e Tour : Une liste de 26 \u00c9perviers espoirs convoqu\u00e9s\",\"datePublished\":\"2022-10-14T17:12:01+00:00\",\"dateModified\":\"2022-10-14T17:23:11+00:00\",\"mainEntityOfPage\":{\"@id\":\"https:\/\/www.africa-press.net\/togo\/sports\/elim-can-u23-2e-tour-une-liste-de-26-eperviers-espoirs-convoques\"},\"wordCount\":233,\"commentCount\":0,\"image\":{\"@id\":\"https:\/\/www.africa-press.net\/togo\/sports\/elim-can-u23-2e-tour-une-liste-de-26-eperviers-espoirs-convoques#primaryimage\"},\"thumbnailUrl\":\"https:\/\/static.africa-press.net\/togo\/sites\/58\/2022\/10\/postQueueImg_7-63499aea80123.jpg\",\"keywords\":[\"Africa Press\",\"Africa Press-Togo\",\"Togo\"],\"articleSection\":[\"Sports\",\"Toutes les actualit\u00e9s\"],\"inLanguage\":\"fr-FR\",\"potentialAction\":[{\"@type\":\"CommentAction\",\"name\":\"Comment\",\"target\":[\"https:\/\/www.africa-press.net\/togo\/sports\/elim-can-u23-2e-tour-une-liste-de-26-eperviers-espoirs-convoques#respond\"]}]},{\"@type\":\"WebPage\",\"@id\":\"https:\/\/www.africa-press.net\/togo\/sports\/elim-can-u23-2e-tour-une-liste-de-26-eperviers-espoirs-convoques\",\"url\":\"https:\/\/www.africa-press.net\/togo\/sports\/elim-can-u23-2e-tour-une-liste-de-26-eperviers-espoirs-convoques\",\"name\":\"\u00c9lim CAN U23\/2e Tour : Une liste de 26 \u00c9perviers espoirs convoqu\u00e9s - Togo\",\"isPartOf\":{\"@id\":\"https:\/\/www.africa-press.net\/togo\/#website\"},\"primaryImageOfPage\":{\"@id\":\"https:\/\/www.africa-press.net\/togo\/sports\/elim-can-u23-2e-tour-une-liste-de-26-eperviers-espoirs-convoques#primaryimage\"},\"image\":{\"@id\":\"https:\/\/www.africa-press.net\/togo\/sports\/elim-can-u23-2e-tour-une-liste-de-26-eperviers-espoirs-convoques#primaryimage\"},\"thumbnailUrl\":\"https:\/\/static.africa-press.net\/togo\/sites\/58\/2022\/10\/postQueueImg_7-63499aea80123.jpg\",\"datePublished\":\"2022-10-14T17:12:01+00:00\",\"dateModified\":\"2022-10-14T17:23:11+00:00\",\"author\":{\"@id\":\"https:\/\/www.africa-press.net\/togo\/#\/schema\/person\/2b1cf3cd81a31e3cd26889ca66d677f1\"},\"description\":\"Le se\u0301lectionneur national des E\u0301perviers U23, Afizou Traore\u0301, a rendu public ce vendredi une liste de 26 joueurs con ...\",\"breadcrumb\":{\"@id\":\"https:\/\/www.africa-press.net\/togo\/sports\/elim-can-u23-2e-tour-une-liste-de-26-eperviers-espoirs-convoques#breadcrumb\"},\"inLanguage\":\"fr-FR\",\"potentialAction\":[{\"@type\":\"ReadAction\",\"target\":[\"https:\/\/www.africa-press.net\/togo\/sports\/elim-can-u23-2e-tour-une-liste-de-26-eperviers-espoirs-convoques\"]}]},{\"@type\":\"ImageObject\",\"inLanguage\":\"fr-FR\",\"@id\":\"https:\/\/www.africa-press.net\/togo\/sports\/elim-can-u23-2e-tour-une-liste-de-26-eperviers-espoirs-convoques#primaryimage\",\"url\":\"https:\/\/static.africa-press.net\/togo\/sites\/58\/2022\/10\/postQueueImg_7-63499aea80123.jpg\",\"contentUrl\":\"https:\/\/static.africa-press.net\/togo\/sites\/58\/2022\/10\/postQueueImg_7-63499aea80123.jpg\",\"width\":720,\"height\":404,\"caption\":\"\u00c9lim CAN U23\/2e Tour : Une liste de 26 \u00c9perviers espoirs convoqu\u00e9s\"},{\"@type\":\"BreadcrumbList\",\"@id\":\"https:\/\/www.africa-press.net\/togo\/sports\/elim-can-u23-2e-tour-une-liste-de-26-eperviers-espoirs-convoques#breadcrumb\",\"itemListElement\":[{\"@type\":\"ListItem\",\"position\":1,\"name\":\"Accueil\",\"item\":\"https:\/\/www.africa-press.net\/togo\/\"},{\"@type\":\"ListItem\",\"position\":2,\"name\":\"\u00c9lim CAN U23\/2e Tour : Une liste de 26 \u00c9perviers espoirs convoqu\u00e9s\"}]},{\"@type\":\"WebSite\",\"@id\":\"https:\/\/www.africa-press.net\/togo\/#website\",\"url\":\"https:\/\/www.africa-press.net\/togo\/\",\"name\":\"Togo\",\"description\":\"Just another Africa News Agency Sites site\",\"potentialAction\":[{\"@type\":\"SearchAction\",\"target\":{\"@type\":\"EntryPoint\",\"urlTemplate\":\"https:\/\/www.africa-press.net\/togo\/?s={search_term_string}\"},\"query-input\":{\"@type\":\"PropertyValueSpecification\",\"valueRequired\":true,\"valueName\":\"search_term_string\"}}],\"inLanguage\":\"fr-FR\"},{\"@type\":\"Person\",\"@id\":\"https:\/\/www.africa-press.net\/togo\/#\/schema\/person\/2b1cf3cd81a31e3cd26889ca66d677f1\",\"name\":\"cfeditorfr\"}]}<\/script>\n<!-- \/ Yoast SEO Premium plugin. -->","yoast_head_json":{"title":"\u00c9lim CAN U23\/2e Tour : Une liste de 26 \u00c9perviers espoirs convoqu\u00e9s - Togo","description":"Le se\u0301lectionneur national des E\u0301perviers U23, Afizou Traore\u0301, a rendu public ce vendredi une liste de 26 joueurs con ...","robots":{"index":"index","follow":"follow","max-snippet":"max-snippet:-1","max-image-preview":"max-image-preview:large","max-video-preview":"max-video-preview:-1"},"canonical":"https:\/\/www.africa-press.net\/togo\/sports\/elim-can-u23-2e-tour-une-liste-de-26-eperviers-espoirs-convoques","og_locale":"fr_FR","og_type":"article","og_title":"\u00c9lim CAN U23\/2e Tour : Une liste de 26 \u00c9perviers espoirs convoqu\u00e9s","og_description":"Le se\u0301lectionneur national des E\u0301perviers U23, Afizou Traore\u0301, a rendu public ce vendredi une liste de 26 joueurs con ...","og_url":"https:\/\/www.africa-press.net\/togo\/sports\/elim-can-u23-2e-tour-une-liste-de-26-eperviers-espoirs-convoques","og_site_name":"Togo","article_published_time":"2022-10-14T17:12:01+00:00","article_modified_time":"2022-10-14T17:23:11+00:00","og_image":[{"width":720,"height":404,"url":"https:\/\/static.africa-press.net\/togo\/sites\/58\/2022\/10\/postQueueImg_7-63499aea80123.jpg","type":"image\/jpeg"}],"author":"cfeditorfr","twitter_card":"summary_large_image","twitter_misc":{"\u00c9crit par":"cfeditorfr","Dur\u00e9e de lecture estim\u00e9e":"2 minutes"},"schema":{"@context":"https:\/\/schema.org","@graph":[{"@type":"Article","@id":"https:\/\/www.africa-press.net\/togo\/sports\/elim-can-u23-2e-tour-une-liste-de-26-eperviers-espoirs-convoques#article","isPartOf":{"@id":"https:\/\/www.africa-press.net\/togo\/sports\/elim-can-u23-2e-tour-une-liste-de-26-eperviers-espoirs-convoques"},"author":{"name":"cfeditorfr","@id":"https:\/\/www.africa-press.net\/togo\/#\/schema\/person\/2b1cf3cd81a31e3cd26889ca66d677f1"},"headline":"\u00c9lim CAN U23\/2e Tour : Une liste de 26 \u00c9perviers espoirs convoqu\u00e9s","datePublished":"2022-10-14T17:12:01+00:00","dateModified":"2022-10-14T17:23:11+00:00","mainEntityOfPage":{"@id":"https:\/\/www.africa-press.net\/togo\/sports\/elim-can-u23-2e-tour-une-liste-de-26-eperviers-espoirs-convoques"},"wordCount":233,"commentCount":0,"image":{"@id":"https:\/\/www.africa-press.net\/togo\/sports\/elim-can-u23-2e-tour-une-liste-de-26-eperviers-espoirs-convoques#primaryimage"},"thumbnailUrl":"https:\/\/static.africa-press.net\/togo\/sites\/58\/2022\/10\/postQueueImg_7-63499aea80123.jpg","keywords":["Africa Press","Africa Press-Togo","Togo"],"articleSection":["Sports","Toutes les actualit\u00e9s"],"inLanguage":"fr-FR","potentialAction":[{"@type":"CommentAction","name":"Comment","target":["https:\/\/www.africa-press.net\/togo\/sports\/elim-can-u23-2e-tour-une-liste-de-26-eperviers-espoirs-convoques#respond"]}]},{"@type":"WebPage","@id":"https:\/\/www.africa-press.net\/togo\/sports\/elim-can-u23-2e-tour-une-liste-de-26-eperviers-espoirs-convoques","url":"https:\/\/www.africa-press.net\/togo\/sports\/elim-can-u23-2e-tour-une-liste-de-26-eperviers-espoirs-convoques","name":"\u00c9lim CAN U23\/2e Tour : Une liste de 26 \u00c9perviers espoirs convoqu\u00e9s - Togo","isPartOf":{"@id":"https:\/\/www.africa-press.net\/togo\/#website"},"primaryImageOfPage":{"@id":"https:\/\/www.africa-press.net\/togo\/sports\/elim-can-u23-2e-tour-une-liste-de-26-eperviers-espoirs-convoques#primaryimage"},"image":{"@id":"https:\/\/www.africa-press.net\/togo\/sports\/elim-can-u23-2e-tour-une-liste-de-26-eperviers-espoirs-convoques#primaryimage"},"thumbnailUrl":"https:\/\/static.africa-press.net\/togo\/sites\/58\/2022\/10\/postQueueImg_7-63499aea80123.jpg","datePublished":"2022-10-14T17:12:01+00:00","dateModified":"2022-10-14T17:23:11+00:00","author":{"@id":"https:\/\/www.africa-press.net\/togo\/#\/schema\/person\/2b1cf3cd81a31e3cd26889ca66d677f1"},"description":"Le se\u0301lectionneur national des E\u0301perviers U23, Afizou Traore\u0301, a rendu public ce vendredi une liste de 26 joueurs con ...","breadcrumb":{"@id":"https:\/\/www.africa-press.net\/togo\/sports\/elim-can-u23-2e-tour-une-liste-de-26-eperviers-espoirs-convoques#breadcrumb"},"inLanguage":"fr-FR","potentialAction":[{"@type":"ReadAction","target":["https:\/\/www.africa-press.net\/togo\/sports\/elim-can-u23-2e-tour-une-liste-de-26-eperviers-espoirs-convoques"]}]},{"@type":"ImageObject","inLanguage":"fr-FR","@id":"https:\/\/www.africa-press.net\/togo\/sports\/elim-can-u23-2e-tour-une-liste-de-26-eperviers-espoirs-convoques#primaryimage","url":"https:\/\/static.africa-press.net\/togo\/sites\/58\/2022\/10\/postQueueImg_7-63499aea80123.jpg","contentUrl":"https:\/\/static.africa-press.net\/togo\/sites\/58\/2022\/10\/postQueueImg_7-63499aea80123.jpg","width":720,"height":404,"caption":"\u00c9lim CAN U23\/2e Tour : Une liste de 26 \u00c9perviers espoirs convoqu\u00e9s"},{"@type":"BreadcrumbList","@id":"https:\/\/www.africa-press.net\/togo\/sports\/elim-can-u23-2e-tour-une-liste-de-26-eperviers-espoirs-convoques#breadcrumb","itemListElement":[{"@type":"ListItem","position":1,"name":"Accueil","item":"https:\/\/www.africa-press.net\/togo\/"},{"@type":"ListItem","position":2,"name":"\u00c9lim CAN U23\/2e Tour : Une liste de 26 \u00c9perviers espoirs convoqu\u00e9s"}]},{"@type":"WebSite","@id":"https:\/\/www.africa-press.net\/togo\/#website","url":"https:\/\/www.africa-press.net\/togo\/","name":"Togo","description":"Just another Africa News Agency Sites site","potentialAction":[{"@type":"SearchAction","target":{"@type":"EntryPoint","urlTemplate":"https:\/\/www.africa-press.net\/togo\/?s={search_term_string}"},"query-input":{"@type":"PropertyValueSpecification","valueRequired":true,"valueName":"search_term_string"}}],"inLanguage":"fr-FR"},{"@type":"Person","@id":"https:\/\/www.africa-press.net\/togo\/#\/schema\/person\/2b1cf3cd81a31e3cd26889ca66d677f1","name":"cfeditorfr"}]}},"_links":{"self":[{"href":"https:\/\/www.africa-press.net\/togo\/wp-json\/wp\/v2\/posts\/12409","targetHints":{"allow":["GET"]}}],"collection":[{"href":"https:\/\/www.africa-press.net\/togo\/wp-json\/wp\/v2\/posts"}],"about":[{"href":"https:\/\/www.africa-press.net\/togo\/wp-json\/wp\/v2\/types\/post"}],"author":[{"embeddable":true,"href":"https:\/\/www.africa-press.net\/togo\/wp-json\/wp\/v2\/users\/82"}],"replies":[{"embeddable":true,"href":"https:\/\/www.africa-press.net\/togo\/wp-json\/wp\/v2\/comments?post=12409"}],"version-history":[{"count":0,"href":"https:\/\/www.africa-press.net\/togo\/wp-json\/wp\/v2\/posts\/12409\/revisions"}],"wp:featuredmedia":[{"embeddable":true,"href":"https:\/\/www.africa-press.net\/togo\/wp-json\/wp\/v2\/media\/12408"}],"wp:attachment":[{"href":"https:\/\/www.africa-press.net\/togo\/wp-json\/wp\/v2\/media?parent=12409"}],"wp:term":[{"taxonomy":"category","embeddable":true,"href":"https:\/\/www.africa-press.net\/togo\/wp-json\/wp\/v2\/categories?post=12409"},{"taxonomy":"post_tag","embeddable":true,"href":"https:\/\/www.africa-press.net\/togo\/wp-json\/wp\/v2\/tags?post=12409"}],"curies":[{"name":"wp","href":"https:\/\/api.w.org\/{rel}","templated":true}]}}