{"id":12415,"date":"2022-10-14T17:12:18","date_gmt":"2022-10-14T17:12:18","guid":{"rendered":"https:\/\/www.africa-press.net\/togo\/politique\/elim-chan-2023-la-caf-donne-raison-aux-eperviers-deboute-les-mena"},"modified":"2022-10-14T17:24:12","modified_gmt":"2022-10-14T17:24:12","slug":"elim-chan-2023-la-caf-donne-raison-aux-eperviers-deboute-les-mena","status":"publish","type":"post","link":"https:\/\/www.africa-press.net\/togo\/sports\/elim-chan-2023-la-caf-donne-raison-aux-eperviers-deboute-les-mena","title":{"rendered":"Elim CHAN 2023: La CAF donne raison aux Eperviers, d\u00e9boute les Mena"},"content":{"rendered":"<p><span style=\"color: #ff6600\"><strong>Africa-Press &#8211; Togo. <\/strong><\/span><b>Lors du match Togo-Niger du 28 aou\u0302t, les responsables des Mena locaux ont accuse\u0301 leurs adversaires d\u2019avoir utilise\u0301 des licences ille\u0301gales. La Confe\u0301de\u0301ration africaine de football (CAF) dit qu\u2019ils ont tort. Une sorte de camouflet.<\/b><\/p>\n<p>Selon la Fe\u0301de\u0301ration nige\u0301rienne de football (FENIFOOT), les locaux togolais devraient utiliser des licences de la saison 2021-2022 et non celles mentionnant 2022-2023. Elles ne seraient donc pas conformes aux normes telles que de\u0301finies par le Championnat d\u2019Afrique des nations (CHAN).<\/p>\n<p>Le secre\u0301taire ge\u0301ne\u0301ral de la Fe\u0301de\u0301ration togolaise de football (FTF) de\u0301fend dans une lettre envoye\u0301e a\u0300 l\u2019instance continentale qu\u2019aucune re\u0300gle n\u2019a e\u0301te\u0301 viole\u0301e.<\/p>\n<p>\u00ab La saison sportive 2022-2023 ayant e\u0301te\u0301 ouverte le 15 aou\u0302t 2022 par la Fe\u0301de\u0301ration Togolaise de Football comme l\u2019attestent les annexe 1 et 2, les licences de la saison 2021-2022 ne pouvaient e\u0302tre conside\u0301re\u0301es comme valides conforme\u0301ment a\u0300 l\u2019article 39.1. C\u2019est donc avec les licences 2022-2023 que nos joueurs ont e\u0301te\u0301 enregistre\u0301s dans le CMS de la CAF et ont rec\u0327u a\u0300 ce titre l\u2019approbation de la CAF (Annexe 3) \u00bb, souligne Herve\u0301 Agbidan dans sa correspondance adresse\u0301e a\u0300 la CAF.<\/p>\n<p>Le jury disciplinaire de la CAF donne raison aux Togolais, rejetant donc la re\u0301serve introduite par la FENIFOOT. En effet, elle indique que les licences de la saison 2021-2022 ne sont plus en \u00ab cours de validite\u0301 \u00bb e\u0301tant donne\u0301 que la saison 2022-2021 au Togo a e\u0301te\u0301 ouverte le 15 aou\u0302t 2022.<\/p>\n<p>La CAF e\u0301crit e\u0301galement dans sa reque\u0302te a\u0300 l\u2019endroit des Nige\u0301riens que sa \u00ab de\u0301cision peut e\u0302tre attaque\u0301e devant le Jury d\u2019Appel de la CAF conforme\u0301ment aux dispositions des articles 54, 55, 56, 57 et 58 du Code Disciplinaire de la CAF \u00bb, en remplissant les conditions requises en la matie\u0300re. La FINIFOOT interjettera-t-elle appel ? C\u2019est le wait and see.<\/p>\n<p><strong>Pour plus d&rsquo;informations et d&rsquo;analyses sur la <a href=\"https:\/\/www.africa-press.net\/togo\">Togo<\/a>, suivez <a href=\"https:\/\/www.africa-press.net\/\">Africa-Press<\/a><\/strong><\/p>\n","protected":false},"excerpt":{"rendered":"<p>Africa-Press &#8211; Togo. Lors du match Togo-Niger du 28 aou\u0302t, les responsables des Mena locaux ont accuse\u0301 leurs adversaires d\u2019avoir utilise\u0301 des licences ille\u0301gales. La Confe\u0301de\u0301ration africaine de football (CAF) dit qu\u2019ils ont tort. Une sorte de camouflet. Selon la Fe\u0301de\u0301ration nige\u0301rienne de football (FENIFOOT), les locaux togolais devraient utiliser des licences de la saison [&hellip;]<\/p>\n","protected":false},"author":82,"featured_media":12414,"comment_status":"open","ping_status":"closed","sticky":false,"template":"","format":"standard","meta":{"footnotes":""},"categories":[6,10],"tags":[36,49,50],"class_list":["post-12415","post","type-post","status-publish","format-standard","has-post-thumbnail","hentry","category-sports","category-toutes-les-actualites","tag-africa-press","tag-africa-press-togo","tag-togo"],"yoast_head":"<!-- This site is optimized with the Yoast SEO Premium plugin v26.1 (Yoast SEO v27.0) - https:\/\/yoast.com\/product\/yoast-seo-premium-wordpress\/ -->\n<title>Elim CHAN 2023: La CAF donne raison aux Eperviers, d\u00e9boute les Mena - Togo<\/title>\n<meta name=\"description\" content=\"Lors du match Togo-Niger du 28 aou\u0302t, les responsables des Mena locaux ont accuse\u0301 leurs adversaires d\u2019avoir utilise\u0301 ...\" \/>\n<meta name=\"robots\" content=\"index, follow, max-snippet:-1, max-image-preview:large, max-video-preview:-1\" \/>\n<link rel=\"canonical\" href=\"https:\/\/www.africa-press.net\/togo\/sports\/elim-chan-2023-la-caf-donne-raison-aux-eperviers-deboute-les-mena\" \/>\n<meta property=\"og:locale\" content=\"fr_FR\" \/>\n<meta property=\"og:type\" content=\"article\" \/>\n<meta property=\"og:title\" content=\"Elim CHAN 2023: La CAF donne raison aux Eperviers, d\u00e9boute les Mena\" \/>\n<meta property=\"og:description\" content=\"Lors du match Togo-Niger du 28 aou\u0302t, les responsables des Mena locaux ont accuse\u0301 leurs adversaires d\u2019avoir utilise\u0301 ...\" \/>\n<meta property=\"og:url\" content=\"https:\/\/www.africa-press.net\/togo\/sports\/elim-chan-2023-la-caf-donne-raison-aux-eperviers-deboute-les-mena\" \/>\n<meta property=\"og:site_name\" content=\"Togo\" \/>\n<meta property=\"article:published_time\" content=\"2022-10-14T17:12:18+00:00\" \/>\n<meta property=\"article:modified_time\" content=\"2022-10-14T17:24:12+00:00\" \/>\n<meta property=\"og:image\" content=\"https:\/\/static.africa-press.net\/togo\/sites\/58\/2022\/10\/postQueueImg_9-63499b2160d23.jpg\" \/>\n\t<meta property=\"og:image:width\" content=\"1280\" \/>\n\t<meta property=\"og:image:height\" content=\"804\" \/>\n\t<meta property=\"og:image:type\" content=\"image\/jpeg\" \/>\n<meta name=\"author\" content=\"cfeditorfr\" \/>\n<meta name=\"twitter:card\" content=\"summary_large_image\" \/>\n<meta name=\"twitter:label1\" content=\"\u00c9crit par\" \/>\n\t<meta name=\"twitter:data1\" content=\"cfeditorfr\" \/>\n\t<meta name=\"twitter:label2\" content=\"Dur\u00e9e de lecture estim\u00e9e\" \/>\n\t<meta name=\"twitter:data2\" content=\"2 minutes\" \/>\n<script type=\"application\/ld+json\" class=\"yoast-schema-graph\">{\"@context\":\"https:\/\/schema.org\",\"@graph\":[{\"@type\":\"Article\",\"@id\":\"https:\/\/www.africa-press.net\/togo\/sports\/elim-chan-2023-la-caf-donne-raison-aux-eperviers-deboute-les-mena#article\",\"isPartOf\":{\"@id\":\"https:\/\/www.africa-press.net\/togo\/sports\/elim-chan-2023-la-caf-donne-raison-aux-eperviers-deboute-les-mena\"},\"author\":{\"name\":\"cfeditorfr\",\"@id\":\"https:\/\/www.africa-press.net\/togo\/#\/schema\/person\/2b1cf3cd81a31e3cd26889ca66d677f1\"},\"headline\":\"Elim CHAN 2023: La CAF donne raison aux Eperviers, d\u00e9boute les Mena\",\"datePublished\":\"2022-10-14T17:12:18+00:00\",\"dateModified\":\"2022-10-14T17:24:12+00:00\",\"mainEntityOfPage\":{\"@id\":\"https:\/\/www.africa-press.net\/togo\/sports\/elim-chan-2023-la-caf-donne-raison-aux-eperviers-deboute-les-mena\"},\"wordCount\":357,\"commentCount\":0,\"image\":{\"@id\":\"https:\/\/www.africa-press.net\/togo\/sports\/elim-chan-2023-la-caf-donne-raison-aux-eperviers-deboute-les-mena#primaryimage\"},\"thumbnailUrl\":\"https:\/\/static.africa-press.net\/togo\/sites\/58\/2022\/10\/postQueueImg_9-63499b2160d23.jpg\",\"keywords\":[\"Africa Press\",\"Africa Press-Togo\",\"Togo\"],\"articleSection\":[\"Sports\",\"Toutes les actualit\u00e9s\"],\"inLanguage\":\"fr-FR\",\"potentialAction\":[{\"@type\":\"CommentAction\",\"name\":\"Comment\",\"target\":[\"https:\/\/www.africa-press.net\/togo\/sports\/elim-chan-2023-la-caf-donne-raison-aux-eperviers-deboute-les-mena#respond\"]}]},{\"@type\":\"WebPage\",\"@id\":\"https:\/\/www.africa-press.net\/togo\/sports\/elim-chan-2023-la-caf-donne-raison-aux-eperviers-deboute-les-mena\",\"url\":\"https:\/\/www.africa-press.net\/togo\/sports\/elim-chan-2023-la-caf-donne-raison-aux-eperviers-deboute-les-mena\",\"name\":\"Elim CHAN 2023: La CAF donne raison aux Eperviers, d\u00e9boute les Mena - Togo\",\"isPartOf\":{\"@id\":\"https:\/\/www.africa-press.net\/togo\/#website\"},\"primaryImageOfPage\":{\"@id\":\"https:\/\/www.africa-press.net\/togo\/sports\/elim-chan-2023-la-caf-donne-raison-aux-eperviers-deboute-les-mena#primaryimage\"},\"image\":{\"@id\":\"https:\/\/www.africa-press.net\/togo\/sports\/elim-chan-2023-la-caf-donne-raison-aux-eperviers-deboute-les-mena#primaryimage\"},\"thumbnailUrl\":\"https:\/\/static.africa-press.net\/togo\/sites\/58\/2022\/10\/postQueueImg_9-63499b2160d23.jpg\",\"datePublished\":\"2022-10-14T17:12:18+00:00\",\"dateModified\":\"2022-10-14T17:24:12+00:00\",\"author\":{\"@id\":\"https:\/\/www.africa-press.net\/togo\/#\/schema\/person\/2b1cf3cd81a31e3cd26889ca66d677f1\"},\"description\":\"Lors du match Togo-Niger du 28 aou\u0302t, les responsables des Mena locaux ont accuse\u0301 leurs adversaires d\u2019avoir utilise\u0301 ...\",\"breadcrumb\":{\"@id\":\"https:\/\/www.africa-press.net\/togo\/sports\/elim-chan-2023-la-caf-donne-raison-aux-eperviers-deboute-les-mena#breadcrumb\"},\"inLanguage\":\"fr-FR\",\"potentialAction\":[{\"@type\":\"ReadAction\",\"target\":[\"https:\/\/www.africa-press.net\/togo\/sports\/elim-chan-2023-la-caf-donne-raison-aux-eperviers-deboute-les-mena\"]}]},{\"@type\":\"ImageObject\",\"inLanguage\":\"fr-FR\",\"@id\":\"https:\/\/www.africa-press.net\/togo\/sports\/elim-chan-2023-la-caf-donne-raison-aux-eperviers-deboute-les-mena#primaryimage\",\"url\":\"https:\/\/static.africa-press.net\/togo\/sites\/58\/2022\/10\/postQueueImg_9-63499b2160d23.jpg\",\"contentUrl\":\"https:\/\/static.africa-press.net\/togo\/sites\/58\/2022\/10\/postQueueImg_9-63499b2160d23.jpg\",\"width\":1280,\"height\":804,\"caption\":\"Elim CHAN 2023: La CAF donne raison aux Eperviers, d\u00e9boute les Mena\"},{\"@type\":\"BreadcrumbList\",\"@id\":\"https:\/\/www.africa-press.net\/togo\/sports\/elim-chan-2023-la-caf-donne-raison-aux-eperviers-deboute-les-mena#breadcrumb\",\"itemListElement\":[{\"@type\":\"ListItem\",\"position\":1,\"name\":\"Accueil\",\"item\":\"https:\/\/www.africa-press.net\/togo\/\"},{\"@type\":\"ListItem\",\"position\":2,\"name\":\"Elim CHAN 2023: La CAF donne raison aux Eperviers, d\u00e9boute les Mena\"}]},{\"@type\":\"WebSite\",\"@id\":\"https:\/\/www.africa-press.net\/togo\/#website\",\"url\":\"https:\/\/www.africa-press.net\/togo\/\",\"name\":\"Togo\",\"description\":\"Just another Africa News Agency Sites site\",\"potentialAction\":[{\"@type\":\"SearchAction\",\"target\":{\"@type\":\"EntryPoint\",\"urlTemplate\":\"https:\/\/www.africa-press.net\/togo\/?s={search_term_string}\"},\"query-input\":{\"@type\":\"PropertyValueSpecification\",\"valueRequired\":true,\"valueName\":\"search_term_string\"}}],\"inLanguage\":\"fr-FR\"},{\"@type\":\"Person\",\"@id\":\"https:\/\/www.africa-press.net\/togo\/#\/schema\/person\/2b1cf3cd81a31e3cd26889ca66d677f1\",\"name\":\"cfeditorfr\"}]}<\/script>\n<!-- \/ Yoast SEO Premium plugin. -->","yoast_head_json":{"title":"Elim CHAN 2023: La CAF donne raison aux Eperviers, d\u00e9boute les Mena - Togo","description":"Lors du match Togo-Niger du 28 aou\u0302t, les responsables des Mena locaux ont accuse\u0301 leurs adversaires d\u2019avoir utilise\u0301 ...","robots":{"index":"index","follow":"follow","max-snippet":"max-snippet:-1","max-image-preview":"max-image-preview:large","max-video-preview":"max-video-preview:-1"},"canonical":"https:\/\/www.africa-press.net\/togo\/sports\/elim-chan-2023-la-caf-donne-raison-aux-eperviers-deboute-les-mena","og_locale":"fr_FR","og_type":"article","og_title":"Elim CHAN 2023: La CAF donne raison aux Eperviers, d\u00e9boute les Mena","og_description":"Lors du match Togo-Niger du 28 aou\u0302t, les responsables des Mena locaux ont accuse\u0301 leurs adversaires d\u2019avoir utilise\u0301 ...","og_url":"https:\/\/www.africa-press.net\/togo\/sports\/elim-chan-2023-la-caf-donne-raison-aux-eperviers-deboute-les-mena","og_site_name":"Togo","article_published_time":"2022-10-14T17:12:18+00:00","article_modified_time":"2022-10-14T17:24:12+00:00","og_image":[{"width":1280,"height":804,"url":"https:\/\/static.africa-press.net\/togo\/sites\/58\/2022\/10\/postQueueImg_9-63499b2160d23.jpg","type":"image\/jpeg"}],"author":"cfeditorfr","twitter_card":"summary_large_image","twitter_misc":{"\u00c9crit par":"cfeditorfr","Dur\u00e9e de lecture estim\u00e9e":"2 minutes"},"schema":{"@context":"https:\/\/schema.org","@graph":[{"@type":"Article","@id":"https:\/\/www.africa-press.net\/togo\/sports\/elim-chan-2023-la-caf-donne-raison-aux-eperviers-deboute-les-mena#article","isPartOf":{"@id":"https:\/\/www.africa-press.net\/togo\/sports\/elim-chan-2023-la-caf-donne-raison-aux-eperviers-deboute-les-mena"},"author":{"name":"cfeditorfr","@id":"https:\/\/www.africa-press.net\/togo\/#\/schema\/person\/2b1cf3cd81a31e3cd26889ca66d677f1"},"headline":"Elim CHAN 2023: La CAF donne raison aux Eperviers, d\u00e9boute les Mena","datePublished":"2022-10-14T17:12:18+00:00","dateModified":"2022-10-14T17:24:12+00:00","mainEntityOfPage":{"@id":"https:\/\/www.africa-press.net\/togo\/sports\/elim-chan-2023-la-caf-donne-raison-aux-eperviers-deboute-les-mena"},"wordCount":357,"commentCount":0,"image":{"@id":"https:\/\/www.africa-press.net\/togo\/sports\/elim-chan-2023-la-caf-donne-raison-aux-eperviers-deboute-les-mena#primaryimage"},"thumbnailUrl":"https:\/\/static.africa-press.net\/togo\/sites\/58\/2022\/10\/postQueueImg_9-63499b2160d23.jpg","keywords":["Africa Press","Africa Press-Togo","Togo"],"articleSection":["Sports","Toutes les actualit\u00e9s"],"inLanguage":"fr-FR","potentialAction":[{"@type":"CommentAction","name":"Comment","target":["https:\/\/www.africa-press.net\/togo\/sports\/elim-chan-2023-la-caf-donne-raison-aux-eperviers-deboute-les-mena#respond"]}]},{"@type":"WebPage","@id":"https:\/\/www.africa-press.net\/togo\/sports\/elim-chan-2023-la-caf-donne-raison-aux-eperviers-deboute-les-mena","url":"https:\/\/www.africa-press.net\/togo\/sports\/elim-chan-2023-la-caf-donne-raison-aux-eperviers-deboute-les-mena","name":"Elim CHAN 2023: La CAF donne raison aux Eperviers, d\u00e9boute les Mena - Togo","isPartOf":{"@id":"https:\/\/www.africa-press.net\/togo\/#website"},"primaryImageOfPage":{"@id":"https:\/\/www.africa-press.net\/togo\/sports\/elim-chan-2023-la-caf-donne-raison-aux-eperviers-deboute-les-mena#primaryimage"},"image":{"@id":"https:\/\/www.africa-press.net\/togo\/sports\/elim-chan-2023-la-caf-donne-raison-aux-eperviers-deboute-les-mena#primaryimage"},"thumbnailUrl":"https:\/\/static.africa-press.net\/togo\/sites\/58\/2022\/10\/postQueueImg_9-63499b2160d23.jpg","datePublished":"2022-10-14T17:12:18+00:00","dateModified":"2022-10-14T17:24:12+00:00","author":{"@id":"https:\/\/www.africa-press.net\/togo\/#\/schema\/person\/2b1cf3cd81a31e3cd26889ca66d677f1"},"description":"Lors du match Togo-Niger du 28 aou\u0302t, les responsables des Mena locaux ont accuse\u0301 leurs adversaires d\u2019avoir utilise\u0301 ...","breadcrumb":{"@id":"https:\/\/www.africa-press.net\/togo\/sports\/elim-chan-2023-la-caf-donne-raison-aux-eperviers-deboute-les-mena#breadcrumb"},"inLanguage":"fr-FR","potentialAction":[{"@type":"ReadAction","target":["https:\/\/www.africa-press.net\/togo\/sports\/elim-chan-2023-la-caf-donne-raison-aux-eperviers-deboute-les-mena"]}]},{"@type":"ImageObject","inLanguage":"fr-FR","@id":"https:\/\/www.africa-press.net\/togo\/sports\/elim-chan-2023-la-caf-donne-raison-aux-eperviers-deboute-les-mena#primaryimage","url":"https:\/\/static.africa-press.net\/togo\/sites\/58\/2022\/10\/postQueueImg_9-63499b2160d23.jpg","contentUrl":"https:\/\/static.africa-press.net\/togo\/sites\/58\/2022\/10\/postQueueImg_9-63499b2160d23.jpg","width":1280,"height":804,"caption":"Elim CHAN 2023: La CAF donne raison aux Eperviers, d\u00e9boute les Mena"},{"@type":"BreadcrumbList","@id":"https:\/\/www.africa-press.net\/togo\/sports\/elim-chan-2023-la-caf-donne-raison-aux-eperviers-deboute-les-mena#breadcrumb","itemListElement":[{"@type":"ListItem","position":1,"name":"Accueil","item":"https:\/\/www.africa-press.net\/togo\/"},{"@type":"ListItem","position":2,"name":"Elim CHAN 2023: La CAF donne raison aux Eperviers, d\u00e9boute les Mena"}]},{"@type":"WebSite","@id":"https:\/\/www.africa-press.net\/togo\/#website","url":"https:\/\/www.africa-press.net\/togo\/","name":"Togo","description":"Just another Africa News Agency Sites site","potentialAction":[{"@type":"SearchAction","target":{"@type":"EntryPoint","urlTemplate":"https:\/\/www.africa-press.net\/togo\/?s={search_term_string}"},"query-input":{"@type":"PropertyValueSpecification","valueRequired":true,"valueName":"search_term_string"}}],"inLanguage":"fr-FR"},{"@type":"Person","@id":"https:\/\/www.africa-press.net\/togo\/#\/schema\/person\/2b1cf3cd81a31e3cd26889ca66d677f1","name":"cfeditorfr"}]}},"_links":{"self":[{"href":"https:\/\/www.africa-press.net\/togo\/wp-json\/wp\/v2\/posts\/12415","targetHints":{"allow":["GET"]}}],"collection":[{"href":"https:\/\/www.africa-press.net\/togo\/wp-json\/wp\/v2\/posts"}],"about":[{"href":"https:\/\/www.africa-press.net\/togo\/wp-json\/wp\/v2\/types\/post"}],"author":[{"embeddable":true,"href":"https:\/\/www.africa-press.net\/togo\/wp-json\/wp\/v2\/users\/82"}],"replies":[{"embeddable":true,"href":"https:\/\/www.africa-press.net\/togo\/wp-json\/wp\/v2\/comments?post=12415"}],"version-history":[{"count":0,"href":"https:\/\/www.africa-press.net\/togo\/wp-json\/wp\/v2\/posts\/12415\/revisions"}],"wp:featuredmedia":[{"embeddable":true,"href":"https:\/\/www.africa-press.net\/togo\/wp-json\/wp\/v2\/media\/12414"}],"wp:attachment":[{"href":"https:\/\/www.africa-press.net\/togo\/wp-json\/wp\/v2\/media?parent=12415"}],"wp:term":[{"taxonomy":"category","embeddable":true,"href":"https:\/\/www.africa-press.net\/togo\/wp-json\/wp\/v2\/categories?post=12415"},{"taxonomy":"post_tag","embeddable":true,"href":"https:\/\/www.africa-press.net\/togo\/wp-json\/wp\/v2\/tags?post=12415"}],"curies":[{"name":"wp","href":"https:\/\/api.w.org\/{rel}","templated":true}]}}