{"id":12418,"date":"2022-10-14T17:12:30","date_gmt":"2022-10-14T17:12:30","guid":{"rendered":"https:\/\/www.africa-press.net\/togo\/politique\/togo-le-decoupage-de-lannee-scolaire-devoile"},"modified":"2022-10-14T17:24:42","modified_gmt":"2022-10-14T17:24:42","slug":"togo-le-decoupage-de-lannee-scolaire-devoile","status":"publish","type":"post","link":"https:\/\/www.africa-press.net\/togo\/toutes-les-actualites\/togo-le-decoupage-de-lannee-scolaire-devoile","title":{"rendered":"Togo \u2013 Le d\u00e9coupage de l\u2019ann\u00e9e scolaire d\u00e9voil\u00e9"},"content":{"rendered":"<p><span style=\"color: #ff6600\"><strong>Africa-Press &#8211; Togo. <\/strong><\/span>Par une de\u0301cision interministe\u0301rielle conjointement signe\u0301e par le Ministre de l\u2019enseignement supe\u0301rieur et de la recherche, Ihou Wateba, le Ministre de l\u2019enseignement primaire et secondaire, Prof. Kokoroko et le Ministre de\u0301le\u0301gue\u0301 charge\u0301 de l\u2019enseignement technique et de l\u2019artisanat, Kokou Hodin, les acteurs de l\u2019e\u0301ducation sont fixe\u0301s sur le calendrier de l\u2019anne\u0301e scolaire 2022 \u2013 2023.<\/p>\n<p>Suivant le contenu de cette de\u0301cision portant de\u0301coupage de l\u2019anne\u0301e scolaire et universitaire 2022 \u2013 2023 :<\/p>\n<p>Par conse\u0301quent, les conge\u0301s inter-trimestriels sont programme\u0301s comme suit :<\/p>\n<p>Les grandes vacances s\u2019e\u0301taleront sur la pe\u0301riode du 14 juillet 2023 au soir au 17 septembre 2023 au soir. Ainsi la prochaine rentre\u0301e scolaire, celle de l\u2019anne\u0301e scolaire 2023 \u2013 2024 est fixe\u0301e au 18 septembre 2023 au matin.<\/p>\n<p><strong>Pour plus d&rsquo;informations et d&rsquo;analyses sur la <a href=\"https:\/\/www.africa-press.net\/togo\">Togo<\/a>, suivez <a href=\"https:\/\/www.africa-press.net\/\">Africa-Press<\/a><\/strong><\/p>\n","protected":false},"excerpt":{"rendered":"<p>Africa-Press &#8211; Togo. Par une de\u0301cision interministe\u0301rielle conjointement signe\u0301e par le Ministre de l\u2019enseignement supe\u0301rieur et de la recherche, Ihou Wateba, le Ministre de l\u2019enseignement primaire et secondaire, Prof. Kokoroko et le Ministre de\u0301le\u0301gue\u0301 charge\u0301 de l\u2019enseignement technique et de l\u2019artisanat, Kokou Hodin, les acteurs de l\u2019e\u0301ducation sont fixe\u0301s sur le calendrier de l\u2019anne\u0301e scolaire [&hellip;]<\/p>\n","protected":false},"author":82,"featured_media":12417,"comment_status":"open","ping_status":"closed","sticky":false,"template":"","format":"standard","meta":{"footnotes":""},"categories":[21,10],"tags":[36,49,50],"class_list":["post-12418","post","type-post","status-publish","format-standard","has-post-thumbnail","hentry","category-communaute","category-toutes-les-actualites","tag-africa-press","tag-africa-press-togo","tag-togo"],"yoast_head":"<!-- This site is optimized with the Yoast SEO Premium plugin v26.1 (Yoast SEO v27.0) - https:\/\/yoast.com\/product\/yoast-seo-premium-wordpress\/ -->\n<title>Togo \u2013 Le d\u00e9coupage de l\u2019ann\u00e9e scolaire d\u00e9voil\u00e9 - Togo<\/title>\n<meta name=\"description\" content=\"Par une de\u0301cision interministe\u0301rielle conjointement signe\u0301e par le Ministre de l\u2019enseignement supe\u0301rieur et de la recher ...\" \/>\n<meta name=\"robots\" content=\"index, follow, max-snippet:-1, max-image-preview:large, max-video-preview:-1\" \/>\n<link rel=\"canonical\" href=\"https:\/\/www.africa-press.net\/togo\/toutes-les-actualites\/togo-le-decoupage-de-lannee-scolaire-devoile\" \/>\n<meta property=\"og:locale\" content=\"fr_FR\" \/>\n<meta property=\"og:type\" content=\"article\" \/>\n<meta property=\"og:title\" content=\"Togo \u2013 Le d\u00e9coupage de l\u2019ann\u00e9e scolaire d\u00e9voil\u00e9\" \/>\n<meta property=\"og:description\" content=\"Par une de\u0301cision interministe\u0301rielle conjointement signe\u0301e par le Ministre de l\u2019enseignement supe\u0301rieur et de la recher ...\" \/>\n<meta property=\"og:url\" content=\"https:\/\/www.africa-press.net\/togo\/toutes-les-actualites\/togo-le-decoupage-de-lannee-scolaire-devoile\" \/>\n<meta property=\"og:site_name\" content=\"Togo\" \/>\n<meta property=\"article:published_time\" content=\"2022-10-14T17:12:30+00:00\" \/>\n<meta property=\"article:modified_time\" content=\"2022-10-14T17:24:42+00:00\" \/>\n<meta property=\"og:image\" content=\"https:\/\/static.africa-press.net\/togo\/sites\/58\/2022\/10\/postQueueImg_10-63499b4263c88.jpg\" \/>\n\t<meta property=\"og:image:width\" content=\"1274\" \/>\n\t<meta property=\"og:image:height\" content=\"800\" \/>\n\t<meta property=\"og:image:type\" content=\"image\/jpeg\" \/>\n<meta name=\"author\" content=\"cfeditorfr\" \/>\n<meta name=\"twitter:card\" content=\"summary_large_image\" \/>\n<meta name=\"twitter:label1\" content=\"\u00c9crit par\" \/>\n\t<meta name=\"twitter:data1\" content=\"cfeditorfr\" \/>\n\t<meta name=\"twitter:label2\" content=\"Dur\u00e9e de lecture estim\u00e9e\" \/>\n\t<meta name=\"twitter:data2\" content=\"1 minute\" \/>\n<script type=\"application\/ld+json\" class=\"yoast-schema-graph\">{\"@context\":\"https:\/\/schema.org\",\"@graph\":[{\"@type\":\"Article\",\"@id\":\"https:\/\/www.africa-press.net\/togo\/toutes-les-actualites\/togo-le-decoupage-de-lannee-scolaire-devoile#article\",\"isPartOf\":{\"@id\":\"https:\/\/www.africa-press.net\/togo\/toutes-les-actualites\/togo-le-decoupage-de-lannee-scolaire-devoile\"},\"author\":{\"name\":\"cfeditorfr\",\"@id\":\"https:\/\/www.africa-press.net\/togo\/#\/schema\/person\/2b1cf3cd81a31e3cd26889ca66d677f1\"},\"headline\":\"Togo \u2013 Le d\u00e9coupage de l\u2019ann\u00e9e scolaire d\u00e9voil\u00e9\",\"datePublished\":\"2022-10-14T17:12:30+00:00\",\"dateModified\":\"2022-10-14T17:24:42+00:00\",\"mainEntityOfPage\":{\"@id\":\"https:\/\/www.africa-press.net\/togo\/toutes-les-actualites\/togo-le-decoupage-de-lannee-scolaire-devoile\"},\"wordCount\":159,\"commentCount\":0,\"image\":{\"@id\":\"https:\/\/www.africa-press.net\/togo\/toutes-les-actualites\/togo-le-decoupage-de-lannee-scolaire-devoile#primaryimage\"},\"thumbnailUrl\":\"https:\/\/static.africa-press.net\/togo\/sites\/58\/2022\/10\/postQueueImg_10-63499b4263c88.jpg\",\"keywords\":[\"Africa Press\",\"Africa Press-Togo\",\"Togo\"],\"articleSection\":[\"Communaut\u00e9\",\"Toutes les actualit\u00e9s\"],\"inLanguage\":\"fr-FR\",\"potentialAction\":[{\"@type\":\"CommentAction\",\"name\":\"Comment\",\"target\":[\"https:\/\/www.africa-press.net\/togo\/toutes-les-actualites\/togo-le-decoupage-de-lannee-scolaire-devoile#respond\"]}]},{\"@type\":\"WebPage\",\"@id\":\"https:\/\/www.africa-press.net\/togo\/toutes-les-actualites\/togo-le-decoupage-de-lannee-scolaire-devoile\",\"url\":\"https:\/\/www.africa-press.net\/togo\/toutes-les-actualites\/togo-le-decoupage-de-lannee-scolaire-devoile\",\"name\":\"Togo \u2013 Le d\u00e9coupage de l\u2019ann\u00e9e scolaire d\u00e9voil\u00e9 - Togo\",\"isPartOf\":{\"@id\":\"https:\/\/www.africa-press.net\/togo\/#website\"},\"primaryImageOfPage\":{\"@id\":\"https:\/\/www.africa-press.net\/togo\/toutes-les-actualites\/togo-le-decoupage-de-lannee-scolaire-devoile#primaryimage\"},\"image\":{\"@id\":\"https:\/\/www.africa-press.net\/togo\/toutes-les-actualites\/togo-le-decoupage-de-lannee-scolaire-devoile#primaryimage\"},\"thumbnailUrl\":\"https:\/\/static.africa-press.net\/togo\/sites\/58\/2022\/10\/postQueueImg_10-63499b4263c88.jpg\",\"datePublished\":\"2022-10-14T17:12:30+00:00\",\"dateModified\":\"2022-10-14T17:24:42+00:00\",\"author\":{\"@id\":\"https:\/\/www.africa-press.net\/togo\/#\/schema\/person\/2b1cf3cd81a31e3cd26889ca66d677f1\"},\"description\":\"Par une de\u0301cision interministe\u0301rielle conjointement signe\u0301e par le Ministre de l\u2019enseignement supe\u0301rieur et de la recher ...\",\"breadcrumb\":{\"@id\":\"https:\/\/www.africa-press.net\/togo\/toutes-les-actualites\/togo-le-decoupage-de-lannee-scolaire-devoile#breadcrumb\"},\"inLanguage\":\"fr-FR\",\"potentialAction\":[{\"@type\":\"ReadAction\",\"target\":[\"https:\/\/www.africa-press.net\/togo\/toutes-les-actualites\/togo-le-decoupage-de-lannee-scolaire-devoile\"]}]},{\"@type\":\"ImageObject\",\"inLanguage\":\"fr-FR\",\"@id\":\"https:\/\/www.africa-press.net\/togo\/toutes-les-actualites\/togo-le-decoupage-de-lannee-scolaire-devoile#primaryimage\",\"url\":\"https:\/\/static.africa-press.net\/togo\/sites\/58\/2022\/10\/postQueueImg_10-63499b4263c88.jpg\",\"contentUrl\":\"https:\/\/static.africa-press.net\/togo\/sites\/58\/2022\/10\/postQueueImg_10-63499b4263c88.jpg\",\"width\":1274,\"height\":800,\"caption\":\"Togo \u2013 Le d\u00e9coupage de l\u2019ann\u00e9e scolaire d\u00e9voil\u00e9\"},{\"@type\":\"BreadcrumbList\",\"@id\":\"https:\/\/www.africa-press.net\/togo\/toutes-les-actualites\/togo-le-decoupage-de-lannee-scolaire-devoile#breadcrumb\",\"itemListElement\":[{\"@type\":\"ListItem\",\"position\":1,\"name\":\"Accueil\",\"item\":\"https:\/\/www.africa-press.net\/togo\/\"},{\"@type\":\"ListItem\",\"position\":2,\"name\":\"Togo \u2013 Le d\u00e9coupage de l\u2019ann\u00e9e scolaire d\u00e9voil\u00e9\"}]},{\"@type\":\"WebSite\",\"@id\":\"https:\/\/www.africa-press.net\/togo\/#website\",\"url\":\"https:\/\/www.africa-press.net\/togo\/\",\"name\":\"Togo\",\"description\":\"Just another Africa News Agency Sites site\",\"potentialAction\":[{\"@type\":\"SearchAction\",\"target\":{\"@type\":\"EntryPoint\",\"urlTemplate\":\"https:\/\/www.africa-press.net\/togo\/?s={search_term_string}\"},\"query-input\":{\"@type\":\"PropertyValueSpecification\",\"valueRequired\":true,\"valueName\":\"search_term_string\"}}],\"inLanguage\":\"fr-FR\"},{\"@type\":\"Person\",\"@id\":\"https:\/\/www.africa-press.net\/togo\/#\/schema\/person\/2b1cf3cd81a31e3cd26889ca66d677f1\",\"name\":\"cfeditorfr\"}]}<\/script>\n<!-- \/ Yoast SEO Premium plugin. -->","yoast_head_json":{"title":"Togo \u2013 Le d\u00e9coupage de l\u2019ann\u00e9e scolaire d\u00e9voil\u00e9 - Togo","description":"Par une de\u0301cision interministe\u0301rielle conjointement signe\u0301e par le Ministre de l\u2019enseignement supe\u0301rieur et de la recher ...","robots":{"index":"index","follow":"follow","max-snippet":"max-snippet:-1","max-image-preview":"max-image-preview:large","max-video-preview":"max-video-preview:-1"},"canonical":"https:\/\/www.africa-press.net\/togo\/toutes-les-actualites\/togo-le-decoupage-de-lannee-scolaire-devoile","og_locale":"fr_FR","og_type":"article","og_title":"Togo \u2013 Le d\u00e9coupage de l\u2019ann\u00e9e scolaire d\u00e9voil\u00e9","og_description":"Par une de\u0301cision interministe\u0301rielle conjointement signe\u0301e par le Ministre de l\u2019enseignement supe\u0301rieur et de la recher ...","og_url":"https:\/\/www.africa-press.net\/togo\/toutes-les-actualites\/togo-le-decoupage-de-lannee-scolaire-devoile","og_site_name":"Togo","article_published_time":"2022-10-14T17:12:30+00:00","article_modified_time":"2022-10-14T17:24:42+00:00","og_image":[{"width":1274,"height":800,"url":"https:\/\/static.africa-press.net\/togo\/sites\/58\/2022\/10\/postQueueImg_10-63499b4263c88.jpg","type":"image\/jpeg"}],"author":"cfeditorfr","twitter_card":"summary_large_image","twitter_misc":{"\u00c9crit par":"cfeditorfr","Dur\u00e9e de lecture estim\u00e9e":"1 minute"},"schema":{"@context":"https:\/\/schema.org","@graph":[{"@type":"Article","@id":"https:\/\/www.africa-press.net\/togo\/toutes-les-actualites\/togo-le-decoupage-de-lannee-scolaire-devoile#article","isPartOf":{"@id":"https:\/\/www.africa-press.net\/togo\/toutes-les-actualites\/togo-le-decoupage-de-lannee-scolaire-devoile"},"author":{"name":"cfeditorfr","@id":"https:\/\/www.africa-press.net\/togo\/#\/schema\/person\/2b1cf3cd81a31e3cd26889ca66d677f1"},"headline":"Togo \u2013 Le d\u00e9coupage de l\u2019ann\u00e9e scolaire d\u00e9voil\u00e9","datePublished":"2022-10-14T17:12:30+00:00","dateModified":"2022-10-14T17:24:42+00:00","mainEntityOfPage":{"@id":"https:\/\/www.africa-press.net\/togo\/toutes-les-actualites\/togo-le-decoupage-de-lannee-scolaire-devoile"},"wordCount":159,"commentCount":0,"image":{"@id":"https:\/\/www.africa-press.net\/togo\/toutes-les-actualites\/togo-le-decoupage-de-lannee-scolaire-devoile#primaryimage"},"thumbnailUrl":"https:\/\/static.africa-press.net\/togo\/sites\/58\/2022\/10\/postQueueImg_10-63499b4263c88.jpg","keywords":["Africa Press","Africa Press-Togo","Togo"],"articleSection":["Communaut\u00e9","Toutes les actualit\u00e9s"],"inLanguage":"fr-FR","potentialAction":[{"@type":"CommentAction","name":"Comment","target":["https:\/\/www.africa-press.net\/togo\/toutes-les-actualites\/togo-le-decoupage-de-lannee-scolaire-devoile#respond"]}]},{"@type":"WebPage","@id":"https:\/\/www.africa-press.net\/togo\/toutes-les-actualites\/togo-le-decoupage-de-lannee-scolaire-devoile","url":"https:\/\/www.africa-press.net\/togo\/toutes-les-actualites\/togo-le-decoupage-de-lannee-scolaire-devoile","name":"Togo \u2013 Le d\u00e9coupage de l\u2019ann\u00e9e scolaire d\u00e9voil\u00e9 - Togo","isPartOf":{"@id":"https:\/\/www.africa-press.net\/togo\/#website"},"primaryImageOfPage":{"@id":"https:\/\/www.africa-press.net\/togo\/toutes-les-actualites\/togo-le-decoupage-de-lannee-scolaire-devoile#primaryimage"},"image":{"@id":"https:\/\/www.africa-press.net\/togo\/toutes-les-actualites\/togo-le-decoupage-de-lannee-scolaire-devoile#primaryimage"},"thumbnailUrl":"https:\/\/static.africa-press.net\/togo\/sites\/58\/2022\/10\/postQueueImg_10-63499b4263c88.jpg","datePublished":"2022-10-14T17:12:30+00:00","dateModified":"2022-10-14T17:24:42+00:00","author":{"@id":"https:\/\/www.africa-press.net\/togo\/#\/schema\/person\/2b1cf3cd81a31e3cd26889ca66d677f1"},"description":"Par une de\u0301cision interministe\u0301rielle conjointement signe\u0301e par le Ministre de l\u2019enseignement supe\u0301rieur et de la recher ...","breadcrumb":{"@id":"https:\/\/www.africa-press.net\/togo\/toutes-les-actualites\/togo-le-decoupage-de-lannee-scolaire-devoile#breadcrumb"},"inLanguage":"fr-FR","potentialAction":[{"@type":"ReadAction","target":["https:\/\/www.africa-press.net\/togo\/toutes-les-actualites\/togo-le-decoupage-de-lannee-scolaire-devoile"]}]},{"@type":"ImageObject","inLanguage":"fr-FR","@id":"https:\/\/www.africa-press.net\/togo\/toutes-les-actualites\/togo-le-decoupage-de-lannee-scolaire-devoile#primaryimage","url":"https:\/\/static.africa-press.net\/togo\/sites\/58\/2022\/10\/postQueueImg_10-63499b4263c88.jpg","contentUrl":"https:\/\/static.africa-press.net\/togo\/sites\/58\/2022\/10\/postQueueImg_10-63499b4263c88.jpg","width":1274,"height":800,"caption":"Togo \u2013 Le d\u00e9coupage de l\u2019ann\u00e9e scolaire d\u00e9voil\u00e9"},{"@type":"BreadcrumbList","@id":"https:\/\/www.africa-press.net\/togo\/toutes-les-actualites\/togo-le-decoupage-de-lannee-scolaire-devoile#breadcrumb","itemListElement":[{"@type":"ListItem","position":1,"name":"Accueil","item":"https:\/\/www.africa-press.net\/togo\/"},{"@type":"ListItem","position":2,"name":"Togo \u2013 Le d\u00e9coupage de l\u2019ann\u00e9e scolaire d\u00e9voil\u00e9"}]},{"@type":"WebSite","@id":"https:\/\/www.africa-press.net\/togo\/#website","url":"https:\/\/www.africa-press.net\/togo\/","name":"Togo","description":"Just another Africa News Agency Sites site","potentialAction":[{"@type":"SearchAction","target":{"@type":"EntryPoint","urlTemplate":"https:\/\/www.africa-press.net\/togo\/?s={search_term_string}"},"query-input":{"@type":"PropertyValueSpecification","valueRequired":true,"valueName":"search_term_string"}}],"inLanguage":"fr-FR"},{"@type":"Person","@id":"https:\/\/www.africa-press.net\/togo\/#\/schema\/person\/2b1cf3cd81a31e3cd26889ca66d677f1","name":"cfeditorfr"}]}},"_links":{"self":[{"href":"https:\/\/www.africa-press.net\/togo\/wp-json\/wp\/v2\/posts\/12418","targetHints":{"allow":["GET"]}}],"collection":[{"href":"https:\/\/www.africa-press.net\/togo\/wp-json\/wp\/v2\/posts"}],"about":[{"href":"https:\/\/www.africa-press.net\/togo\/wp-json\/wp\/v2\/types\/post"}],"author":[{"embeddable":true,"href":"https:\/\/www.africa-press.net\/togo\/wp-json\/wp\/v2\/users\/82"}],"replies":[{"embeddable":true,"href":"https:\/\/www.africa-press.net\/togo\/wp-json\/wp\/v2\/comments?post=12418"}],"version-history":[{"count":0,"href":"https:\/\/www.africa-press.net\/togo\/wp-json\/wp\/v2\/posts\/12418\/revisions"}],"wp:featuredmedia":[{"embeddable":true,"href":"https:\/\/www.africa-press.net\/togo\/wp-json\/wp\/v2\/media\/12417"}],"wp:attachment":[{"href":"https:\/\/www.africa-press.net\/togo\/wp-json\/wp\/v2\/media?parent=12418"}],"wp:term":[{"taxonomy":"category","embeddable":true,"href":"https:\/\/www.africa-press.net\/togo\/wp-json\/wp\/v2\/categories?post=12418"},{"taxonomy":"post_tag","embeddable":true,"href":"https:\/\/www.africa-press.net\/togo\/wp-json\/wp\/v2\/tags?post=12418"}],"curies":[{"name":"wp","href":"https:\/\/api.w.org\/{rel}","templated":true}]}}