{"id":12424,"date":"2022-10-14T17:12:57","date_gmt":"2022-10-14T17:12:57","guid":{"rendered":"https:\/\/www.africa-press.net\/togo\/politique\/togo-une-cagnotte-lancee-pour-la-liberation-des-5-eleves-en-detention"},"modified":"2022-10-14T17:25:40","modified_gmt":"2022-10-14T17:25:40","slug":"togo-une-cagnotte-lancee-pour-la-liberation-des-5-eleves-en-detention","status":"publish","type":"post","link":"https:\/\/www.africa-press.net\/togo\/toutes-les-actualites\/togo-une-cagnotte-lancee-pour-la-liberation-des-5-eleves-en-detention","title":{"rendered":"Togo\u00a0: une cagnotte lanc\u00e9e pour la lib\u00e9ration des 5 \u00e9l\u00e8ves en d\u00e9tention"},"content":{"rendered":"<p><span style=\"color: #ff6600\"><strong>Africa-Press &#8211; Togo. <\/strong><\/span>Bamok Fatou (23 ans) e\u0301le\u0300ve au lyce\u0301e Nano, classe de terminale ; Konene Sita (23 ans), e\u0301le\u0300ve au lyce\u0301e de Cinkasse\u0301 en classe de terminale ; Alaka Mohanz (22 ans), e\u0301le\u0300ve au lyce\u0301e de Tandjouare\u0301 en classe de terminale (major ge\u0301ne\u0301ral) ; Sanwogou Lepaguenibe (18 ans), e\u0301le\u0300ve en classe de 3e\u0300 a\u0300 Tandjouare\u0301 ; et Tarkpatike Yendoubou (19 ans), e\u0301le\u0300ve au lyce\u0301e Tandjouare\u0301 en classe de terminale sont en prison depuis plus de 6 mois.<\/p>\n<p>Ils avaient e\u0301te\u0301 interpelle\u0301s dans le cadre des mots d\u2019ordre lance\u0301s par le Syndicat des Enseignants du Togo (SET) il y a quelques mois pour l\u2019ame\u0301lioration des conditions de vie et de travail des enseignants.<\/p>\n<p>Selon une publication du de\u0301pute\u0301 Gerry Taama, la justice serait dispose\u0301e a\u0300 satisfaire les dole\u0301ances du ministe\u0300re. Mais a\u0300 condition que les dommages cause\u0301s par les mis en cause soient re\u0301pare\u0301s.<\/p>\n<p>\u00ab Nous sommes alle\u0301s aux informations et on nous a fait comprendre que la justice est pre\u0302te a\u0300 accorder une liberte\u0301 provisoire a\u0300 nos e\u0301le\u0300ves mais elle veut qu\u2019ils payent d\u2019abord pour les choses qu\u2019ils ont eu a\u0300 de\u0301truire \u00bb, a publie\u0301 le de\u0301pute\u0301.<\/p>\n<p>A en croire Gerry Taama, selon les aveux de la justice, les e\u0301le\u0300ves ont endommage\u0301 la voiture d\u2019un citoyen dont le montant du de\u0301dommagement est estime\u0301 a\u0300 600.000F. Des infrastructures ont e\u0301te\u0301 aussi de\u0301truites et le total de la somme requise pour re\u0301parer le tort cause\u0301 est de l\u2019ordre 1,5 million de francs CFA.<\/p>\n<p>Une ope\u0301ration de\u0301nomme\u0301e \u00ab contribution pour le payement des pre\u0301judices \u00bb a e\u0301te\u0301 donc lance\u0301e par le de\u0301pute\u0301 pour venir en aide aux e\u0301le\u0300ves et obtenir leur libe\u0301ration en payant cette somme. . \u00ab Vous m\u2019avez demande\u0301 un nume\u0301ro pour la cagnotte, mais je fais mieux, je mets un lien qui permet de payer par Flooz, T-money, Ecobank ou carte bancaire \u00bb, a e\u0301crit M. Taama sur sa page facebook.<\/p>\n<p><b>Voici le lien : <\/b>https:\/\/semoa.page.link\/jr3d9UnThXq6TD599<\/p>\n<p><strong>Pour plus d&rsquo;informations et d&rsquo;analyses sur la <a href=\"https:\/\/www.africa-press.net\/togo\">Togo<\/a>, suivez <a href=\"https:\/\/www.africa-press.net\/\">Africa-Press<\/a><\/strong><\/p>\n","protected":false},"excerpt":{"rendered":"<p>Africa-Press &#8211; Togo. Bamok Fatou (23 ans) e\u0301le\u0300ve au lyce\u0301e Nano, classe de terminale ; Konene Sita (23 ans), e\u0301le\u0300ve au lyce\u0301e de Cinkasse\u0301 en classe de terminale ; Alaka Mohanz (22 ans), e\u0301le\u0300ve au lyce\u0301e de Tandjouare\u0301 en classe de terminale (major ge\u0301ne\u0301ral) ; Sanwogou Lepaguenibe (18 ans), e\u0301le\u0300ve en classe de 3e\u0300 a\u0300 [&hellip;]<\/p>\n","protected":false},"author":82,"featured_media":12423,"comment_status":"open","ping_status":"closed","sticky":false,"template":"","format":"standard","meta":{"footnotes":""},"categories":[21,10],"tags":[36,49,50],"class_list":["post-12424","post","type-post","status-publish","format-standard","has-post-thumbnail","hentry","category-communaute","category-toutes-les-actualites","tag-africa-press","tag-africa-press-togo","tag-togo"],"yoast_head":"<!-- This site is optimized with the Yoast SEO Premium plugin v26.1 (Yoast SEO v27.0) - https:\/\/yoast.com\/product\/yoast-seo-premium-wordpress\/ -->\n<title>Togo\u00a0: une cagnotte lanc\u00e9e pour la lib\u00e9ration des 5 \u00e9l\u00e8ves en d\u00e9tention - Togo<\/title>\n<meta name=\"description\" content=\"Bamok Fatou (23 ans) e\u0301le\u0300ve au lyce\u0301e Nano, classe de terminale ; Konene Sita (23 ans), e\u0301le\u0300ve au lyce\u0301e de Cinkasse\u0301 ...\" \/>\n<meta name=\"robots\" content=\"index, follow, max-snippet:-1, max-image-preview:large, max-video-preview:-1\" \/>\n<link rel=\"canonical\" href=\"https:\/\/www.africa-press.net\/togo\/toutes-les-actualites\/togo-une-cagnotte-lancee-pour-la-liberation-des-5-eleves-en-detention\" \/>\n<meta property=\"og:locale\" content=\"fr_FR\" \/>\n<meta property=\"og:type\" content=\"article\" \/>\n<meta property=\"og:title\" content=\"Togo\u00a0: une cagnotte lanc\u00e9e pour la lib\u00e9ration des 5 \u00e9l\u00e8ves en d\u00e9tention\" \/>\n<meta property=\"og:description\" content=\"Bamok Fatou (23 ans) e\u0301le\u0300ve au lyce\u0301e Nano, classe de terminale ; Konene Sita (23 ans), e\u0301le\u0300ve au lyce\u0301e de Cinkasse\u0301 ...\" \/>\n<meta property=\"og:url\" content=\"https:\/\/www.africa-press.net\/togo\/toutes-les-actualites\/togo-une-cagnotte-lancee-pour-la-liberation-des-5-eleves-en-detention\" \/>\n<meta property=\"og:site_name\" content=\"Togo\" \/>\n<meta property=\"article:published_time\" content=\"2022-10-14T17:12:57+00:00\" \/>\n<meta property=\"article:modified_time\" content=\"2022-10-14T17:25:40+00:00\" \/>\n<meta property=\"og:image\" content=\"https:\/\/static.africa-press.net\/togo\/sites\/58\/2022\/10\/postQueueImg_12-63499b7fb0e05.jpg\" \/>\n\t<meta property=\"og:image:width\" content=\"720\" \/>\n\t<meta property=\"og:image:height\" content=\"480\" \/>\n\t<meta property=\"og:image:type\" content=\"image\/jpeg\" \/>\n<meta name=\"author\" content=\"cfeditorfr\" \/>\n<meta name=\"twitter:card\" content=\"summary_large_image\" \/>\n<meta name=\"twitter:label1\" content=\"\u00c9crit par\" \/>\n\t<meta name=\"twitter:data1\" content=\"cfeditorfr\" \/>\n\t<meta name=\"twitter:label2\" content=\"Dur\u00e9e de lecture estim\u00e9e\" \/>\n\t<meta name=\"twitter:data2\" content=\"2 minutes\" \/>\n<script type=\"application\/ld+json\" class=\"yoast-schema-graph\">{\"@context\":\"https:\/\/schema.org\",\"@graph\":[{\"@type\":\"Article\",\"@id\":\"https:\/\/www.africa-press.net\/togo\/toutes-les-actualites\/togo-une-cagnotte-lancee-pour-la-liberation-des-5-eleves-en-detention#article\",\"isPartOf\":{\"@id\":\"https:\/\/www.africa-press.net\/togo\/toutes-les-actualites\/togo-une-cagnotte-lancee-pour-la-liberation-des-5-eleves-en-detention\"},\"author\":{\"name\":\"cfeditorfr\",\"@id\":\"https:\/\/www.africa-press.net\/togo\/#\/schema\/person\/2b1cf3cd81a31e3cd26889ca66d677f1\"},\"headline\":\"Togo\u00a0: une cagnotte lanc\u00e9e pour la lib\u00e9ration des 5 \u00e9l\u00e8ves en d\u00e9tention\",\"datePublished\":\"2022-10-14T17:12:57+00:00\",\"dateModified\":\"2022-10-14T17:25:40+00:00\",\"mainEntityOfPage\":{\"@id\":\"https:\/\/www.africa-press.net\/togo\/toutes-les-actualites\/togo-une-cagnotte-lancee-pour-la-liberation-des-5-eleves-en-detention\"},\"wordCount\":391,\"commentCount\":0,\"image\":{\"@id\":\"https:\/\/www.africa-press.net\/togo\/toutes-les-actualites\/togo-une-cagnotte-lancee-pour-la-liberation-des-5-eleves-en-detention#primaryimage\"},\"thumbnailUrl\":\"https:\/\/static.africa-press.net\/togo\/sites\/58\/2022\/10\/postQueueImg_12-63499b7fb0e05.jpg\",\"keywords\":[\"Africa Press\",\"Africa Press-Togo\",\"Togo\"],\"articleSection\":[\"Communaut\u00e9\",\"Toutes les actualit\u00e9s\"],\"inLanguage\":\"fr-FR\",\"potentialAction\":[{\"@type\":\"CommentAction\",\"name\":\"Comment\",\"target\":[\"https:\/\/www.africa-press.net\/togo\/toutes-les-actualites\/togo-une-cagnotte-lancee-pour-la-liberation-des-5-eleves-en-detention#respond\"]}]},{\"@type\":\"WebPage\",\"@id\":\"https:\/\/www.africa-press.net\/togo\/toutes-les-actualites\/togo-une-cagnotte-lancee-pour-la-liberation-des-5-eleves-en-detention\",\"url\":\"https:\/\/www.africa-press.net\/togo\/toutes-les-actualites\/togo-une-cagnotte-lancee-pour-la-liberation-des-5-eleves-en-detention\",\"name\":\"Togo\u00a0: une cagnotte lanc\u00e9e pour la lib\u00e9ration des 5 \u00e9l\u00e8ves en d\u00e9tention - Togo\",\"isPartOf\":{\"@id\":\"https:\/\/www.africa-press.net\/togo\/#website\"},\"primaryImageOfPage\":{\"@id\":\"https:\/\/www.africa-press.net\/togo\/toutes-les-actualites\/togo-une-cagnotte-lancee-pour-la-liberation-des-5-eleves-en-detention#primaryimage\"},\"image\":{\"@id\":\"https:\/\/www.africa-press.net\/togo\/toutes-les-actualites\/togo-une-cagnotte-lancee-pour-la-liberation-des-5-eleves-en-detention#primaryimage\"},\"thumbnailUrl\":\"https:\/\/static.africa-press.net\/togo\/sites\/58\/2022\/10\/postQueueImg_12-63499b7fb0e05.jpg\",\"datePublished\":\"2022-10-14T17:12:57+00:00\",\"dateModified\":\"2022-10-14T17:25:40+00:00\",\"author\":{\"@id\":\"https:\/\/www.africa-press.net\/togo\/#\/schema\/person\/2b1cf3cd81a31e3cd26889ca66d677f1\"},\"description\":\"Bamok Fatou (23 ans) e\u0301le\u0300ve au lyce\u0301e Nano, classe de terminale ; Konene Sita (23 ans), e\u0301le\u0300ve au lyce\u0301e de Cinkasse\u0301 ...\",\"breadcrumb\":{\"@id\":\"https:\/\/www.africa-press.net\/togo\/toutes-les-actualites\/togo-une-cagnotte-lancee-pour-la-liberation-des-5-eleves-en-detention#breadcrumb\"},\"inLanguage\":\"fr-FR\",\"potentialAction\":[{\"@type\":\"ReadAction\",\"target\":[\"https:\/\/www.africa-press.net\/togo\/toutes-les-actualites\/togo-une-cagnotte-lancee-pour-la-liberation-des-5-eleves-en-detention\"]}]},{\"@type\":\"ImageObject\",\"inLanguage\":\"fr-FR\",\"@id\":\"https:\/\/www.africa-press.net\/togo\/toutes-les-actualites\/togo-une-cagnotte-lancee-pour-la-liberation-des-5-eleves-en-detention#primaryimage\",\"url\":\"https:\/\/static.africa-press.net\/togo\/sites\/58\/2022\/10\/postQueueImg_12-63499b7fb0e05.jpg\",\"contentUrl\":\"https:\/\/static.africa-press.net\/togo\/sites\/58\/2022\/10\/postQueueImg_12-63499b7fb0e05.jpg\",\"width\":720,\"height\":480,\"caption\":\"Togo\u00a0: une cagnotte lanc\u00e9e pour la lib\u00e9ration des 5 \u00e9l\u00e8ves en d\u00e9tention\"},{\"@type\":\"BreadcrumbList\",\"@id\":\"https:\/\/www.africa-press.net\/togo\/toutes-les-actualites\/togo-une-cagnotte-lancee-pour-la-liberation-des-5-eleves-en-detention#breadcrumb\",\"itemListElement\":[{\"@type\":\"ListItem\",\"position\":1,\"name\":\"Accueil\",\"item\":\"https:\/\/www.africa-press.net\/togo\/\"},{\"@type\":\"ListItem\",\"position\":2,\"name\":\"Togo\u00a0: une cagnotte lanc\u00e9e pour la lib\u00e9ration des 5 \u00e9l\u00e8ves en d\u00e9tention\"}]},{\"@type\":\"WebSite\",\"@id\":\"https:\/\/www.africa-press.net\/togo\/#website\",\"url\":\"https:\/\/www.africa-press.net\/togo\/\",\"name\":\"Togo\",\"description\":\"Just another Africa News Agency Sites site\",\"potentialAction\":[{\"@type\":\"SearchAction\",\"target\":{\"@type\":\"EntryPoint\",\"urlTemplate\":\"https:\/\/www.africa-press.net\/togo\/?s={search_term_string}\"},\"query-input\":{\"@type\":\"PropertyValueSpecification\",\"valueRequired\":true,\"valueName\":\"search_term_string\"}}],\"inLanguage\":\"fr-FR\"},{\"@type\":\"Person\",\"@id\":\"https:\/\/www.africa-press.net\/togo\/#\/schema\/person\/2b1cf3cd81a31e3cd26889ca66d677f1\",\"name\":\"cfeditorfr\"}]}<\/script>\n<!-- \/ Yoast SEO Premium plugin. -->","yoast_head_json":{"title":"Togo\u00a0: une cagnotte lanc\u00e9e pour la lib\u00e9ration des 5 \u00e9l\u00e8ves en d\u00e9tention - Togo","description":"Bamok Fatou (23 ans) e\u0301le\u0300ve au lyce\u0301e Nano, classe de terminale ; Konene Sita (23 ans), e\u0301le\u0300ve au lyce\u0301e de Cinkasse\u0301 ...","robots":{"index":"index","follow":"follow","max-snippet":"max-snippet:-1","max-image-preview":"max-image-preview:large","max-video-preview":"max-video-preview:-1"},"canonical":"https:\/\/www.africa-press.net\/togo\/toutes-les-actualites\/togo-une-cagnotte-lancee-pour-la-liberation-des-5-eleves-en-detention","og_locale":"fr_FR","og_type":"article","og_title":"Togo\u00a0: une cagnotte lanc\u00e9e pour la lib\u00e9ration des 5 \u00e9l\u00e8ves en d\u00e9tention","og_description":"Bamok Fatou (23 ans) e\u0301le\u0300ve au lyce\u0301e Nano, classe de terminale ; Konene Sita (23 ans), e\u0301le\u0300ve au lyce\u0301e de Cinkasse\u0301 ...","og_url":"https:\/\/www.africa-press.net\/togo\/toutes-les-actualites\/togo-une-cagnotte-lancee-pour-la-liberation-des-5-eleves-en-detention","og_site_name":"Togo","article_published_time":"2022-10-14T17:12:57+00:00","article_modified_time":"2022-10-14T17:25:40+00:00","og_image":[{"width":720,"height":480,"url":"https:\/\/static.africa-press.net\/togo\/sites\/58\/2022\/10\/postQueueImg_12-63499b7fb0e05.jpg","type":"image\/jpeg"}],"author":"cfeditorfr","twitter_card":"summary_large_image","twitter_misc":{"\u00c9crit par":"cfeditorfr","Dur\u00e9e de lecture estim\u00e9e":"2 minutes"},"schema":{"@context":"https:\/\/schema.org","@graph":[{"@type":"Article","@id":"https:\/\/www.africa-press.net\/togo\/toutes-les-actualites\/togo-une-cagnotte-lancee-pour-la-liberation-des-5-eleves-en-detention#article","isPartOf":{"@id":"https:\/\/www.africa-press.net\/togo\/toutes-les-actualites\/togo-une-cagnotte-lancee-pour-la-liberation-des-5-eleves-en-detention"},"author":{"name":"cfeditorfr","@id":"https:\/\/www.africa-press.net\/togo\/#\/schema\/person\/2b1cf3cd81a31e3cd26889ca66d677f1"},"headline":"Togo\u00a0: une cagnotte lanc\u00e9e pour la lib\u00e9ration des 5 \u00e9l\u00e8ves en d\u00e9tention","datePublished":"2022-10-14T17:12:57+00:00","dateModified":"2022-10-14T17:25:40+00:00","mainEntityOfPage":{"@id":"https:\/\/www.africa-press.net\/togo\/toutes-les-actualites\/togo-une-cagnotte-lancee-pour-la-liberation-des-5-eleves-en-detention"},"wordCount":391,"commentCount":0,"image":{"@id":"https:\/\/www.africa-press.net\/togo\/toutes-les-actualites\/togo-une-cagnotte-lancee-pour-la-liberation-des-5-eleves-en-detention#primaryimage"},"thumbnailUrl":"https:\/\/static.africa-press.net\/togo\/sites\/58\/2022\/10\/postQueueImg_12-63499b7fb0e05.jpg","keywords":["Africa Press","Africa Press-Togo","Togo"],"articleSection":["Communaut\u00e9","Toutes les actualit\u00e9s"],"inLanguage":"fr-FR","potentialAction":[{"@type":"CommentAction","name":"Comment","target":["https:\/\/www.africa-press.net\/togo\/toutes-les-actualites\/togo-une-cagnotte-lancee-pour-la-liberation-des-5-eleves-en-detention#respond"]}]},{"@type":"WebPage","@id":"https:\/\/www.africa-press.net\/togo\/toutes-les-actualites\/togo-une-cagnotte-lancee-pour-la-liberation-des-5-eleves-en-detention","url":"https:\/\/www.africa-press.net\/togo\/toutes-les-actualites\/togo-une-cagnotte-lancee-pour-la-liberation-des-5-eleves-en-detention","name":"Togo\u00a0: une cagnotte lanc\u00e9e pour la lib\u00e9ration des 5 \u00e9l\u00e8ves en d\u00e9tention - Togo","isPartOf":{"@id":"https:\/\/www.africa-press.net\/togo\/#website"},"primaryImageOfPage":{"@id":"https:\/\/www.africa-press.net\/togo\/toutes-les-actualites\/togo-une-cagnotte-lancee-pour-la-liberation-des-5-eleves-en-detention#primaryimage"},"image":{"@id":"https:\/\/www.africa-press.net\/togo\/toutes-les-actualites\/togo-une-cagnotte-lancee-pour-la-liberation-des-5-eleves-en-detention#primaryimage"},"thumbnailUrl":"https:\/\/static.africa-press.net\/togo\/sites\/58\/2022\/10\/postQueueImg_12-63499b7fb0e05.jpg","datePublished":"2022-10-14T17:12:57+00:00","dateModified":"2022-10-14T17:25:40+00:00","author":{"@id":"https:\/\/www.africa-press.net\/togo\/#\/schema\/person\/2b1cf3cd81a31e3cd26889ca66d677f1"},"description":"Bamok Fatou (23 ans) e\u0301le\u0300ve au lyce\u0301e Nano, classe de terminale ; Konene Sita (23 ans), e\u0301le\u0300ve au lyce\u0301e de Cinkasse\u0301 ...","breadcrumb":{"@id":"https:\/\/www.africa-press.net\/togo\/toutes-les-actualites\/togo-une-cagnotte-lancee-pour-la-liberation-des-5-eleves-en-detention#breadcrumb"},"inLanguage":"fr-FR","potentialAction":[{"@type":"ReadAction","target":["https:\/\/www.africa-press.net\/togo\/toutes-les-actualites\/togo-une-cagnotte-lancee-pour-la-liberation-des-5-eleves-en-detention"]}]},{"@type":"ImageObject","inLanguage":"fr-FR","@id":"https:\/\/www.africa-press.net\/togo\/toutes-les-actualites\/togo-une-cagnotte-lancee-pour-la-liberation-des-5-eleves-en-detention#primaryimage","url":"https:\/\/static.africa-press.net\/togo\/sites\/58\/2022\/10\/postQueueImg_12-63499b7fb0e05.jpg","contentUrl":"https:\/\/static.africa-press.net\/togo\/sites\/58\/2022\/10\/postQueueImg_12-63499b7fb0e05.jpg","width":720,"height":480,"caption":"Togo\u00a0: une cagnotte lanc\u00e9e pour la lib\u00e9ration des 5 \u00e9l\u00e8ves en d\u00e9tention"},{"@type":"BreadcrumbList","@id":"https:\/\/www.africa-press.net\/togo\/toutes-les-actualites\/togo-une-cagnotte-lancee-pour-la-liberation-des-5-eleves-en-detention#breadcrumb","itemListElement":[{"@type":"ListItem","position":1,"name":"Accueil","item":"https:\/\/www.africa-press.net\/togo\/"},{"@type":"ListItem","position":2,"name":"Togo\u00a0: une cagnotte lanc\u00e9e pour la lib\u00e9ration des 5 \u00e9l\u00e8ves en d\u00e9tention"}]},{"@type":"WebSite","@id":"https:\/\/www.africa-press.net\/togo\/#website","url":"https:\/\/www.africa-press.net\/togo\/","name":"Togo","description":"Just another Africa News Agency Sites site","potentialAction":[{"@type":"SearchAction","target":{"@type":"EntryPoint","urlTemplate":"https:\/\/www.africa-press.net\/togo\/?s={search_term_string}"},"query-input":{"@type":"PropertyValueSpecification","valueRequired":true,"valueName":"search_term_string"}}],"inLanguage":"fr-FR"},{"@type":"Person","@id":"https:\/\/www.africa-press.net\/togo\/#\/schema\/person\/2b1cf3cd81a31e3cd26889ca66d677f1","name":"cfeditorfr"}]}},"_links":{"self":[{"href":"https:\/\/www.africa-press.net\/togo\/wp-json\/wp\/v2\/posts\/12424","targetHints":{"allow":["GET"]}}],"collection":[{"href":"https:\/\/www.africa-press.net\/togo\/wp-json\/wp\/v2\/posts"}],"about":[{"href":"https:\/\/www.africa-press.net\/togo\/wp-json\/wp\/v2\/types\/post"}],"author":[{"embeddable":true,"href":"https:\/\/www.africa-press.net\/togo\/wp-json\/wp\/v2\/users\/82"}],"replies":[{"embeddable":true,"href":"https:\/\/www.africa-press.net\/togo\/wp-json\/wp\/v2\/comments?post=12424"}],"version-history":[{"count":0,"href":"https:\/\/www.africa-press.net\/togo\/wp-json\/wp\/v2\/posts\/12424\/revisions"}],"wp:featuredmedia":[{"embeddable":true,"href":"https:\/\/www.africa-press.net\/togo\/wp-json\/wp\/v2\/media\/12423"}],"wp:attachment":[{"href":"https:\/\/www.africa-press.net\/togo\/wp-json\/wp\/v2\/media?parent=12424"}],"wp:term":[{"taxonomy":"category","embeddable":true,"href":"https:\/\/www.africa-press.net\/togo\/wp-json\/wp\/v2\/categories?post=12424"},{"taxonomy":"post_tag","embeddable":true,"href":"https:\/\/www.africa-press.net\/togo\/wp-json\/wp\/v2\/tags?post=12424"}],"curies":[{"name":"wp","href":"https:\/\/api.w.org\/{rel}","templated":true}]}}