{"id":12457,"date":"2022-10-15T19:05:07","date_gmt":"2022-10-15T19:05:07","guid":{"rendered":"https:\/\/www.africa-press.net\/togo\/politique\/togo-medias-enfin-la-signature-de-la-convention-collective"},"modified":"2022-10-15T19:18:37","modified_gmt":"2022-10-15T19:18:37","slug":"togo-medias-enfin-la-signature-de-la-convention-collective","status":"publish","type":"post","link":"https:\/\/www.africa-press.net\/togo\/sports\/togo-medias-enfin-la-signature-de-la-convention-collective","title":{"rendered":"Togo- M\u00e9dias: enfin la signature de la convention collective"},"content":{"rendered":"<p><span style=\"color: #ff6600\"><strong>Africa-Press &#8211; Togo. <\/strong><\/span>La date du vendredi 14 octobre 2022 restera grave\u0301e dans les annales de la presse prive\u0301e togolaise. Ce jour-la\u0300, la convention collective des journalistes et professionnels des me\u0301dias du Togo a e\u0301te\u0301 signe\u0301e a\u0300 Lome\u0301.<\/p>\n<p>Re\u0301publique togolaise COMMUNQUE DE PRESSE<\/p>\n<p>Ministe\u0300re de la communication<\/p>\n<p>et des me\u0301dias<\/p>\n<p>SIGNATURE DE LA CONVENTION COLLECTIVE DES JOURNALISTES ET PROFESSIONNELS DES MEDIAS DU TOGO<\/p>\n<p>Auditorium de l\u2019Universite\u0301 de Lome\u0301, le 14 octobre 2022- Les responsables des organisations syndicales et patronales de la presse prive\u0301e du Togo, sous la supervision du Prof. Akodah AYEWOUADAN, ministre de la communication et des me\u0301dias, porte-parole du gouvernement, ont proce\u0301de\u0301 ce jour a\u0300 la signature de la convention collective des journalistes et professionnels des me\u0301dias du Togo.<\/p>\n<p>Cette signature intervient au terme d\u2019un processus mis en branle a\u0300 l\u2019issue des e\u0301tats ge\u0301ne\u0301raux de la presse tenus a\u0300 Kpalime\u0301 en 2014, puis relance\u0301 en novembre 2020 avec l\u2019accompagnement du ministre de la communication et des me\u0301dias.<\/p>\n<p>Les ne\u0301gociations entre les syndicats (SYNJIT, UJIT) et le patronat (CONAPP, URATEL, PPT, ATOPEL) ont abouti a\u0300 un document consensuel de 37 pages comportant 104 articles.<\/p>\n<p>Cette convention signe\u0301e comprend, entre autres, le montant du salaire e\u0301tabli en fonction d\u2019une grille commune\u0301ment accepte\u0301e, selon des e\u0301chelons variables : le mode de recrutement du journaliste qui est en plus des qualifications acade\u0301miques et professionnelles, est atteste\u0301 par la de\u0301livrance de la carte de presse ; les montants des primes de transport, de rendement, le profil de la carrie\u0300re et les stages de formation professionnelle.<\/p>\n<p>La signature de la convention collective des journalistes et professionnels des me\u0301dias du Togo intervient a\u0300 quelques semaines de la fin du moratoire de trois ans introduit dans le code de la presse et de la communication pour permettre aux diffe\u0301rents acteurs de se conformer pleinement aux dispositions re\u0301gissant la pratique du journalisme au Togo.<\/p>\n<p>Elle alise la voie a\u0300 l\u2019ope\u0301rationnalisation du fonds de soutien et de de\u0301veloppement de la presse appele\u0301 \u00ab Fonds Presse \u00bb dans le but d\u2019accompagner le secteur pour assurer une formation continue aux acteurs, promouvoir le service d\u2019inte\u0301re\u0302t ge\u0301ne\u0301ral et favoriser une meilleure organisation de la corporation, ainsi qu\u2019il est pre\u0301cise\u0301 dans le code de la presse et de la communication en son article 55.<\/p>\n<p>Pour rappel, l\u2019assainissement du secteur des me\u0301dias et l\u2019ame\u0301lioration des conditions de vie et de travail des journalistes et techniciens de presse de\u0301pendent dans une large mesure de la viabilite\u0301 des socie\u0301te\u0301s de presse.<\/p>\n<p><strong>Pour plus d&rsquo;informations et d&rsquo;analyses sur la <a href=\"https:\/\/www.africa-press.net\/togo\">Togo<\/a>, suivez <a href=\"https:\/\/www.africa-press.net\/\">Africa-Press<\/a><\/strong><\/p>\n","protected":false},"excerpt":{"rendered":"<p>Africa-Press &#8211; Togo. La date du vendredi 14 octobre 2022 restera grave\u0301e dans les annales de la presse prive\u0301e togolaise. Ce jour-la\u0300, la convention collective des journalistes et professionnels des me\u0301dias du Togo a e\u0301te\u0301 signe\u0301e a\u0300 Lome\u0301. Re\u0301publique togolaise COMMUNQUE DE PRESSE Ministe\u0300re de la communication et des me\u0301dias SIGNATURE DE LA CONVENTION COLLECTIVE [&hellip;]<\/p>\n","protected":false},"author":82,"featured_media":12456,"comment_status":"open","ping_status":"closed","sticky":false,"template":"","format":"standard","meta":{"footnotes":""},"categories":[6,10],"tags":[36,49,50],"class_list":["post-12457","post","type-post","status-publish","format-standard","has-post-thumbnail","hentry","category-sports","category-toutes-les-actualites","tag-africa-press","tag-africa-press-togo","tag-togo"],"yoast_head":"<!-- This site is optimized with the Yoast SEO Premium plugin v26.1 (Yoast SEO v27.0) - https:\/\/yoast.com\/product\/yoast-seo-premium-wordpress\/ -->\n<title>Togo- M\u00e9dias: enfin la signature de la convention collective - Togo<\/title>\n<meta name=\"description\" content=\"La date du vendredi 14 octobre 2022 restera grave\u0301e dans les annales de la presse prive\u0301e togolaise. Ce jour-la\u0300, la con ...\" \/>\n<meta name=\"robots\" content=\"index, follow, max-snippet:-1, max-image-preview:large, max-video-preview:-1\" \/>\n<link rel=\"canonical\" href=\"https:\/\/www.africa-press.net\/togo\/sports\/togo-medias-enfin-la-signature-de-la-convention-collective\" \/>\n<meta property=\"og:locale\" content=\"fr_FR\" \/>\n<meta property=\"og:type\" content=\"article\" \/>\n<meta property=\"og:title\" content=\"Togo- M\u00e9dias: enfin la signature de la convention collective\" \/>\n<meta property=\"og:description\" content=\"La date du vendredi 14 octobre 2022 restera grave\u0301e dans les annales de la presse prive\u0301e togolaise. Ce jour-la\u0300, la con ...\" \/>\n<meta property=\"og:url\" content=\"https:\/\/www.africa-press.net\/togo\/sports\/togo-medias-enfin-la-signature-de-la-convention-collective\" \/>\n<meta property=\"og:site_name\" content=\"Togo\" \/>\n<meta property=\"article:published_time\" content=\"2022-10-15T19:05:07+00:00\" \/>\n<meta property=\"article:modified_time\" content=\"2022-10-15T19:18:37+00:00\" \/>\n<meta property=\"og:image\" content=\"https:\/\/static.africa-press.net\/togo\/sites\/58\/2022\/10\/postQueueImg_5-634b0778e5946.jpg\" \/>\n\t<meta property=\"og:image:width\" content=\"1280\" \/>\n\t<meta property=\"og:image:height\" content=\"800\" \/>\n\t<meta property=\"og:image:type\" content=\"image\/jpeg\" \/>\n<meta name=\"author\" content=\"cfeditorfr\" \/>\n<meta name=\"twitter:card\" content=\"summary_large_image\" \/>\n<meta name=\"twitter:label1\" content=\"\u00c9crit par\" \/>\n\t<meta name=\"twitter:data1\" content=\"cfeditorfr\" \/>\n\t<meta name=\"twitter:label2\" content=\"Dur\u00e9e de lecture estim\u00e9e\" \/>\n\t<meta name=\"twitter:data2\" content=\"3 minutes\" \/>\n<script type=\"application\/ld+json\" class=\"yoast-schema-graph\">{\"@context\":\"https:\/\/schema.org\",\"@graph\":[{\"@type\":\"Article\",\"@id\":\"https:\/\/www.africa-press.net\/togo\/sports\/togo-medias-enfin-la-signature-de-la-convention-collective#article\",\"isPartOf\":{\"@id\":\"https:\/\/www.africa-press.net\/togo\/sports\/togo-medias-enfin-la-signature-de-la-convention-collective\"},\"author\":{\"name\":\"cfeditorfr\",\"@id\":\"https:\/\/www.africa-press.net\/togo\/#\/schema\/person\/2b1cf3cd81a31e3cd26889ca66d677f1\"},\"headline\":\"Togo- M\u00e9dias: enfin la signature de la convention collective\",\"datePublished\":\"2022-10-15T19:05:07+00:00\",\"dateModified\":\"2022-10-15T19:18:37+00:00\",\"mainEntityOfPage\":{\"@id\":\"https:\/\/www.africa-press.net\/togo\/sports\/togo-medias-enfin-la-signature-de-la-convention-collective\"},\"wordCount\":467,\"commentCount\":0,\"image\":{\"@id\":\"https:\/\/www.africa-press.net\/togo\/sports\/togo-medias-enfin-la-signature-de-la-convention-collective#primaryimage\"},\"thumbnailUrl\":\"https:\/\/static.africa-press.net\/togo\/sites\/58\/2022\/10\/postQueueImg_5-634b0778e5946.jpg\",\"keywords\":[\"Africa Press\",\"Africa Press-Togo\",\"Togo\"],\"articleSection\":[\"Sports\",\"Toutes les actualit\u00e9s\"],\"inLanguage\":\"fr-FR\",\"potentialAction\":[{\"@type\":\"CommentAction\",\"name\":\"Comment\",\"target\":[\"https:\/\/www.africa-press.net\/togo\/sports\/togo-medias-enfin-la-signature-de-la-convention-collective#respond\"]}]},{\"@type\":\"WebPage\",\"@id\":\"https:\/\/www.africa-press.net\/togo\/sports\/togo-medias-enfin-la-signature-de-la-convention-collective\",\"url\":\"https:\/\/www.africa-press.net\/togo\/sports\/togo-medias-enfin-la-signature-de-la-convention-collective\",\"name\":\"Togo- M\u00e9dias: enfin la signature de la convention collective - Togo\",\"isPartOf\":{\"@id\":\"https:\/\/www.africa-press.net\/togo\/#website\"},\"primaryImageOfPage\":{\"@id\":\"https:\/\/www.africa-press.net\/togo\/sports\/togo-medias-enfin-la-signature-de-la-convention-collective#primaryimage\"},\"image\":{\"@id\":\"https:\/\/www.africa-press.net\/togo\/sports\/togo-medias-enfin-la-signature-de-la-convention-collective#primaryimage\"},\"thumbnailUrl\":\"https:\/\/static.africa-press.net\/togo\/sites\/58\/2022\/10\/postQueueImg_5-634b0778e5946.jpg\",\"datePublished\":\"2022-10-15T19:05:07+00:00\",\"dateModified\":\"2022-10-15T19:18:37+00:00\",\"author\":{\"@id\":\"https:\/\/www.africa-press.net\/togo\/#\/schema\/person\/2b1cf3cd81a31e3cd26889ca66d677f1\"},\"description\":\"La date du vendredi 14 octobre 2022 restera grave\u0301e dans les annales de la presse prive\u0301e togolaise. Ce jour-la\u0300, la con ...\",\"breadcrumb\":{\"@id\":\"https:\/\/www.africa-press.net\/togo\/sports\/togo-medias-enfin-la-signature-de-la-convention-collective#breadcrumb\"},\"inLanguage\":\"fr-FR\",\"potentialAction\":[{\"@type\":\"ReadAction\",\"target\":[\"https:\/\/www.africa-press.net\/togo\/sports\/togo-medias-enfin-la-signature-de-la-convention-collective\"]}]},{\"@type\":\"ImageObject\",\"inLanguage\":\"fr-FR\",\"@id\":\"https:\/\/www.africa-press.net\/togo\/sports\/togo-medias-enfin-la-signature-de-la-convention-collective#primaryimage\",\"url\":\"https:\/\/static.africa-press.net\/togo\/sites\/58\/2022\/10\/postQueueImg_5-634b0778e5946.jpg\",\"contentUrl\":\"https:\/\/static.africa-press.net\/togo\/sites\/58\/2022\/10\/postQueueImg_5-634b0778e5946.jpg\",\"width\":1280,\"height\":800,\"caption\":\"Togo- M\u00e9dias: enfin la signature de la convention collective\"},{\"@type\":\"BreadcrumbList\",\"@id\":\"https:\/\/www.africa-press.net\/togo\/sports\/togo-medias-enfin-la-signature-de-la-convention-collective#breadcrumb\",\"itemListElement\":[{\"@type\":\"ListItem\",\"position\":1,\"name\":\"Accueil\",\"item\":\"https:\/\/www.africa-press.net\/togo\/\"},{\"@type\":\"ListItem\",\"position\":2,\"name\":\"Togo- M\u00e9dias: enfin la signature de la convention collective\"}]},{\"@type\":\"WebSite\",\"@id\":\"https:\/\/www.africa-press.net\/togo\/#website\",\"url\":\"https:\/\/www.africa-press.net\/togo\/\",\"name\":\"Togo\",\"description\":\"Just another Africa News Agency Sites site\",\"potentialAction\":[{\"@type\":\"SearchAction\",\"target\":{\"@type\":\"EntryPoint\",\"urlTemplate\":\"https:\/\/www.africa-press.net\/togo\/?s={search_term_string}\"},\"query-input\":{\"@type\":\"PropertyValueSpecification\",\"valueRequired\":true,\"valueName\":\"search_term_string\"}}],\"inLanguage\":\"fr-FR\"},{\"@type\":\"Person\",\"@id\":\"https:\/\/www.africa-press.net\/togo\/#\/schema\/person\/2b1cf3cd81a31e3cd26889ca66d677f1\",\"name\":\"cfeditorfr\"}]}<\/script>\n<!-- \/ Yoast SEO Premium plugin. -->","yoast_head_json":{"title":"Togo- M\u00e9dias: enfin la signature de la convention collective - Togo","description":"La date du vendredi 14 octobre 2022 restera grave\u0301e dans les annales de la presse prive\u0301e togolaise. Ce jour-la\u0300, la con ...","robots":{"index":"index","follow":"follow","max-snippet":"max-snippet:-1","max-image-preview":"max-image-preview:large","max-video-preview":"max-video-preview:-1"},"canonical":"https:\/\/www.africa-press.net\/togo\/sports\/togo-medias-enfin-la-signature-de-la-convention-collective","og_locale":"fr_FR","og_type":"article","og_title":"Togo- M\u00e9dias: enfin la signature de la convention collective","og_description":"La date du vendredi 14 octobre 2022 restera grave\u0301e dans les annales de la presse prive\u0301e togolaise. Ce jour-la\u0300, la con ...","og_url":"https:\/\/www.africa-press.net\/togo\/sports\/togo-medias-enfin-la-signature-de-la-convention-collective","og_site_name":"Togo","article_published_time":"2022-10-15T19:05:07+00:00","article_modified_time":"2022-10-15T19:18:37+00:00","og_image":[{"width":1280,"height":800,"url":"https:\/\/static.africa-press.net\/togo\/sites\/58\/2022\/10\/postQueueImg_5-634b0778e5946.jpg","type":"image\/jpeg"}],"author":"cfeditorfr","twitter_card":"summary_large_image","twitter_misc":{"\u00c9crit par":"cfeditorfr","Dur\u00e9e de lecture estim\u00e9e":"3 minutes"},"schema":{"@context":"https:\/\/schema.org","@graph":[{"@type":"Article","@id":"https:\/\/www.africa-press.net\/togo\/sports\/togo-medias-enfin-la-signature-de-la-convention-collective#article","isPartOf":{"@id":"https:\/\/www.africa-press.net\/togo\/sports\/togo-medias-enfin-la-signature-de-la-convention-collective"},"author":{"name":"cfeditorfr","@id":"https:\/\/www.africa-press.net\/togo\/#\/schema\/person\/2b1cf3cd81a31e3cd26889ca66d677f1"},"headline":"Togo- M\u00e9dias: enfin la signature de la convention collective","datePublished":"2022-10-15T19:05:07+00:00","dateModified":"2022-10-15T19:18:37+00:00","mainEntityOfPage":{"@id":"https:\/\/www.africa-press.net\/togo\/sports\/togo-medias-enfin-la-signature-de-la-convention-collective"},"wordCount":467,"commentCount":0,"image":{"@id":"https:\/\/www.africa-press.net\/togo\/sports\/togo-medias-enfin-la-signature-de-la-convention-collective#primaryimage"},"thumbnailUrl":"https:\/\/static.africa-press.net\/togo\/sites\/58\/2022\/10\/postQueueImg_5-634b0778e5946.jpg","keywords":["Africa Press","Africa Press-Togo","Togo"],"articleSection":["Sports","Toutes les actualit\u00e9s"],"inLanguage":"fr-FR","potentialAction":[{"@type":"CommentAction","name":"Comment","target":["https:\/\/www.africa-press.net\/togo\/sports\/togo-medias-enfin-la-signature-de-la-convention-collective#respond"]}]},{"@type":"WebPage","@id":"https:\/\/www.africa-press.net\/togo\/sports\/togo-medias-enfin-la-signature-de-la-convention-collective","url":"https:\/\/www.africa-press.net\/togo\/sports\/togo-medias-enfin-la-signature-de-la-convention-collective","name":"Togo- M\u00e9dias: enfin la signature de la convention collective - Togo","isPartOf":{"@id":"https:\/\/www.africa-press.net\/togo\/#website"},"primaryImageOfPage":{"@id":"https:\/\/www.africa-press.net\/togo\/sports\/togo-medias-enfin-la-signature-de-la-convention-collective#primaryimage"},"image":{"@id":"https:\/\/www.africa-press.net\/togo\/sports\/togo-medias-enfin-la-signature-de-la-convention-collective#primaryimage"},"thumbnailUrl":"https:\/\/static.africa-press.net\/togo\/sites\/58\/2022\/10\/postQueueImg_5-634b0778e5946.jpg","datePublished":"2022-10-15T19:05:07+00:00","dateModified":"2022-10-15T19:18:37+00:00","author":{"@id":"https:\/\/www.africa-press.net\/togo\/#\/schema\/person\/2b1cf3cd81a31e3cd26889ca66d677f1"},"description":"La date du vendredi 14 octobre 2022 restera grave\u0301e dans les annales de la presse prive\u0301e togolaise. Ce jour-la\u0300, la con ...","breadcrumb":{"@id":"https:\/\/www.africa-press.net\/togo\/sports\/togo-medias-enfin-la-signature-de-la-convention-collective#breadcrumb"},"inLanguage":"fr-FR","potentialAction":[{"@type":"ReadAction","target":["https:\/\/www.africa-press.net\/togo\/sports\/togo-medias-enfin-la-signature-de-la-convention-collective"]}]},{"@type":"ImageObject","inLanguage":"fr-FR","@id":"https:\/\/www.africa-press.net\/togo\/sports\/togo-medias-enfin-la-signature-de-la-convention-collective#primaryimage","url":"https:\/\/static.africa-press.net\/togo\/sites\/58\/2022\/10\/postQueueImg_5-634b0778e5946.jpg","contentUrl":"https:\/\/static.africa-press.net\/togo\/sites\/58\/2022\/10\/postQueueImg_5-634b0778e5946.jpg","width":1280,"height":800,"caption":"Togo- M\u00e9dias: enfin la signature de la convention collective"},{"@type":"BreadcrumbList","@id":"https:\/\/www.africa-press.net\/togo\/sports\/togo-medias-enfin-la-signature-de-la-convention-collective#breadcrumb","itemListElement":[{"@type":"ListItem","position":1,"name":"Accueil","item":"https:\/\/www.africa-press.net\/togo\/"},{"@type":"ListItem","position":2,"name":"Togo- M\u00e9dias: enfin la signature de la convention collective"}]},{"@type":"WebSite","@id":"https:\/\/www.africa-press.net\/togo\/#website","url":"https:\/\/www.africa-press.net\/togo\/","name":"Togo","description":"Just another Africa News Agency Sites site","potentialAction":[{"@type":"SearchAction","target":{"@type":"EntryPoint","urlTemplate":"https:\/\/www.africa-press.net\/togo\/?s={search_term_string}"},"query-input":{"@type":"PropertyValueSpecification","valueRequired":true,"valueName":"search_term_string"}}],"inLanguage":"fr-FR"},{"@type":"Person","@id":"https:\/\/www.africa-press.net\/togo\/#\/schema\/person\/2b1cf3cd81a31e3cd26889ca66d677f1","name":"cfeditorfr"}]}},"_links":{"self":[{"href":"https:\/\/www.africa-press.net\/togo\/wp-json\/wp\/v2\/posts\/12457","targetHints":{"allow":["GET"]}}],"collection":[{"href":"https:\/\/www.africa-press.net\/togo\/wp-json\/wp\/v2\/posts"}],"about":[{"href":"https:\/\/www.africa-press.net\/togo\/wp-json\/wp\/v2\/types\/post"}],"author":[{"embeddable":true,"href":"https:\/\/www.africa-press.net\/togo\/wp-json\/wp\/v2\/users\/82"}],"replies":[{"embeddable":true,"href":"https:\/\/www.africa-press.net\/togo\/wp-json\/wp\/v2\/comments?post=12457"}],"version-history":[{"count":0,"href":"https:\/\/www.africa-press.net\/togo\/wp-json\/wp\/v2\/posts\/12457\/revisions"}],"wp:featuredmedia":[{"embeddable":true,"href":"https:\/\/www.africa-press.net\/togo\/wp-json\/wp\/v2\/media\/12456"}],"wp:attachment":[{"href":"https:\/\/www.africa-press.net\/togo\/wp-json\/wp\/v2\/media?parent=12457"}],"wp:term":[{"taxonomy":"category","embeddable":true,"href":"https:\/\/www.africa-press.net\/togo\/wp-json\/wp\/v2\/categories?post=12457"},{"taxonomy":"post_tag","embeddable":true,"href":"https:\/\/www.africa-press.net\/togo\/wp-json\/wp\/v2\/tags?post=12457"}],"curies":[{"name":"wp","href":"https:\/\/api.w.org\/{rel}","templated":true}]}}