{"id":12517,"date":"2022-10-17T19:20:23","date_gmt":"2022-10-17T19:20:23","guid":{"rendered":"https:\/\/www.africa-press.net\/togo\/politique\/cite-quotidien-quels-engagements-des-elues-pour-de-vraies-collectivites-locales"},"modified":"2022-10-17T19:42:17","modified_gmt":"2022-10-17T19:42:17","slug":"cite-quotidien-quels-engagements-des-elues-pour-de-vraies-collectivites-locales","status":"publish","type":"post","link":"https:\/\/www.africa-press.net\/togo\/politique\/cite-quotidien-quels-engagements-des-elues-pour-de-vraies-collectivites-locales","title":{"rendered":"Cit\u00e9 quotidien : Quels engagements des \u00e9lues pour de vraies collectivit\u00e9s locales ?"},"content":{"rendered":"<p><span style=\"color: #ff6600\"><strong>Africa-Press &#8211; Togo. <\/strong><\/span><b>S\u2019il y a des e\u0301lus locaux, c\u2019est certainement parce qu\u2019a\u0300 un moment donne\u0301, on s\u2019est laisse\u0301 guider par un souci de proximite\u0301 dans la prise en charge des proble\u0300mes de la collectivite\u0301. Et la proximite\u0301 permet justement de prendre en compte tous les aspects de la vie des citoyens, de mieux voir ce qui les diffe\u0301rencie, mais surtout ce qui les unit, ce qui fait en quelque sorte leur identite\u0301 commune. <\/b><\/p>\n<p>Partager la me\u0302me localite\u0301, en effet, ne consiste pas seulement a\u0300 habiter co\u0302te a\u0300 co\u0302te mais cela signifie surtout, au pre\u0301sent, partager un certain rapport a\u0300 une localite\u0301, se donner un projet d\u2019avenir commun et pour cela, se sentir lie\u0301 a\u0300 un me\u0302me passe\u0301.<\/p>\n<p>Il appartient aux e\u0301lus locaux de veiller a\u0300 cela pour avoir en face d\u2019eux, ou pluto\u0302t a\u0300 leurs co\u0302te\u0301s, une communaute\u0301 de citoyens et non des individus isole\u0301s groupe\u0301s dans une foule anonyme.<\/p>\n<p>Comment les e\u0301lus locaux pourraient-ils en arriver a\u0300 cette situation? En de\u0301veloppant justement la proximite\u0301 dont nous faisions mention. En effet, il est important que les citoyens sachent que les e\u0301lus locaux se pre\u0301occupent de leur bien-e\u0302tre, a\u0300 travers la lutte contre la pauvrete\u0301 par exemple. Mais pour que ces e\u0301lus deviennent leurs e\u0301lus, il faudrait certainement aller plus loin.<\/p>\n<p>Imaginons, en exemple, ce que cela donnerait dans le cas de Lome\u0301, si les maires et conseillers municipaux se donnaient pour ta\u0302che de susciter un nouveau profil d\u2019habitant de la capitale de notre pays. Il faudrait d\u2019abord qu\u2019ils prennent la peine d\u2019observer la vie a\u0300 Lome\u0301 et donc de faire un constat : <b>Lome\u0301 est, en quelque sorte, en train de perdre son a\u0302me et plus particulie\u0300rement les plus vieux quartiers.<\/b><\/p>\n<p>Cette observation les mettrait ensuite en mouvement pour un certain nombre d\u2019actions :<\/p>\n<p><b>Ils se battraient, par exemple, contre l\u2019ignoble spe\u0301culation foncie\u0300re qui pousse les plus riches a\u0300 acque\u0301rir pour une bouche\u0301e de pain les biens immobiliers que les familles n\u2019arrivent plus a\u0300 entretenir, pour en faire souvent des locaux purement commerciaux. <\/b><br \/>\n<b>Ils n\u2019accepteraient pas que les e\u0301trangers acquie\u0300rent ces biens gra\u0302ce a\u0300 des pre\u0302ts noms.<\/b><br \/>\n<b>Ils s\u2019inquie\u0301teraient de l\u2019expansion d\u2019une architecture caracte\u0301rise\u0301e par les gros immeubles de plusieurs e\u0301tages, difficiles a\u0300 entretenir et s\u2019inse\u0301rant si mal dans les quartiers a\u0300 maisons basses du vieux Lome\u0301.<\/b><\/p>\n<p>Et pour que les citoyens, surtout les plus jeunes s\u2019impliquent dans ce type de lutte, les e\u0301lus se donneraient pour peine de leur faire mieux connai\u0302tre la localite\u0301 qu\u2019ils habitent. Ainsi dans le cas de Lome\u0301, ils se demanderaient s\u2019il ne serait pas inte\u0301ressant d\u2019expliquer aux jeunes :<\/p>\n<p><b>Pourquoi tel quartier s\u2019appelle \u00ab Assivito \u00bb: de quel petit marche\u0301 s\u2019agit-il ?<\/b><br \/>\n<b>Pourquoi y a-t-il une e\u0301cole Boubacar N\u2019Diaye, apparemment un se\u0301ne\u0301galais, en plein Lome\u0301 ?<\/b><\/p>\n<p>Ils pourront aussi montrer aux jeunes des lieux et les inte\u0301resser au patrimoine de notre pays :<\/p>\n<p><b>Ou\u0300 est la premie\u0300re e\u0301cole construite a\u0300 Lome\u0301? <\/b><br \/>\n<b>L\u2019ho\u0302pital Sylvanus OLYMIO est-il le premier de la ville de Lome\u0301 ?<\/b><\/p>\n<p>Ils organiseraient avec les e\u0301coles des circuits qui permettraient aux habitants, comme aux visiteurs de repe\u0301rer les vieux ba\u0302timents coloniaux et leur utilisation.<\/p>\n<p><b>Des visites organise\u0301es aux vestiges des wharfs ne pousseraient-elles pas des citoyens a\u0300 s\u2019engager pour entretenir les plages ou\u0300 eux-me\u0302mes se rendent pour faire du sport ou se de\u0301tendre ? <\/b><br \/>\n<b>Et que dire des carrefours enlaidis par une fore\u0302t de pancartes des plus gigantesques au plus bancales ? Les habitants de Lome\u0301 ne seraient-ils pas sensibles a\u0300 la beaute\u0301 de leur environnement ? La ce\u0301le\u0301bration d\u2019une journe\u0301e de patrimoine ne contribuerait-elle pas a\u0300 la consolidation du lien social ?<\/b><br \/>\n<b>Et si on peut mobiliser les citoyens autour des questions de survie quotidienne, n\u2019est-il pas e\u0301galement possible de les rassembler autour des questions environnementales telles que la gestion des de\u0301chets et des eaux use\u0301es mais plus que cela, ces citoyens n\u2019auraient-ils pas a\u0300 c\u0153ur de pre\u0301server les espaces verts s\u2019ils savaient que ceux-ci contiennent par exemple des arbres plante\u0301s depuis plusieurs de\u0301cennies, ou faisant a\u0300 l\u2019origine partie de lieux sacre\u0301s ?<\/b><\/p>\n<p>Il est e\u0301videmment urgent de re\u0301pondre aux questions de transport dans cette agglome\u0301ration de Lome\u0301 qui de\u0301passe le million d\u2019habitants avec la spe\u0301cificite\u0301 de jouxter une frontie\u0300re territoriale mais doit-on pour autant laisser transformer en stations de ze\u0301midjan les abords de n\u2019importe quel ba\u0302timent ?<\/p>\n<p>En fait, ce qui ferait des e\u0301lus locaux les e\u0301lus des citoyens de leur commune ou de leur village ce serait de communier aux me\u0302mes pre\u0301occupations, celles partage\u0301es avec tous les Togolais mais aussi celles spe\u0301cifiques a\u0300 leurs localite\u0301s, d\u2019y chercher ensemble des solutions a\u0300 mettre en \u0153uvre par tous. Et cette attitude n\u2019aboutirait pas simplement a\u0300 une certaine popularite\u0301 des e\u0301lus locaux mais aiderait a\u0300 re\u0301soudre d\u2019autres proble\u0300mes. Ainsi on peut se demander pourquoi les habitants de Lome\u0301 ne sont pas choque\u0301s par les noms attribue\u0301s par on ne sait qui a\u0300 leurs rues, noms de plantes inconnues ou noms d\u2019occidentaux ce\u0301le\u0300bres.<\/p>\n<p><b>Le premier Togolais a\u0300 rassembler des objets qui ont ensuite servi de base au muse\u0301e de Lome\u0301, Hubert KPONTON, ne me\u0301riterait-il pas que son nom soit donne\u0301 a\u0300 une rue ou a\u0300 un ba\u0302timent public ? <\/b><br \/>\n<b>Et Bella BELLOW ne serait-elle pas mieux mise a\u0300 l\u2019honneur par une plaque dans une rue que par une effigie sur un billet de banque qui n\u2019a me\u0302me plus cours ?<\/b><\/p>\n<p>Mais plus que cela, le re\u0301gionalisme qui fait que les citoyens peuvent habiter un endroit pendant des anne\u0301es, y avoir fonde\u0301 une famille, ils s\u2019y sentent moins attache\u0301s qu\u2019a\u0300 la localite\u0301 d\u2019origine de leurs parents, ne ce\u0301derait-il pas devant des collectivite\u0301s locales plus soude\u0301es par le pre\u0301sent et un projet d\u2019avenir commun a\u0300 tous ? <b>Il ne s\u2019agit e\u0301videmment pas de renier son origine, il s\u2019agit d\u2019engagement citoyen pour le de\u0301veloppement de l\u2019endroit ou\u0300 on vit avec sa famille, ou\u0300 on travaille, ou\u0300 on a des loisirs.<\/b><\/p>\n<p>Et pour que cet engagement puisse se faire ne faudrait-il pas en retour que l\u2019on accepte que tous ceux qui habitent un endroit aient droit a\u0300 la parole pluto\u0302t que les seuls ressortissants ? Il faudrait qu\u2019on en arrive par-la\u0300 a\u0300 reconnai\u0302tre que les jeunes urbains partagent des re\u0301alite\u0301s, que les jeunes ruraux sont proches quelles que soient leur ethnie d\u2019origine et la re\u0301gion du pays ou\u0300 ils habitent.<\/p>\n<p><b>C\u2019est alors que les collectivite\u0301s locales acquerraient la force de l\u2019engagement de leurs membres.<\/b> En effet ceux-ci se sentiraient concerne\u0301s au premier chef par les proble\u0300mes de leur localite\u0301 car ils auraient contribue\u0301 eux-me\u0302mes a\u0300 mettre a\u0300 jour ces proble\u0300mes et a\u0300 rechercher des solutions qu\u2019ils proposeraient aux e\u0301lus. La mise en \u0153uvre de ces solutions de\u0301pendrait des e\u0301lus qui devraient alors avoir une connaissance suffisamment approfondie des re\u0301alite\u0301s de leur circonscription e\u0301lectorale pour mesurer l\u2019urgence et la faisabilite\u0301 de telle ou telle autre approche.<\/p>\n<p>Oui il y a un changement de mentalite\u0301 a\u0300 faire advenir chez les habitants des communes urbaines et rurales mais cela ne devrait-il pas commencer chez les e\u0301lus locaux qu\u2019on aimerait plus soucieux de bien connai\u0302tre les re\u0301alite\u0301s des localite\u0301s dont ils sont les e\u0301lus et de s\u2019engager pour y faire face, que d\u2019obtenir un sie\u0300ge dans une assemble\u0301e locale?<\/p>\n<p><b>Si Notre Avenir nous appartient, une conviction du Rameau de Jesse\u0301, alors l\u2019engagement des e\u0301lus locaux et de tous les citoyens pour le bien commun est une urgence.<\/b><\/p>\n<p><strong>Pour plus d&rsquo;informations et d&rsquo;analyses sur la <a href=\"https:\/\/www.africa-press.net\/togo\">Togo<\/a>, suivez <a href=\"https:\/\/www.africa-press.net\/\">Africa-Press<\/a><\/strong><\/p>\n","protected":false},"excerpt":{"rendered":"<p>Africa-Press &#8211; Togo. S\u2019il y a des e\u0301lus locaux, c\u2019est certainement parce qu\u2019a\u0300 un moment donne\u0301, on s\u2019est laisse\u0301 guider par un souci de proximite\u0301 dans la prise en charge des proble\u0300mes de la collectivite\u0301. Et la proximite\u0301 permet justement de prendre en compte tous les aspects de la vie des citoyens, de mieux voir [&hellip;]<\/p>\n","protected":false},"author":82,"featured_media":12516,"comment_status":"open","ping_status":"closed","sticky":false,"template":"","format":"standard","meta":{"footnotes":""},"categories":[2,10],"tags":[36,49,50],"class_list":["post-12517","post","type-post","status-publish","format-standard","has-post-thumbnail","hentry","category-politique","category-toutes-les-actualites","tag-africa-press","tag-africa-press-togo","tag-togo"],"yoast_head":"<!-- This site is optimized with the Yoast SEO Premium plugin v26.1 (Yoast SEO v27.0) - https:\/\/yoast.com\/product\/yoast-seo-premium-wordpress\/ -->\n<title>Cit\u00e9 quotidien : Quels engagements des \u00e9lues pour de vraies collectivit\u00e9s locales ? - Togo<\/title>\n<meta name=\"description\" content=\"S\u2019il y a des e\u0301lus locaux, c\u2019est certainement parce qu\u2019a\u0300 un moment donne\u0301, on s\u2019est laisse\u0301 guider par un souci de p ...\" \/>\n<meta name=\"robots\" content=\"index, follow, max-snippet:-1, max-image-preview:large, max-video-preview:-1\" \/>\n<link rel=\"canonical\" href=\"https:\/\/www.africa-press.net\/togo\/politique\/cite-quotidien-quels-engagements-des-elues-pour-de-vraies-collectivites-locales\" \/>\n<meta property=\"og:locale\" content=\"fr_FR\" \/>\n<meta property=\"og:type\" content=\"article\" \/>\n<meta property=\"og:title\" content=\"Cit\u00e9 quotidien : Quels engagements des \u00e9lues pour de vraies collectivit\u00e9s locales ?\" \/>\n<meta property=\"og:description\" content=\"S\u2019il y a des e\u0301lus locaux, c\u2019est certainement parce qu\u2019a\u0300 un moment donne\u0301, on s\u2019est laisse\u0301 guider par un souci de p ...\" \/>\n<meta property=\"og:url\" content=\"https:\/\/www.africa-press.net\/togo\/politique\/cite-quotidien-quels-engagements-des-elues-pour-de-vraies-collectivites-locales\" \/>\n<meta property=\"og:site_name\" content=\"Togo\" \/>\n<meta property=\"article:published_time\" content=\"2022-10-17T19:20:23+00:00\" \/>\n<meta property=\"article:modified_time\" content=\"2022-10-17T19:42:17+00:00\" \/>\n<meta property=\"og:image\" content=\"https:\/\/static.africa-press.net\/togo\/sites\/58\/2022\/10\/postQueueImg_12-634db00190522.jpg\" \/>\n\t<meta property=\"og:image:width\" content=\"1280\" \/>\n\t<meta property=\"og:image:height\" content=\"800\" \/>\n\t<meta property=\"og:image:type\" content=\"image\/jpeg\" \/>\n<meta name=\"author\" content=\"cfeditorfr\" \/>\n<meta name=\"twitter:card\" content=\"summary_large_image\" \/>\n<meta name=\"twitter:label1\" content=\"\u00c9crit par\" \/>\n\t<meta name=\"twitter:data1\" content=\"cfeditorfr\" \/>\n\t<meta name=\"twitter:label2\" content=\"Dur\u00e9e de lecture estim\u00e9e\" \/>\n\t<meta name=\"twitter:data2\" content=\"7 minutes\" \/>\n<script type=\"application\/ld+json\" class=\"yoast-schema-graph\">{\"@context\":\"https:\/\/schema.org\",\"@graph\":[{\"@type\":\"Article\",\"@id\":\"https:\/\/www.africa-press.net\/togo\/politique\/cite-quotidien-quels-engagements-des-elues-pour-de-vraies-collectivites-locales#article\",\"isPartOf\":{\"@id\":\"https:\/\/www.africa-press.net\/togo\/politique\/cite-quotidien-quels-engagements-des-elues-pour-de-vraies-collectivites-locales\"},\"author\":{\"name\":\"cfeditorfr\",\"@id\":\"https:\/\/www.africa-press.net\/togo\/#\/schema\/person\/2b1cf3cd81a31e3cd26889ca66d677f1\"},\"headline\":\"Cit\u00e9 quotidien : Quels engagements des \u00e9lues pour de vraies collectivit\u00e9s locales ?\",\"datePublished\":\"2022-10-17T19:20:23+00:00\",\"dateModified\":\"2022-10-17T19:42:17+00:00\",\"mainEntityOfPage\":{\"@id\":\"https:\/\/www.africa-press.net\/togo\/politique\/cite-quotidien-quels-engagements-des-elues-pour-de-vraies-collectivites-locales\"},\"wordCount\":1396,\"commentCount\":0,\"image\":{\"@id\":\"https:\/\/www.africa-press.net\/togo\/politique\/cite-quotidien-quels-engagements-des-elues-pour-de-vraies-collectivites-locales#primaryimage\"},\"thumbnailUrl\":\"https:\/\/static.africa-press.net\/togo\/sites\/58\/2022\/10\/postQueueImg_12-634db00190522.jpg\",\"keywords\":[\"Africa Press\",\"Africa Press-Togo\",\"Togo\"],\"articleSection\":[\"Politique\",\"Toutes les actualit\u00e9s\"],\"inLanguage\":\"fr-FR\",\"potentialAction\":[{\"@type\":\"CommentAction\",\"name\":\"Comment\",\"target\":[\"https:\/\/www.africa-press.net\/togo\/politique\/cite-quotidien-quels-engagements-des-elues-pour-de-vraies-collectivites-locales#respond\"]}]},{\"@type\":\"WebPage\",\"@id\":\"https:\/\/www.africa-press.net\/togo\/politique\/cite-quotidien-quels-engagements-des-elues-pour-de-vraies-collectivites-locales\",\"url\":\"https:\/\/www.africa-press.net\/togo\/politique\/cite-quotidien-quels-engagements-des-elues-pour-de-vraies-collectivites-locales\",\"name\":\"Cit\u00e9 quotidien : Quels engagements des \u00e9lues pour de vraies collectivit\u00e9s locales ? - Togo\",\"isPartOf\":{\"@id\":\"https:\/\/www.africa-press.net\/togo\/#website\"},\"primaryImageOfPage\":{\"@id\":\"https:\/\/www.africa-press.net\/togo\/politique\/cite-quotidien-quels-engagements-des-elues-pour-de-vraies-collectivites-locales#primaryimage\"},\"image\":{\"@id\":\"https:\/\/www.africa-press.net\/togo\/politique\/cite-quotidien-quels-engagements-des-elues-pour-de-vraies-collectivites-locales#primaryimage\"},\"thumbnailUrl\":\"https:\/\/static.africa-press.net\/togo\/sites\/58\/2022\/10\/postQueueImg_12-634db00190522.jpg\",\"datePublished\":\"2022-10-17T19:20:23+00:00\",\"dateModified\":\"2022-10-17T19:42:17+00:00\",\"author\":{\"@id\":\"https:\/\/www.africa-press.net\/togo\/#\/schema\/person\/2b1cf3cd81a31e3cd26889ca66d677f1\"},\"description\":\"S\u2019il y a des e\u0301lus locaux, c\u2019est certainement parce qu\u2019a\u0300 un moment donne\u0301, on s\u2019est laisse\u0301 guider par un souci de p ...\",\"breadcrumb\":{\"@id\":\"https:\/\/www.africa-press.net\/togo\/politique\/cite-quotidien-quels-engagements-des-elues-pour-de-vraies-collectivites-locales#breadcrumb\"},\"inLanguage\":\"fr-FR\",\"potentialAction\":[{\"@type\":\"ReadAction\",\"target\":[\"https:\/\/www.africa-press.net\/togo\/politique\/cite-quotidien-quels-engagements-des-elues-pour-de-vraies-collectivites-locales\"]}]},{\"@type\":\"ImageObject\",\"inLanguage\":\"fr-FR\",\"@id\":\"https:\/\/www.africa-press.net\/togo\/politique\/cite-quotidien-quels-engagements-des-elues-pour-de-vraies-collectivites-locales#primaryimage\",\"url\":\"https:\/\/static.africa-press.net\/togo\/sites\/58\/2022\/10\/postQueueImg_12-634db00190522.jpg\",\"contentUrl\":\"https:\/\/static.africa-press.net\/togo\/sites\/58\/2022\/10\/postQueueImg_12-634db00190522.jpg\",\"width\":1280,\"height\":800,\"caption\":\"Cit\u00e9 quotidien : Quels engagements des \u00e9lues pour de vraies collectivit\u00e9s locales ?\"},{\"@type\":\"BreadcrumbList\",\"@id\":\"https:\/\/www.africa-press.net\/togo\/politique\/cite-quotidien-quels-engagements-des-elues-pour-de-vraies-collectivites-locales#breadcrumb\",\"itemListElement\":[{\"@type\":\"ListItem\",\"position\":1,\"name\":\"Accueil\",\"item\":\"https:\/\/www.africa-press.net\/togo\/\"},{\"@type\":\"ListItem\",\"position\":2,\"name\":\"Cit\u00e9 quotidien : Quels engagements des \u00e9lues pour de vraies collectivit\u00e9s locales ?\"}]},{\"@type\":\"WebSite\",\"@id\":\"https:\/\/www.africa-press.net\/togo\/#website\",\"url\":\"https:\/\/www.africa-press.net\/togo\/\",\"name\":\"Togo\",\"description\":\"Just another Africa News Agency Sites site\",\"potentialAction\":[{\"@type\":\"SearchAction\",\"target\":{\"@type\":\"EntryPoint\",\"urlTemplate\":\"https:\/\/www.africa-press.net\/togo\/?s={search_term_string}\"},\"query-input\":{\"@type\":\"PropertyValueSpecification\",\"valueRequired\":true,\"valueName\":\"search_term_string\"}}],\"inLanguage\":\"fr-FR\"},{\"@type\":\"Person\",\"@id\":\"https:\/\/www.africa-press.net\/togo\/#\/schema\/person\/2b1cf3cd81a31e3cd26889ca66d677f1\",\"name\":\"cfeditorfr\"}]}<\/script>\n<!-- \/ Yoast SEO Premium plugin. -->","yoast_head_json":{"title":"Cit\u00e9 quotidien : Quels engagements des \u00e9lues pour de vraies collectivit\u00e9s locales ? - Togo","description":"S\u2019il y a des e\u0301lus locaux, c\u2019est certainement parce qu\u2019a\u0300 un moment donne\u0301, on s\u2019est laisse\u0301 guider par un souci de p ...","robots":{"index":"index","follow":"follow","max-snippet":"max-snippet:-1","max-image-preview":"max-image-preview:large","max-video-preview":"max-video-preview:-1"},"canonical":"https:\/\/www.africa-press.net\/togo\/politique\/cite-quotidien-quels-engagements-des-elues-pour-de-vraies-collectivites-locales","og_locale":"fr_FR","og_type":"article","og_title":"Cit\u00e9 quotidien : Quels engagements des \u00e9lues pour de vraies collectivit\u00e9s locales ?","og_description":"S\u2019il y a des e\u0301lus locaux, c\u2019est certainement parce qu\u2019a\u0300 un moment donne\u0301, on s\u2019est laisse\u0301 guider par un souci de p ...","og_url":"https:\/\/www.africa-press.net\/togo\/politique\/cite-quotidien-quels-engagements-des-elues-pour-de-vraies-collectivites-locales","og_site_name":"Togo","article_published_time":"2022-10-17T19:20:23+00:00","article_modified_time":"2022-10-17T19:42:17+00:00","og_image":[{"width":1280,"height":800,"url":"https:\/\/static.africa-press.net\/togo\/sites\/58\/2022\/10\/postQueueImg_12-634db00190522.jpg","type":"image\/jpeg"}],"author":"cfeditorfr","twitter_card":"summary_large_image","twitter_misc":{"\u00c9crit par":"cfeditorfr","Dur\u00e9e de lecture estim\u00e9e":"7 minutes"},"schema":{"@context":"https:\/\/schema.org","@graph":[{"@type":"Article","@id":"https:\/\/www.africa-press.net\/togo\/politique\/cite-quotidien-quels-engagements-des-elues-pour-de-vraies-collectivites-locales#article","isPartOf":{"@id":"https:\/\/www.africa-press.net\/togo\/politique\/cite-quotidien-quels-engagements-des-elues-pour-de-vraies-collectivites-locales"},"author":{"name":"cfeditorfr","@id":"https:\/\/www.africa-press.net\/togo\/#\/schema\/person\/2b1cf3cd81a31e3cd26889ca66d677f1"},"headline":"Cit\u00e9 quotidien : Quels engagements des \u00e9lues pour de vraies collectivit\u00e9s locales ?","datePublished":"2022-10-17T19:20:23+00:00","dateModified":"2022-10-17T19:42:17+00:00","mainEntityOfPage":{"@id":"https:\/\/www.africa-press.net\/togo\/politique\/cite-quotidien-quels-engagements-des-elues-pour-de-vraies-collectivites-locales"},"wordCount":1396,"commentCount":0,"image":{"@id":"https:\/\/www.africa-press.net\/togo\/politique\/cite-quotidien-quels-engagements-des-elues-pour-de-vraies-collectivites-locales#primaryimage"},"thumbnailUrl":"https:\/\/static.africa-press.net\/togo\/sites\/58\/2022\/10\/postQueueImg_12-634db00190522.jpg","keywords":["Africa Press","Africa Press-Togo","Togo"],"articleSection":["Politique","Toutes les actualit\u00e9s"],"inLanguage":"fr-FR","potentialAction":[{"@type":"CommentAction","name":"Comment","target":["https:\/\/www.africa-press.net\/togo\/politique\/cite-quotidien-quels-engagements-des-elues-pour-de-vraies-collectivites-locales#respond"]}]},{"@type":"WebPage","@id":"https:\/\/www.africa-press.net\/togo\/politique\/cite-quotidien-quels-engagements-des-elues-pour-de-vraies-collectivites-locales","url":"https:\/\/www.africa-press.net\/togo\/politique\/cite-quotidien-quels-engagements-des-elues-pour-de-vraies-collectivites-locales","name":"Cit\u00e9 quotidien : Quels engagements des \u00e9lues pour de vraies collectivit\u00e9s locales ? - Togo","isPartOf":{"@id":"https:\/\/www.africa-press.net\/togo\/#website"},"primaryImageOfPage":{"@id":"https:\/\/www.africa-press.net\/togo\/politique\/cite-quotidien-quels-engagements-des-elues-pour-de-vraies-collectivites-locales#primaryimage"},"image":{"@id":"https:\/\/www.africa-press.net\/togo\/politique\/cite-quotidien-quels-engagements-des-elues-pour-de-vraies-collectivites-locales#primaryimage"},"thumbnailUrl":"https:\/\/static.africa-press.net\/togo\/sites\/58\/2022\/10\/postQueueImg_12-634db00190522.jpg","datePublished":"2022-10-17T19:20:23+00:00","dateModified":"2022-10-17T19:42:17+00:00","author":{"@id":"https:\/\/www.africa-press.net\/togo\/#\/schema\/person\/2b1cf3cd81a31e3cd26889ca66d677f1"},"description":"S\u2019il y a des e\u0301lus locaux, c\u2019est certainement parce qu\u2019a\u0300 un moment donne\u0301, on s\u2019est laisse\u0301 guider par un souci de p ...","breadcrumb":{"@id":"https:\/\/www.africa-press.net\/togo\/politique\/cite-quotidien-quels-engagements-des-elues-pour-de-vraies-collectivites-locales#breadcrumb"},"inLanguage":"fr-FR","potentialAction":[{"@type":"ReadAction","target":["https:\/\/www.africa-press.net\/togo\/politique\/cite-quotidien-quels-engagements-des-elues-pour-de-vraies-collectivites-locales"]}]},{"@type":"ImageObject","inLanguage":"fr-FR","@id":"https:\/\/www.africa-press.net\/togo\/politique\/cite-quotidien-quels-engagements-des-elues-pour-de-vraies-collectivites-locales#primaryimage","url":"https:\/\/static.africa-press.net\/togo\/sites\/58\/2022\/10\/postQueueImg_12-634db00190522.jpg","contentUrl":"https:\/\/static.africa-press.net\/togo\/sites\/58\/2022\/10\/postQueueImg_12-634db00190522.jpg","width":1280,"height":800,"caption":"Cit\u00e9 quotidien : Quels engagements des \u00e9lues pour de vraies collectivit\u00e9s locales ?"},{"@type":"BreadcrumbList","@id":"https:\/\/www.africa-press.net\/togo\/politique\/cite-quotidien-quels-engagements-des-elues-pour-de-vraies-collectivites-locales#breadcrumb","itemListElement":[{"@type":"ListItem","position":1,"name":"Accueil","item":"https:\/\/www.africa-press.net\/togo\/"},{"@type":"ListItem","position":2,"name":"Cit\u00e9 quotidien : Quels engagements des \u00e9lues pour de vraies collectivit\u00e9s locales ?"}]},{"@type":"WebSite","@id":"https:\/\/www.africa-press.net\/togo\/#website","url":"https:\/\/www.africa-press.net\/togo\/","name":"Togo","description":"Just another Africa News Agency Sites site","potentialAction":[{"@type":"SearchAction","target":{"@type":"EntryPoint","urlTemplate":"https:\/\/www.africa-press.net\/togo\/?s={search_term_string}"},"query-input":{"@type":"PropertyValueSpecification","valueRequired":true,"valueName":"search_term_string"}}],"inLanguage":"fr-FR"},{"@type":"Person","@id":"https:\/\/www.africa-press.net\/togo\/#\/schema\/person\/2b1cf3cd81a31e3cd26889ca66d677f1","name":"cfeditorfr"}]}},"_links":{"self":[{"href":"https:\/\/www.africa-press.net\/togo\/wp-json\/wp\/v2\/posts\/12517","targetHints":{"allow":["GET"]}}],"collection":[{"href":"https:\/\/www.africa-press.net\/togo\/wp-json\/wp\/v2\/posts"}],"about":[{"href":"https:\/\/www.africa-press.net\/togo\/wp-json\/wp\/v2\/types\/post"}],"author":[{"embeddable":true,"href":"https:\/\/www.africa-press.net\/togo\/wp-json\/wp\/v2\/users\/82"}],"replies":[{"embeddable":true,"href":"https:\/\/www.africa-press.net\/togo\/wp-json\/wp\/v2\/comments?post=12517"}],"version-history":[{"count":0,"href":"https:\/\/www.africa-press.net\/togo\/wp-json\/wp\/v2\/posts\/12517\/revisions"}],"wp:featuredmedia":[{"embeddable":true,"href":"https:\/\/www.africa-press.net\/togo\/wp-json\/wp\/v2\/media\/12516"}],"wp:attachment":[{"href":"https:\/\/www.africa-press.net\/togo\/wp-json\/wp\/v2\/media?parent=12517"}],"wp:term":[{"taxonomy":"category","embeddable":true,"href":"https:\/\/www.africa-press.net\/togo\/wp-json\/wp\/v2\/categories?post=12517"},{"taxonomy":"post_tag","embeddable":true,"href":"https:\/\/www.africa-press.net\/togo\/wp-json\/wp\/v2\/tags?post=12517"}],"curies":[{"name":"wp","href":"https:\/\/api.w.org\/{rel}","templated":true}]}}