{"id":12552,"date":"2022-10-18T17:32:26","date_gmt":"2022-10-18T17:32:26","guid":{"rendered":"https:\/\/www.africa-press.net\/togo\/politique\/togo-le-lycee-de-kpodzi-frappe-par-un-incendie-dorigine-criminelle"},"modified":"2022-10-18T17:51:15","modified_gmt":"2022-10-18T17:51:15","slug":"togo-le-lycee-de-kpodzi-frappe-par-un-incendie-dorigine-criminelle","status":"publish","type":"post","link":"https:\/\/www.africa-press.net\/togo\/toutes-les-actualites\/togo-le-lycee-de-kpodzi-frappe-par-un-incendie-dorigine-criminelle","title":{"rendered":"Togo-Le lyc\u00e9e de Kpodzi frapp\u00e9 par un incendie d\u2019origine criminelle"},"content":{"rendered":"<p><span style=\"color: #ff6600\"><strong>Africa-Press &#8211; Togo. <\/strong><\/span><b>Dans la nuit, une partie du ba\u0302timent du lyce\u0301e de Kpodzi, dans le Kloto, a e\u0301te\u0301 emporte\u0301e par un incendie. Il serait provoque\u0301 par des individus mal intentionne\u0301s.<\/b><\/p>\n<p>L\u2019information est rapporte\u0301e par le confre\u0300re Togoscoop. Selon ce me\u0301dia e\u0301lectronique, l\u2019incendie aurait une origine \u00ab criminelle \u00bb.<\/p>\n<p>En effet, \u00ab Tard dans la nuit, autour de 3h et 5h du matin, des individus se sont introduits dans l\u2019enceinte de l\u2019e\u0301tablissement apre\u0300s avoir fait sauter la serrure \u00bb pour bru\u0302ler le \u00ab plafond de l\u2019ancien ba\u0302timent de la classe de seconde \u00bb.<\/p>\n<p>Plus de peur que de mal. L\u2019incendie n\u2019a emporte\u0301 que \u00ab les conduits e\u0301lectriques et le climatiseur du proviseur \u00bb. Une enque\u0302te est ouverte.<\/p>\n<p><strong>Pour plus d&rsquo;informations et d&rsquo;analyses sur la <a href=\"https:\/\/www.africa-press.net\/togo\">Togo<\/a>, suivez <a href=\"https:\/\/www.africa-press.net\/\">Africa-Press<\/a><\/strong><\/p>\n","protected":false},"excerpt":{"rendered":"<p>Africa-Press &#8211; Togo. Dans la nuit, une partie du ba\u0302timent du lyce\u0301e de Kpodzi, dans le Kloto, a e\u0301te\u0301 emporte\u0301e par un incendie. Il serait provoque\u0301 par des individus mal intentionne\u0301s. L\u2019information est rapporte\u0301e par le confre\u0300re Togoscoop. Selon ce me\u0301dia e\u0301lectronique, l\u2019incendie aurait une origine \u00ab criminelle \u00bb. En effet, \u00ab Tard dans la [&hellip;]<\/p>\n","protected":false},"author":82,"featured_media":12551,"comment_status":"open","ping_status":"closed","sticky":false,"template":"","format":"standard","meta":{"footnotes":""},"categories":[21,10],"tags":[36,49,50],"class_list":["post-12552","post","type-post","status-publish","format-standard","has-post-thumbnail","hentry","category-communaute","category-toutes-les-actualites","tag-africa-press","tag-africa-press-togo","tag-togo"],"yoast_head":"<!-- This site is optimized with the Yoast SEO Premium plugin v26.1 (Yoast SEO v27.0) - https:\/\/yoast.com\/product\/yoast-seo-premium-wordpress\/ -->\n<title>Togo-Le lyc\u00e9e de Kpodzi frapp\u00e9 par un incendie d\u2019origine criminelle - Togo<\/title>\n<meta name=\"description\" content=\"Dans la nuit, une partie du ba\u0302timent du lyce\u0301e de Kpodzi, dans le Kloto, a e\u0301te\u0301 emporte\u0301e par un incendie. Il serai ...\" \/>\n<meta name=\"robots\" content=\"index, follow, max-snippet:-1, max-image-preview:large, max-video-preview:-1\" \/>\n<link rel=\"canonical\" href=\"https:\/\/www.africa-press.net\/togo\/toutes-les-actualites\/togo-le-lycee-de-kpodzi-frappe-par-un-incendie-dorigine-criminelle\" \/>\n<meta property=\"og:locale\" content=\"fr_FR\" \/>\n<meta property=\"og:type\" content=\"article\" \/>\n<meta property=\"og:title\" content=\"Togo-Le lyc\u00e9e de Kpodzi frapp\u00e9 par un incendie d\u2019origine criminelle\" \/>\n<meta property=\"og:description\" content=\"Dans la nuit, une partie du ba\u0302timent du lyce\u0301e de Kpodzi, dans le Kloto, a e\u0301te\u0301 emporte\u0301e par un incendie. Il serai ...\" \/>\n<meta property=\"og:url\" content=\"https:\/\/www.africa-press.net\/togo\/toutes-les-actualites\/togo-le-lycee-de-kpodzi-frappe-par-un-incendie-dorigine-criminelle\" \/>\n<meta property=\"og:site_name\" content=\"Togo\" \/>\n<meta property=\"article:published_time\" content=\"2022-10-18T17:32:26+00:00\" \/>\n<meta property=\"article:modified_time\" content=\"2022-10-18T17:51:15+00:00\" \/>\n<meta property=\"og:image\" content=\"https:\/\/static.africa-press.net\/togo\/sites\/58\/2022\/10\/postQueueImg_7-634ee765e2314.jpg\" \/>\n\t<meta property=\"og:image:width\" content=\"1204\" \/>\n\t<meta property=\"og:image:height\" content=\"680\" \/>\n\t<meta property=\"og:image:type\" content=\"image\/jpeg\" \/>\n<meta name=\"author\" content=\"cfeditorfr\" \/>\n<meta name=\"twitter:card\" content=\"summary_large_image\" \/>\n<meta name=\"twitter:label1\" content=\"\u00c9crit par\" \/>\n\t<meta name=\"twitter:data1\" content=\"cfeditorfr\" \/>\n\t<meta name=\"twitter:label2\" content=\"Dur\u00e9e de lecture estim\u00e9e\" \/>\n\t<meta name=\"twitter:data2\" content=\"1 minute\" \/>\n<script type=\"application\/ld+json\" class=\"yoast-schema-graph\">{\"@context\":\"https:\/\/schema.org\",\"@graph\":[{\"@type\":\"Article\",\"@id\":\"https:\/\/www.africa-press.net\/togo\/toutes-les-actualites\/togo-le-lycee-de-kpodzi-frappe-par-un-incendie-dorigine-criminelle#article\",\"isPartOf\":{\"@id\":\"https:\/\/www.africa-press.net\/togo\/toutes-les-actualites\/togo-le-lycee-de-kpodzi-frappe-par-un-incendie-dorigine-criminelle\"},\"author\":{\"name\":\"cfeditorfr\",\"@id\":\"https:\/\/www.africa-press.net\/togo\/#\/schema\/person\/2b1cf3cd81a31e3cd26889ca66d677f1\"},\"headline\":\"Togo-Le lyc\u00e9e de Kpodzi frapp\u00e9 par un incendie d\u2019origine criminelle\",\"datePublished\":\"2022-10-18T17:32:26+00:00\",\"dateModified\":\"2022-10-18T17:51:15+00:00\",\"mainEntityOfPage\":{\"@id\":\"https:\/\/www.africa-press.net\/togo\/toutes-les-actualites\/togo-le-lycee-de-kpodzi-frappe-par-un-incendie-dorigine-criminelle\"},\"wordCount\":155,\"commentCount\":0,\"image\":{\"@id\":\"https:\/\/www.africa-press.net\/togo\/toutes-les-actualites\/togo-le-lycee-de-kpodzi-frappe-par-un-incendie-dorigine-criminelle#primaryimage\"},\"thumbnailUrl\":\"https:\/\/static.africa-press.net\/togo\/sites\/58\/2022\/10\/postQueueImg_7-634ee765e2314.jpg\",\"keywords\":[\"Africa Press\",\"Africa Press-Togo\",\"Togo\"],\"articleSection\":[\"Communaut\u00e9\",\"Toutes les actualit\u00e9s\"],\"inLanguage\":\"fr-FR\",\"potentialAction\":[{\"@type\":\"CommentAction\",\"name\":\"Comment\",\"target\":[\"https:\/\/www.africa-press.net\/togo\/toutes-les-actualites\/togo-le-lycee-de-kpodzi-frappe-par-un-incendie-dorigine-criminelle#respond\"]}]},{\"@type\":\"WebPage\",\"@id\":\"https:\/\/www.africa-press.net\/togo\/toutes-les-actualites\/togo-le-lycee-de-kpodzi-frappe-par-un-incendie-dorigine-criminelle\",\"url\":\"https:\/\/www.africa-press.net\/togo\/toutes-les-actualites\/togo-le-lycee-de-kpodzi-frappe-par-un-incendie-dorigine-criminelle\",\"name\":\"Togo-Le lyc\u00e9e de Kpodzi frapp\u00e9 par un incendie d\u2019origine criminelle - Togo\",\"isPartOf\":{\"@id\":\"https:\/\/www.africa-press.net\/togo\/#website\"},\"primaryImageOfPage\":{\"@id\":\"https:\/\/www.africa-press.net\/togo\/toutes-les-actualites\/togo-le-lycee-de-kpodzi-frappe-par-un-incendie-dorigine-criminelle#primaryimage\"},\"image\":{\"@id\":\"https:\/\/www.africa-press.net\/togo\/toutes-les-actualites\/togo-le-lycee-de-kpodzi-frappe-par-un-incendie-dorigine-criminelle#primaryimage\"},\"thumbnailUrl\":\"https:\/\/static.africa-press.net\/togo\/sites\/58\/2022\/10\/postQueueImg_7-634ee765e2314.jpg\",\"datePublished\":\"2022-10-18T17:32:26+00:00\",\"dateModified\":\"2022-10-18T17:51:15+00:00\",\"author\":{\"@id\":\"https:\/\/www.africa-press.net\/togo\/#\/schema\/person\/2b1cf3cd81a31e3cd26889ca66d677f1\"},\"description\":\"Dans la nuit, une partie du ba\u0302timent du lyce\u0301e de Kpodzi, dans le Kloto, a e\u0301te\u0301 emporte\u0301e par un incendie. Il serai ...\",\"breadcrumb\":{\"@id\":\"https:\/\/www.africa-press.net\/togo\/toutes-les-actualites\/togo-le-lycee-de-kpodzi-frappe-par-un-incendie-dorigine-criminelle#breadcrumb\"},\"inLanguage\":\"fr-FR\",\"potentialAction\":[{\"@type\":\"ReadAction\",\"target\":[\"https:\/\/www.africa-press.net\/togo\/toutes-les-actualites\/togo-le-lycee-de-kpodzi-frappe-par-un-incendie-dorigine-criminelle\"]}]},{\"@type\":\"ImageObject\",\"inLanguage\":\"fr-FR\",\"@id\":\"https:\/\/www.africa-press.net\/togo\/toutes-les-actualites\/togo-le-lycee-de-kpodzi-frappe-par-un-incendie-dorigine-criminelle#primaryimage\",\"url\":\"https:\/\/static.africa-press.net\/togo\/sites\/58\/2022\/10\/postQueueImg_7-634ee765e2314.jpg\",\"contentUrl\":\"https:\/\/static.africa-press.net\/togo\/sites\/58\/2022\/10\/postQueueImg_7-634ee765e2314.jpg\",\"width\":1204,\"height\":680,\"caption\":\"Togo-Le lyc\u00e9e de Kpodzi frapp\u00e9 par un incendie d\u2019origine criminelle\"},{\"@type\":\"BreadcrumbList\",\"@id\":\"https:\/\/www.africa-press.net\/togo\/toutes-les-actualites\/togo-le-lycee-de-kpodzi-frappe-par-un-incendie-dorigine-criminelle#breadcrumb\",\"itemListElement\":[{\"@type\":\"ListItem\",\"position\":1,\"name\":\"Accueil\",\"item\":\"https:\/\/www.africa-press.net\/togo\/\"},{\"@type\":\"ListItem\",\"position\":2,\"name\":\"Togo-Le lyc\u00e9e de Kpodzi frapp\u00e9 par un incendie d\u2019origine criminelle\"}]},{\"@type\":\"WebSite\",\"@id\":\"https:\/\/www.africa-press.net\/togo\/#website\",\"url\":\"https:\/\/www.africa-press.net\/togo\/\",\"name\":\"Togo\",\"description\":\"Just another Africa News Agency Sites site\",\"potentialAction\":[{\"@type\":\"SearchAction\",\"target\":{\"@type\":\"EntryPoint\",\"urlTemplate\":\"https:\/\/www.africa-press.net\/togo\/?s={search_term_string}\"},\"query-input\":{\"@type\":\"PropertyValueSpecification\",\"valueRequired\":true,\"valueName\":\"search_term_string\"}}],\"inLanguage\":\"fr-FR\"},{\"@type\":\"Person\",\"@id\":\"https:\/\/www.africa-press.net\/togo\/#\/schema\/person\/2b1cf3cd81a31e3cd26889ca66d677f1\",\"name\":\"cfeditorfr\"}]}<\/script>\n<!-- \/ Yoast SEO Premium plugin. -->","yoast_head_json":{"title":"Togo-Le lyc\u00e9e de Kpodzi frapp\u00e9 par un incendie d\u2019origine criminelle - Togo","description":"Dans la nuit, une partie du ba\u0302timent du lyce\u0301e de Kpodzi, dans le Kloto, a e\u0301te\u0301 emporte\u0301e par un incendie. Il serai ...","robots":{"index":"index","follow":"follow","max-snippet":"max-snippet:-1","max-image-preview":"max-image-preview:large","max-video-preview":"max-video-preview:-1"},"canonical":"https:\/\/www.africa-press.net\/togo\/toutes-les-actualites\/togo-le-lycee-de-kpodzi-frappe-par-un-incendie-dorigine-criminelle","og_locale":"fr_FR","og_type":"article","og_title":"Togo-Le lyc\u00e9e de Kpodzi frapp\u00e9 par un incendie d\u2019origine criminelle","og_description":"Dans la nuit, une partie du ba\u0302timent du lyce\u0301e de Kpodzi, dans le Kloto, a e\u0301te\u0301 emporte\u0301e par un incendie. Il serai ...","og_url":"https:\/\/www.africa-press.net\/togo\/toutes-les-actualites\/togo-le-lycee-de-kpodzi-frappe-par-un-incendie-dorigine-criminelle","og_site_name":"Togo","article_published_time":"2022-10-18T17:32:26+00:00","article_modified_time":"2022-10-18T17:51:15+00:00","og_image":[{"width":1204,"height":680,"url":"https:\/\/static.africa-press.net\/togo\/sites\/58\/2022\/10\/postQueueImg_7-634ee765e2314.jpg","type":"image\/jpeg"}],"author":"cfeditorfr","twitter_card":"summary_large_image","twitter_misc":{"\u00c9crit par":"cfeditorfr","Dur\u00e9e de lecture estim\u00e9e":"1 minute"},"schema":{"@context":"https:\/\/schema.org","@graph":[{"@type":"Article","@id":"https:\/\/www.africa-press.net\/togo\/toutes-les-actualites\/togo-le-lycee-de-kpodzi-frappe-par-un-incendie-dorigine-criminelle#article","isPartOf":{"@id":"https:\/\/www.africa-press.net\/togo\/toutes-les-actualites\/togo-le-lycee-de-kpodzi-frappe-par-un-incendie-dorigine-criminelle"},"author":{"name":"cfeditorfr","@id":"https:\/\/www.africa-press.net\/togo\/#\/schema\/person\/2b1cf3cd81a31e3cd26889ca66d677f1"},"headline":"Togo-Le lyc\u00e9e de Kpodzi frapp\u00e9 par un incendie d\u2019origine criminelle","datePublished":"2022-10-18T17:32:26+00:00","dateModified":"2022-10-18T17:51:15+00:00","mainEntityOfPage":{"@id":"https:\/\/www.africa-press.net\/togo\/toutes-les-actualites\/togo-le-lycee-de-kpodzi-frappe-par-un-incendie-dorigine-criminelle"},"wordCount":155,"commentCount":0,"image":{"@id":"https:\/\/www.africa-press.net\/togo\/toutes-les-actualites\/togo-le-lycee-de-kpodzi-frappe-par-un-incendie-dorigine-criminelle#primaryimage"},"thumbnailUrl":"https:\/\/static.africa-press.net\/togo\/sites\/58\/2022\/10\/postQueueImg_7-634ee765e2314.jpg","keywords":["Africa Press","Africa Press-Togo","Togo"],"articleSection":["Communaut\u00e9","Toutes les actualit\u00e9s"],"inLanguage":"fr-FR","potentialAction":[{"@type":"CommentAction","name":"Comment","target":["https:\/\/www.africa-press.net\/togo\/toutes-les-actualites\/togo-le-lycee-de-kpodzi-frappe-par-un-incendie-dorigine-criminelle#respond"]}]},{"@type":"WebPage","@id":"https:\/\/www.africa-press.net\/togo\/toutes-les-actualites\/togo-le-lycee-de-kpodzi-frappe-par-un-incendie-dorigine-criminelle","url":"https:\/\/www.africa-press.net\/togo\/toutes-les-actualites\/togo-le-lycee-de-kpodzi-frappe-par-un-incendie-dorigine-criminelle","name":"Togo-Le lyc\u00e9e de Kpodzi frapp\u00e9 par un incendie d\u2019origine criminelle - Togo","isPartOf":{"@id":"https:\/\/www.africa-press.net\/togo\/#website"},"primaryImageOfPage":{"@id":"https:\/\/www.africa-press.net\/togo\/toutes-les-actualites\/togo-le-lycee-de-kpodzi-frappe-par-un-incendie-dorigine-criminelle#primaryimage"},"image":{"@id":"https:\/\/www.africa-press.net\/togo\/toutes-les-actualites\/togo-le-lycee-de-kpodzi-frappe-par-un-incendie-dorigine-criminelle#primaryimage"},"thumbnailUrl":"https:\/\/static.africa-press.net\/togo\/sites\/58\/2022\/10\/postQueueImg_7-634ee765e2314.jpg","datePublished":"2022-10-18T17:32:26+00:00","dateModified":"2022-10-18T17:51:15+00:00","author":{"@id":"https:\/\/www.africa-press.net\/togo\/#\/schema\/person\/2b1cf3cd81a31e3cd26889ca66d677f1"},"description":"Dans la nuit, une partie du ba\u0302timent du lyce\u0301e de Kpodzi, dans le Kloto, a e\u0301te\u0301 emporte\u0301e par un incendie. Il serai ...","breadcrumb":{"@id":"https:\/\/www.africa-press.net\/togo\/toutes-les-actualites\/togo-le-lycee-de-kpodzi-frappe-par-un-incendie-dorigine-criminelle#breadcrumb"},"inLanguage":"fr-FR","potentialAction":[{"@type":"ReadAction","target":["https:\/\/www.africa-press.net\/togo\/toutes-les-actualites\/togo-le-lycee-de-kpodzi-frappe-par-un-incendie-dorigine-criminelle"]}]},{"@type":"ImageObject","inLanguage":"fr-FR","@id":"https:\/\/www.africa-press.net\/togo\/toutes-les-actualites\/togo-le-lycee-de-kpodzi-frappe-par-un-incendie-dorigine-criminelle#primaryimage","url":"https:\/\/static.africa-press.net\/togo\/sites\/58\/2022\/10\/postQueueImg_7-634ee765e2314.jpg","contentUrl":"https:\/\/static.africa-press.net\/togo\/sites\/58\/2022\/10\/postQueueImg_7-634ee765e2314.jpg","width":1204,"height":680,"caption":"Togo-Le lyc\u00e9e de Kpodzi frapp\u00e9 par un incendie d\u2019origine criminelle"},{"@type":"BreadcrumbList","@id":"https:\/\/www.africa-press.net\/togo\/toutes-les-actualites\/togo-le-lycee-de-kpodzi-frappe-par-un-incendie-dorigine-criminelle#breadcrumb","itemListElement":[{"@type":"ListItem","position":1,"name":"Accueil","item":"https:\/\/www.africa-press.net\/togo\/"},{"@type":"ListItem","position":2,"name":"Togo-Le lyc\u00e9e de Kpodzi frapp\u00e9 par un incendie d\u2019origine criminelle"}]},{"@type":"WebSite","@id":"https:\/\/www.africa-press.net\/togo\/#website","url":"https:\/\/www.africa-press.net\/togo\/","name":"Togo","description":"Just another Africa News Agency Sites site","potentialAction":[{"@type":"SearchAction","target":{"@type":"EntryPoint","urlTemplate":"https:\/\/www.africa-press.net\/togo\/?s={search_term_string}"},"query-input":{"@type":"PropertyValueSpecification","valueRequired":true,"valueName":"search_term_string"}}],"inLanguage":"fr-FR"},{"@type":"Person","@id":"https:\/\/www.africa-press.net\/togo\/#\/schema\/person\/2b1cf3cd81a31e3cd26889ca66d677f1","name":"cfeditorfr"}]}},"_links":{"self":[{"href":"https:\/\/www.africa-press.net\/togo\/wp-json\/wp\/v2\/posts\/12552","targetHints":{"allow":["GET"]}}],"collection":[{"href":"https:\/\/www.africa-press.net\/togo\/wp-json\/wp\/v2\/posts"}],"about":[{"href":"https:\/\/www.africa-press.net\/togo\/wp-json\/wp\/v2\/types\/post"}],"author":[{"embeddable":true,"href":"https:\/\/www.africa-press.net\/togo\/wp-json\/wp\/v2\/users\/82"}],"replies":[{"embeddable":true,"href":"https:\/\/www.africa-press.net\/togo\/wp-json\/wp\/v2\/comments?post=12552"}],"version-history":[{"count":0,"href":"https:\/\/www.africa-press.net\/togo\/wp-json\/wp\/v2\/posts\/12552\/revisions"}],"wp:featuredmedia":[{"embeddable":true,"href":"https:\/\/www.africa-press.net\/togo\/wp-json\/wp\/v2\/media\/12551"}],"wp:attachment":[{"href":"https:\/\/www.africa-press.net\/togo\/wp-json\/wp\/v2\/media?parent=12552"}],"wp:term":[{"taxonomy":"category","embeddable":true,"href":"https:\/\/www.africa-press.net\/togo\/wp-json\/wp\/v2\/categories?post=12552"},{"taxonomy":"post_tag","embeddable":true,"href":"https:\/\/www.africa-press.net\/togo\/wp-json\/wp\/v2\/tags?post=12552"}],"curies":[{"name":"wp","href":"https:\/\/api.w.org\/{rel}","templated":true}]}}