{"id":12558,"date":"2022-10-18T17:32:51","date_gmt":"2022-10-18T17:32:51","guid":{"rendered":"https:\/\/www.africa-press.net\/togo\/politique\/togo-medias-condamnation-de-liberte-le-mpl-interpelle-le-pm"},"modified":"2022-10-18T17:53:47","modified_gmt":"2022-10-18T17:53:47","slug":"togo-medias-condamnation-de-liberte-le-mpl-interpelle-le-pm","status":"publish","type":"post","link":"https:\/\/www.africa-press.net\/togo\/politique\/togo-medias-condamnation-de-liberte-le-mpl-interpelle-le-pm","title":{"rendered":"Togo-M\u00e9dias\/Condamnation de Libert\u00e9 : le MPL interpelle le PM"},"content":{"rendered":"<p><span style=\"color: #ff6600\"><strong>Africa-Press &#8211; Togo. <\/strong><\/span><b>Le Mouvement du peuple pour la liberte\u0301 (MPL-ABLODEVIWO) n\u2019est pas d\u2019accord de la lourde condamnation du quotidien prive\u0301 Liberte\u0301. Et il le fait savoir dans un communique\u0301 dont voici le contenu.<\/b><\/p>\n<p>Togo : COMMUNIQUE DU 17 OCTOBRE 2022<\/p>\n<p>Concernant la dernie\u0300re condamnation du journal Liberte\u0301<\/p>\n<p>Interpellation de la Premie\u0300re Ministre togolaise au sujet du journal Liberte\u0301<\/p>\n<p>Le Mouvement du Peuple pour la Liberte\u0301 (MPL-ABLODEVIWO) a appris avec indignation la tre\u0300s lourde condamnation du journal Liberte\u0301 en la date emble\u0301matique du 5 octobre 2022, suite a\u0300 l\u2019action en justice contre ce journal engage\u0301e par la Premie\u0300re Ministre togolaise.<\/p>\n<p>Compte tenu de la mauvaise re\u0301putation de\u0301mocratique du gouvernement et du re\u0301gime togolais, a\u0300 cause notamment de l\u2019embastillement de centaines de paisibles citoyens togolais pour des revendications pacifiques politiques ou syndicales par lesquelles ils ne faisaient qu\u2019exercer leurs droits constitutionnels, le MPL de\u0301nonce ce nouveau coup d\u2019e\u0301clat de la Premie\u0300re Ministre togolaise venant renforcer les accusations tenaces de dictature, de mauvaise gouvernance et de corruption ge\u0301ne\u0301ralise\u0301e contre le re\u0301gime he\u0301re\u0301ditaire cinquantenaire togolais, et venant conforter le titre e\u0301loquent du livre du journaliste suisse Gilles Labarthe : \u00ab Le Togo, de l\u2019esclavage au libe\u0301ralisme mafieux \u00bb.<\/p>\n<p>Pour toutes ces raisons politiques objectives, le MPL prie la Premie\u0300re Ministre de bien vouloir faire preuve de dignite\u0301 et de magnanimite\u0301 en demandant sans tarder le retrait de sa plainte contre le journal Liberte\u0301, devant entrainer l\u2019annulation en appel de la lourde condamnation injuste de ce journal apre\u0300s sa publication d\u2019un article rectificatif reconnaissant son erreur concernant la Premie\u0300re Ministre togolaise.<\/p>\n<p><strong>Pour plus d&rsquo;informations et d&rsquo;analyses sur la <a href=\"https:\/\/www.africa-press.net\/togo\">Togo<\/a>, suivez <a href=\"https:\/\/www.africa-press.net\/\">Africa-Press<\/a><\/strong><\/p>\n","protected":false},"excerpt":{"rendered":"<p>Africa-Press &#8211; Togo. Le Mouvement du peuple pour la liberte\u0301 (MPL-ABLODEVIWO) n\u2019est pas d\u2019accord de la lourde condamnation du quotidien prive\u0301 Liberte\u0301. Et il le fait savoir dans un communique\u0301 dont voici le contenu. Togo : COMMUNIQUE DU 17 OCTOBRE 2022 Concernant la dernie\u0300re condamnation du journal Liberte\u0301 Interpellation de la Premie\u0300re Ministre togolaise au [&hellip;]<\/p>\n","protected":false},"author":82,"featured_media":12557,"comment_status":"open","ping_status":"closed","sticky":false,"template":"","format":"standard","meta":{"footnotes":""},"categories":[2,10],"tags":[36,49,50],"class_list":["post-12558","post","type-post","status-publish","format-standard","has-post-thumbnail","hentry","category-politique","category-toutes-les-actualites","tag-africa-press","tag-africa-press-togo","tag-togo"],"yoast_head":"<!-- This site is optimized with the Yoast SEO Premium plugin v26.1 (Yoast SEO v27.0) - https:\/\/yoast.com\/product\/yoast-seo-premium-wordpress\/ -->\n<title>Togo-M\u00e9dias\/Condamnation de Libert\u00e9 : le MPL interpelle le PM - Togo<\/title>\n<meta name=\"description\" content=\"Le Mouvement du peuple pour la liberte\u0301 (MPL-ABLODEVIWO) n\u2019est pas d\u2019accord de la lourde condamnation du quotidien pr ...\" \/>\n<meta name=\"robots\" content=\"index, follow, max-snippet:-1, max-image-preview:large, max-video-preview:-1\" \/>\n<link rel=\"canonical\" href=\"https:\/\/www.africa-press.net\/togo\/politique\/togo-medias-condamnation-de-liberte-le-mpl-interpelle-le-pm\" \/>\n<meta property=\"og:locale\" content=\"fr_FR\" \/>\n<meta property=\"og:type\" content=\"article\" \/>\n<meta property=\"og:title\" content=\"Togo-M\u00e9dias\/Condamnation de Libert\u00e9 : le MPL interpelle le PM\" \/>\n<meta property=\"og:description\" content=\"Le Mouvement du peuple pour la liberte\u0301 (MPL-ABLODEVIWO) n\u2019est pas d\u2019accord de la lourde condamnation du quotidien pr ...\" \/>\n<meta property=\"og:url\" content=\"https:\/\/www.africa-press.net\/togo\/politique\/togo-medias-condamnation-de-liberte-le-mpl-interpelle-le-pm\" \/>\n<meta property=\"og:site_name\" content=\"Togo\" \/>\n<meta property=\"article:published_time\" content=\"2022-10-18T17:32:51+00:00\" \/>\n<meta property=\"article:modified_time\" content=\"2022-10-18T17:53:47+00:00\" \/>\n<meta property=\"og:image\" content=\"https:\/\/static.africa-press.net\/togo\/sites\/58\/2022\/10\/postQueueImg_10-634ee7fc525e7.jpg\" \/>\n\t<meta property=\"og:image:width\" content=\"1304\" \/>\n\t<meta property=\"og:image:height\" content=\"828\" \/>\n\t<meta property=\"og:image:type\" content=\"image\/jpeg\" \/>\n<meta name=\"author\" content=\"cfeditorfr\" \/>\n<meta name=\"twitter:card\" content=\"summary_large_image\" \/>\n<meta name=\"twitter:label1\" content=\"\u00c9crit par\" \/>\n\t<meta name=\"twitter:data1\" content=\"cfeditorfr\" \/>\n\t<meta name=\"twitter:label2\" content=\"Dur\u00e9e de lecture estim\u00e9e\" \/>\n\t<meta name=\"twitter:data2\" content=\"2 minutes\" \/>\n<script type=\"application\/ld+json\" class=\"yoast-schema-graph\">{\"@context\":\"https:\/\/schema.org\",\"@graph\":[{\"@type\":\"Article\",\"@id\":\"https:\/\/www.africa-press.net\/togo\/politique\/togo-medias-condamnation-de-liberte-le-mpl-interpelle-le-pm#article\",\"isPartOf\":{\"@id\":\"https:\/\/www.africa-press.net\/togo\/politique\/togo-medias-condamnation-de-liberte-le-mpl-interpelle-le-pm\"},\"author\":{\"name\":\"cfeditorfr\",\"@id\":\"https:\/\/www.africa-press.net\/togo\/#\/schema\/person\/2b1cf3cd81a31e3cd26889ca66d677f1\"},\"headline\":\"Togo-M\u00e9dias\/Condamnation de Libert\u00e9 : le MPL interpelle le PM\",\"datePublished\":\"2022-10-18T17:32:51+00:00\",\"dateModified\":\"2022-10-18T17:53:47+00:00\",\"mainEntityOfPage\":{\"@id\":\"https:\/\/www.africa-press.net\/togo\/politique\/togo-medias-condamnation-de-liberte-le-mpl-interpelle-le-pm\"},\"wordCount\":303,\"commentCount\":0,\"image\":{\"@id\":\"https:\/\/www.africa-press.net\/togo\/politique\/togo-medias-condamnation-de-liberte-le-mpl-interpelle-le-pm#primaryimage\"},\"thumbnailUrl\":\"https:\/\/static.africa-press.net\/togo\/sites\/58\/2022\/10\/postQueueImg_10-634ee7fc525e7.jpg\",\"keywords\":[\"Africa Press\",\"Africa Press-Togo\",\"Togo\"],\"articleSection\":[\"Politique\",\"Toutes les actualit\u00e9s\"],\"inLanguage\":\"fr-FR\",\"potentialAction\":[{\"@type\":\"CommentAction\",\"name\":\"Comment\",\"target\":[\"https:\/\/www.africa-press.net\/togo\/politique\/togo-medias-condamnation-de-liberte-le-mpl-interpelle-le-pm#respond\"]}]},{\"@type\":\"WebPage\",\"@id\":\"https:\/\/www.africa-press.net\/togo\/politique\/togo-medias-condamnation-de-liberte-le-mpl-interpelle-le-pm\",\"url\":\"https:\/\/www.africa-press.net\/togo\/politique\/togo-medias-condamnation-de-liberte-le-mpl-interpelle-le-pm\",\"name\":\"Togo-M\u00e9dias\/Condamnation de Libert\u00e9 : le MPL interpelle le PM - Togo\",\"isPartOf\":{\"@id\":\"https:\/\/www.africa-press.net\/togo\/#website\"},\"primaryImageOfPage\":{\"@id\":\"https:\/\/www.africa-press.net\/togo\/politique\/togo-medias-condamnation-de-liberte-le-mpl-interpelle-le-pm#primaryimage\"},\"image\":{\"@id\":\"https:\/\/www.africa-press.net\/togo\/politique\/togo-medias-condamnation-de-liberte-le-mpl-interpelle-le-pm#primaryimage\"},\"thumbnailUrl\":\"https:\/\/static.africa-press.net\/togo\/sites\/58\/2022\/10\/postQueueImg_10-634ee7fc525e7.jpg\",\"datePublished\":\"2022-10-18T17:32:51+00:00\",\"dateModified\":\"2022-10-18T17:53:47+00:00\",\"author\":{\"@id\":\"https:\/\/www.africa-press.net\/togo\/#\/schema\/person\/2b1cf3cd81a31e3cd26889ca66d677f1\"},\"description\":\"Le Mouvement du peuple pour la liberte\u0301 (MPL-ABLODEVIWO) n\u2019est pas d\u2019accord de la lourde condamnation du quotidien pr ...\",\"breadcrumb\":{\"@id\":\"https:\/\/www.africa-press.net\/togo\/politique\/togo-medias-condamnation-de-liberte-le-mpl-interpelle-le-pm#breadcrumb\"},\"inLanguage\":\"fr-FR\",\"potentialAction\":[{\"@type\":\"ReadAction\",\"target\":[\"https:\/\/www.africa-press.net\/togo\/politique\/togo-medias-condamnation-de-liberte-le-mpl-interpelle-le-pm\"]}]},{\"@type\":\"ImageObject\",\"inLanguage\":\"fr-FR\",\"@id\":\"https:\/\/www.africa-press.net\/togo\/politique\/togo-medias-condamnation-de-liberte-le-mpl-interpelle-le-pm#primaryimage\",\"url\":\"https:\/\/static.africa-press.net\/togo\/sites\/58\/2022\/10\/postQueueImg_10-634ee7fc525e7.jpg\",\"contentUrl\":\"https:\/\/static.africa-press.net\/togo\/sites\/58\/2022\/10\/postQueueImg_10-634ee7fc525e7.jpg\",\"width\":1304,\"height\":828,\"caption\":\"Togo-M\u00e9dias\/Condamnation de Libert\u00e9 : le MPL interpelle le PM\"},{\"@type\":\"BreadcrumbList\",\"@id\":\"https:\/\/www.africa-press.net\/togo\/politique\/togo-medias-condamnation-de-liberte-le-mpl-interpelle-le-pm#breadcrumb\",\"itemListElement\":[{\"@type\":\"ListItem\",\"position\":1,\"name\":\"Accueil\",\"item\":\"https:\/\/www.africa-press.net\/togo\/\"},{\"@type\":\"ListItem\",\"position\":2,\"name\":\"Togo-M\u00e9dias\/Condamnation de Libert\u00e9 : le MPL interpelle le PM\"}]},{\"@type\":\"WebSite\",\"@id\":\"https:\/\/www.africa-press.net\/togo\/#website\",\"url\":\"https:\/\/www.africa-press.net\/togo\/\",\"name\":\"Togo\",\"description\":\"Just another Africa News Agency Sites site\",\"potentialAction\":[{\"@type\":\"SearchAction\",\"target\":{\"@type\":\"EntryPoint\",\"urlTemplate\":\"https:\/\/www.africa-press.net\/togo\/?s={search_term_string}\"},\"query-input\":{\"@type\":\"PropertyValueSpecification\",\"valueRequired\":true,\"valueName\":\"search_term_string\"}}],\"inLanguage\":\"fr-FR\"},{\"@type\":\"Person\",\"@id\":\"https:\/\/www.africa-press.net\/togo\/#\/schema\/person\/2b1cf3cd81a31e3cd26889ca66d677f1\",\"name\":\"cfeditorfr\"}]}<\/script>\n<!-- \/ Yoast SEO Premium plugin. -->","yoast_head_json":{"title":"Togo-M\u00e9dias\/Condamnation de Libert\u00e9 : le MPL interpelle le PM - Togo","description":"Le Mouvement du peuple pour la liberte\u0301 (MPL-ABLODEVIWO) n\u2019est pas d\u2019accord de la lourde condamnation du quotidien pr ...","robots":{"index":"index","follow":"follow","max-snippet":"max-snippet:-1","max-image-preview":"max-image-preview:large","max-video-preview":"max-video-preview:-1"},"canonical":"https:\/\/www.africa-press.net\/togo\/politique\/togo-medias-condamnation-de-liberte-le-mpl-interpelle-le-pm","og_locale":"fr_FR","og_type":"article","og_title":"Togo-M\u00e9dias\/Condamnation de Libert\u00e9 : le MPL interpelle le PM","og_description":"Le Mouvement du peuple pour la liberte\u0301 (MPL-ABLODEVIWO) n\u2019est pas d\u2019accord de la lourde condamnation du quotidien pr ...","og_url":"https:\/\/www.africa-press.net\/togo\/politique\/togo-medias-condamnation-de-liberte-le-mpl-interpelle-le-pm","og_site_name":"Togo","article_published_time":"2022-10-18T17:32:51+00:00","article_modified_time":"2022-10-18T17:53:47+00:00","og_image":[{"width":1304,"height":828,"url":"https:\/\/static.africa-press.net\/togo\/sites\/58\/2022\/10\/postQueueImg_10-634ee7fc525e7.jpg","type":"image\/jpeg"}],"author":"cfeditorfr","twitter_card":"summary_large_image","twitter_misc":{"\u00c9crit par":"cfeditorfr","Dur\u00e9e de lecture estim\u00e9e":"2 minutes"},"schema":{"@context":"https:\/\/schema.org","@graph":[{"@type":"Article","@id":"https:\/\/www.africa-press.net\/togo\/politique\/togo-medias-condamnation-de-liberte-le-mpl-interpelle-le-pm#article","isPartOf":{"@id":"https:\/\/www.africa-press.net\/togo\/politique\/togo-medias-condamnation-de-liberte-le-mpl-interpelle-le-pm"},"author":{"name":"cfeditorfr","@id":"https:\/\/www.africa-press.net\/togo\/#\/schema\/person\/2b1cf3cd81a31e3cd26889ca66d677f1"},"headline":"Togo-M\u00e9dias\/Condamnation de Libert\u00e9 : le MPL interpelle le PM","datePublished":"2022-10-18T17:32:51+00:00","dateModified":"2022-10-18T17:53:47+00:00","mainEntityOfPage":{"@id":"https:\/\/www.africa-press.net\/togo\/politique\/togo-medias-condamnation-de-liberte-le-mpl-interpelle-le-pm"},"wordCount":303,"commentCount":0,"image":{"@id":"https:\/\/www.africa-press.net\/togo\/politique\/togo-medias-condamnation-de-liberte-le-mpl-interpelle-le-pm#primaryimage"},"thumbnailUrl":"https:\/\/static.africa-press.net\/togo\/sites\/58\/2022\/10\/postQueueImg_10-634ee7fc525e7.jpg","keywords":["Africa Press","Africa Press-Togo","Togo"],"articleSection":["Politique","Toutes les actualit\u00e9s"],"inLanguage":"fr-FR","potentialAction":[{"@type":"CommentAction","name":"Comment","target":["https:\/\/www.africa-press.net\/togo\/politique\/togo-medias-condamnation-de-liberte-le-mpl-interpelle-le-pm#respond"]}]},{"@type":"WebPage","@id":"https:\/\/www.africa-press.net\/togo\/politique\/togo-medias-condamnation-de-liberte-le-mpl-interpelle-le-pm","url":"https:\/\/www.africa-press.net\/togo\/politique\/togo-medias-condamnation-de-liberte-le-mpl-interpelle-le-pm","name":"Togo-M\u00e9dias\/Condamnation de Libert\u00e9 : le MPL interpelle le PM - Togo","isPartOf":{"@id":"https:\/\/www.africa-press.net\/togo\/#website"},"primaryImageOfPage":{"@id":"https:\/\/www.africa-press.net\/togo\/politique\/togo-medias-condamnation-de-liberte-le-mpl-interpelle-le-pm#primaryimage"},"image":{"@id":"https:\/\/www.africa-press.net\/togo\/politique\/togo-medias-condamnation-de-liberte-le-mpl-interpelle-le-pm#primaryimage"},"thumbnailUrl":"https:\/\/static.africa-press.net\/togo\/sites\/58\/2022\/10\/postQueueImg_10-634ee7fc525e7.jpg","datePublished":"2022-10-18T17:32:51+00:00","dateModified":"2022-10-18T17:53:47+00:00","author":{"@id":"https:\/\/www.africa-press.net\/togo\/#\/schema\/person\/2b1cf3cd81a31e3cd26889ca66d677f1"},"description":"Le Mouvement du peuple pour la liberte\u0301 (MPL-ABLODEVIWO) n\u2019est pas d\u2019accord de la lourde condamnation du quotidien pr ...","breadcrumb":{"@id":"https:\/\/www.africa-press.net\/togo\/politique\/togo-medias-condamnation-de-liberte-le-mpl-interpelle-le-pm#breadcrumb"},"inLanguage":"fr-FR","potentialAction":[{"@type":"ReadAction","target":["https:\/\/www.africa-press.net\/togo\/politique\/togo-medias-condamnation-de-liberte-le-mpl-interpelle-le-pm"]}]},{"@type":"ImageObject","inLanguage":"fr-FR","@id":"https:\/\/www.africa-press.net\/togo\/politique\/togo-medias-condamnation-de-liberte-le-mpl-interpelle-le-pm#primaryimage","url":"https:\/\/static.africa-press.net\/togo\/sites\/58\/2022\/10\/postQueueImg_10-634ee7fc525e7.jpg","contentUrl":"https:\/\/static.africa-press.net\/togo\/sites\/58\/2022\/10\/postQueueImg_10-634ee7fc525e7.jpg","width":1304,"height":828,"caption":"Togo-M\u00e9dias\/Condamnation de Libert\u00e9 : le MPL interpelle le PM"},{"@type":"BreadcrumbList","@id":"https:\/\/www.africa-press.net\/togo\/politique\/togo-medias-condamnation-de-liberte-le-mpl-interpelle-le-pm#breadcrumb","itemListElement":[{"@type":"ListItem","position":1,"name":"Accueil","item":"https:\/\/www.africa-press.net\/togo\/"},{"@type":"ListItem","position":2,"name":"Togo-M\u00e9dias\/Condamnation de Libert\u00e9 : le MPL interpelle le PM"}]},{"@type":"WebSite","@id":"https:\/\/www.africa-press.net\/togo\/#website","url":"https:\/\/www.africa-press.net\/togo\/","name":"Togo","description":"Just another Africa News Agency Sites site","potentialAction":[{"@type":"SearchAction","target":{"@type":"EntryPoint","urlTemplate":"https:\/\/www.africa-press.net\/togo\/?s={search_term_string}"},"query-input":{"@type":"PropertyValueSpecification","valueRequired":true,"valueName":"search_term_string"}}],"inLanguage":"fr-FR"},{"@type":"Person","@id":"https:\/\/www.africa-press.net\/togo\/#\/schema\/person\/2b1cf3cd81a31e3cd26889ca66d677f1","name":"cfeditorfr"}]}},"_links":{"self":[{"href":"https:\/\/www.africa-press.net\/togo\/wp-json\/wp\/v2\/posts\/12558","targetHints":{"allow":["GET"]}}],"collection":[{"href":"https:\/\/www.africa-press.net\/togo\/wp-json\/wp\/v2\/posts"}],"about":[{"href":"https:\/\/www.africa-press.net\/togo\/wp-json\/wp\/v2\/types\/post"}],"author":[{"embeddable":true,"href":"https:\/\/www.africa-press.net\/togo\/wp-json\/wp\/v2\/users\/82"}],"replies":[{"embeddable":true,"href":"https:\/\/www.africa-press.net\/togo\/wp-json\/wp\/v2\/comments?post=12558"}],"version-history":[{"count":0,"href":"https:\/\/www.africa-press.net\/togo\/wp-json\/wp\/v2\/posts\/12558\/revisions"}],"wp:featuredmedia":[{"embeddable":true,"href":"https:\/\/www.africa-press.net\/togo\/wp-json\/wp\/v2\/media\/12557"}],"wp:attachment":[{"href":"https:\/\/www.africa-press.net\/togo\/wp-json\/wp\/v2\/media?parent=12558"}],"wp:term":[{"taxonomy":"category","embeddable":true,"href":"https:\/\/www.africa-press.net\/togo\/wp-json\/wp\/v2\/categories?post=12558"},{"taxonomy":"post_tag","embeddable":true,"href":"https:\/\/www.africa-press.net\/togo\/wp-json\/wp\/v2\/tags?post=12558"}],"curies":[{"name":"wp","href":"https:\/\/api.w.org\/{rel}","templated":true}]}}