{"id":12573,"date":"2022-10-18T17:36:10","date_gmt":"2022-10-18T17:36:10","guid":{"rendered":"https:\/\/www.africa-press.net\/togo\/politique\/togo-attaque-terroriste-au-quartier-administratif-ce-jeudi"},"modified":"2022-10-18T17:56:58","modified_gmt":"2022-10-18T17:56:58","slug":"togo-attaque-terroriste-au-quartier-administratif-ce-jeudi","status":"publish","type":"post","link":"https:\/\/www.africa-press.net\/togo\/politique\/togo-attaque-terroriste-au-quartier-administratif-ce-jeudi","title":{"rendered":"Togo\u00a0: Attaque terroriste au quartier administratif ce jeudi"},"content":{"rendered":"<p><span style=\"color: #ff6600\"><strong>Africa-Press &#8211; Togo. <\/strong><\/span>Le quartier administratif de Lome\u0301 sera la cible d\u2019une attaque terroriste ce jeudi 20 octobre 2022.<\/p>\n<p>L\u2019information a e\u0301te\u0301 re\u0301ve\u0301le\u0301e par le Ge\u0301ne\u0301ral de Brigade Yark Damehane, ministre en charge de la Se\u0301curite\u0301 et de la Protection civile dans une note.<\/p>\n<p>Il s\u2019agit en effet d\u2019un exercice de simulation pour affu\u0302ter les forces de de\u0301fense et de se\u0301curite\u0301. Cet exercice, selon les informations, se tient dans le cadre de la formation des forces de se\u0301curite\u0301, consacre\u0301e aux techniques d\u2019intervention spe\u0301cialise\u0301es.<\/p>\n<p>Le ministre appelle donc les populations a\u0300 \u00ab ne pas ce\u0301der a\u0300 la panique pendant cette pe\u0301riode. \u00bb<\/p>\n<p>Rappelons que le Nord Togo a e\u0301te\u0301, ces derniers temps, la cible de plusieurs attaques terroristes.<\/p>\n<p>L\u2019e\u0301tat d\u2019urgence se\u0301curitaire a e\u0301te\u0301 instaure\u0301 dans la partie septentrionale au de\u0301but de cette anne\u0301e. Il a e\u0301te\u0301 proroge\u0301 de 6 mois le 06 septembre 2022 dernier.<\/p>\n<p><strong>Pour plus d&rsquo;informations et d&rsquo;analyses sur la <a href=\"https:\/\/www.africa-press.net\/togo\">Togo<\/a>, suivez <a href=\"https:\/\/www.africa-press.net\/\">Africa-Press<\/a><\/strong><\/p>\n","protected":false},"excerpt":{"rendered":"<p>Africa-Press &#8211; Togo. Le quartier administratif de Lome\u0301 sera la cible d\u2019une attaque terroriste ce jeudi 20 octobre 2022. L\u2019information a e\u0301te\u0301 re\u0301ve\u0301le\u0301e par le Ge\u0301ne\u0301ral de Brigade Yark Damehane, ministre en charge de la Se\u0301curite\u0301 et de la Protection civile dans une note. Il s\u2019agit en effet d\u2019un exercice de simulation pour affu\u0302ter les [&hellip;]<\/p>\n","protected":false},"author":82,"featured_media":12572,"comment_status":"open","ping_status":"closed","sticky":false,"template":"","format":"standard","meta":{"footnotes":""},"categories":[2,10],"tags":[36,49,459,50],"class_list":["post-12573","post","type-post","status-publish","format-standard","has-post-thumbnail","hentry","category-politique","category-toutes-les-actualites","tag-africa-press","tag-africa-press-togo","tag-terrorisme","tag-togo"],"yoast_head":"<!-- This site is optimized with the Yoast SEO Premium plugin v26.1 (Yoast SEO v27.0) - https:\/\/yoast.com\/product\/yoast-seo-premium-wordpress\/ -->\n<title>Togo\u00a0: Attaque terroriste au quartier administratif ce jeudi - Togo<\/title>\n<meta name=\"description\" content=\"Le quartier administratif de Lome\u0301 sera la cible d\u2019une attaque terroriste ce jeudi 20 octobre 2022. L\u2019information a e\u0301t ...\" \/>\n<meta name=\"robots\" content=\"index, follow, max-snippet:-1, max-image-preview:large, max-video-preview:-1\" \/>\n<link rel=\"canonical\" href=\"https:\/\/www.africa-press.net\/togo\/politique\/togo-attaque-terroriste-au-quartier-administratif-ce-jeudi\" \/>\n<meta property=\"og:locale\" content=\"fr_FR\" \/>\n<meta property=\"og:type\" content=\"article\" \/>\n<meta property=\"og:title\" content=\"Togo\u00a0: Attaque terroriste au quartier administratif ce jeudi\" \/>\n<meta property=\"og:description\" content=\"Le quartier administratif de Lome\u0301 sera la cible d\u2019une attaque terroriste ce jeudi 20 octobre 2022. L\u2019information a e\u0301t ...\" \/>\n<meta property=\"og:url\" content=\"https:\/\/www.africa-press.net\/togo\/politique\/togo-attaque-terroriste-au-quartier-administratif-ce-jeudi\" \/>\n<meta property=\"og:site_name\" content=\"Togo\" \/>\n<meta property=\"article:published_time\" content=\"2022-10-18T17:36:10+00:00\" \/>\n<meta property=\"article:modified_time\" content=\"2022-10-18T17:56:58+00:00\" \/>\n<meta property=\"og:image\" content=\"https:\/\/static.africa-press.net\/togo\/sites\/58\/2022\/10\/postQueueImg_14-634ee8c6442b9.jpg\" \/>\n\t<meta property=\"og:image:width\" content=\"720\" \/>\n\t<meta property=\"og:image:height\" content=\"408\" \/>\n\t<meta property=\"og:image:type\" content=\"image\/jpeg\" \/>\n<meta name=\"author\" content=\"cfeditorfr\" \/>\n<meta name=\"twitter:card\" content=\"summary_large_image\" \/>\n<meta name=\"twitter:label1\" content=\"\u00c9crit par\" \/>\n\t<meta name=\"twitter:data1\" content=\"cfeditorfr\" \/>\n\t<meta name=\"twitter:label2\" content=\"Dur\u00e9e de lecture estim\u00e9e\" \/>\n\t<meta name=\"twitter:data2\" content=\"1 minute\" \/>\n<script type=\"application\/ld+json\" class=\"yoast-schema-graph\">{\"@context\":\"https:\/\/schema.org\",\"@graph\":[{\"@type\":\"Article\",\"@id\":\"https:\/\/www.africa-press.net\/togo\/politique\/togo-attaque-terroriste-au-quartier-administratif-ce-jeudi#article\",\"isPartOf\":{\"@id\":\"https:\/\/www.africa-press.net\/togo\/politique\/togo-attaque-terroriste-au-quartier-administratif-ce-jeudi\"},\"author\":{\"name\":\"cfeditorfr\",\"@id\":\"https:\/\/www.africa-press.net\/togo\/#\/schema\/person\/2b1cf3cd81a31e3cd26889ca66d677f1\"},\"headline\":\"Togo\u00a0: Attaque terroriste au quartier administratif ce jeudi\",\"datePublished\":\"2022-10-18T17:36:10+00:00\",\"dateModified\":\"2022-10-18T17:56:58+00:00\",\"mainEntityOfPage\":{\"@id\":\"https:\/\/www.africa-press.net\/togo\/politique\/togo-attaque-terroriste-au-quartier-administratif-ce-jeudi\"},\"wordCount\":187,\"commentCount\":0,\"image\":{\"@id\":\"https:\/\/www.africa-press.net\/togo\/politique\/togo-attaque-terroriste-au-quartier-administratif-ce-jeudi#primaryimage\"},\"thumbnailUrl\":\"https:\/\/static.africa-press.net\/togo\/sites\/58\/2022\/10\/postQueueImg_14-634ee8c6442b9.jpg\",\"keywords\":[\"Africa Press\",\"Africa Press-Togo\",\"Terrorisme\",\"Togo\"],\"articleSection\":[\"Politique\",\"Toutes les actualit\u00e9s\"],\"inLanguage\":\"fr-FR\",\"potentialAction\":[{\"@type\":\"CommentAction\",\"name\":\"Comment\",\"target\":[\"https:\/\/www.africa-press.net\/togo\/politique\/togo-attaque-terroriste-au-quartier-administratif-ce-jeudi#respond\"]}]},{\"@type\":\"WebPage\",\"@id\":\"https:\/\/www.africa-press.net\/togo\/politique\/togo-attaque-terroriste-au-quartier-administratif-ce-jeudi\",\"url\":\"https:\/\/www.africa-press.net\/togo\/politique\/togo-attaque-terroriste-au-quartier-administratif-ce-jeudi\",\"name\":\"Togo\u00a0: Attaque terroriste au quartier administratif ce jeudi - Togo\",\"isPartOf\":{\"@id\":\"https:\/\/www.africa-press.net\/togo\/#website\"},\"primaryImageOfPage\":{\"@id\":\"https:\/\/www.africa-press.net\/togo\/politique\/togo-attaque-terroriste-au-quartier-administratif-ce-jeudi#primaryimage\"},\"image\":{\"@id\":\"https:\/\/www.africa-press.net\/togo\/politique\/togo-attaque-terroriste-au-quartier-administratif-ce-jeudi#primaryimage\"},\"thumbnailUrl\":\"https:\/\/static.africa-press.net\/togo\/sites\/58\/2022\/10\/postQueueImg_14-634ee8c6442b9.jpg\",\"datePublished\":\"2022-10-18T17:36:10+00:00\",\"dateModified\":\"2022-10-18T17:56:58+00:00\",\"author\":{\"@id\":\"https:\/\/www.africa-press.net\/togo\/#\/schema\/person\/2b1cf3cd81a31e3cd26889ca66d677f1\"},\"description\":\"Le quartier administratif de Lome\u0301 sera la cible d\u2019une attaque terroriste ce jeudi 20 octobre 2022. L\u2019information a e\u0301t ...\",\"breadcrumb\":{\"@id\":\"https:\/\/www.africa-press.net\/togo\/politique\/togo-attaque-terroriste-au-quartier-administratif-ce-jeudi#breadcrumb\"},\"inLanguage\":\"fr-FR\",\"potentialAction\":[{\"@type\":\"ReadAction\",\"target\":[\"https:\/\/www.africa-press.net\/togo\/politique\/togo-attaque-terroriste-au-quartier-administratif-ce-jeudi\"]}]},{\"@type\":\"ImageObject\",\"inLanguage\":\"fr-FR\",\"@id\":\"https:\/\/www.africa-press.net\/togo\/politique\/togo-attaque-terroriste-au-quartier-administratif-ce-jeudi#primaryimage\",\"url\":\"https:\/\/static.africa-press.net\/togo\/sites\/58\/2022\/10\/postQueueImg_14-634ee8c6442b9.jpg\",\"contentUrl\":\"https:\/\/static.africa-press.net\/togo\/sites\/58\/2022\/10\/postQueueImg_14-634ee8c6442b9.jpg\",\"width\":720,\"height\":408,\"caption\":\"Togo\u00a0: Attaque terroriste au quartier administratif ce jeudi\"},{\"@type\":\"BreadcrumbList\",\"@id\":\"https:\/\/www.africa-press.net\/togo\/politique\/togo-attaque-terroriste-au-quartier-administratif-ce-jeudi#breadcrumb\",\"itemListElement\":[{\"@type\":\"ListItem\",\"position\":1,\"name\":\"Accueil\",\"item\":\"https:\/\/www.africa-press.net\/togo\/\"},{\"@type\":\"ListItem\",\"position\":2,\"name\":\"Togo\u00a0: Attaque terroriste au quartier administratif ce jeudi\"}]},{\"@type\":\"WebSite\",\"@id\":\"https:\/\/www.africa-press.net\/togo\/#website\",\"url\":\"https:\/\/www.africa-press.net\/togo\/\",\"name\":\"Togo\",\"description\":\"Just another Africa News Agency Sites site\",\"potentialAction\":[{\"@type\":\"SearchAction\",\"target\":{\"@type\":\"EntryPoint\",\"urlTemplate\":\"https:\/\/www.africa-press.net\/togo\/?s={search_term_string}\"},\"query-input\":{\"@type\":\"PropertyValueSpecification\",\"valueRequired\":true,\"valueName\":\"search_term_string\"}}],\"inLanguage\":\"fr-FR\"},{\"@type\":\"Person\",\"@id\":\"https:\/\/www.africa-press.net\/togo\/#\/schema\/person\/2b1cf3cd81a31e3cd26889ca66d677f1\",\"name\":\"cfeditorfr\"}]}<\/script>\n<!-- \/ Yoast SEO Premium plugin. -->","yoast_head_json":{"title":"Togo\u00a0: Attaque terroriste au quartier administratif ce jeudi - Togo","description":"Le quartier administratif de Lome\u0301 sera la cible d\u2019une attaque terroriste ce jeudi 20 octobre 2022. L\u2019information a e\u0301t ...","robots":{"index":"index","follow":"follow","max-snippet":"max-snippet:-1","max-image-preview":"max-image-preview:large","max-video-preview":"max-video-preview:-1"},"canonical":"https:\/\/www.africa-press.net\/togo\/politique\/togo-attaque-terroriste-au-quartier-administratif-ce-jeudi","og_locale":"fr_FR","og_type":"article","og_title":"Togo\u00a0: Attaque terroriste au quartier administratif ce jeudi","og_description":"Le quartier administratif de Lome\u0301 sera la cible d\u2019une attaque terroriste ce jeudi 20 octobre 2022. L\u2019information a e\u0301t ...","og_url":"https:\/\/www.africa-press.net\/togo\/politique\/togo-attaque-terroriste-au-quartier-administratif-ce-jeudi","og_site_name":"Togo","article_published_time":"2022-10-18T17:36:10+00:00","article_modified_time":"2022-10-18T17:56:58+00:00","og_image":[{"width":720,"height":408,"url":"https:\/\/static.africa-press.net\/togo\/sites\/58\/2022\/10\/postQueueImg_14-634ee8c6442b9.jpg","type":"image\/jpeg"}],"author":"cfeditorfr","twitter_card":"summary_large_image","twitter_misc":{"\u00c9crit par":"cfeditorfr","Dur\u00e9e de lecture estim\u00e9e":"1 minute"},"schema":{"@context":"https:\/\/schema.org","@graph":[{"@type":"Article","@id":"https:\/\/www.africa-press.net\/togo\/politique\/togo-attaque-terroriste-au-quartier-administratif-ce-jeudi#article","isPartOf":{"@id":"https:\/\/www.africa-press.net\/togo\/politique\/togo-attaque-terroriste-au-quartier-administratif-ce-jeudi"},"author":{"name":"cfeditorfr","@id":"https:\/\/www.africa-press.net\/togo\/#\/schema\/person\/2b1cf3cd81a31e3cd26889ca66d677f1"},"headline":"Togo\u00a0: Attaque terroriste au quartier administratif ce jeudi","datePublished":"2022-10-18T17:36:10+00:00","dateModified":"2022-10-18T17:56:58+00:00","mainEntityOfPage":{"@id":"https:\/\/www.africa-press.net\/togo\/politique\/togo-attaque-terroriste-au-quartier-administratif-ce-jeudi"},"wordCount":187,"commentCount":0,"image":{"@id":"https:\/\/www.africa-press.net\/togo\/politique\/togo-attaque-terroriste-au-quartier-administratif-ce-jeudi#primaryimage"},"thumbnailUrl":"https:\/\/static.africa-press.net\/togo\/sites\/58\/2022\/10\/postQueueImg_14-634ee8c6442b9.jpg","keywords":["Africa Press","Africa Press-Togo","Terrorisme","Togo"],"articleSection":["Politique","Toutes les actualit\u00e9s"],"inLanguage":"fr-FR","potentialAction":[{"@type":"CommentAction","name":"Comment","target":["https:\/\/www.africa-press.net\/togo\/politique\/togo-attaque-terroriste-au-quartier-administratif-ce-jeudi#respond"]}]},{"@type":"WebPage","@id":"https:\/\/www.africa-press.net\/togo\/politique\/togo-attaque-terroriste-au-quartier-administratif-ce-jeudi","url":"https:\/\/www.africa-press.net\/togo\/politique\/togo-attaque-terroriste-au-quartier-administratif-ce-jeudi","name":"Togo\u00a0: Attaque terroriste au quartier administratif ce jeudi - Togo","isPartOf":{"@id":"https:\/\/www.africa-press.net\/togo\/#website"},"primaryImageOfPage":{"@id":"https:\/\/www.africa-press.net\/togo\/politique\/togo-attaque-terroriste-au-quartier-administratif-ce-jeudi#primaryimage"},"image":{"@id":"https:\/\/www.africa-press.net\/togo\/politique\/togo-attaque-terroriste-au-quartier-administratif-ce-jeudi#primaryimage"},"thumbnailUrl":"https:\/\/static.africa-press.net\/togo\/sites\/58\/2022\/10\/postQueueImg_14-634ee8c6442b9.jpg","datePublished":"2022-10-18T17:36:10+00:00","dateModified":"2022-10-18T17:56:58+00:00","author":{"@id":"https:\/\/www.africa-press.net\/togo\/#\/schema\/person\/2b1cf3cd81a31e3cd26889ca66d677f1"},"description":"Le quartier administratif de Lome\u0301 sera la cible d\u2019une attaque terroriste ce jeudi 20 octobre 2022. L\u2019information a e\u0301t ...","breadcrumb":{"@id":"https:\/\/www.africa-press.net\/togo\/politique\/togo-attaque-terroriste-au-quartier-administratif-ce-jeudi#breadcrumb"},"inLanguage":"fr-FR","potentialAction":[{"@type":"ReadAction","target":["https:\/\/www.africa-press.net\/togo\/politique\/togo-attaque-terroriste-au-quartier-administratif-ce-jeudi"]}]},{"@type":"ImageObject","inLanguage":"fr-FR","@id":"https:\/\/www.africa-press.net\/togo\/politique\/togo-attaque-terroriste-au-quartier-administratif-ce-jeudi#primaryimage","url":"https:\/\/static.africa-press.net\/togo\/sites\/58\/2022\/10\/postQueueImg_14-634ee8c6442b9.jpg","contentUrl":"https:\/\/static.africa-press.net\/togo\/sites\/58\/2022\/10\/postQueueImg_14-634ee8c6442b9.jpg","width":720,"height":408,"caption":"Togo\u00a0: Attaque terroriste au quartier administratif ce jeudi"},{"@type":"BreadcrumbList","@id":"https:\/\/www.africa-press.net\/togo\/politique\/togo-attaque-terroriste-au-quartier-administratif-ce-jeudi#breadcrumb","itemListElement":[{"@type":"ListItem","position":1,"name":"Accueil","item":"https:\/\/www.africa-press.net\/togo\/"},{"@type":"ListItem","position":2,"name":"Togo\u00a0: Attaque terroriste au quartier administratif ce jeudi"}]},{"@type":"WebSite","@id":"https:\/\/www.africa-press.net\/togo\/#website","url":"https:\/\/www.africa-press.net\/togo\/","name":"Togo","description":"Just another Africa News Agency Sites site","potentialAction":[{"@type":"SearchAction","target":{"@type":"EntryPoint","urlTemplate":"https:\/\/www.africa-press.net\/togo\/?s={search_term_string}"},"query-input":{"@type":"PropertyValueSpecification","valueRequired":true,"valueName":"search_term_string"}}],"inLanguage":"fr-FR"},{"@type":"Person","@id":"https:\/\/www.africa-press.net\/togo\/#\/schema\/person\/2b1cf3cd81a31e3cd26889ca66d677f1","name":"cfeditorfr"}]}},"_links":{"self":[{"href":"https:\/\/www.africa-press.net\/togo\/wp-json\/wp\/v2\/posts\/12573","targetHints":{"allow":["GET"]}}],"collection":[{"href":"https:\/\/www.africa-press.net\/togo\/wp-json\/wp\/v2\/posts"}],"about":[{"href":"https:\/\/www.africa-press.net\/togo\/wp-json\/wp\/v2\/types\/post"}],"author":[{"embeddable":true,"href":"https:\/\/www.africa-press.net\/togo\/wp-json\/wp\/v2\/users\/82"}],"replies":[{"embeddable":true,"href":"https:\/\/www.africa-press.net\/togo\/wp-json\/wp\/v2\/comments?post=12573"}],"version-history":[{"count":0,"href":"https:\/\/www.africa-press.net\/togo\/wp-json\/wp\/v2\/posts\/12573\/revisions"}],"wp:featuredmedia":[{"embeddable":true,"href":"https:\/\/www.africa-press.net\/togo\/wp-json\/wp\/v2\/media\/12572"}],"wp:attachment":[{"href":"https:\/\/www.africa-press.net\/togo\/wp-json\/wp\/v2\/media?parent=12573"}],"wp:term":[{"taxonomy":"category","embeddable":true,"href":"https:\/\/www.africa-press.net\/togo\/wp-json\/wp\/v2\/categories?post=12573"},{"taxonomy":"post_tag","embeddable":true,"href":"https:\/\/www.africa-press.net\/togo\/wp-json\/wp\/v2\/tags?post=12573"}],"curies":[{"name":"wp","href":"https:\/\/api.w.org\/{rel}","templated":true}]}}