{"id":12613,"date":"2022-10-19T22:28:44","date_gmt":"2022-10-19T22:28:44","guid":{"rendered":"https:\/\/www.africa-press.net\/togo\/politique\/togo-le-mpl-preoccupe-par-la-situation-des-enseignants-licencies"},"modified":"2022-10-19T22:46:50","modified_gmt":"2022-10-19T22:46:50","slug":"togo-le-mpl-preoccupe-par-la-situation-des-enseignants-licencies","status":"publish","type":"post","link":"https:\/\/www.africa-press.net\/togo\/politique\/togo-le-mpl-preoccupe-par-la-situation-des-enseignants-licencies","title":{"rendered":"Togo-Le MPL pr\u00e9occup\u00e9 par la situation des enseignants licenci\u00e9s"},"content":{"rendered":"<p><span style=\"color: #ff6600\"><strong>Africa-Press &#8211; Togo. <\/strong><\/span><b>Le pre\u0301sident du Mouvement du Peuple pour la Liberte\u0301 (MPL-ABLODEVIWO) s\u2019inquie\u0300te de la situation des travailleurs togolais. Dans un communique\u0301, il interpelle de nouveau les autorite\u0301s togolaises et le Directeur ge\u0301ne\u0301ral de l\u2019OIT sur le cas des enseignants togolais licencie\u0301s. Lisez pluto\u0302t !<\/b><br \/>\n<b>Professeur Pascal Kossivi ADJAMAGBO<\/b><br \/>\n<b>Pre\u0301sident National du Mouvement du Peuple pour la Liberte\u0301 (MPL-ABLODEVIWO)<\/b><br \/>\n<b>COMMUNIQUE DU 18 OCTOBRE 2022<\/b><br \/>\n<b>Concernant les enseignants togolais licencie\u0301s <\/b><br \/>\n<b>Nouvelle interpellation du nouveau Directeur Ge\u0301ne\u0301ral de l\u2019OIT et du Premier Ministre togolais sur les droits des travailleurs togolais<\/b><\/p>\n<p>Dans une publication intitule\u0301e \u00ab interpellation du nouveau directeur ge\u0301ne\u0301ral de l\u2019OIT et du Premier Ministre du Togo sur les droits des travailleurs togolais interpellation \u00bb, le Mouvement du Peuple pour la Liberte\u0301 (MPL-ABLODEVIWO) avait interpelle\u0301 a\u0300 l\u2019occasion de la dernie\u0300re fe\u0302te du travail le 1er mai 2022, a\u0300 la fois le nouveau Directeur Ge\u0301ne\u0301ral de l\u2019Organisation International du Travail (OIT) et ancien Premier Ministre du Togo et l\u2019actuel Premier Ministre du Togo, au sujet du licenciement de 116 enseignants et de l\u2019emprisonnement de trois d\u2019entre eux, bafouant gravement les droits fondamentaux et constitutionnels des travailleurs togolais qui devraient e\u0302tre de\u0301fendus et garantis par l\u2019OIT, et confortant les accusations tenaces de dictature contre le re\u0301gime he\u0301re\u0301ditaire cinquantenaire togolais.<\/p>\n<p>Le MPL fe\u0301licite le Premier Ministre togolais pour avoir re\u0301pondu en partie a\u0300 son interpellation, par la libe\u0301ration le 5 octobre 2022 des trois enseignants libe\u0301re\u0301s, et par la libe\u0301ration sans caution le 17 octobre 2022 des cinq e\u0301le\u0300ves \u00ab scandaleusement embastille\u0301s \u00bb pour avoir soutenu leurs enseignants gre\u0301vistes licencie\u0301s ou emprisonne\u0301s. Le MPL fe\u0301licite e\u0301galement le Directeur Ge\u0301ne\u0301ral de l\u2019OIT qui a sur son bureau depuis le de\u0301but du mois de mai dernier le dossier juridique des enseignants togolais abusivement licencie\u0301s ou emprisonne\u0301s par le gouvernement togolais, et qui a du\u0302 faire le ne\u0301cessaire aupre\u0300s du gouvernement togolais pour sauver sa face devant l\u2019OIT.<\/p>\n<p>Enfin, le MPL prie le Directeur Ge\u0301ne\u0301ral de l\u2019OIT et le Premier Ministre togolais de porter a\u0300 leur ache\u0300vement leurs re\u0301ponses en actes a\u0300 la premie\u0300re interpellation du MPL en date du 1er mai 2022, par l\u2019annulation avec \u00ab dommages et inte\u0301re\u0302ts \u00bb du \u00ab licenciement abusif \u00bb des enseignants gre\u0301vistes togolais. Il y va de l\u2019honneur du Togo et de l\u2019OIT.<\/p>\n<p><strong>Pour plus d&rsquo;informations et d&rsquo;analyses sur la <a href=\"https:\/\/www.africa-press.net\/togo\">Togo<\/a>, suivez <a href=\"https:\/\/www.africa-press.net\/\">Africa-Press<\/a><\/strong><\/p>\n","protected":false},"excerpt":{"rendered":"<p>Africa-Press &#8211; Togo. Le pre\u0301sident du Mouvement du Peuple pour la Liberte\u0301 (MPL-ABLODEVIWO) s\u2019inquie\u0300te de la situation des travailleurs togolais. Dans un communique\u0301, il interpelle de nouveau les autorite\u0301s togolaises et le Directeur ge\u0301ne\u0301ral de l\u2019OIT sur le cas des enseignants togolais licencie\u0301s. Lisez pluto\u0302t ! Professeur Pascal Kossivi ADJAMAGBO Pre\u0301sident National du Mouvement du [&hellip;]<\/p>\n","protected":false},"author":82,"featured_media":12612,"comment_status":"open","ping_status":"closed","sticky":false,"template":"","format":"standard","meta":{"footnotes":""},"categories":[2,10],"tags":[36,49,50],"class_list":["post-12613","post","type-post","status-publish","format-standard","has-post-thumbnail","hentry","category-politique","category-toutes-les-actualites","tag-africa-press","tag-africa-press-togo","tag-togo"],"yoast_head":"<!-- This site is optimized with the Yoast SEO Premium plugin v26.1 (Yoast SEO v27.0) - https:\/\/yoast.com\/product\/yoast-seo-premium-wordpress\/ -->\n<title>Togo-Le MPL pr\u00e9occup\u00e9 par la situation des enseignants licenci\u00e9s - Togo<\/title>\n<meta name=\"description\" content=\"Le pre\u0301sident du Mouvement du Peuple pour la Liberte\u0301 (MPL-ABLODEVIWO) s\u2019inquie\u0300te de la situation des travailleurs t ...\" \/>\n<meta name=\"robots\" content=\"index, follow, max-snippet:-1, max-image-preview:large, max-video-preview:-1\" \/>\n<link rel=\"canonical\" href=\"https:\/\/www.africa-press.net\/togo\/politique\/togo-le-mpl-preoccupe-par-la-situation-des-enseignants-licencies\" \/>\n<meta property=\"og:locale\" content=\"fr_FR\" \/>\n<meta property=\"og:type\" content=\"article\" \/>\n<meta property=\"og:title\" content=\"Togo-Le MPL pr\u00e9occup\u00e9 par la situation des enseignants licenci\u00e9s\" \/>\n<meta property=\"og:description\" content=\"Le pre\u0301sident du Mouvement du Peuple pour la Liberte\u0301 (MPL-ABLODEVIWO) s\u2019inquie\u0300te de la situation des travailleurs t ...\" \/>\n<meta property=\"og:url\" content=\"https:\/\/www.africa-press.net\/togo\/politique\/togo-le-mpl-preoccupe-par-la-situation-des-enseignants-licencies\" \/>\n<meta property=\"og:site_name\" content=\"Togo\" \/>\n<meta property=\"article:published_time\" content=\"2022-10-19T22:28:44+00:00\" \/>\n<meta property=\"article:modified_time\" content=\"2022-10-19T22:46:50+00:00\" \/>\n<meta property=\"og:image\" content=\"https:\/\/static.africa-press.net\/togo\/sites\/58\/2022\/10\/postQueueImg_11-63507e4250bca.jpg\" \/>\n\t<meta property=\"og:image:width\" content=\"1280\" \/>\n\t<meta property=\"og:image:height\" content=\"802\" \/>\n\t<meta property=\"og:image:type\" content=\"image\/jpeg\" \/>\n<meta name=\"author\" content=\"cfeditorfr\" \/>\n<meta name=\"twitter:card\" content=\"summary_large_image\" \/>\n<meta name=\"twitter:label1\" content=\"\u00c9crit par\" \/>\n\t<meta name=\"twitter:data1\" content=\"cfeditorfr\" \/>\n\t<meta name=\"twitter:label2\" content=\"Dur\u00e9e de lecture estim\u00e9e\" \/>\n\t<meta name=\"twitter:data2\" content=\"2 minutes\" \/>\n<script type=\"application\/ld+json\" class=\"yoast-schema-graph\">{\"@context\":\"https:\/\/schema.org\",\"@graph\":[{\"@type\":\"Article\",\"@id\":\"https:\/\/www.africa-press.net\/togo\/politique\/togo-le-mpl-preoccupe-par-la-situation-des-enseignants-licencies#article\",\"isPartOf\":{\"@id\":\"https:\/\/www.africa-press.net\/togo\/politique\/togo-le-mpl-preoccupe-par-la-situation-des-enseignants-licencies\"},\"author\":{\"name\":\"cfeditorfr\",\"@id\":\"https:\/\/www.africa-press.net\/togo\/#\/schema\/person\/2b1cf3cd81a31e3cd26889ca66d677f1\"},\"headline\":\"Togo-Le MPL pr\u00e9occup\u00e9 par la situation des enseignants licenci\u00e9s\",\"datePublished\":\"2022-10-19T22:28:44+00:00\",\"dateModified\":\"2022-10-19T22:46:50+00:00\",\"mainEntityOfPage\":{\"@id\":\"https:\/\/www.africa-press.net\/togo\/politique\/togo-le-mpl-preoccupe-par-la-situation-des-enseignants-licencies\"},\"wordCount\":447,\"commentCount\":0,\"image\":{\"@id\":\"https:\/\/www.africa-press.net\/togo\/politique\/togo-le-mpl-preoccupe-par-la-situation-des-enseignants-licencies#primaryimage\"},\"thumbnailUrl\":\"https:\/\/static.africa-press.net\/togo\/sites\/58\/2022\/10\/postQueueImg_11-63507e4250bca.jpg\",\"keywords\":[\"Africa Press\",\"Africa Press-Togo\",\"Togo\"],\"articleSection\":[\"Politique\",\"Toutes les actualit\u00e9s\"],\"inLanguage\":\"fr-FR\",\"potentialAction\":[{\"@type\":\"CommentAction\",\"name\":\"Comment\",\"target\":[\"https:\/\/www.africa-press.net\/togo\/politique\/togo-le-mpl-preoccupe-par-la-situation-des-enseignants-licencies#respond\"]}]},{\"@type\":\"WebPage\",\"@id\":\"https:\/\/www.africa-press.net\/togo\/politique\/togo-le-mpl-preoccupe-par-la-situation-des-enseignants-licencies\",\"url\":\"https:\/\/www.africa-press.net\/togo\/politique\/togo-le-mpl-preoccupe-par-la-situation-des-enseignants-licencies\",\"name\":\"Togo-Le MPL pr\u00e9occup\u00e9 par la situation des enseignants licenci\u00e9s - Togo\",\"isPartOf\":{\"@id\":\"https:\/\/www.africa-press.net\/togo\/#website\"},\"primaryImageOfPage\":{\"@id\":\"https:\/\/www.africa-press.net\/togo\/politique\/togo-le-mpl-preoccupe-par-la-situation-des-enseignants-licencies#primaryimage\"},\"image\":{\"@id\":\"https:\/\/www.africa-press.net\/togo\/politique\/togo-le-mpl-preoccupe-par-la-situation-des-enseignants-licencies#primaryimage\"},\"thumbnailUrl\":\"https:\/\/static.africa-press.net\/togo\/sites\/58\/2022\/10\/postQueueImg_11-63507e4250bca.jpg\",\"datePublished\":\"2022-10-19T22:28:44+00:00\",\"dateModified\":\"2022-10-19T22:46:50+00:00\",\"author\":{\"@id\":\"https:\/\/www.africa-press.net\/togo\/#\/schema\/person\/2b1cf3cd81a31e3cd26889ca66d677f1\"},\"description\":\"Le pre\u0301sident du Mouvement du Peuple pour la Liberte\u0301 (MPL-ABLODEVIWO) s\u2019inquie\u0300te de la situation des travailleurs t ...\",\"breadcrumb\":{\"@id\":\"https:\/\/www.africa-press.net\/togo\/politique\/togo-le-mpl-preoccupe-par-la-situation-des-enseignants-licencies#breadcrumb\"},\"inLanguage\":\"fr-FR\",\"potentialAction\":[{\"@type\":\"ReadAction\",\"target\":[\"https:\/\/www.africa-press.net\/togo\/politique\/togo-le-mpl-preoccupe-par-la-situation-des-enseignants-licencies\"]}]},{\"@type\":\"ImageObject\",\"inLanguage\":\"fr-FR\",\"@id\":\"https:\/\/www.africa-press.net\/togo\/politique\/togo-le-mpl-preoccupe-par-la-situation-des-enseignants-licencies#primaryimage\",\"url\":\"https:\/\/static.africa-press.net\/togo\/sites\/58\/2022\/10\/postQueueImg_11-63507e4250bca.jpg\",\"contentUrl\":\"https:\/\/static.africa-press.net\/togo\/sites\/58\/2022\/10\/postQueueImg_11-63507e4250bca.jpg\",\"width\":1280,\"height\":802,\"caption\":\"Togo-Le MPL pr\u00e9occup\u00e9 par la situation des enseignants licenci\u00e9s\"},{\"@type\":\"BreadcrumbList\",\"@id\":\"https:\/\/www.africa-press.net\/togo\/politique\/togo-le-mpl-preoccupe-par-la-situation-des-enseignants-licencies#breadcrumb\",\"itemListElement\":[{\"@type\":\"ListItem\",\"position\":1,\"name\":\"Accueil\",\"item\":\"https:\/\/www.africa-press.net\/togo\/\"},{\"@type\":\"ListItem\",\"position\":2,\"name\":\"Togo-Le MPL pr\u00e9occup\u00e9 par la situation des enseignants licenci\u00e9s\"}]},{\"@type\":\"WebSite\",\"@id\":\"https:\/\/www.africa-press.net\/togo\/#website\",\"url\":\"https:\/\/www.africa-press.net\/togo\/\",\"name\":\"Togo\",\"description\":\"Just another Africa News Agency Sites site\",\"potentialAction\":[{\"@type\":\"SearchAction\",\"target\":{\"@type\":\"EntryPoint\",\"urlTemplate\":\"https:\/\/www.africa-press.net\/togo\/?s={search_term_string}\"},\"query-input\":{\"@type\":\"PropertyValueSpecification\",\"valueRequired\":true,\"valueName\":\"search_term_string\"}}],\"inLanguage\":\"fr-FR\"},{\"@type\":\"Person\",\"@id\":\"https:\/\/www.africa-press.net\/togo\/#\/schema\/person\/2b1cf3cd81a31e3cd26889ca66d677f1\",\"name\":\"cfeditorfr\"}]}<\/script>\n<!-- \/ Yoast SEO Premium plugin. -->","yoast_head_json":{"title":"Togo-Le MPL pr\u00e9occup\u00e9 par la situation des enseignants licenci\u00e9s - Togo","description":"Le pre\u0301sident du Mouvement du Peuple pour la Liberte\u0301 (MPL-ABLODEVIWO) s\u2019inquie\u0300te de la situation des travailleurs t ...","robots":{"index":"index","follow":"follow","max-snippet":"max-snippet:-1","max-image-preview":"max-image-preview:large","max-video-preview":"max-video-preview:-1"},"canonical":"https:\/\/www.africa-press.net\/togo\/politique\/togo-le-mpl-preoccupe-par-la-situation-des-enseignants-licencies","og_locale":"fr_FR","og_type":"article","og_title":"Togo-Le MPL pr\u00e9occup\u00e9 par la situation des enseignants licenci\u00e9s","og_description":"Le pre\u0301sident du Mouvement du Peuple pour la Liberte\u0301 (MPL-ABLODEVIWO) s\u2019inquie\u0300te de la situation des travailleurs t ...","og_url":"https:\/\/www.africa-press.net\/togo\/politique\/togo-le-mpl-preoccupe-par-la-situation-des-enseignants-licencies","og_site_name":"Togo","article_published_time":"2022-10-19T22:28:44+00:00","article_modified_time":"2022-10-19T22:46:50+00:00","og_image":[{"width":1280,"height":802,"url":"https:\/\/static.africa-press.net\/togo\/sites\/58\/2022\/10\/postQueueImg_11-63507e4250bca.jpg","type":"image\/jpeg"}],"author":"cfeditorfr","twitter_card":"summary_large_image","twitter_misc":{"\u00c9crit par":"cfeditorfr","Dur\u00e9e de lecture estim\u00e9e":"2 minutes"},"schema":{"@context":"https:\/\/schema.org","@graph":[{"@type":"Article","@id":"https:\/\/www.africa-press.net\/togo\/politique\/togo-le-mpl-preoccupe-par-la-situation-des-enseignants-licencies#article","isPartOf":{"@id":"https:\/\/www.africa-press.net\/togo\/politique\/togo-le-mpl-preoccupe-par-la-situation-des-enseignants-licencies"},"author":{"name":"cfeditorfr","@id":"https:\/\/www.africa-press.net\/togo\/#\/schema\/person\/2b1cf3cd81a31e3cd26889ca66d677f1"},"headline":"Togo-Le MPL pr\u00e9occup\u00e9 par la situation des enseignants licenci\u00e9s","datePublished":"2022-10-19T22:28:44+00:00","dateModified":"2022-10-19T22:46:50+00:00","mainEntityOfPage":{"@id":"https:\/\/www.africa-press.net\/togo\/politique\/togo-le-mpl-preoccupe-par-la-situation-des-enseignants-licencies"},"wordCount":447,"commentCount":0,"image":{"@id":"https:\/\/www.africa-press.net\/togo\/politique\/togo-le-mpl-preoccupe-par-la-situation-des-enseignants-licencies#primaryimage"},"thumbnailUrl":"https:\/\/static.africa-press.net\/togo\/sites\/58\/2022\/10\/postQueueImg_11-63507e4250bca.jpg","keywords":["Africa Press","Africa Press-Togo","Togo"],"articleSection":["Politique","Toutes les actualit\u00e9s"],"inLanguage":"fr-FR","potentialAction":[{"@type":"CommentAction","name":"Comment","target":["https:\/\/www.africa-press.net\/togo\/politique\/togo-le-mpl-preoccupe-par-la-situation-des-enseignants-licencies#respond"]}]},{"@type":"WebPage","@id":"https:\/\/www.africa-press.net\/togo\/politique\/togo-le-mpl-preoccupe-par-la-situation-des-enseignants-licencies","url":"https:\/\/www.africa-press.net\/togo\/politique\/togo-le-mpl-preoccupe-par-la-situation-des-enseignants-licencies","name":"Togo-Le MPL pr\u00e9occup\u00e9 par la situation des enseignants licenci\u00e9s - Togo","isPartOf":{"@id":"https:\/\/www.africa-press.net\/togo\/#website"},"primaryImageOfPage":{"@id":"https:\/\/www.africa-press.net\/togo\/politique\/togo-le-mpl-preoccupe-par-la-situation-des-enseignants-licencies#primaryimage"},"image":{"@id":"https:\/\/www.africa-press.net\/togo\/politique\/togo-le-mpl-preoccupe-par-la-situation-des-enseignants-licencies#primaryimage"},"thumbnailUrl":"https:\/\/static.africa-press.net\/togo\/sites\/58\/2022\/10\/postQueueImg_11-63507e4250bca.jpg","datePublished":"2022-10-19T22:28:44+00:00","dateModified":"2022-10-19T22:46:50+00:00","author":{"@id":"https:\/\/www.africa-press.net\/togo\/#\/schema\/person\/2b1cf3cd81a31e3cd26889ca66d677f1"},"description":"Le pre\u0301sident du Mouvement du Peuple pour la Liberte\u0301 (MPL-ABLODEVIWO) s\u2019inquie\u0300te de la situation des travailleurs t ...","breadcrumb":{"@id":"https:\/\/www.africa-press.net\/togo\/politique\/togo-le-mpl-preoccupe-par-la-situation-des-enseignants-licencies#breadcrumb"},"inLanguage":"fr-FR","potentialAction":[{"@type":"ReadAction","target":["https:\/\/www.africa-press.net\/togo\/politique\/togo-le-mpl-preoccupe-par-la-situation-des-enseignants-licencies"]}]},{"@type":"ImageObject","inLanguage":"fr-FR","@id":"https:\/\/www.africa-press.net\/togo\/politique\/togo-le-mpl-preoccupe-par-la-situation-des-enseignants-licencies#primaryimage","url":"https:\/\/static.africa-press.net\/togo\/sites\/58\/2022\/10\/postQueueImg_11-63507e4250bca.jpg","contentUrl":"https:\/\/static.africa-press.net\/togo\/sites\/58\/2022\/10\/postQueueImg_11-63507e4250bca.jpg","width":1280,"height":802,"caption":"Togo-Le MPL pr\u00e9occup\u00e9 par la situation des enseignants licenci\u00e9s"},{"@type":"BreadcrumbList","@id":"https:\/\/www.africa-press.net\/togo\/politique\/togo-le-mpl-preoccupe-par-la-situation-des-enseignants-licencies#breadcrumb","itemListElement":[{"@type":"ListItem","position":1,"name":"Accueil","item":"https:\/\/www.africa-press.net\/togo\/"},{"@type":"ListItem","position":2,"name":"Togo-Le MPL pr\u00e9occup\u00e9 par la situation des enseignants licenci\u00e9s"}]},{"@type":"WebSite","@id":"https:\/\/www.africa-press.net\/togo\/#website","url":"https:\/\/www.africa-press.net\/togo\/","name":"Togo","description":"Just another Africa News Agency Sites site","potentialAction":[{"@type":"SearchAction","target":{"@type":"EntryPoint","urlTemplate":"https:\/\/www.africa-press.net\/togo\/?s={search_term_string}"},"query-input":{"@type":"PropertyValueSpecification","valueRequired":true,"valueName":"search_term_string"}}],"inLanguage":"fr-FR"},{"@type":"Person","@id":"https:\/\/www.africa-press.net\/togo\/#\/schema\/person\/2b1cf3cd81a31e3cd26889ca66d677f1","name":"cfeditorfr"}]}},"_links":{"self":[{"href":"https:\/\/www.africa-press.net\/togo\/wp-json\/wp\/v2\/posts\/12613","targetHints":{"allow":["GET"]}}],"collection":[{"href":"https:\/\/www.africa-press.net\/togo\/wp-json\/wp\/v2\/posts"}],"about":[{"href":"https:\/\/www.africa-press.net\/togo\/wp-json\/wp\/v2\/types\/post"}],"author":[{"embeddable":true,"href":"https:\/\/www.africa-press.net\/togo\/wp-json\/wp\/v2\/users\/82"}],"replies":[{"embeddable":true,"href":"https:\/\/www.africa-press.net\/togo\/wp-json\/wp\/v2\/comments?post=12613"}],"version-history":[{"count":0,"href":"https:\/\/www.africa-press.net\/togo\/wp-json\/wp\/v2\/posts\/12613\/revisions"}],"wp:featuredmedia":[{"embeddable":true,"href":"https:\/\/www.africa-press.net\/togo\/wp-json\/wp\/v2\/media\/12612"}],"wp:attachment":[{"href":"https:\/\/www.africa-press.net\/togo\/wp-json\/wp\/v2\/media?parent=12613"}],"wp:term":[{"taxonomy":"category","embeddable":true,"href":"https:\/\/www.africa-press.net\/togo\/wp-json\/wp\/v2\/categories?post=12613"},{"taxonomy":"post_tag","embeddable":true,"href":"https:\/\/www.africa-press.net\/togo\/wp-json\/wp\/v2\/tags?post=12613"}],"curies":[{"name":"wp","href":"https:\/\/api.w.org\/{rel}","templated":true}]}}