{"id":12619,"date":"2022-10-19T22:29:04","date_gmt":"2022-10-19T22:29:04","guid":{"rendered":"https:\/\/www.africa-press.net\/togo\/politique\/faits-divers-il-sevade-de-prison-et-se-refugie-dans-un-camp-militaire"},"modified":"2022-10-19T22:47:56","modified_gmt":"2022-10-19T22:47:56","slug":"faits-divers-il-sevade-de-prison-et-se-refugie-dans-un-camp-militaire","status":"publish","type":"post","link":"https:\/\/www.africa-press.net\/togo\/toutes-les-actualites\/faits-divers-il-sevade-de-prison-et-se-refugie-dans-un-camp-militaire","title":{"rendered":"Faits Divers \u2013 Il s\u2019\u00e9vade de prison et se r\u00e9fugie dans un camp militaire"},"content":{"rendered":"<p><span style=\"color: #ff6600\"><strong>Africa-Press &#8211; Togo. <\/strong><\/span>L\u2019ignorance n\u2019est jamais un bon compagnon. Monsieur Aston de nationalite\u0301 uruguayenne, l\u2019a compris a\u0300 ses de\u0301pens. Apre\u0300s son e\u0301vasion de prison en de\u0301but de ce mois, il se re\u0301fugie sur un site militaire autrefois abandonne\u0301 mais qui le lendemain accueillait une ope\u0301ration de simulation.<\/p>\n<p>Le sieur Aston purgeait une peine de prison pour une infraction de vols en bande organise\u0301e. A la faveur d\u2019un mouvement d\u2019humeur au sein du pe\u0301nitencier, il a trouve\u0301 l\u2019occasion de faire de\u0301faut a\u0300 ses gardiens avec quelques compagnons de prisons. Certains d\u2019entre eux ont e\u0301te\u0301 rapidement appre\u0301hende\u0301s et remis en cellule.<\/p>\n<p>Par contre Aston, plus habile, a su s\u2019e\u0301loigner pour finalement trouver refuge a\u0300 quelques dizaines de kilome\u0300tres du centre pe\u0301nitencier. Seulement, le site lui servant d\u2019abri n\u2019est autre qu\u2019un camp militaire de\u0301saffecte\u0301 dont les cabanes et baraques e\u0301taient toujours en e\u0301tat utilisable. C\u2019e\u0301tait une parfaite aubaine pour l\u2019ancien de\u0301tenu qui devrait se cacher des services de police pendant un certain moment. Mais malheureusement pour celui-ci, une ope\u0301ration militaire de simulation e\u0301tait pre\u0301vue sur le me\u0302me site juste au lendemain de son installation. Du coup, l\u2019e\u0301vade\u0301 s\u2019est re\u0301veille\u0301 sur son lieu d\u2019abri totalement quadrille\u0301 par des militaires.<\/p>\n<p>A de\u0301faut de pre\u0301senter des documents d\u2019identite\u0301, il a e\u0301te\u0301 garde\u0301 par les militaires qui en fin de journe\u0301e l\u2019ont simplement remis aux services de police. L\u2019e\u0301vasion d\u2019Aston a e\u0301te\u0301 de courte dure\u0301e.<\/p>\n<p><strong>Pour plus d&rsquo;informations et d&rsquo;analyses sur la <a href=\"https:\/\/www.africa-press.net\/togo\">Togo<\/a>, suivez <a href=\"https:\/\/www.africa-press.net\/\">Africa-Press<\/a><\/strong><\/p>\n","protected":false},"excerpt":{"rendered":"<p>Africa-Press &#8211; Togo. L\u2019ignorance n\u2019est jamais un bon compagnon. Monsieur Aston de nationalite\u0301 uruguayenne, l\u2019a compris a\u0300 ses de\u0301pens. Apre\u0300s son e\u0301vasion de prison en de\u0301but de ce mois, il se re\u0301fugie sur un site militaire autrefois abandonne\u0301 mais qui le lendemain accueillait une ope\u0301ration de simulation. Le sieur Aston purgeait une peine de prison [&hellip;]<\/p>\n","protected":false},"author":82,"featured_media":12618,"comment_status":"open","ping_status":"closed","sticky":false,"template":"","format":"standard","meta":{"footnotes":""},"categories":[21,10],"tags":[36,49,50],"class_list":["post-12619","post","type-post","status-publish","format-standard","has-post-thumbnail","hentry","category-communaute","category-toutes-les-actualites","tag-africa-press","tag-africa-press-togo","tag-togo"],"yoast_head":"<!-- This site is optimized with the Yoast SEO Premium plugin v26.1 (Yoast SEO v27.0) - https:\/\/yoast.com\/product\/yoast-seo-premium-wordpress\/ -->\n<title>Faits Divers \u2013 Il s\u2019\u00e9vade de prison et se r\u00e9fugie dans un camp militaire - Togo<\/title>\n<meta name=\"description\" content=\"L\u2019ignorance n\u2019est jamais un bon compagnon. Monsieur Aston de nationalite\u0301 uruguayenne, l\u2019a compris a\u0300 ses de\u0301pens. Apre\u0300 ...\" \/>\n<meta name=\"robots\" content=\"index, follow, max-snippet:-1, max-image-preview:large, max-video-preview:-1\" \/>\n<link rel=\"canonical\" href=\"https:\/\/www.africa-press.net\/togo\/toutes-les-actualites\/faits-divers-il-sevade-de-prison-et-se-refugie-dans-un-camp-militaire\" \/>\n<meta property=\"og:locale\" content=\"fr_FR\" \/>\n<meta property=\"og:type\" content=\"article\" \/>\n<meta property=\"og:title\" content=\"Faits Divers \u2013 Il s\u2019\u00e9vade de prison et se r\u00e9fugie dans un camp militaire\" \/>\n<meta property=\"og:description\" content=\"L\u2019ignorance n\u2019est jamais un bon compagnon. Monsieur Aston de nationalite\u0301 uruguayenne, l\u2019a compris a\u0300 ses de\u0301pens. Apre\u0300 ...\" \/>\n<meta property=\"og:url\" content=\"https:\/\/www.africa-press.net\/togo\/toutes-les-actualites\/faits-divers-il-sevade-de-prison-et-se-refugie-dans-un-camp-militaire\" \/>\n<meta property=\"og:site_name\" content=\"Togo\" \/>\n<meta property=\"article:published_time\" content=\"2022-10-19T22:29:04+00:00\" \/>\n<meta property=\"article:modified_time\" content=\"2022-10-19T22:47:56+00:00\" \/>\n<meta property=\"og:image\" content=\"https:\/\/static.africa-press.net\/togo\/sites\/58\/2022\/10\/postQueueImg_13-63507e8073a54.jpg\" \/>\n\t<meta property=\"og:image:width\" content=\"1200\" \/>\n\t<meta property=\"og:image:height\" content=\"800\" \/>\n\t<meta property=\"og:image:type\" content=\"image\/jpeg\" \/>\n<meta name=\"author\" content=\"cfeditorfr\" \/>\n<meta name=\"twitter:card\" content=\"summary_large_image\" \/>\n<meta name=\"twitter:label1\" content=\"\u00c9crit par\" \/>\n\t<meta name=\"twitter:data1\" content=\"cfeditorfr\" \/>\n\t<meta name=\"twitter:label2\" content=\"Dur\u00e9e de lecture estim\u00e9e\" \/>\n\t<meta name=\"twitter:data2\" content=\"2 minutes\" \/>\n<script type=\"application\/ld+json\" class=\"yoast-schema-graph\">{\"@context\":\"https:\/\/schema.org\",\"@graph\":[{\"@type\":\"Article\",\"@id\":\"https:\/\/www.africa-press.net\/togo\/toutes-les-actualites\/faits-divers-il-sevade-de-prison-et-se-refugie-dans-un-camp-militaire#article\",\"isPartOf\":{\"@id\":\"https:\/\/www.africa-press.net\/togo\/toutes-les-actualites\/faits-divers-il-sevade-de-prison-et-se-refugie-dans-un-camp-militaire\"},\"author\":{\"name\":\"cfeditorfr\",\"@id\":\"https:\/\/www.africa-press.net\/togo\/#\/schema\/person\/2b1cf3cd81a31e3cd26889ca66d677f1\"},\"headline\":\"Faits Divers \u2013 Il s\u2019\u00e9vade de prison et se r\u00e9fugie dans un camp militaire\",\"datePublished\":\"2022-10-19T22:29:04+00:00\",\"dateModified\":\"2022-10-19T22:47:56+00:00\",\"mainEntityOfPage\":{\"@id\":\"https:\/\/www.africa-press.net\/togo\/toutes-les-actualites\/faits-divers-il-sevade-de-prison-et-se-refugie-dans-un-camp-militaire\"},\"wordCount\":308,\"commentCount\":0,\"image\":{\"@id\":\"https:\/\/www.africa-press.net\/togo\/toutes-les-actualites\/faits-divers-il-sevade-de-prison-et-se-refugie-dans-un-camp-militaire#primaryimage\"},\"thumbnailUrl\":\"https:\/\/static.africa-press.net\/togo\/sites\/58\/2022\/10\/postQueueImg_13-63507e8073a54.jpg\",\"keywords\":[\"Africa Press\",\"Africa Press-Togo\",\"Togo\"],\"articleSection\":[\"Communaut\u00e9\",\"Toutes les actualit\u00e9s\"],\"inLanguage\":\"fr-FR\",\"potentialAction\":[{\"@type\":\"CommentAction\",\"name\":\"Comment\",\"target\":[\"https:\/\/www.africa-press.net\/togo\/toutes-les-actualites\/faits-divers-il-sevade-de-prison-et-se-refugie-dans-un-camp-militaire#respond\"]}]},{\"@type\":\"WebPage\",\"@id\":\"https:\/\/www.africa-press.net\/togo\/toutes-les-actualites\/faits-divers-il-sevade-de-prison-et-se-refugie-dans-un-camp-militaire\",\"url\":\"https:\/\/www.africa-press.net\/togo\/toutes-les-actualites\/faits-divers-il-sevade-de-prison-et-se-refugie-dans-un-camp-militaire\",\"name\":\"Faits Divers \u2013 Il s\u2019\u00e9vade de prison et se r\u00e9fugie dans un camp militaire - Togo\",\"isPartOf\":{\"@id\":\"https:\/\/www.africa-press.net\/togo\/#website\"},\"primaryImageOfPage\":{\"@id\":\"https:\/\/www.africa-press.net\/togo\/toutes-les-actualites\/faits-divers-il-sevade-de-prison-et-se-refugie-dans-un-camp-militaire#primaryimage\"},\"image\":{\"@id\":\"https:\/\/www.africa-press.net\/togo\/toutes-les-actualites\/faits-divers-il-sevade-de-prison-et-se-refugie-dans-un-camp-militaire#primaryimage\"},\"thumbnailUrl\":\"https:\/\/static.africa-press.net\/togo\/sites\/58\/2022\/10\/postQueueImg_13-63507e8073a54.jpg\",\"datePublished\":\"2022-10-19T22:29:04+00:00\",\"dateModified\":\"2022-10-19T22:47:56+00:00\",\"author\":{\"@id\":\"https:\/\/www.africa-press.net\/togo\/#\/schema\/person\/2b1cf3cd81a31e3cd26889ca66d677f1\"},\"description\":\"L\u2019ignorance n\u2019est jamais un bon compagnon. Monsieur Aston de nationalite\u0301 uruguayenne, l\u2019a compris a\u0300 ses de\u0301pens. Apre\u0300 ...\",\"breadcrumb\":{\"@id\":\"https:\/\/www.africa-press.net\/togo\/toutes-les-actualites\/faits-divers-il-sevade-de-prison-et-se-refugie-dans-un-camp-militaire#breadcrumb\"},\"inLanguage\":\"fr-FR\",\"potentialAction\":[{\"@type\":\"ReadAction\",\"target\":[\"https:\/\/www.africa-press.net\/togo\/toutes-les-actualites\/faits-divers-il-sevade-de-prison-et-se-refugie-dans-un-camp-militaire\"]}]},{\"@type\":\"ImageObject\",\"inLanguage\":\"fr-FR\",\"@id\":\"https:\/\/www.africa-press.net\/togo\/toutes-les-actualites\/faits-divers-il-sevade-de-prison-et-se-refugie-dans-un-camp-militaire#primaryimage\",\"url\":\"https:\/\/static.africa-press.net\/togo\/sites\/58\/2022\/10\/postQueueImg_13-63507e8073a54.jpg\",\"contentUrl\":\"https:\/\/static.africa-press.net\/togo\/sites\/58\/2022\/10\/postQueueImg_13-63507e8073a54.jpg\",\"width\":1200,\"height\":800,\"caption\":\"Faits Divers \u2013 Il s\u2019\u00e9vade de prison et se r\u00e9fugie dans un camp militaire\"},{\"@type\":\"BreadcrumbList\",\"@id\":\"https:\/\/www.africa-press.net\/togo\/toutes-les-actualites\/faits-divers-il-sevade-de-prison-et-se-refugie-dans-un-camp-militaire#breadcrumb\",\"itemListElement\":[{\"@type\":\"ListItem\",\"position\":1,\"name\":\"Accueil\",\"item\":\"https:\/\/www.africa-press.net\/togo\/\"},{\"@type\":\"ListItem\",\"position\":2,\"name\":\"Faits Divers \u2013 Il s\u2019\u00e9vade de prison et se r\u00e9fugie dans un camp militaire\"}]},{\"@type\":\"WebSite\",\"@id\":\"https:\/\/www.africa-press.net\/togo\/#website\",\"url\":\"https:\/\/www.africa-press.net\/togo\/\",\"name\":\"Togo\",\"description\":\"Just another Africa News Agency Sites site\",\"potentialAction\":[{\"@type\":\"SearchAction\",\"target\":{\"@type\":\"EntryPoint\",\"urlTemplate\":\"https:\/\/www.africa-press.net\/togo\/?s={search_term_string}\"},\"query-input\":{\"@type\":\"PropertyValueSpecification\",\"valueRequired\":true,\"valueName\":\"search_term_string\"}}],\"inLanguage\":\"fr-FR\"},{\"@type\":\"Person\",\"@id\":\"https:\/\/www.africa-press.net\/togo\/#\/schema\/person\/2b1cf3cd81a31e3cd26889ca66d677f1\",\"name\":\"cfeditorfr\"}]}<\/script>\n<!-- \/ Yoast SEO Premium plugin. -->","yoast_head_json":{"title":"Faits Divers \u2013 Il s\u2019\u00e9vade de prison et se r\u00e9fugie dans un camp militaire - Togo","description":"L\u2019ignorance n\u2019est jamais un bon compagnon. Monsieur Aston de nationalite\u0301 uruguayenne, l\u2019a compris a\u0300 ses de\u0301pens. Apre\u0300 ...","robots":{"index":"index","follow":"follow","max-snippet":"max-snippet:-1","max-image-preview":"max-image-preview:large","max-video-preview":"max-video-preview:-1"},"canonical":"https:\/\/www.africa-press.net\/togo\/toutes-les-actualites\/faits-divers-il-sevade-de-prison-et-se-refugie-dans-un-camp-militaire","og_locale":"fr_FR","og_type":"article","og_title":"Faits Divers \u2013 Il s\u2019\u00e9vade de prison et se r\u00e9fugie dans un camp militaire","og_description":"L\u2019ignorance n\u2019est jamais un bon compagnon. Monsieur Aston de nationalite\u0301 uruguayenne, l\u2019a compris a\u0300 ses de\u0301pens. Apre\u0300 ...","og_url":"https:\/\/www.africa-press.net\/togo\/toutes-les-actualites\/faits-divers-il-sevade-de-prison-et-se-refugie-dans-un-camp-militaire","og_site_name":"Togo","article_published_time":"2022-10-19T22:29:04+00:00","article_modified_time":"2022-10-19T22:47:56+00:00","og_image":[{"width":1200,"height":800,"url":"https:\/\/static.africa-press.net\/togo\/sites\/58\/2022\/10\/postQueueImg_13-63507e8073a54.jpg","type":"image\/jpeg"}],"author":"cfeditorfr","twitter_card":"summary_large_image","twitter_misc":{"\u00c9crit par":"cfeditorfr","Dur\u00e9e de lecture estim\u00e9e":"2 minutes"},"schema":{"@context":"https:\/\/schema.org","@graph":[{"@type":"Article","@id":"https:\/\/www.africa-press.net\/togo\/toutes-les-actualites\/faits-divers-il-sevade-de-prison-et-se-refugie-dans-un-camp-militaire#article","isPartOf":{"@id":"https:\/\/www.africa-press.net\/togo\/toutes-les-actualites\/faits-divers-il-sevade-de-prison-et-se-refugie-dans-un-camp-militaire"},"author":{"name":"cfeditorfr","@id":"https:\/\/www.africa-press.net\/togo\/#\/schema\/person\/2b1cf3cd81a31e3cd26889ca66d677f1"},"headline":"Faits Divers \u2013 Il s\u2019\u00e9vade de prison et se r\u00e9fugie dans un camp militaire","datePublished":"2022-10-19T22:29:04+00:00","dateModified":"2022-10-19T22:47:56+00:00","mainEntityOfPage":{"@id":"https:\/\/www.africa-press.net\/togo\/toutes-les-actualites\/faits-divers-il-sevade-de-prison-et-se-refugie-dans-un-camp-militaire"},"wordCount":308,"commentCount":0,"image":{"@id":"https:\/\/www.africa-press.net\/togo\/toutes-les-actualites\/faits-divers-il-sevade-de-prison-et-se-refugie-dans-un-camp-militaire#primaryimage"},"thumbnailUrl":"https:\/\/static.africa-press.net\/togo\/sites\/58\/2022\/10\/postQueueImg_13-63507e8073a54.jpg","keywords":["Africa Press","Africa Press-Togo","Togo"],"articleSection":["Communaut\u00e9","Toutes les actualit\u00e9s"],"inLanguage":"fr-FR","potentialAction":[{"@type":"CommentAction","name":"Comment","target":["https:\/\/www.africa-press.net\/togo\/toutes-les-actualites\/faits-divers-il-sevade-de-prison-et-se-refugie-dans-un-camp-militaire#respond"]}]},{"@type":"WebPage","@id":"https:\/\/www.africa-press.net\/togo\/toutes-les-actualites\/faits-divers-il-sevade-de-prison-et-se-refugie-dans-un-camp-militaire","url":"https:\/\/www.africa-press.net\/togo\/toutes-les-actualites\/faits-divers-il-sevade-de-prison-et-se-refugie-dans-un-camp-militaire","name":"Faits Divers \u2013 Il s\u2019\u00e9vade de prison et se r\u00e9fugie dans un camp militaire - Togo","isPartOf":{"@id":"https:\/\/www.africa-press.net\/togo\/#website"},"primaryImageOfPage":{"@id":"https:\/\/www.africa-press.net\/togo\/toutes-les-actualites\/faits-divers-il-sevade-de-prison-et-se-refugie-dans-un-camp-militaire#primaryimage"},"image":{"@id":"https:\/\/www.africa-press.net\/togo\/toutes-les-actualites\/faits-divers-il-sevade-de-prison-et-se-refugie-dans-un-camp-militaire#primaryimage"},"thumbnailUrl":"https:\/\/static.africa-press.net\/togo\/sites\/58\/2022\/10\/postQueueImg_13-63507e8073a54.jpg","datePublished":"2022-10-19T22:29:04+00:00","dateModified":"2022-10-19T22:47:56+00:00","author":{"@id":"https:\/\/www.africa-press.net\/togo\/#\/schema\/person\/2b1cf3cd81a31e3cd26889ca66d677f1"},"description":"L\u2019ignorance n\u2019est jamais un bon compagnon. Monsieur Aston de nationalite\u0301 uruguayenne, l\u2019a compris a\u0300 ses de\u0301pens. Apre\u0300 ...","breadcrumb":{"@id":"https:\/\/www.africa-press.net\/togo\/toutes-les-actualites\/faits-divers-il-sevade-de-prison-et-se-refugie-dans-un-camp-militaire#breadcrumb"},"inLanguage":"fr-FR","potentialAction":[{"@type":"ReadAction","target":["https:\/\/www.africa-press.net\/togo\/toutes-les-actualites\/faits-divers-il-sevade-de-prison-et-se-refugie-dans-un-camp-militaire"]}]},{"@type":"ImageObject","inLanguage":"fr-FR","@id":"https:\/\/www.africa-press.net\/togo\/toutes-les-actualites\/faits-divers-il-sevade-de-prison-et-se-refugie-dans-un-camp-militaire#primaryimage","url":"https:\/\/static.africa-press.net\/togo\/sites\/58\/2022\/10\/postQueueImg_13-63507e8073a54.jpg","contentUrl":"https:\/\/static.africa-press.net\/togo\/sites\/58\/2022\/10\/postQueueImg_13-63507e8073a54.jpg","width":1200,"height":800,"caption":"Faits Divers \u2013 Il s\u2019\u00e9vade de prison et se r\u00e9fugie dans un camp militaire"},{"@type":"BreadcrumbList","@id":"https:\/\/www.africa-press.net\/togo\/toutes-les-actualites\/faits-divers-il-sevade-de-prison-et-se-refugie-dans-un-camp-militaire#breadcrumb","itemListElement":[{"@type":"ListItem","position":1,"name":"Accueil","item":"https:\/\/www.africa-press.net\/togo\/"},{"@type":"ListItem","position":2,"name":"Faits Divers \u2013 Il s\u2019\u00e9vade de prison et se r\u00e9fugie dans un camp militaire"}]},{"@type":"WebSite","@id":"https:\/\/www.africa-press.net\/togo\/#website","url":"https:\/\/www.africa-press.net\/togo\/","name":"Togo","description":"Just another Africa News Agency Sites site","potentialAction":[{"@type":"SearchAction","target":{"@type":"EntryPoint","urlTemplate":"https:\/\/www.africa-press.net\/togo\/?s={search_term_string}"},"query-input":{"@type":"PropertyValueSpecification","valueRequired":true,"valueName":"search_term_string"}}],"inLanguage":"fr-FR"},{"@type":"Person","@id":"https:\/\/www.africa-press.net\/togo\/#\/schema\/person\/2b1cf3cd81a31e3cd26889ca66d677f1","name":"cfeditorfr"}]}},"_links":{"self":[{"href":"https:\/\/www.africa-press.net\/togo\/wp-json\/wp\/v2\/posts\/12619","targetHints":{"allow":["GET"]}}],"collection":[{"href":"https:\/\/www.africa-press.net\/togo\/wp-json\/wp\/v2\/posts"}],"about":[{"href":"https:\/\/www.africa-press.net\/togo\/wp-json\/wp\/v2\/types\/post"}],"author":[{"embeddable":true,"href":"https:\/\/www.africa-press.net\/togo\/wp-json\/wp\/v2\/users\/82"}],"replies":[{"embeddable":true,"href":"https:\/\/www.africa-press.net\/togo\/wp-json\/wp\/v2\/comments?post=12619"}],"version-history":[{"count":0,"href":"https:\/\/www.africa-press.net\/togo\/wp-json\/wp\/v2\/posts\/12619\/revisions"}],"wp:featuredmedia":[{"embeddable":true,"href":"https:\/\/www.africa-press.net\/togo\/wp-json\/wp\/v2\/media\/12618"}],"wp:attachment":[{"href":"https:\/\/www.africa-press.net\/togo\/wp-json\/wp\/v2\/media?parent=12619"}],"wp:term":[{"taxonomy":"category","embeddable":true,"href":"https:\/\/www.africa-press.net\/togo\/wp-json\/wp\/v2\/categories?post=12619"},{"taxonomy":"post_tag","embeddable":true,"href":"https:\/\/www.africa-press.net\/togo\/wp-json\/wp\/v2\/tags?post=12619"}],"curies":[{"name":"wp","href":"https:\/\/api.w.org\/{rel}","templated":true}]}}