{"id":12625,"date":"2022-10-19T22:31:55","date_gmt":"2022-10-19T22:31:55","guid":{"rendered":"https:\/\/www.africa-press.net\/togo\/politique\/togo-16-decembre-1946-et-sylvanus-olympio-est-elu-president-de-la-toute-1ere-assemblee-representative-du-togo-art-2"},"modified":"2022-10-19T22:49:18","modified_gmt":"2022-10-19T22:49:18","slug":"togo-16-decembre-1946-et-sylvanus-olympio-est-elu-president-de-la-toute-1ere-assemblee-representative-du-togo-art-2","status":"publish","type":"post","link":"https:\/\/www.africa-press.net\/togo\/politique\/togo-16-decembre-1946-et-sylvanus-olympio-est-elu-president-de-la-toute-1ere-assemblee-representative-du-togo-art-2","title":{"rendered":"Togo-16 d\u00e9cembre 1946 : Et, Sylvanus Olympio est \u00e9lu pr\u00e9sident de la toute 1\u00e8re assembl\u00e9e repr\u00e9sentative du Togo (ART) !"},"content":{"rendered":"<p><span style=\"color: #ff6600\"><strong>Africa-Press &#8211; Togo. <\/strong><\/span>L\u2019e\u0301lection de de\u0301pute\u0301s africains au Parlement franc\u0327ais et l\u2019institution d\u2019assemble\u0301es locales a\u0300 travers l\u2019organisation d\u2019e\u0301lections pour le choix de leurs membres ont e\u0301te\u0301 quelques-unes des mesures faisant partie du train de re\u0301formes : suppression du re\u0301gime discriminatoire de l\u2019\u00ab indige\u0301nat \u00bb de\u0300s la fin de la guerre, abolition du travail force\u0301 dans un de\u0301lai de cinq ans, repre\u0301sentation e\u0301lue de de\u0301pute\u0301s africains a\u0300 l\u2019Assemble\u0301e constituante franc\u0327aise, que le Ge\u0301ne\u0301ral Charles de GAULLE, chef en puissance de l\u2019E\u0301tat franc\u0327ais en reconstruction, a fait de\u0301cider a\u0300 la Confe\u0301rence de Brazzaville.<\/p>\n<p>Convoque\u0301e du 30 janvier au 8 fe\u0301vrier 1944, soit avant me\u0302me la fin de la Seconde Guerre mondiale, cette confe\u0301rence tente de sauver, sur le continent africain, les inte\u0301re\u0302ts coloniaux de l\u2019E\u0301tat franc\u0327ais menac\u0327ant d\u2019e\u0302tre balaye\u0301s par un soule\u0300vement ge\u0301ne\u0301ralise\u0301 des peuples africains dont les premiers soubresauts ont d\u2019ailleurs de\u0301ja\u0300 commence\u0301 a\u0300 se manifester dans plusieurs territoires coloniaux. Or, la France, sortie totalement exsangue de cette guerre, est dans l\u2019incapacite\u0301 totale de re\u0301sister a\u0300 cet ouragan populaire qui se profile a\u0300 l\u2019horizon comme conse\u0301quence de la re\u0301volte contre les affres de toutes sortes que ces peuples ont subis au titre de l\u2019effort de guerre : impo\u0302t de capitation, surexploitation a\u0300 travers la pratique esclavagiste du travail force\u0301, brimades et exactions, envoi de troupes allant servir de \u00ab chair a\u0300 canon \u00bb en premie\u0300re ligne sur les fronts de la guerre, etc<\/p>\n<p>Organise\u0301es le 10 novembre 1946, les e\u0301lections le\u0301gislatives pour le choix du de\u0301pute\u0301 du Togo a\u0300 l\u2019Assemble\u0301e nationale franc\u0327aise voient le triomphe du Comite\u0301 de l\u2019Unite\u0301 Togolaise (CUT), une association que les nationalistes togolais ont tout juste transforme\u0301 en parti politique un peu plus de sept mois auparavant, le 27 avril 1946. C\u2019est en effet son candidat, le Dr Martin K. AKU qui est e\u0301lu, ayant battu a\u0300 plate couture dans toutes les circonscriptions Nicolas GRUNITZKY, le candidat pre\u0301sente\u0301 par le Parti togolais du progre\u0300s (PTP) avec le soutien de l\u2019administration coloniale franc\u0327aise.<\/p>\n<p>Le 8 de\u0301cembre 1946, c\u2019est au tour des e\u0301lections a\u0300 la toute premie\u0300re assemble\u0301e locale de l\u2019histoire du pays, l\u2019Assemble\u0301e Repre\u0301sentative du Togo (ART), d\u2019e\u0302tre organise\u0301es selon le syste\u0300me discriminatoire du \u00ab double colle\u0300ge \u00bb, le premier e\u0301tant celui des citoyens franc\u0327ais et, le deuxie\u0300me, celui des non-citoyens franc\u0327ais. Pour cette deuxie\u0300me se\u0301rie d\u2019e\u0301lections auxquelles il se pre\u0301sente, tout comme le premier, sur le mot d\u2019ordre du combat pour la re\u0301unification du peuple Ewe\u0301, le CUT triomphe et rafle a\u0300 nouveau presque tous les 30 sie\u0300ges en compe\u0301tition pour le choix des \u00ab de\u0301le\u0301gue\u0301s \u00bb comme on appelait a\u0300 l\u2019e\u0301poque ces de\u0301pute\u0301s locaux.<\/p>\n<p>Le 16 de\u0301cembre 1946, est convoque\u0301e la Re\u0301union inaugurale devant installer cette nouvelle Assemble\u0301e et e\u0301lire ses diffe\u0301rents organes. C\u2019est Sylvanus OLYMPIO, a\u0300 l\u2019e\u0301poque 1er Vice-pre\u0301sident du CUT, qui est e\u0301lu a\u0300 la Pre\u0301sidence de l\u2019institution au terme du vote qui a lieu.<\/p>\n<p>Le Proce\u0300s-verbal officiel que nous publions ci-dessous relate le de\u0301roulement de cette historique se\u0301ance.<\/p>\n<p>Lome\u0301, le 16 octobre 2022,<\/p>\n<p>Claude AMEGANVI,<\/p>\n<p>Secre\u0301taire charge\u0301 de la coordination du Parti des travailleurs<\/p>\n<p>Le Proce\u0300s-verbal officiel que nous publions ici relate le de\u0301roulement de cette historique se\u0301ance.<\/p>\n<p><strong>Pour plus d&rsquo;informations et d&rsquo;analyses sur la <a href=\"https:\/\/www.africa-press.net\/togo\">Togo<\/a>, suivez <a href=\"https:\/\/www.africa-press.net\/\">Africa-Press<\/a><\/strong><\/p>\n","protected":false},"excerpt":{"rendered":"<p>Africa-Press &#8211; Togo. L\u2019e\u0301lection de de\u0301pute\u0301s africains au Parlement franc\u0327ais et l\u2019institution d\u2019assemble\u0301es locales a\u0300 travers l\u2019organisation d\u2019e\u0301lections pour le choix de leurs membres ont e\u0301te\u0301 quelques-unes des mesures faisant partie du train de re\u0301formes : suppression du re\u0301gime discriminatoire de l\u2019\u00ab indige\u0301nat \u00bb de\u0300s la fin de la guerre, abolition du travail force\u0301 dans [&hellip;]<\/p>\n","protected":false},"author":82,"featured_media":12624,"comment_status":"open","ping_status":"closed","sticky":false,"template":"","format":"standard","meta":{"footnotes":""},"categories":[2,10],"tags":[36,49,50],"class_list":["post-12625","post","type-post","status-publish","format-standard","has-post-thumbnail","hentry","category-politique","category-toutes-les-actualites","tag-africa-press","tag-africa-press-togo","tag-togo"],"yoast_head":"<!-- This site is optimized with the Yoast SEO Premium plugin v26.1 (Yoast SEO v27.0) - https:\/\/yoast.com\/product\/yoast-seo-premium-wordpress\/ -->\n<title>Togo-16 d\u00e9cembre 1946 : Et, Sylvanus Olympio est \u00e9lu pr\u00e9sident de la toute 1\u00e8re assembl\u00e9e repr\u00e9sentative du Togo (ART) ! - Togo<\/title>\n<meta name=\"description\" content=\"L\u2019e\u0301lection de de\u0301pute\u0301s africains au Parlement franc\u0327ais et l\u2019institution d\u2019assemble\u0301es locales a\u0300 travers l\u2019organisati ...\" \/>\n<meta name=\"robots\" content=\"index, follow, max-snippet:-1, max-image-preview:large, max-video-preview:-1\" \/>\n<link rel=\"canonical\" href=\"https:\/\/www.africa-press.net\/togo\/politique\/togo-16-decembre-1946-et-sylvanus-olympio-est-elu-president-de-la-toute-1ere-assemblee-representative-du-togo-art-2\" \/>\n<meta property=\"og:locale\" content=\"fr_FR\" \/>\n<meta property=\"og:type\" content=\"article\" \/>\n<meta property=\"og:title\" content=\"Togo-16 d\u00e9cembre 1946 : Et, Sylvanus Olympio est \u00e9lu pr\u00e9sident de la toute 1\u00e8re assembl\u00e9e repr\u00e9sentative du Togo (ART) !\" \/>\n<meta property=\"og:description\" content=\"L\u2019e\u0301lection de de\u0301pute\u0301s africains au Parlement franc\u0327ais et l\u2019institution d\u2019assemble\u0301es locales a\u0300 travers l\u2019organisati ...\" \/>\n<meta property=\"og:url\" content=\"https:\/\/www.africa-press.net\/togo\/politique\/togo-16-decembre-1946-et-sylvanus-olympio-est-elu-president-de-la-toute-1ere-assemblee-representative-du-togo-art-2\" \/>\n<meta property=\"og:site_name\" content=\"Togo\" \/>\n<meta property=\"article:published_time\" content=\"2022-10-19T22:31:55+00:00\" \/>\n<meta property=\"article:modified_time\" content=\"2022-10-19T22:49:18+00:00\" \/>\n<meta property=\"og:image\" content=\"https:\/\/static.africa-press.net\/togo\/sites\/58\/2022\/10\/postQueueImg_15-63507ed6c8d34.jpg\" \/>\n\t<meta property=\"og:image:width\" content=\"720\" \/>\n\t<meta property=\"og:image:height\" content=\"480\" \/>\n\t<meta property=\"og:image:type\" content=\"image\/jpeg\" \/>\n<meta name=\"author\" content=\"cfeditorfr\" \/>\n<meta name=\"twitter:card\" content=\"summary_large_image\" \/>\n<meta name=\"twitter:label1\" content=\"\u00c9crit par\" \/>\n\t<meta name=\"twitter:data1\" content=\"cfeditorfr\" \/>\n\t<meta name=\"twitter:label2\" content=\"Dur\u00e9e de lecture estim\u00e9e\" \/>\n\t<meta name=\"twitter:data2\" content=\"3 minutes\" \/>\n<script type=\"application\/ld+json\" class=\"yoast-schema-graph\">{\"@context\":\"https:\/\/schema.org\",\"@graph\":[{\"@type\":\"Article\",\"@id\":\"https:\/\/www.africa-press.net\/togo\/politique\/togo-16-decembre-1946-et-sylvanus-olympio-est-elu-president-de-la-toute-1ere-assemblee-representative-du-togo-art-2#article\",\"isPartOf\":{\"@id\":\"https:\/\/www.africa-press.net\/togo\/politique\/togo-16-decembre-1946-et-sylvanus-olympio-est-elu-president-de-la-toute-1ere-assemblee-representative-du-togo-art-2\"},\"author\":{\"name\":\"cfeditorfr\",\"@id\":\"https:\/\/www.africa-press.net\/togo\/#\/schema\/person\/2b1cf3cd81a31e3cd26889ca66d677f1\"},\"headline\":\"Togo-16 d\u00e9cembre 1946 : Et, Sylvanus Olympio est \u00e9lu pr\u00e9sident de la toute 1\u00e8re assembl\u00e9e repr\u00e9sentative du Togo (ART) !\",\"datePublished\":\"2022-10-19T22:31:55+00:00\",\"dateModified\":\"2022-10-19T22:49:18+00:00\",\"mainEntityOfPage\":{\"@id\":\"https:\/\/www.africa-press.net\/togo\/politique\/togo-16-decembre-1946-et-sylvanus-olympio-est-elu-president-de-la-toute-1ere-assemblee-representative-du-togo-art-2\"},\"wordCount\":650,\"commentCount\":0,\"image\":{\"@id\":\"https:\/\/www.africa-press.net\/togo\/politique\/togo-16-decembre-1946-et-sylvanus-olympio-est-elu-president-de-la-toute-1ere-assemblee-representative-du-togo-art-2#primaryimage\"},\"thumbnailUrl\":\"https:\/\/static.africa-press.net\/togo\/sites\/58\/2022\/10\/postQueueImg_15-63507ed6c8d34.jpg\",\"keywords\":[\"Africa Press\",\"Africa Press-Togo\",\"Togo\"],\"articleSection\":[\"Politique\",\"Toutes les actualit\u00e9s\"],\"inLanguage\":\"fr-FR\",\"potentialAction\":[{\"@type\":\"CommentAction\",\"name\":\"Comment\",\"target\":[\"https:\/\/www.africa-press.net\/togo\/politique\/togo-16-decembre-1946-et-sylvanus-olympio-est-elu-president-de-la-toute-1ere-assemblee-representative-du-togo-art-2#respond\"]}]},{\"@type\":\"WebPage\",\"@id\":\"https:\/\/www.africa-press.net\/togo\/politique\/togo-16-decembre-1946-et-sylvanus-olympio-est-elu-president-de-la-toute-1ere-assemblee-representative-du-togo-art-2\",\"url\":\"https:\/\/www.africa-press.net\/togo\/politique\/togo-16-decembre-1946-et-sylvanus-olympio-est-elu-president-de-la-toute-1ere-assemblee-representative-du-togo-art-2\",\"name\":\"Togo-16 d\u00e9cembre 1946 : Et, Sylvanus Olympio est \u00e9lu pr\u00e9sident de la toute 1\u00e8re assembl\u00e9e repr\u00e9sentative du Togo (ART) ! - Togo\",\"isPartOf\":{\"@id\":\"https:\/\/www.africa-press.net\/togo\/#website\"},\"primaryImageOfPage\":{\"@id\":\"https:\/\/www.africa-press.net\/togo\/politique\/togo-16-decembre-1946-et-sylvanus-olympio-est-elu-president-de-la-toute-1ere-assemblee-representative-du-togo-art-2#primaryimage\"},\"image\":{\"@id\":\"https:\/\/www.africa-press.net\/togo\/politique\/togo-16-decembre-1946-et-sylvanus-olympio-est-elu-president-de-la-toute-1ere-assemblee-representative-du-togo-art-2#primaryimage\"},\"thumbnailUrl\":\"https:\/\/static.africa-press.net\/togo\/sites\/58\/2022\/10\/postQueueImg_15-63507ed6c8d34.jpg\",\"datePublished\":\"2022-10-19T22:31:55+00:00\",\"dateModified\":\"2022-10-19T22:49:18+00:00\",\"author\":{\"@id\":\"https:\/\/www.africa-press.net\/togo\/#\/schema\/person\/2b1cf3cd81a31e3cd26889ca66d677f1\"},\"description\":\"L\u2019e\u0301lection de de\u0301pute\u0301s africains au Parlement franc\u0327ais et l\u2019institution d\u2019assemble\u0301es locales a\u0300 travers l\u2019organisati ...\",\"breadcrumb\":{\"@id\":\"https:\/\/www.africa-press.net\/togo\/politique\/togo-16-decembre-1946-et-sylvanus-olympio-est-elu-president-de-la-toute-1ere-assemblee-representative-du-togo-art-2#breadcrumb\"},\"inLanguage\":\"fr-FR\",\"potentialAction\":[{\"@type\":\"ReadAction\",\"target\":[\"https:\/\/www.africa-press.net\/togo\/politique\/togo-16-decembre-1946-et-sylvanus-olympio-est-elu-president-de-la-toute-1ere-assemblee-representative-du-togo-art-2\"]}]},{\"@type\":\"ImageObject\",\"inLanguage\":\"fr-FR\",\"@id\":\"https:\/\/www.africa-press.net\/togo\/politique\/togo-16-decembre-1946-et-sylvanus-olympio-est-elu-president-de-la-toute-1ere-assemblee-representative-du-togo-art-2#primaryimage\",\"url\":\"https:\/\/static.africa-press.net\/togo\/sites\/58\/2022\/10\/postQueueImg_15-63507ed6c8d34.jpg\",\"contentUrl\":\"https:\/\/static.africa-press.net\/togo\/sites\/58\/2022\/10\/postQueueImg_15-63507ed6c8d34.jpg\",\"width\":720,\"height\":480,\"caption\":\"Togo-16 d\u00e9cembre 1946 : Et, Sylvanus Olympio est \u00e9lu pr\u00e9sident de la toute 1\u00e8re assembl\u00e9e repr\u00e9sentative du Togo (ART) !\"},{\"@type\":\"BreadcrumbList\",\"@id\":\"https:\/\/www.africa-press.net\/togo\/politique\/togo-16-decembre-1946-et-sylvanus-olympio-est-elu-president-de-la-toute-1ere-assemblee-representative-du-togo-art-2#breadcrumb\",\"itemListElement\":[{\"@type\":\"ListItem\",\"position\":1,\"name\":\"Accueil\",\"item\":\"https:\/\/www.africa-press.net\/togo\/\"},{\"@type\":\"ListItem\",\"position\":2,\"name\":\"Togo-16 d\u00e9cembre 1946 : Et, Sylvanus Olympio est \u00e9lu pr\u00e9sident de la toute 1\u00e8re assembl\u00e9e repr\u00e9sentative du Togo (ART) !\"}]},{\"@type\":\"WebSite\",\"@id\":\"https:\/\/www.africa-press.net\/togo\/#website\",\"url\":\"https:\/\/www.africa-press.net\/togo\/\",\"name\":\"Togo\",\"description\":\"Just another Africa News Agency Sites site\",\"potentialAction\":[{\"@type\":\"SearchAction\",\"target\":{\"@type\":\"EntryPoint\",\"urlTemplate\":\"https:\/\/www.africa-press.net\/togo\/?s={search_term_string}\"},\"query-input\":{\"@type\":\"PropertyValueSpecification\",\"valueRequired\":true,\"valueName\":\"search_term_string\"}}],\"inLanguage\":\"fr-FR\"},{\"@type\":\"Person\",\"@id\":\"https:\/\/www.africa-press.net\/togo\/#\/schema\/person\/2b1cf3cd81a31e3cd26889ca66d677f1\",\"name\":\"cfeditorfr\"}]}<\/script>\n<!-- \/ Yoast SEO Premium plugin. -->","yoast_head_json":{"title":"Togo-16 d\u00e9cembre 1946 : Et, Sylvanus Olympio est \u00e9lu pr\u00e9sident de la toute 1\u00e8re assembl\u00e9e repr\u00e9sentative du Togo (ART) ! - Togo","description":"L\u2019e\u0301lection de de\u0301pute\u0301s africains au Parlement franc\u0327ais et l\u2019institution d\u2019assemble\u0301es locales a\u0300 travers l\u2019organisati ...","robots":{"index":"index","follow":"follow","max-snippet":"max-snippet:-1","max-image-preview":"max-image-preview:large","max-video-preview":"max-video-preview:-1"},"canonical":"https:\/\/www.africa-press.net\/togo\/politique\/togo-16-decembre-1946-et-sylvanus-olympio-est-elu-president-de-la-toute-1ere-assemblee-representative-du-togo-art-2","og_locale":"fr_FR","og_type":"article","og_title":"Togo-16 d\u00e9cembre 1946 : Et, Sylvanus Olympio est \u00e9lu pr\u00e9sident de la toute 1\u00e8re assembl\u00e9e repr\u00e9sentative du Togo (ART) !","og_description":"L\u2019e\u0301lection de de\u0301pute\u0301s africains au Parlement franc\u0327ais et l\u2019institution d\u2019assemble\u0301es locales a\u0300 travers l\u2019organisati ...","og_url":"https:\/\/www.africa-press.net\/togo\/politique\/togo-16-decembre-1946-et-sylvanus-olympio-est-elu-president-de-la-toute-1ere-assemblee-representative-du-togo-art-2","og_site_name":"Togo","article_published_time":"2022-10-19T22:31:55+00:00","article_modified_time":"2022-10-19T22:49:18+00:00","og_image":[{"width":720,"height":480,"url":"https:\/\/static.africa-press.net\/togo\/sites\/58\/2022\/10\/postQueueImg_15-63507ed6c8d34.jpg","type":"image\/jpeg"}],"author":"cfeditorfr","twitter_card":"summary_large_image","twitter_misc":{"\u00c9crit par":"cfeditorfr","Dur\u00e9e de lecture estim\u00e9e":"3 minutes"},"schema":{"@context":"https:\/\/schema.org","@graph":[{"@type":"Article","@id":"https:\/\/www.africa-press.net\/togo\/politique\/togo-16-decembre-1946-et-sylvanus-olympio-est-elu-president-de-la-toute-1ere-assemblee-representative-du-togo-art-2#article","isPartOf":{"@id":"https:\/\/www.africa-press.net\/togo\/politique\/togo-16-decembre-1946-et-sylvanus-olympio-est-elu-president-de-la-toute-1ere-assemblee-representative-du-togo-art-2"},"author":{"name":"cfeditorfr","@id":"https:\/\/www.africa-press.net\/togo\/#\/schema\/person\/2b1cf3cd81a31e3cd26889ca66d677f1"},"headline":"Togo-16 d\u00e9cembre 1946 : Et, Sylvanus Olympio est \u00e9lu pr\u00e9sident de la toute 1\u00e8re assembl\u00e9e repr\u00e9sentative du Togo (ART) !","datePublished":"2022-10-19T22:31:55+00:00","dateModified":"2022-10-19T22:49:18+00:00","mainEntityOfPage":{"@id":"https:\/\/www.africa-press.net\/togo\/politique\/togo-16-decembre-1946-et-sylvanus-olympio-est-elu-president-de-la-toute-1ere-assemblee-representative-du-togo-art-2"},"wordCount":650,"commentCount":0,"image":{"@id":"https:\/\/www.africa-press.net\/togo\/politique\/togo-16-decembre-1946-et-sylvanus-olympio-est-elu-president-de-la-toute-1ere-assemblee-representative-du-togo-art-2#primaryimage"},"thumbnailUrl":"https:\/\/static.africa-press.net\/togo\/sites\/58\/2022\/10\/postQueueImg_15-63507ed6c8d34.jpg","keywords":["Africa Press","Africa Press-Togo","Togo"],"articleSection":["Politique","Toutes les actualit\u00e9s"],"inLanguage":"fr-FR","potentialAction":[{"@type":"CommentAction","name":"Comment","target":["https:\/\/www.africa-press.net\/togo\/politique\/togo-16-decembre-1946-et-sylvanus-olympio-est-elu-president-de-la-toute-1ere-assemblee-representative-du-togo-art-2#respond"]}]},{"@type":"WebPage","@id":"https:\/\/www.africa-press.net\/togo\/politique\/togo-16-decembre-1946-et-sylvanus-olympio-est-elu-president-de-la-toute-1ere-assemblee-representative-du-togo-art-2","url":"https:\/\/www.africa-press.net\/togo\/politique\/togo-16-decembre-1946-et-sylvanus-olympio-est-elu-president-de-la-toute-1ere-assemblee-representative-du-togo-art-2","name":"Togo-16 d\u00e9cembre 1946 : Et, Sylvanus Olympio est \u00e9lu pr\u00e9sident de la toute 1\u00e8re assembl\u00e9e repr\u00e9sentative du Togo (ART) ! - Togo","isPartOf":{"@id":"https:\/\/www.africa-press.net\/togo\/#website"},"primaryImageOfPage":{"@id":"https:\/\/www.africa-press.net\/togo\/politique\/togo-16-decembre-1946-et-sylvanus-olympio-est-elu-president-de-la-toute-1ere-assemblee-representative-du-togo-art-2#primaryimage"},"image":{"@id":"https:\/\/www.africa-press.net\/togo\/politique\/togo-16-decembre-1946-et-sylvanus-olympio-est-elu-president-de-la-toute-1ere-assemblee-representative-du-togo-art-2#primaryimage"},"thumbnailUrl":"https:\/\/static.africa-press.net\/togo\/sites\/58\/2022\/10\/postQueueImg_15-63507ed6c8d34.jpg","datePublished":"2022-10-19T22:31:55+00:00","dateModified":"2022-10-19T22:49:18+00:00","author":{"@id":"https:\/\/www.africa-press.net\/togo\/#\/schema\/person\/2b1cf3cd81a31e3cd26889ca66d677f1"},"description":"L\u2019e\u0301lection de de\u0301pute\u0301s africains au Parlement franc\u0327ais et l\u2019institution d\u2019assemble\u0301es locales a\u0300 travers l\u2019organisati ...","breadcrumb":{"@id":"https:\/\/www.africa-press.net\/togo\/politique\/togo-16-decembre-1946-et-sylvanus-olympio-est-elu-president-de-la-toute-1ere-assemblee-representative-du-togo-art-2#breadcrumb"},"inLanguage":"fr-FR","potentialAction":[{"@type":"ReadAction","target":["https:\/\/www.africa-press.net\/togo\/politique\/togo-16-decembre-1946-et-sylvanus-olympio-est-elu-president-de-la-toute-1ere-assemblee-representative-du-togo-art-2"]}]},{"@type":"ImageObject","inLanguage":"fr-FR","@id":"https:\/\/www.africa-press.net\/togo\/politique\/togo-16-decembre-1946-et-sylvanus-olympio-est-elu-president-de-la-toute-1ere-assemblee-representative-du-togo-art-2#primaryimage","url":"https:\/\/static.africa-press.net\/togo\/sites\/58\/2022\/10\/postQueueImg_15-63507ed6c8d34.jpg","contentUrl":"https:\/\/static.africa-press.net\/togo\/sites\/58\/2022\/10\/postQueueImg_15-63507ed6c8d34.jpg","width":720,"height":480,"caption":"Togo-16 d\u00e9cembre 1946 : Et, Sylvanus Olympio est \u00e9lu pr\u00e9sident de la toute 1\u00e8re assembl\u00e9e repr\u00e9sentative du Togo (ART) !"},{"@type":"BreadcrumbList","@id":"https:\/\/www.africa-press.net\/togo\/politique\/togo-16-decembre-1946-et-sylvanus-olympio-est-elu-president-de-la-toute-1ere-assemblee-representative-du-togo-art-2#breadcrumb","itemListElement":[{"@type":"ListItem","position":1,"name":"Accueil","item":"https:\/\/www.africa-press.net\/togo\/"},{"@type":"ListItem","position":2,"name":"Togo-16 d\u00e9cembre 1946 : Et, Sylvanus Olympio est \u00e9lu pr\u00e9sident de la toute 1\u00e8re assembl\u00e9e repr\u00e9sentative du Togo (ART) !"}]},{"@type":"WebSite","@id":"https:\/\/www.africa-press.net\/togo\/#website","url":"https:\/\/www.africa-press.net\/togo\/","name":"Togo","description":"Just another Africa News Agency Sites site","potentialAction":[{"@type":"SearchAction","target":{"@type":"EntryPoint","urlTemplate":"https:\/\/www.africa-press.net\/togo\/?s={search_term_string}"},"query-input":{"@type":"PropertyValueSpecification","valueRequired":true,"valueName":"search_term_string"}}],"inLanguage":"fr-FR"},{"@type":"Person","@id":"https:\/\/www.africa-press.net\/togo\/#\/schema\/person\/2b1cf3cd81a31e3cd26889ca66d677f1","name":"cfeditorfr"}]}},"_links":{"self":[{"href":"https:\/\/www.africa-press.net\/togo\/wp-json\/wp\/v2\/posts\/12625","targetHints":{"allow":["GET"]}}],"collection":[{"href":"https:\/\/www.africa-press.net\/togo\/wp-json\/wp\/v2\/posts"}],"about":[{"href":"https:\/\/www.africa-press.net\/togo\/wp-json\/wp\/v2\/types\/post"}],"author":[{"embeddable":true,"href":"https:\/\/www.africa-press.net\/togo\/wp-json\/wp\/v2\/users\/82"}],"replies":[{"embeddable":true,"href":"https:\/\/www.africa-press.net\/togo\/wp-json\/wp\/v2\/comments?post=12625"}],"version-history":[{"count":0,"href":"https:\/\/www.africa-press.net\/togo\/wp-json\/wp\/v2\/posts\/12625\/revisions"}],"wp:featuredmedia":[{"embeddable":true,"href":"https:\/\/www.africa-press.net\/togo\/wp-json\/wp\/v2\/media\/12624"}],"wp:attachment":[{"href":"https:\/\/www.africa-press.net\/togo\/wp-json\/wp\/v2\/media?parent=12625"}],"wp:term":[{"taxonomy":"category","embeddable":true,"href":"https:\/\/www.africa-press.net\/togo\/wp-json\/wp\/v2\/categories?post=12625"},{"taxonomy":"post_tag","embeddable":true,"href":"https:\/\/www.africa-press.net\/togo\/wp-json\/wp\/v2\/tags?post=12625"}],"curies":[{"name":"wp","href":"https:\/\/api.w.org\/{rel}","templated":true}]}}