{"id":12634,"date":"2022-10-19T22:33:18","date_gmt":"2022-10-19T22:33:18","guid":{"rendered":"https:\/\/www.africa-press.net\/togo\/politique\/adhesion-au-commonwealth-le-drapeau-du-togo-sera-hisse-ce-20-octobre"},"modified":"2022-10-19T22:50:47","modified_gmt":"2022-10-19T22:50:47","slug":"adhesion-au-commonwealth-le-drapeau-du-togo-sera-hisse-ce-20-octobre","status":"publish","type":"post","link":"https:\/\/www.africa-press.net\/togo\/politique\/adhesion-au-commonwealth-le-drapeau-du-togo-sera-hisse-ce-20-octobre","title":{"rendered":"Adh\u00e9sion au Commonwealth : le drapeau du Togo sera hiss\u00e9 ce 20 octobre"},"content":{"rendered":"<p><span style=\"color: #ff6600\"><strong>Africa-Press &#8211; Togo. <\/strong><\/span>Deux pays d\u2019Afrique sont admis le 25 juin dernier au sein du Commonwealth des Nations. Il s\u2019agit du Togo et du Gabon. Apre\u0300s le Gabon le 17 octobre dernier, le Togo fera son entre\u0301e officielle au sein de l\u2019organisation ce jeudi 20 octobre.<\/p>\n<p>Cela se fera lors d\u2019une ce\u0301re\u0301monie de leve\u0301e de drapeau organise\u0301e au Marlborough House, sie\u0300ge de l\u2019institution a\u0300 Londres, conforme\u0301ment a\u0300 la pratique.<\/p>\n<p>Lors de cette ce\u0301re\u0301monie, le Togo tiendra une session, au cours de laquelle seront pre\u0301sente\u0301es ses principales caracte\u0301ristiques e\u0301conomiques, culturelles et sociales.<\/p>\n<p>\u201cL\u2019adhe\u0301sion de notre pays est non seulement une opportunite\u0301 diplomatique, qui nous permet de de\u0301cloisonner nos relations, mais aussi e\u0301conomique puisqu\u2019un nouveau marche\u0301 de pre\u0300s de deux milliards de consommateurs nous est ouvert\u201d, a indique\u0301 Akodah Ayewouadan, porte-parole du Gouvernement.<\/p>\n<p><strong>Pour plus d&rsquo;informations et d&rsquo;analyses sur la <a href=\"https:\/\/www.africa-press.net\/togo\">Togo<\/a>, suivez <a href=\"https:\/\/www.africa-press.net\/\">Africa-Press<\/a><\/strong><\/p>\n","protected":false},"excerpt":{"rendered":"<p>Africa-Press &#8211; Togo. Deux pays d\u2019Afrique sont admis le 25 juin dernier au sein du Commonwealth des Nations. Il s\u2019agit du Togo et du Gabon. Apre\u0300s le Gabon le 17 octobre dernier, le Togo fera son entre\u0301e officielle au sein de l\u2019organisation ce jeudi 20 octobre. Cela se fera lors d\u2019une ce\u0301re\u0301monie de leve\u0301e de [&hellip;]<\/p>\n","protected":false},"author":82,"featured_media":12633,"comment_status":"open","ping_status":"closed","sticky":false,"template":"","format":"standard","meta":{"footnotes":""},"categories":[2,10],"tags":[36,49,50],"class_list":["post-12634","post","type-post","status-publish","format-standard","has-post-thumbnail","hentry","category-politique","category-toutes-les-actualites","tag-africa-press","tag-africa-press-togo","tag-togo"],"yoast_head":"<!-- This site is optimized with the Yoast SEO Premium plugin v26.1 (Yoast SEO v27.0) - https:\/\/yoast.com\/product\/yoast-seo-premium-wordpress\/ -->\n<title>Adh\u00e9sion au Commonwealth : le drapeau du Togo sera hiss\u00e9 ce 20 octobre - Togo<\/title>\n<meta name=\"description\" content=\"Deux pays d\u2019Afrique sont admis le 25 juin dernier au sein du Commonwealth des Nations. Il s\u2019agit du Togo et du Gabon. Ap ...\" \/>\n<meta name=\"robots\" content=\"index, follow, max-snippet:-1, max-image-preview:large, max-video-preview:-1\" \/>\n<link rel=\"canonical\" href=\"https:\/\/www.africa-press.net\/togo\/politique\/adhesion-au-commonwealth-le-drapeau-du-togo-sera-hisse-ce-20-octobre\" \/>\n<meta property=\"og:locale\" content=\"fr_FR\" \/>\n<meta property=\"og:type\" content=\"article\" \/>\n<meta property=\"og:title\" content=\"Adh\u00e9sion au Commonwealth : le drapeau du Togo sera hiss\u00e9 ce 20 octobre\" \/>\n<meta property=\"og:description\" content=\"Deux pays d\u2019Afrique sont admis le 25 juin dernier au sein du Commonwealth des Nations. Il s\u2019agit du Togo et du Gabon. Ap ...\" \/>\n<meta property=\"og:url\" content=\"https:\/\/www.africa-press.net\/togo\/politique\/adhesion-au-commonwealth-le-drapeau-du-togo-sera-hisse-ce-20-octobre\" \/>\n<meta property=\"og:site_name\" content=\"Togo\" \/>\n<meta property=\"article:published_time\" content=\"2022-10-19T22:33:18+00:00\" \/>\n<meta property=\"article:modified_time\" content=\"2022-10-19T22:50:47+00:00\" \/>\n<meta property=\"og:image\" content=\"https:\/\/static.africa-press.net\/togo\/sites\/58\/2022\/10\/postQueueImg_18-63507f303540a.jpg\" \/>\n\t<meta property=\"og:image:width\" content=\"720\" \/>\n\t<meta property=\"og:image:height\" content=\"480\" \/>\n\t<meta property=\"og:image:type\" content=\"image\/jpeg\" \/>\n<meta name=\"author\" content=\"cfeditorfr\" \/>\n<meta name=\"twitter:card\" content=\"summary_large_image\" \/>\n<meta name=\"twitter:label1\" content=\"\u00c9crit par\" \/>\n\t<meta name=\"twitter:data1\" content=\"cfeditorfr\" \/>\n\t<meta name=\"twitter:label2\" content=\"Dur\u00e9e de lecture estim\u00e9e\" \/>\n\t<meta name=\"twitter:data2\" content=\"1 minute\" \/>\n<script type=\"application\/ld+json\" class=\"yoast-schema-graph\">{\"@context\":\"https:\/\/schema.org\",\"@graph\":[{\"@type\":\"Article\",\"@id\":\"https:\/\/www.africa-press.net\/togo\/politique\/adhesion-au-commonwealth-le-drapeau-du-togo-sera-hisse-ce-20-octobre#article\",\"isPartOf\":{\"@id\":\"https:\/\/www.africa-press.net\/togo\/politique\/adhesion-au-commonwealth-le-drapeau-du-togo-sera-hisse-ce-20-octobre\"},\"author\":{\"name\":\"cfeditorfr\",\"@id\":\"https:\/\/www.africa-press.net\/togo\/#\/schema\/person\/2b1cf3cd81a31e3cd26889ca66d677f1\"},\"headline\":\"Adh\u00e9sion au Commonwealth : le drapeau du Togo sera hiss\u00e9 ce 20 octobre\",\"datePublished\":\"2022-10-19T22:33:18+00:00\",\"dateModified\":\"2022-10-19T22:50:47+00:00\",\"mainEntityOfPage\":{\"@id\":\"https:\/\/www.africa-press.net\/togo\/politique\/adhesion-au-commonwealth-le-drapeau-du-togo-sera-hisse-ce-20-octobre\"},\"wordCount\":177,\"commentCount\":0,\"image\":{\"@id\":\"https:\/\/www.africa-press.net\/togo\/politique\/adhesion-au-commonwealth-le-drapeau-du-togo-sera-hisse-ce-20-octobre#primaryimage\"},\"thumbnailUrl\":\"https:\/\/static.africa-press.net\/togo\/sites\/58\/2022\/10\/postQueueImg_18-63507f303540a.jpg\",\"keywords\":[\"Africa Press\",\"Africa Press-Togo\",\"Togo\"],\"articleSection\":[\"Politique\",\"Toutes les actualit\u00e9s\"],\"inLanguage\":\"fr-FR\",\"potentialAction\":[{\"@type\":\"CommentAction\",\"name\":\"Comment\",\"target\":[\"https:\/\/www.africa-press.net\/togo\/politique\/adhesion-au-commonwealth-le-drapeau-du-togo-sera-hisse-ce-20-octobre#respond\"]}]},{\"@type\":\"WebPage\",\"@id\":\"https:\/\/www.africa-press.net\/togo\/politique\/adhesion-au-commonwealth-le-drapeau-du-togo-sera-hisse-ce-20-octobre\",\"url\":\"https:\/\/www.africa-press.net\/togo\/politique\/adhesion-au-commonwealth-le-drapeau-du-togo-sera-hisse-ce-20-octobre\",\"name\":\"Adh\u00e9sion au Commonwealth : le drapeau du Togo sera hiss\u00e9 ce 20 octobre - Togo\",\"isPartOf\":{\"@id\":\"https:\/\/www.africa-press.net\/togo\/#website\"},\"primaryImageOfPage\":{\"@id\":\"https:\/\/www.africa-press.net\/togo\/politique\/adhesion-au-commonwealth-le-drapeau-du-togo-sera-hisse-ce-20-octobre#primaryimage\"},\"image\":{\"@id\":\"https:\/\/www.africa-press.net\/togo\/politique\/adhesion-au-commonwealth-le-drapeau-du-togo-sera-hisse-ce-20-octobre#primaryimage\"},\"thumbnailUrl\":\"https:\/\/static.africa-press.net\/togo\/sites\/58\/2022\/10\/postQueueImg_18-63507f303540a.jpg\",\"datePublished\":\"2022-10-19T22:33:18+00:00\",\"dateModified\":\"2022-10-19T22:50:47+00:00\",\"author\":{\"@id\":\"https:\/\/www.africa-press.net\/togo\/#\/schema\/person\/2b1cf3cd81a31e3cd26889ca66d677f1\"},\"description\":\"Deux pays d\u2019Afrique sont admis le 25 juin dernier au sein du Commonwealth des Nations. Il s\u2019agit du Togo et du Gabon. Ap ...\",\"breadcrumb\":{\"@id\":\"https:\/\/www.africa-press.net\/togo\/politique\/adhesion-au-commonwealth-le-drapeau-du-togo-sera-hisse-ce-20-octobre#breadcrumb\"},\"inLanguage\":\"fr-FR\",\"potentialAction\":[{\"@type\":\"ReadAction\",\"target\":[\"https:\/\/www.africa-press.net\/togo\/politique\/adhesion-au-commonwealth-le-drapeau-du-togo-sera-hisse-ce-20-octobre\"]}]},{\"@type\":\"ImageObject\",\"inLanguage\":\"fr-FR\",\"@id\":\"https:\/\/www.africa-press.net\/togo\/politique\/adhesion-au-commonwealth-le-drapeau-du-togo-sera-hisse-ce-20-octobre#primaryimage\",\"url\":\"https:\/\/static.africa-press.net\/togo\/sites\/58\/2022\/10\/postQueueImg_18-63507f303540a.jpg\",\"contentUrl\":\"https:\/\/static.africa-press.net\/togo\/sites\/58\/2022\/10\/postQueueImg_18-63507f303540a.jpg\",\"width\":720,\"height\":480,\"caption\":\"Adh\u00e9sion au Commonwealth : le drapeau du Togo sera hiss\u00e9 ce 20 octobre\"},{\"@type\":\"BreadcrumbList\",\"@id\":\"https:\/\/www.africa-press.net\/togo\/politique\/adhesion-au-commonwealth-le-drapeau-du-togo-sera-hisse-ce-20-octobre#breadcrumb\",\"itemListElement\":[{\"@type\":\"ListItem\",\"position\":1,\"name\":\"Accueil\",\"item\":\"https:\/\/www.africa-press.net\/togo\/\"},{\"@type\":\"ListItem\",\"position\":2,\"name\":\"Adh\u00e9sion au Commonwealth : le drapeau du Togo sera hiss\u00e9 ce 20 octobre\"}]},{\"@type\":\"WebSite\",\"@id\":\"https:\/\/www.africa-press.net\/togo\/#website\",\"url\":\"https:\/\/www.africa-press.net\/togo\/\",\"name\":\"Togo\",\"description\":\"Just another Africa News Agency Sites site\",\"potentialAction\":[{\"@type\":\"SearchAction\",\"target\":{\"@type\":\"EntryPoint\",\"urlTemplate\":\"https:\/\/www.africa-press.net\/togo\/?s={search_term_string}\"},\"query-input\":{\"@type\":\"PropertyValueSpecification\",\"valueRequired\":true,\"valueName\":\"search_term_string\"}}],\"inLanguage\":\"fr-FR\"},{\"@type\":\"Person\",\"@id\":\"https:\/\/www.africa-press.net\/togo\/#\/schema\/person\/2b1cf3cd81a31e3cd26889ca66d677f1\",\"name\":\"cfeditorfr\"}]}<\/script>\n<!-- \/ Yoast SEO Premium plugin. -->","yoast_head_json":{"title":"Adh\u00e9sion au Commonwealth : le drapeau du Togo sera hiss\u00e9 ce 20 octobre - Togo","description":"Deux pays d\u2019Afrique sont admis le 25 juin dernier au sein du Commonwealth des Nations. Il s\u2019agit du Togo et du Gabon. Ap ...","robots":{"index":"index","follow":"follow","max-snippet":"max-snippet:-1","max-image-preview":"max-image-preview:large","max-video-preview":"max-video-preview:-1"},"canonical":"https:\/\/www.africa-press.net\/togo\/politique\/adhesion-au-commonwealth-le-drapeau-du-togo-sera-hisse-ce-20-octobre","og_locale":"fr_FR","og_type":"article","og_title":"Adh\u00e9sion au Commonwealth : le drapeau du Togo sera hiss\u00e9 ce 20 octobre","og_description":"Deux pays d\u2019Afrique sont admis le 25 juin dernier au sein du Commonwealth des Nations. Il s\u2019agit du Togo et du Gabon. Ap ...","og_url":"https:\/\/www.africa-press.net\/togo\/politique\/adhesion-au-commonwealth-le-drapeau-du-togo-sera-hisse-ce-20-octobre","og_site_name":"Togo","article_published_time":"2022-10-19T22:33:18+00:00","article_modified_time":"2022-10-19T22:50:47+00:00","og_image":[{"width":720,"height":480,"url":"https:\/\/static.africa-press.net\/togo\/sites\/58\/2022\/10\/postQueueImg_18-63507f303540a.jpg","type":"image\/jpeg"}],"author":"cfeditorfr","twitter_card":"summary_large_image","twitter_misc":{"\u00c9crit par":"cfeditorfr","Dur\u00e9e de lecture estim\u00e9e":"1 minute"},"schema":{"@context":"https:\/\/schema.org","@graph":[{"@type":"Article","@id":"https:\/\/www.africa-press.net\/togo\/politique\/adhesion-au-commonwealth-le-drapeau-du-togo-sera-hisse-ce-20-octobre#article","isPartOf":{"@id":"https:\/\/www.africa-press.net\/togo\/politique\/adhesion-au-commonwealth-le-drapeau-du-togo-sera-hisse-ce-20-octobre"},"author":{"name":"cfeditorfr","@id":"https:\/\/www.africa-press.net\/togo\/#\/schema\/person\/2b1cf3cd81a31e3cd26889ca66d677f1"},"headline":"Adh\u00e9sion au Commonwealth : le drapeau du Togo sera hiss\u00e9 ce 20 octobre","datePublished":"2022-10-19T22:33:18+00:00","dateModified":"2022-10-19T22:50:47+00:00","mainEntityOfPage":{"@id":"https:\/\/www.africa-press.net\/togo\/politique\/adhesion-au-commonwealth-le-drapeau-du-togo-sera-hisse-ce-20-octobre"},"wordCount":177,"commentCount":0,"image":{"@id":"https:\/\/www.africa-press.net\/togo\/politique\/adhesion-au-commonwealth-le-drapeau-du-togo-sera-hisse-ce-20-octobre#primaryimage"},"thumbnailUrl":"https:\/\/static.africa-press.net\/togo\/sites\/58\/2022\/10\/postQueueImg_18-63507f303540a.jpg","keywords":["Africa Press","Africa Press-Togo","Togo"],"articleSection":["Politique","Toutes les actualit\u00e9s"],"inLanguage":"fr-FR","potentialAction":[{"@type":"CommentAction","name":"Comment","target":["https:\/\/www.africa-press.net\/togo\/politique\/adhesion-au-commonwealth-le-drapeau-du-togo-sera-hisse-ce-20-octobre#respond"]}]},{"@type":"WebPage","@id":"https:\/\/www.africa-press.net\/togo\/politique\/adhesion-au-commonwealth-le-drapeau-du-togo-sera-hisse-ce-20-octobre","url":"https:\/\/www.africa-press.net\/togo\/politique\/adhesion-au-commonwealth-le-drapeau-du-togo-sera-hisse-ce-20-octobre","name":"Adh\u00e9sion au Commonwealth : le drapeau du Togo sera hiss\u00e9 ce 20 octobre - Togo","isPartOf":{"@id":"https:\/\/www.africa-press.net\/togo\/#website"},"primaryImageOfPage":{"@id":"https:\/\/www.africa-press.net\/togo\/politique\/adhesion-au-commonwealth-le-drapeau-du-togo-sera-hisse-ce-20-octobre#primaryimage"},"image":{"@id":"https:\/\/www.africa-press.net\/togo\/politique\/adhesion-au-commonwealth-le-drapeau-du-togo-sera-hisse-ce-20-octobre#primaryimage"},"thumbnailUrl":"https:\/\/static.africa-press.net\/togo\/sites\/58\/2022\/10\/postQueueImg_18-63507f303540a.jpg","datePublished":"2022-10-19T22:33:18+00:00","dateModified":"2022-10-19T22:50:47+00:00","author":{"@id":"https:\/\/www.africa-press.net\/togo\/#\/schema\/person\/2b1cf3cd81a31e3cd26889ca66d677f1"},"description":"Deux pays d\u2019Afrique sont admis le 25 juin dernier au sein du Commonwealth des Nations. Il s\u2019agit du Togo et du Gabon. Ap ...","breadcrumb":{"@id":"https:\/\/www.africa-press.net\/togo\/politique\/adhesion-au-commonwealth-le-drapeau-du-togo-sera-hisse-ce-20-octobre#breadcrumb"},"inLanguage":"fr-FR","potentialAction":[{"@type":"ReadAction","target":["https:\/\/www.africa-press.net\/togo\/politique\/adhesion-au-commonwealth-le-drapeau-du-togo-sera-hisse-ce-20-octobre"]}]},{"@type":"ImageObject","inLanguage":"fr-FR","@id":"https:\/\/www.africa-press.net\/togo\/politique\/adhesion-au-commonwealth-le-drapeau-du-togo-sera-hisse-ce-20-octobre#primaryimage","url":"https:\/\/static.africa-press.net\/togo\/sites\/58\/2022\/10\/postQueueImg_18-63507f303540a.jpg","contentUrl":"https:\/\/static.africa-press.net\/togo\/sites\/58\/2022\/10\/postQueueImg_18-63507f303540a.jpg","width":720,"height":480,"caption":"Adh\u00e9sion au Commonwealth : le drapeau du Togo sera hiss\u00e9 ce 20 octobre"},{"@type":"BreadcrumbList","@id":"https:\/\/www.africa-press.net\/togo\/politique\/adhesion-au-commonwealth-le-drapeau-du-togo-sera-hisse-ce-20-octobre#breadcrumb","itemListElement":[{"@type":"ListItem","position":1,"name":"Accueil","item":"https:\/\/www.africa-press.net\/togo\/"},{"@type":"ListItem","position":2,"name":"Adh\u00e9sion au Commonwealth : le drapeau du Togo sera hiss\u00e9 ce 20 octobre"}]},{"@type":"WebSite","@id":"https:\/\/www.africa-press.net\/togo\/#website","url":"https:\/\/www.africa-press.net\/togo\/","name":"Togo","description":"Just another Africa News Agency Sites site","potentialAction":[{"@type":"SearchAction","target":{"@type":"EntryPoint","urlTemplate":"https:\/\/www.africa-press.net\/togo\/?s={search_term_string}"},"query-input":{"@type":"PropertyValueSpecification","valueRequired":true,"valueName":"search_term_string"}}],"inLanguage":"fr-FR"},{"@type":"Person","@id":"https:\/\/www.africa-press.net\/togo\/#\/schema\/person\/2b1cf3cd81a31e3cd26889ca66d677f1","name":"cfeditorfr"}]}},"_links":{"self":[{"href":"https:\/\/www.africa-press.net\/togo\/wp-json\/wp\/v2\/posts\/12634","targetHints":{"allow":["GET"]}}],"collection":[{"href":"https:\/\/www.africa-press.net\/togo\/wp-json\/wp\/v2\/posts"}],"about":[{"href":"https:\/\/www.africa-press.net\/togo\/wp-json\/wp\/v2\/types\/post"}],"author":[{"embeddable":true,"href":"https:\/\/www.africa-press.net\/togo\/wp-json\/wp\/v2\/users\/82"}],"replies":[{"embeddable":true,"href":"https:\/\/www.africa-press.net\/togo\/wp-json\/wp\/v2\/comments?post=12634"}],"version-history":[{"count":0,"href":"https:\/\/www.africa-press.net\/togo\/wp-json\/wp\/v2\/posts\/12634\/revisions"}],"wp:featuredmedia":[{"embeddable":true,"href":"https:\/\/www.africa-press.net\/togo\/wp-json\/wp\/v2\/media\/12633"}],"wp:attachment":[{"href":"https:\/\/www.africa-press.net\/togo\/wp-json\/wp\/v2\/media?parent=12634"}],"wp:term":[{"taxonomy":"category","embeddable":true,"href":"https:\/\/www.africa-press.net\/togo\/wp-json\/wp\/v2\/categories?post=12634"},{"taxonomy":"post_tag","embeddable":true,"href":"https:\/\/www.africa-press.net\/togo\/wp-json\/wp\/v2\/tags?post=12634"}],"curies":[{"name":"wp","href":"https:\/\/api.w.org\/{rel}","templated":true}]}}