{"id":12655,"date":"2022-10-20T21:44:13","date_gmt":"2022-10-20T21:44:13","guid":{"rendered":"https:\/\/www.africa-press.net\/togo\/politique\/togo-garde-des-enfants-dans-les-etablissements-prives-une-situation-prejudiciable-selon-le-ministre-kokoroko"},"modified":"2022-10-20T22:13:54","modified_gmt":"2022-10-20T22:13:54","slug":"togo-garde-des-enfants-dans-les-etablissements-prives-une-situation-prejudiciable-selon-le-ministre-kokoroko","status":"publish","type":"post","link":"https:\/\/www.africa-press.net\/togo\/toutes-les-actualites\/togo-garde-des-enfants-dans-les-etablissements-prives-une-situation-prejudiciable-selon-le-ministre-kokoroko","title":{"rendered":"Togo-Garde des enfants dans les \u00e9tablissements priv\u00e9s : Une situation pr\u00e9judiciable selon le ministre Kokoroko"},"content":{"rendered":"<p><span style=\"color: #ff6600\"><strong>Africa-Press &#8211; Togo. <\/strong><\/span><b>Le ministre des Enseignements primaire, secondaire, technique et de l\u2019Artisanat, Prof Dodji Kokoroko veut une restructuration de la garde des enfants dans les e\u0301coles prive\u0301es au Togo.<\/b><\/p>\n<p>En effet, l\u2019autorite\u0301, dans une note de service, fait constater que plusieurs e\u0301tablissements prive\u0301s proposent aux parents d\u2019e\u0301le\u0300ves des services de garde de leurs enfants. Et ce, contre des frais.<\/p>\n<p>Dodji Kokoroko voit a\u0300 travers cette pratique, une situation \u201cpre\u0301judiciable\u201d, car, selon lui, les promoteurs et chefs d\u2019e\u0301tablissements scolaires prive\u0301s cherchent a\u0300 escroquer les parents. Ceci, en raison du fait que les e\u0301tablissements concerne\u0301s ne disposent ni d\u2019infrastructures adapte\u0301es et approprie\u0301es, ni de ressources humaines qualifie\u0301es a\u0300 cette fin.<\/p>\n<p>En conse\u0301quence, prof Kokoroko demande \u201caux e\u0301tablissements qui ne re\u0301pondent pas aux crite\u0300res d\u2019infrastructures approprie\u0301es et de personnel qualifie\u0301 pour exercer une telle activite\u0301, d\u2019y mettre instamment un terme\u201d.<\/p>\n<p>Aussi, les promteurs concerne\u0301s sont somme\u0301s de rembourser les frais perc\u0327us chez les parents d\u2019e\u0301le\u0300ves dans le cadre de cette activite\u0301.<\/p>\n<p><strong>Pour plus d&rsquo;informations et d&rsquo;analyses sur la <a href=\"https:\/\/www.africa-press.net\/togo\">Togo<\/a>, suivez <a href=\"https:\/\/www.africa-press.net\/\">Africa-Press<\/a><\/strong><\/p>\n","protected":false},"excerpt":{"rendered":"<p>Africa-Press &#8211; Togo. Le ministre des Enseignements primaire, secondaire, technique et de l\u2019Artisanat, Prof Dodji Kokoroko veut une restructuration de la garde des enfants dans les e\u0301coles prive\u0301es au Togo. En effet, l\u2019autorite\u0301, dans une note de service, fait constater que plusieurs e\u0301tablissements prive\u0301s proposent aux parents d\u2019e\u0301le\u0300ves des services de garde de leurs enfants. [&hellip;]<\/p>\n","protected":false},"author":82,"featured_media":12654,"comment_status":"open","ping_status":"closed","sticky":false,"template":"","format":"standard","meta":{"footnotes":""},"categories":[21,10],"tags":[36,49,50],"class_list":["post-12655","post","type-post","status-publish","format-standard","has-post-thumbnail","hentry","category-communaute","category-toutes-les-actualites","tag-africa-press","tag-africa-press-togo","tag-togo"],"yoast_head":"<!-- This site is optimized with the Yoast SEO Premium plugin v26.1 (Yoast SEO v27.0) - https:\/\/yoast.com\/product\/yoast-seo-premium-wordpress\/ -->\n<title>Togo-Garde des enfants dans les \u00e9tablissements priv\u00e9s : Une situation pr\u00e9judiciable selon le ministre Kokoroko - Togo<\/title>\n<meta name=\"description\" content=\"Le ministre des Enseignements primaire, secondaire, technique et de l\u2019Artisanat, Prof Dodji Kokoroko veut une restruc ...\" \/>\n<meta name=\"robots\" content=\"index, follow, max-snippet:-1, max-image-preview:large, max-video-preview:-1\" \/>\n<link rel=\"canonical\" href=\"https:\/\/www.africa-press.net\/togo\/toutes-les-actualites\/togo-garde-des-enfants-dans-les-etablissements-prives-une-situation-prejudiciable-selon-le-ministre-kokoroko\" \/>\n<meta property=\"og:locale\" content=\"fr_FR\" \/>\n<meta property=\"og:type\" content=\"article\" \/>\n<meta property=\"og:title\" content=\"Togo-Garde des enfants dans les \u00e9tablissements priv\u00e9s : Une situation pr\u00e9judiciable selon le ministre Kokoroko\" \/>\n<meta property=\"og:description\" content=\"Le ministre des Enseignements primaire, secondaire, technique et de l\u2019Artisanat, Prof Dodji Kokoroko veut une restruc ...\" \/>\n<meta property=\"og:url\" content=\"https:\/\/www.africa-press.net\/togo\/toutes-les-actualites\/togo-garde-des-enfants-dans-les-etablissements-prives-une-situation-prejudiciable-selon-le-ministre-kokoroko\" \/>\n<meta property=\"og:site_name\" content=\"Togo\" \/>\n<meta property=\"article:published_time\" content=\"2022-10-20T21:44:13+00:00\" \/>\n<meta property=\"article:modified_time\" content=\"2022-10-20T22:13:54+00:00\" \/>\n<meta property=\"og:image\" content=\"https:\/\/static.africa-press.net\/togo\/sites\/58\/2022\/10\/postQueueImg_13-6351c7ebdfc7d.jpg\" \/>\n\t<meta property=\"og:image:width\" content=\"1280\" \/>\n\t<meta property=\"og:image:height\" content=\"800\" \/>\n\t<meta property=\"og:image:type\" content=\"image\/jpeg\" \/>\n<meta name=\"author\" content=\"cfeditorfr\" \/>\n<meta name=\"twitter:card\" content=\"summary_large_image\" \/>\n<meta name=\"twitter:label1\" content=\"\u00c9crit par\" \/>\n\t<meta name=\"twitter:data1\" content=\"cfeditorfr\" \/>\n\t<meta name=\"twitter:label2\" content=\"Dur\u00e9e de lecture estim\u00e9e\" \/>\n\t<meta name=\"twitter:data2\" content=\"1 minute\" \/>\n<script type=\"application\/ld+json\" class=\"yoast-schema-graph\">{\"@context\":\"https:\/\/schema.org\",\"@graph\":[{\"@type\":\"Article\",\"@id\":\"https:\/\/www.africa-press.net\/togo\/toutes-les-actualites\/togo-garde-des-enfants-dans-les-etablissements-prives-une-situation-prejudiciable-selon-le-ministre-kokoroko#article\",\"isPartOf\":{\"@id\":\"https:\/\/www.africa-press.net\/togo\/toutes-les-actualites\/togo-garde-des-enfants-dans-les-etablissements-prives-une-situation-prejudiciable-selon-le-ministre-kokoroko\"},\"author\":{\"name\":\"cfeditorfr\",\"@id\":\"https:\/\/www.africa-press.net\/togo\/#\/schema\/person\/2b1cf3cd81a31e3cd26889ca66d677f1\"},\"headline\":\"Togo-Garde des enfants dans les \u00e9tablissements priv\u00e9s : Une situation pr\u00e9judiciable selon le ministre Kokoroko\",\"datePublished\":\"2022-10-20T21:44:13+00:00\",\"dateModified\":\"2022-10-20T22:13:54+00:00\",\"mainEntityOfPage\":{\"@id\":\"https:\/\/www.africa-press.net\/togo\/toutes-les-actualites\/togo-garde-des-enfants-dans-les-etablissements-prives-une-situation-prejudiciable-selon-le-ministre-kokoroko\"},\"wordCount\":219,\"commentCount\":0,\"image\":{\"@id\":\"https:\/\/www.africa-press.net\/togo\/toutes-les-actualites\/togo-garde-des-enfants-dans-les-etablissements-prives-une-situation-prejudiciable-selon-le-ministre-kokoroko#primaryimage\"},\"thumbnailUrl\":\"https:\/\/static.africa-press.net\/togo\/sites\/58\/2022\/10\/postQueueImg_13-6351c7ebdfc7d.jpg\",\"keywords\":[\"Africa Press\",\"Africa Press-Togo\",\"Togo\"],\"articleSection\":[\"Communaut\u00e9\",\"Toutes les actualit\u00e9s\"],\"inLanguage\":\"fr-FR\",\"potentialAction\":[{\"@type\":\"CommentAction\",\"name\":\"Comment\",\"target\":[\"https:\/\/www.africa-press.net\/togo\/toutes-les-actualites\/togo-garde-des-enfants-dans-les-etablissements-prives-une-situation-prejudiciable-selon-le-ministre-kokoroko#respond\"]}]},{\"@type\":\"WebPage\",\"@id\":\"https:\/\/www.africa-press.net\/togo\/toutes-les-actualites\/togo-garde-des-enfants-dans-les-etablissements-prives-une-situation-prejudiciable-selon-le-ministre-kokoroko\",\"url\":\"https:\/\/www.africa-press.net\/togo\/toutes-les-actualites\/togo-garde-des-enfants-dans-les-etablissements-prives-une-situation-prejudiciable-selon-le-ministre-kokoroko\",\"name\":\"Togo-Garde des enfants dans les \u00e9tablissements priv\u00e9s : Une situation pr\u00e9judiciable selon le ministre Kokoroko - Togo\",\"isPartOf\":{\"@id\":\"https:\/\/www.africa-press.net\/togo\/#website\"},\"primaryImageOfPage\":{\"@id\":\"https:\/\/www.africa-press.net\/togo\/toutes-les-actualites\/togo-garde-des-enfants-dans-les-etablissements-prives-une-situation-prejudiciable-selon-le-ministre-kokoroko#primaryimage\"},\"image\":{\"@id\":\"https:\/\/www.africa-press.net\/togo\/toutes-les-actualites\/togo-garde-des-enfants-dans-les-etablissements-prives-une-situation-prejudiciable-selon-le-ministre-kokoroko#primaryimage\"},\"thumbnailUrl\":\"https:\/\/static.africa-press.net\/togo\/sites\/58\/2022\/10\/postQueueImg_13-6351c7ebdfc7d.jpg\",\"datePublished\":\"2022-10-20T21:44:13+00:00\",\"dateModified\":\"2022-10-20T22:13:54+00:00\",\"author\":{\"@id\":\"https:\/\/www.africa-press.net\/togo\/#\/schema\/person\/2b1cf3cd81a31e3cd26889ca66d677f1\"},\"description\":\"Le ministre des Enseignements primaire, secondaire, technique et de l\u2019Artisanat, Prof Dodji Kokoroko veut une restruc ...\",\"breadcrumb\":{\"@id\":\"https:\/\/www.africa-press.net\/togo\/toutes-les-actualites\/togo-garde-des-enfants-dans-les-etablissements-prives-une-situation-prejudiciable-selon-le-ministre-kokoroko#breadcrumb\"},\"inLanguage\":\"fr-FR\",\"potentialAction\":[{\"@type\":\"ReadAction\",\"target\":[\"https:\/\/www.africa-press.net\/togo\/toutes-les-actualites\/togo-garde-des-enfants-dans-les-etablissements-prives-une-situation-prejudiciable-selon-le-ministre-kokoroko\"]}]},{\"@type\":\"ImageObject\",\"inLanguage\":\"fr-FR\",\"@id\":\"https:\/\/www.africa-press.net\/togo\/toutes-les-actualites\/togo-garde-des-enfants-dans-les-etablissements-prives-une-situation-prejudiciable-selon-le-ministre-kokoroko#primaryimage\",\"url\":\"https:\/\/static.africa-press.net\/togo\/sites\/58\/2022\/10\/postQueueImg_13-6351c7ebdfc7d.jpg\",\"contentUrl\":\"https:\/\/static.africa-press.net\/togo\/sites\/58\/2022\/10\/postQueueImg_13-6351c7ebdfc7d.jpg\",\"width\":1280,\"height\":800,\"caption\":\"Togo-Garde des enfants dans les \u00e9tablissements priv\u00e9s : Une situation pr\u00e9judiciable selon le ministre Kokoroko\"},{\"@type\":\"BreadcrumbList\",\"@id\":\"https:\/\/www.africa-press.net\/togo\/toutes-les-actualites\/togo-garde-des-enfants-dans-les-etablissements-prives-une-situation-prejudiciable-selon-le-ministre-kokoroko#breadcrumb\",\"itemListElement\":[{\"@type\":\"ListItem\",\"position\":1,\"name\":\"Accueil\",\"item\":\"https:\/\/www.africa-press.net\/togo\/\"},{\"@type\":\"ListItem\",\"position\":2,\"name\":\"Togo-Garde des enfants dans les \u00e9tablissements priv\u00e9s : Une situation pr\u00e9judiciable selon le ministre Kokoroko\"}]},{\"@type\":\"WebSite\",\"@id\":\"https:\/\/www.africa-press.net\/togo\/#website\",\"url\":\"https:\/\/www.africa-press.net\/togo\/\",\"name\":\"Togo\",\"description\":\"Just another Africa News Agency Sites site\",\"potentialAction\":[{\"@type\":\"SearchAction\",\"target\":{\"@type\":\"EntryPoint\",\"urlTemplate\":\"https:\/\/www.africa-press.net\/togo\/?s={search_term_string}\"},\"query-input\":{\"@type\":\"PropertyValueSpecification\",\"valueRequired\":true,\"valueName\":\"search_term_string\"}}],\"inLanguage\":\"fr-FR\"},{\"@type\":\"Person\",\"@id\":\"https:\/\/www.africa-press.net\/togo\/#\/schema\/person\/2b1cf3cd81a31e3cd26889ca66d677f1\",\"name\":\"cfeditorfr\"}]}<\/script>\n<!-- \/ Yoast SEO Premium plugin. -->","yoast_head_json":{"title":"Togo-Garde des enfants dans les \u00e9tablissements priv\u00e9s : Une situation pr\u00e9judiciable selon le ministre Kokoroko - Togo","description":"Le ministre des Enseignements primaire, secondaire, technique et de l\u2019Artisanat, Prof Dodji Kokoroko veut une restruc ...","robots":{"index":"index","follow":"follow","max-snippet":"max-snippet:-1","max-image-preview":"max-image-preview:large","max-video-preview":"max-video-preview:-1"},"canonical":"https:\/\/www.africa-press.net\/togo\/toutes-les-actualites\/togo-garde-des-enfants-dans-les-etablissements-prives-une-situation-prejudiciable-selon-le-ministre-kokoroko","og_locale":"fr_FR","og_type":"article","og_title":"Togo-Garde des enfants dans les \u00e9tablissements priv\u00e9s : Une situation pr\u00e9judiciable selon le ministre Kokoroko","og_description":"Le ministre des Enseignements primaire, secondaire, technique et de l\u2019Artisanat, Prof Dodji Kokoroko veut une restruc ...","og_url":"https:\/\/www.africa-press.net\/togo\/toutes-les-actualites\/togo-garde-des-enfants-dans-les-etablissements-prives-une-situation-prejudiciable-selon-le-ministre-kokoroko","og_site_name":"Togo","article_published_time":"2022-10-20T21:44:13+00:00","article_modified_time":"2022-10-20T22:13:54+00:00","og_image":[{"width":1280,"height":800,"url":"https:\/\/static.africa-press.net\/togo\/sites\/58\/2022\/10\/postQueueImg_13-6351c7ebdfc7d.jpg","type":"image\/jpeg"}],"author":"cfeditorfr","twitter_card":"summary_large_image","twitter_misc":{"\u00c9crit par":"cfeditorfr","Dur\u00e9e de lecture estim\u00e9e":"1 minute"},"schema":{"@context":"https:\/\/schema.org","@graph":[{"@type":"Article","@id":"https:\/\/www.africa-press.net\/togo\/toutes-les-actualites\/togo-garde-des-enfants-dans-les-etablissements-prives-une-situation-prejudiciable-selon-le-ministre-kokoroko#article","isPartOf":{"@id":"https:\/\/www.africa-press.net\/togo\/toutes-les-actualites\/togo-garde-des-enfants-dans-les-etablissements-prives-une-situation-prejudiciable-selon-le-ministre-kokoroko"},"author":{"name":"cfeditorfr","@id":"https:\/\/www.africa-press.net\/togo\/#\/schema\/person\/2b1cf3cd81a31e3cd26889ca66d677f1"},"headline":"Togo-Garde des enfants dans les \u00e9tablissements priv\u00e9s : Une situation pr\u00e9judiciable selon le ministre Kokoroko","datePublished":"2022-10-20T21:44:13+00:00","dateModified":"2022-10-20T22:13:54+00:00","mainEntityOfPage":{"@id":"https:\/\/www.africa-press.net\/togo\/toutes-les-actualites\/togo-garde-des-enfants-dans-les-etablissements-prives-une-situation-prejudiciable-selon-le-ministre-kokoroko"},"wordCount":219,"commentCount":0,"image":{"@id":"https:\/\/www.africa-press.net\/togo\/toutes-les-actualites\/togo-garde-des-enfants-dans-les-etablissements-prives-une-situation-prejudiciable-selon-le-ministre-kokoroko#primaryimage"},"thumbnailUrl":"https:\/\/static.africa-press.net\/togo\/sites\/58\/2022\/10\/postQueueImg_13-6351c7ebdfc7d.jpg","keywords":["Africa Press","Africa Press-Togo","Togo"],"articleSection":["Communaut\u00e9","Toutes les actualit\u00e9s"],"inLanguage":"fr-FR","potentialAction":[{"@type":"CommentAction","name":"Comment","target":["https:\/\/www.africa-press.net\/togo\/toutes-les-actualites\/togo-garde-des-enfants-dans-les-etablissements-prives-une-situation-prejudiciable-selon-le-ministre-kokoroko#respond"]}]},{"@type":"WebPage","@id":"https:\/\/www.africa-press.net\/togo\/toutes-les-actualites\/togo-garde-des-enfants-dans-les-etablissements-prives-une-situation-prejudiciable-selon-le-ministre-kokoroko","url":"https:\/\/www.africa-press.net\/togo\/toutes-les-actualites\/togo-garde-des-enfants-dans-les-etablissements-prives-une-situation-prejudiciable-selon-le-ministre-kokoroko","name":"Togo-Garde des enfants dans les \u00e9tablissements priv\u00e9s : Une situation pr\u00e9judiciable selon le ministre Kokoroko - Togo","isPartOf":{"@id":"https:\/\/www.africa-press.net\/togo\/#website"},"primaryImageOfPage":{"@id":"https:\/\/www.africa-press.net\/togo\/toutes-les-actualites\/togo-garde-des-enfants-dans-les-etablissements-prives-une-situation-prejudiciable-selon-le-ministre-kokoroko#primaryimage"},"image":{"@id":"https:\/\/www.africa-press.net\/togo\/toutes-les-actualites\/togo-garde-des-enfants-dans-les-etablissements-prives-une-situation-prejudiciable-selon-le-ministre-kokoroko#primaryimage"},"thumbnailUrl":"https:\/\/static.africa-press.net\/togo\/sites\/58\/2022\/10\/postQueueImg_13-6351c7ebdfc7d.jpg","datePublished":"2022-10-20T21:44:13+00:00","dateModified":"2022-10-20T22:13:54+00:00","author":{"@id":"https:\/\/www.africa-press.net\/togo\/#\/schema\/person\/2b1cf3cd81a31e3cd26889ca66d677f1"},"description":"Le ministre des Enseignements primaire, secondaire, technique et de l\u2019Artisanat, Prof Dodji Kokoroko veut une restruc ...","breadcrumb":{"@id":"https:\/\/www.africa-press.net\/togo\/toutes-les-actualites\/togo-garde-des-enfants-dans-les-etablissements-prives-une-situation-prejudiciable-selon-le-ministre-kokoroko#breadcrumb"},"inLanguage":"fr-FR","potentialAction":[{"@type":"ReadAction","target":["https:\/\/www.africa-press.net\/togo\/toutes-les-actualites\/togo-garde-des-enfants-dans-les-etablissements-prives-une-situation-prejudiciable-selon-le-ministre-kokoroko"]}]},{"@type":"ImageObject","inLanguage":"fr-FR","@id":"https:\/\/www.africa-press.net\/togo\/toutes-les-actualites\/togo-garde-des-enfants-dans-les-etablissements-prives-une-situation-prejudiciable-selon-le-ministre-kokoroko#primaryimage","url":"https:\/\/static.africa-press.net\/togo\/sites\/58\/2022\/10\/postQueueImg_13-6351c7ebdfc7d.jpg","contentUrl":"https:\/\/static.africa-press.net\/togo\/sites\/58\/2022\/10\/postQueueImg_13-6351c7ebdfc7d.jpg","width":1280,"height":800,"caption":"Togo-Garde des enfants dans les \u00e9tablissements priv\u00e9s : Une situation pr\u00e9judiciable selon le ministre Kokoroko"},{"@type":"BreadcrumbList","@id":"https:\/\/www.africa-press.net\/togo\/toutes-les-actualites\/togo-garde-des-enfants-dans-les-etablissements-prives-une-situation-prejudiciable-selon-le-ministre-kokoroko#breadcrumb","itemListElement":[{"@type":"ListItem","position":1,"name":"Accueil","item":"https:\/\/www.africa-press.net\/togo\/"},{"@type":"ListItem","position":2,"name":"Togo-Garde des enfants dans les \u00e9tablissements priv\u00e9s : Une situation pr\u00e9judiciable selon le ministre Kokoroko"}]},{"@type":"WebSite","@id":"https:\/\/www.africa-press.net\/togo\/#website","url":"https:\/\/www.africa-press.net\/togo\/","name":"Togo","description":"Just another Africa News Agency Sites site","potentialAction":[{"@type":"SearchAction","target":{"@type":"EntryPoint","urlTemplate":"https:\/\/www.africa-press.net\/togo\/?s={search_term_string}"},"query-input":{"@type":"PropertyValueSpecification","valueRequired":true,"valueName":"search_term_string"}}],"inLanguage":"fr-FR"},{"@type":"Person","@id":"https:\/\/www.africa-press.net\/togo\/#\/schema\/person\/2b1cf3cd81a31e3cd26889ca66d677f1","name":"cfeditorfr"}]}},"_links":{"self":[{"href":"https:\/\/www.africa-press.net\/togo\/wp-json\/wp\/v2\/posts\/12655","targetHints":{"allow":["GET"]}}],"collection":[{"href":"https:\/\/www.africa-press.net\/togo\/wp-json\/wp\/v2\/posts"}],"about":[{"href":"https:\/\/www.africa-press.net\/togo\/wp-json\/wp\/v2\/types\/post"}],"author":[{"embeddable":true,"href":"https:\/\/www.africa-press.net\/togo\/wp-json\/wp\/v2\/users\/82"}],"replies":[{"embeddable":true,"href":"https:\/\/www.africa-press.net\/togo\/wp-json\/wp\/v2\/comments?post=12655"}],"version-history":[{"count":0,"href":"https:\/\/www.africa-press.net\/togo\/wp-json\/wp\/v2\/posts\/12655\/revisions"}],"wp:featuredmedia":[{"embeddable":true,"href":"https:\/\/www.africa-press.net\/togo\/wp-json\/wp\/v2\/media\/12654"}],"wp:attachment":[{"href":"https:\/\/www.africa-press.net\/togo\/wp-json\/wp\/v2\/media?parent=12655"}],"wp:term":[{"taxonomy":"category","embeddable":true,"href":"https:\/\/www.africa-press.net\/togo\/wp-json\/wp\/v2\/categories?post=12655"},{"taxonomy":"post_tag","embeddable":true,"href":"https:\/\/www.africa-press.net\/togo\/wp-json\/wp\/v2\/tags?post=12655"}],"curies":[{"name":"wp","href":"https:\/\/api.w.org\/{rel}","templated":true}]}}