{"id":12669,"date":"2022-10-20T21:44:59","date_gmt":"2022-10-20T21:44:59","guid":{"rendered":"https:\/\/www.africa-press.net\/togo\/politique\/unir-comme-un-air-de-precampagne-operation-zero-cataracte-participation-aux-funerailles-dons"},"modified":"2022-10-20T22:16:42","modified_gmt":"2022-10-20T22:16:42","slug":"unir-comme-un-air-de-precampagne-operation-zero-cataracte-participation-aux-funerailles-dons","status":"publish","type":"post","link":"https:\/\/www.africa-press.net\/togo\/politique\/unir-comme-un-air-de-precampagne-operation-zero-cataracte-participation-aux-funerailles-dons","title":{"rendered":"UNIR\/comme un  air de pr\u00e9campagne : Op\u00e9ration z\u00e9ro cataracte, participation aux fun\u00e9railles, dons\u2026"},"content":{"rendered":"<p><span style=\"color: #ff6600\"><strong>Africa-Press &#8211; Togo. <\/strong><\/span><b>Le re\u0301gime est-il de\u0301ja\u0300 en campagne pour les prochaines e\u0301che\u0301ances e\u0301lectorales ? C\u0327a en a tout l\u2019air. Depuis plusieurs mois, le RPT\/UNIR intensifie la propagande en faveur de Faure Gnassingbe\u0301. Lors de la campagne Ze\u0301ro cataracte, il a e\u0301te\u0301 demande\u0301 aux populations de se rappeler du chef de l\u2019Etat quand viendra le moment des e\u0301lections. En plus, il serait demande\u0301 aux militants, cadres de leurs localite\u0301s, de participer aux fune\u0301railles afin de s\u2019attirer la sympathie des populations. <\/b><\/p>\n<p>Le 14 mars de cette anne\u0301e, le gouvernement a lance\u0301 l\u2019ope\u0301ration \u00ab Ze\u0301ro Cataracte \u00bb. Une initiative dite pre\u0301sidentielle qui vise a\u0300 ope\u0301rer gratuitement les personnes souffrant de cette forme de ce\u0301cite\u0301 tre\u0300s re\u0301pandue au Togo. Cette campagne de\u0301marre\u0301e dans la re\u0301gion des Savanes, s\u2019est poursuivie dans les autres re\u0301gions du pays et continue actuellement dans la Maritime. \u00ab Des milliers de personnes souffrant de cette maladie ont de\u0301ja\u0300 be\u0301ne\u0301ficie\u0301 gratuitement des consultations de de\u0301pistage des pathologies oculaires ou des troubles de vision, des actions de chirurgie, de verres me\u0301dicaux et des produits pharmaceutiques notamment les collyres. En avril de\u0301ja\u0300, cette ope\u0301ration foraine a permis de consulter pre\u0300s de 11 600 patients pour lesquels, il est pre\u0301vu 3000 ope\u0301rations de cataracte au lieu des 800 initialement attendus \u00bb, e\u0301crit la Pre\u0301sidence de la Re\u0301publique. Il est indique\u0301 qu\u2019a\u0300 terme, plus de dix mille (10.000) personnes souffrant de cataracte seront ope\u0301re\u0301es, et au moins 20.000 verres me\u0301dicaux confectionne\u0301s sur place, seront offerts aux populations.<\/p>\n<p>La pre\u0301sidence de la Re\u0301publique parle de l\u2019adhe\u0301sion des populations a\u0300 cette initiative. Une adhe\u0301sion qui de\u0301montrerait \u00ab l\u2019efficacite\u0301 de la politique socio-sanitaire du chef de l\u2019Etat et de l\u2019importance capitale qu\u2019il accorde au bien-e\u0302tre des populations \u00bb. On remarque de\u0301ja\u0300 que l\u2019initiative de\u0301vie vers la propagande alors que la campagne, jusqu\u2019a\u0300 preuve du contraire, n\u2019est pas finance\u0301e par les fonds propres du chef de l\u2019Etat. C\u2019est le pays qui vient en aide a\u0300 ses populations envers lesquelles il a des obligations. Ce n\u2019est donc pas une faveur.<\/p>\n<p>Il y a quelques jours, le site internet du parti au pouvoir publiait un article sur l\u2019ope\u0301ration Ze\u0301ro cataracte en y de\u0301voilant \u00ab la joie \u00bb des populations be\u0301ne\u0301ficiaires. Mais ce qui atteste qu\u2019il s\u2019agit bel et bien d\u2019une ope\u0301ration de propagande, c\u2019est que dans l\u2019article, il est e\u0301crit que l\u2019initiative est un \u00ab don personnel du Distingue\u0301 Militant Faure Essozimna Gnassingbe\u0301 \u00bb. C\u2019e\u0301tait a\u0300 la mi-aou\u0302t, lorsque l\u2019ope\u0301ration e\u0301tait arrive\u0301e dans la pre\u0301fecture de Vo. Et un entretien avec le secre\u0301taire pre\u0301fectoral du parti a e\u0301te\u0301 publie\u0301. L\u2019interviewe\u0301 y de\u0301clare : \u00abCette ope\u0301ration Ze\u0301ro Cataracte me donne deux sentiments, un sentiment de joie et un deuxie\u0300me sentiment de reconnaissance. Sentiment de joie, parce que nous avons une difficulte\u0301 que plusieurs de nos concitoyens rencontrent dans nos villages, dans nos localite\u0301s (&#8230;) Sentiment de reconnaissance envers le Distingue\u0301 Militant Faure Essozimna Gnassingbe\u0301 qui a initie\u0301 cette ope\u0301ration\u00bb.<\/p>\n<p><b>Comme un air de pre\u0301campagne<\/b><\/p>\n<p>Il faut aussi le dire, ces propos publie\u0301s par le site du parti UNIR sont loin de ce qui se dit dans les villages lors des e\u0301changes avec les personnes venues se faire consulter. Il est sans cesse re\u0301pe\u0301te\u0301 aux candidats a\u0300 cette ope\u0301ration que c\u2019est une initiative personnelle de Faure Gnassingbe\u0301. C\u2019est bien de le mentionner, mais on ne peut pas en faire un slogan. \u00ab Quand nous sommes arrive\u0301s au lieu ou\u0300 doit se tenir les ope\u0301rations, ils nous rassemblent pour nous entretenir sur l\u2019initiative. Ils ont parle\u0301, mais ce qui m\u2019a surpris, c\u2019est qu\u2019a\u0300 la fin, ils nous demandent de nous rappeler que c\u2019est un geste du chef de l\u2019Etat. Que nous ne devons pas oublier cela et quand il va nous tendre la main, nous devons lui re\u0301pondre favorablement en disant : \u00ab Quand quelqu\u2019un te fait du bien et qu\u2019il te sollicite, tu dois lui re\u0301pondre favorablement \u00bb. De\u0300s qu\u2019ils ont fini de parler, je me suis leve\u0301 et je suis rentre\u0301 chez moi \u00bb, rapporte une dame.<\/p>\n<p>\u00ab Quand ils sont venus chez nous, ils ont tout fait pour que nous nous sentions redevables a\u0300 Faure Gnassingbe\u0301. Son nom a e\u0301te\u0301 cite\u0301 a\u0300 plusieurs reprises dans les interventions. J\u2019ai remarque\u0301 c\u0327a surtout dans les interventions des responsables du parti dans notre localite\u0301. C\u2019est vrai que c\u2019est une initiative venant de sa part parce qu\u2019au Togo, les ministres n\u2019initient rien si ce n\u2019est sur son instruction personnelle, mais a\u0300 voir comment on entretient les populations, on a l\u2019impression qu\u2019ils sont en campagne. C\u2019est comme si les gens doivent se sentir redevables au chef de l\u2019Etat \u00bb, s\u2019indigne une autre source.<\/p>\n<p>C\u2019est le mal du Togo. Chaque fois qu\u2019il y a une initiative a\u0300 l\u2019endroit des populations, on s\u2019en sert comme une occasion de propagande et de campagne e\u0301lectorale. Cela a e\u0301te\u0301 observe\u0301 dans le cadre de la mise en \u0153uvre du Fonds national de la finance inclusive (FNFI). Au lancement du premier produit de ce projet en 2014, il a e\u0301te\u0301 dit aux femmes que c\u2019est un don du chef de l\u2019Etat, et qu\u2019apre\u0300s sa victoire a\u0300 l\u2019e\u0301lection pre\u0301sidentielle qui allait suivre quelques mois apre\u0300s, en 2015, elles ne seront plus appele\u0301es a\u0300 rembourser. Autrement dit, si elles accordaient leurs votes a\u0300 Faure Gnassingbe\u0301, leur ardoise serait efface\u0301e. Apre\u0300s la pre\u0301sidentielle de 2015, Faure Gnassingbe\u0301 a \u00ab gagne\u0301 \u00bb, mais les dames qui ont cru en cette promesse ont e\u0301te\u0301 oblige\u0301es de rembourser le pre\u0302t ; ou de se\u0301journer en prison.<\/p>\n<p>Sur un autre terrain, le parti au pouvoir me\u0300ne de\u0301ja\u0300 campagne, chaque militant dans sa localite\u0301 d\u2019origine. L\u2019usage de la couleur bleue serait vivement recommande\u0301 par les instances du parti UNIR. C\u2019est ce qui transparait dans l\u2019aspect des infrastructures re\u0301alise\u0301es dans les localite\u0301s et peintes aux couleurs du parti. Me\u0302me lors des fune\u0301railles, les chaises utilise\u0301es doivent e\u0302tre de couleur bleue. L\u2019autre syste\u0300me mis en place pour rallier les populations a\u0300 la cause du parti, c\u2019est la participation aux fune\u0301railles. Selon des informations, il serait conseille\u0301 a\u0300 chaque cadre de participer activement aux diffe\u0301rentes fune\u0301railles qui ont lieu dans son village et de faire des cadeaux aux familles. Histoire de pouvoir demander le retour de l\u2019ascenseur quand viendra le moment de mettre les bulletins dans les urnes.<\/p>\n<p>Au final, le citoyen togolais n\u2019a plus de droit, mais des droits accompagne\u0301s de devoir. Une population atteinte de cataracte devrait interpeller tout dirigeant qui ne devrait pas en faire un fonds de campagne. Lorsqu\u2019on est a\u0300 court d\u2019initiatives comme c\u2019est le cas au Togo, rien d\u2019e\u0301tonnant.<\/p>\n<p><strong>Pour plus d&rsquo;informations et d&rsquo;analyses sur la <a href=\"https:\/\/www.africa-press.net\/togo\">Togo<\/a>, suivez <a href=\"https:\/\/www.africa-press.net\/\">Africa-Press<\/a><\/strong><\/p>\n","protected":false},"excerpt":{"rendered":"<p>Africa-Press &#8211; Togo. Le re\u0301gime est-il de\u0301ja\u0300 en campagne pour les prochaines e\u0301che\u0301ances e\u0301lectorales ? C\u0327a en a tout l\u2019air. Depuis plusieurs mois, le RPT\/UNIR intensifie la propagande en faveur de Faure Gnassingbe\u0301. Lors de la campagne Ze\u0301ro cataracte, il a e\u0301te\u0301 demande\u0301 aux populations de se rappeler du chef de l\u2019Etat quand viendra le [&hellip;]<\/p>\n","protected":false},"author":82,"featured_media":12667,"comment_status":"open","ping_status":"closed","sticky":false,"template":"","format":"standard","meta":{"footnotes":""},"categories":[2,10],"tags":[36,49,50],"class_list":["post-12669","post","type-post","status-publish","format-standard","has-post-thumbnail","hentry","category-politique","category-toutes-les-actualites","tag-africa-press","tag-africa-press-togo","tag-togo"],"yoast_head":"<!-- This site is optimized with the Yoast SEO Premium plugin v26.1 (Yoast SEO v27.0) - https:\/\/yoast.com\/product\/yoast-seo-premium-wordpress\/ -->\n<title>UNIR\/comme un air de pr\u00e9campagne : Op\u00e9ration z\u00e9ro cataracte, participation aux fun\u00e9railles, dons\u2026 - Togo<\/title>\n<meta name=\"description\" content=\"Le re\u0301gime est-il de\u0301ja\u0300 en campagne pour les prochaines e\u0301che\u0301ances e\u0301lectorales ? C\u0327a en a tout l\u2019air. Depuis plusi ...\" \/>\n<meta name=\"robots\" content=\"index, follow, max-snippet:-1, max-image-preview:large, max-video-preview:-1\" \/>\n<link rel=\"canonical\" href=\"https:\/\/www.africa-press.net\/togo\/politique\/unir-comme-un-air-de-precampagne-operation-zero-cataracte-participation-aux-funerailles-dons\" \/>\n<meta property=\"og:locale\" content=\"fr_FR\" \/>\n<meta property=\"og:type\" content=\"article\" \/>\n<meta property=\"og:title\" content=\"UNIR\/comme un air de pr\u00e9campagne : Op\u00e9ration z\u00e9ro cataracte, participation aux fun\u00e9railles, dons\u2026\" \/>\n<meta property=\"og:description\" content=\"Le re\u0301gime est-il de\u0301ja\u0300 en campagne pour les prochaines e\u0301che\u0301ances e\u0301lectorales ? C\u0327a en a tout l\u2019air. Depuis plusi ...\" \/>\n<meta property=\"og:url\" content=\"https:\/\/www.africa-press.net\/togo\/politique\/unir-comme-un-air-de-precampagne-operation-zero-cataracte-participation-aux-funerailles-dons\" \/>\n<meta property=\"og:site_name\" content=\"Togo\" \/>\n<meta property=\"article:published_time\" content=\"2022-10-20T21:44:59+00:00\" \/>\n<meta property=\"article:modified_time\" content=\"2022-10-20T22:16:42+00:00\" \/>\n<meta property=\"og:image\" content=\"https:\/\/static.africa-press.net\/togo\/sites\/58\/2022\/10\/postQueueImg_17-6351c8a1353df.jpg\" \/>\n\t<meta property=\"og:image:width\" content=\"1278\" \/>\n\t<meta property=\"og:image:height\" content=\"800\" \/>\n\t<meta property=\"og:image:type\" content=\"image\/jpeg\" \/>\n<meta name=\"author\" content=\"cfeditorfr\" \/>\n<meta name=\"twitter:card\" content=\"summary_large_image\" \/>\n<meta name=\"twitter:label1\" content=\"\u00c9crit par\" \/>\n\t<meta name=\"twitter:data1\" content=\"cfeditorfr\" \/>\n\t<meta name=\"twitter:label2\" content=\"Dur\u00e9e de lecture estim\u00e9e\" \/>\n\t<meta name=\"twitter:data2\" content=\"6 minutes\" \/>\n<script type=\"application\/ld+json\" class=\"yoast-schema-graph\">{\"@context\":\"https:\/\/schema.org\",\"@graph\":[{\"@type\":\"Article\",\"@id\":\"https:\/\/www.africa-press.net\/togo\/politique\/unir-comme-un-air-de-precampagne-operation-zero-cataracte-participation-aux-funerailles-dons#article\",\"isPartOf\":{\"@id\":\"https:\/\/www.africa-press.net\/togo\/politique\/unir-comme-un-air-de-precampagne-operation-zero-cataracte-participation-aux-funerailles-dons\"},\"author\":{\"name\":\"cfeditorfr\",\"@id\":\"https:\/\/www.africa-press.net\/togo\/#\/schema\/person\/2b1cf3cd81a31e3cd26889ca66d677f1\"},\"headline\":\"UNIR\/comme un air de pr\u00e9campagne : Op\u00e9ration z\u00e9ro cataracte, participation aux fun\u00e9railles, dons\u2026\",\"datePublished\":\"2022-10-20T21:44:59+00:00\",\"dateModified\":\"2022-10-20T22:16:42+00:00\",\"mainEntityOfPage\":{\"@id\":\"https:\/\/www.africa-press.net\/togo\/politique\/unir-comme-un-air-de-precampagne-operation-zero-cataracte-participation-aux-funerailles-dons\"},\"wordCount\":1253,\"commentCount\":0,\"image\":{\"@id\":\"https:\/\/www.africa-press.net\/togo\/politique\/unir-comme-un-air-de-precampagne-operation-zero-cataracte-participation-aux-funerailles-dons#primaryimage\"},\"thumbnailUrl\":\"https:\/\/static.africa-press.net\/togo\/sites\/58\/2022\/10\/postQueueImg_17-6351c8a1353df.jpg\",\"keywords\":[\"Africa Press\",\"Africa Press-Togo\",\"Togo\"],\"articleSection\":[\"Politique\",\"Toutes les actualit\u00e9s\"],\"inLanguage\":\"fr-FR\",\"potentialAction\":[{\"@type\":\"CommentAction\",\"name\":\"Comment\",\"target\":[\"https:\/\/www.africa-press.net\/togo\/politique\/unir-comme-un-air-de-precampagne-operation-zero-cataracte-participation-aux-funerailles-dons#respond\"]}]},{\"@type\":\"WebPage\",\"@id\":\"https:\/\/www.africa-press.net\/togo\/politique\/unir-comme-un-air-de-precampagne-operation-zero-cataracte-participation-aux-funerailles-dons\",\"url\":\"https:\/\/www.africa-press.net\/togo\/politique\/unir-comme-un-air-de-precampagne-operation-zero-cataracte-participation-aux-funerailles-dons\",\"name\":\"UNIR\/comme un air de pr\u00e9campagne : Op\u00e9ration z\u00e9ro cataracte, participation aux fun\u00e9railles, dons\u2026 - Togo\",\"isPartOf\":{\"@id\":\"https:\/\/www.africa-press.net\/togo\/#website\"},\"primaryImageOfPage\":{\"@id\":\"https:\/\/www.africa-press.net\/togo\/politique\/unir-comme-un-air-de-precampagne-operation-zero-cataracte-participation-aux-funerailles-dons#primaryimage\"},\"image\":{\"@id\":\"https:\/\/www.africa-press.net\/togo\/politique\/unir-comme-un-air-de-precampagne-operation-zero-cataracte-participation-aux-funerailles-dons#primaryimage\"},\"thumbnailUrl\":\"https:\/\/static.africa-press.net\/togo\/sites\/58\/2022\/10\/postQueueImg_17-6351c8a1353df.jpg\",\"datePublished\":\"2022-10-20T21:44:59+00:00\",\"dateModified\":\"2022-10-20T22:16:42+00:00\",\"author\":{\"@id\":\"https:\/\/www.africa-press.net\/togo\/#\/schema\/person\/2b1cf3cd81a31e3cd26889ca66d677f1\"},\"description\":\"Le re\u0301gime est-il de\u0301ja\u0300 en campagne pour les prochaines e\u0301che\u0301ances e\u0301lectorales ? C\u0327a en a tout l\u2019air. Depuis plusi ...\",\"breadcrumb\":{\"@id\":\"https:\/\/www.africa-press.net\/togo\/politique\/unir-comme-un-air-de-precampagne-operation-zero-cataracte-participation-aux-funerailles-dons#breadcrumb\"},\"inLanguage\":\"fr-FR\",\"potentialAction\":[{\"@type\":\"ReadAction\",\"target\":[\"https:\/\/www.africa-press.net\/togo\/politique\/unir-comme-un-air-de-precampagne-operation-zero-cataracte-participation-aux-funerailles-dons\"]}]},{\"@type\":\"ImageObject\",\"inLanguage\":\"fr-FR\",\"@id\":\"https:\/\/www.africa-press.net\/togo\/politique\/unir-comme-un-air-de-precampagne-operation-zero-cataracte-participation-aux-funerailles-dons#primaryimage\",\"url\":\"https:\/\/static.africa-press.net\/togo\/sites\/58\/2022\/10\/postQueueImg_17-6351c8a1353df.jpg\",\"contentUrl\":\"https:\/\/static.africa-press.net\/togo\/sites\/58\/2022\/10\/postQueueImg_17-6351c8a1353df.jpg\",\"width\":1278,\"height\":800,\"caption\":\"UNIR\/comme un air de pr\u00e9campagne : Op\u00e9ration z\u00e9ro cataracte, participation aux fun\u00e9railles, dons\u2026\"},{\"@type\":\"BreadcrumbList\",\"@id\":\"https:\/\/www.africa-press.net\/togo\/politique\/unir-comme-un-air-de-precampagne-operation-zero-cataracte-participation-aux-funerailles-dons#breadcrumb\",\"itemListElement\":[{\"@type\":\"ListItem\",\"position\":1,\"name\":\"Accueil\",\"item\":\"https:\/\/www.africa-press.net\/togo\/\"},{\"@type\":\"ListItem\",\"position\":2,\"name\":\"UNIR\/comme un air de pr\u00e9campagne : Op\u00e9ration z\u00e9ro cataracte, participation aux fun\u00e9railles, dons\u2026\"}]},{\"@type\":\"WebSite\",\"@id\":\"https:\/\/www.africa-press.net\/togo\/#website\",\"url\":\"https:\/\/www.africa-press.net\/togo\/\",\"name\":\"Togo\",\"description\":\"Just another Africa News Agency Sites site\",\"potentialAction\":[{\"@type\":\"SearchAction\",\"target\":{\"@type\":\"EntryPoint\",\"urlTemplate\":\"https:\/\/www.africa-press.net\/togo\/?s={search_term_string}\"},\"query-input\":{\"@type\":\"PropertyValueSpecification\",\"valueRequired\":true,\"valueName\":\"search_term_string\"}}],\"inLanguage\":\"fr-FR\"},{\"@type\":\"Person\",\"@id\":\"https:\/\/www.africa-press.net\/togo\/#\/schema\/person\/2b1cf3cd81a31e3cd26889ca66d677f1\",\"name\":\"cfeditorfr\"}]}<\/script>\n<!-- \/ Yoast SEO Premium plugin. -->","yoast_head_json":{"title":"UNIR\/comme un air de pr\u00e9campagne : Op\u00e9ration z\u00e9ro cataracte, participation aux fun\u00e9railles, dons\u2026 - Togo","description":"Le re\u0301gime est-il de\u0301ja\u0300 en campagne pour les prochaines e\u0301che\u0301ances e\u0301lectorales ? C\u0327a en a tout l\u2019air. Depuis plusi ...","robots":{"index":"index","follow":"follow","max-snippet":"max-snippet:-1","max-image-preview":"max-image-preview:large","max-video-preview":"max-video-preview:-1"},"canonical":"https:\/\/www.africa-press.net\/togo\/politique\/unir-comme-un-air-de-precampagne-operation-zero-cataracte-participation-aux-funerailles-dons","og_locale":"fr_FR","og_type":"article","og_title":"UNIR\/comme un air de pr\u00e9campagne : Op\u00e9ration z\u00e9ro cataracte, participation aux fun\u00e9railles, dons\u2026","og_description":"Le re\u0301gime est-il de\u0301ja\u0300 en campagne pour les prochaines e\u0301che\u0301ances e\u0301lectorales ? C\u0327a en a tout l\u2019air. Depuis plusi ...","og_url":"https:\/\/www.africa-press.net\/togo\/politique\/unir-comme-un-air-de-precampagne-operation-zero-cataracte-participation-aux-funerailles-dons","og_site_name":"Togo","article_published_time":"2022-10-20T21:44:59+00:00","article_modified_time":"2022-10-20T22:16:42+00:00","og_image":[{"width":1278,"height":800,"url":"https:\/\/static.africa-press.net\/togo\/sites\/58\/2022\/10\/postQueueImg_17-6351c8a1353df.jpg","type":"image\/jpeg"}],"author":"cfeditorfr","twitter_card":"summary_large_image","twitter_misc":{"\u00c9crit par":"cfeditorfr","Dur\u00e9e de lecture estim\u00e9e":"6 minutes"},"schema":{"@context":"https:\/\/schema.org","@graph":[{"@type":"Article","@id":"https:\/\/www.africa-press.net\/togo\/politique\/unir-comme-un-air-de-precampagne-operation-zero-cataracte-participation-aux-funerailles-dons#article","isPartOf":{"@id":"https:\/\/www.africa-press.net\/togo\/politique\/unir-comme-un-air-de-precampagne-operation-zero-cataracte-participation-aux-funerailles-dons"},"author":{"name":"cfeditorfr","@id":"https:\/\/www.africa-press.net\/togo\/#\/schema\/person\/2b1cf3cd81a31e3cd26889ca66d677f1"},"headline":"UNIR\/comme un air de pr\u00e9campagne : Op\u00e9ration z\u00e9ro cataracte, participation aux fun\u00e9railles, dons\u2026","datePublished":"2022-10-20T21:44:59+00:00","dateModified":"2022-10-20T22:16:42+00:00","mainEntityOfPage":{"@id":"https:\/\/www.africa-press.net\/togo\/politique\/unir-comme-un-air-de-precampagne-operation-zero-cataracte-participation-aux-funerailles-dons"},"wordCount":1253,"commentCount":0,"image":{"@id":"https:\/\/www.africa-press.net\/togo\/politique\/unir-comme-un-air-de-precampagne-operation-zero-cataracte-participation-aux-funerailles-dons#primaryimage"},"thumbnailUrl":"https:\/\/static.africa-press.net\/togo\/sites\/58\/2022\/10\/postQueueImg_17-6351c8a1353df.jpg","keywords":["Africa Press","Africa Press-Togo","Togo"],"articleSection":["Politique","Toutes les actualit\u00e9s"],"inLanguage":"fr-FR","potentialAction":[{"@type":"CommentAction","name":"Comment","target":["https:\/\/www.africa-press.net\/togo\/politique\/unir-comme-un-air-de-precampagne-operation-zero-cataracte-participation-aux-funerailles-dons#respond"]}]},{"@type":"WebPage","@id":"https:\/\/www.africa-press.net\/togo\/politique\/unir-comme-un-air-de-precampagne-operation-zero-cataracte-participation-aux-funerailles-dons","url":"https:\/\/www.africa-press.net\/togo\/politique\/unir-comme-un-air-de-precampagne-operation-zero-cataracte-participation-aux-funerailles-dons","name":"UNIR\/comme un air de pr\u00e9campagne : Op\u00e9ration z\u00e9ro cataracte, participation aux fun\u00e9railles, dons\u2026 - Togo","isPartOf":{"@id":"https:\/\/www.africa-press.net\/togo\/#website"},"primaryImageOfPage":{"@id":"https:\/\/www.africa-press.net\/togo\/politique\/unir-comme-un-air-de-precampagne-operation-zero-cataracte-participation-aux-funerailles-dons#primaryimage"},"image":{"@id":"https:\/\/www.africa-press.net\/togo\/politique\/unir-comme-un-air-de-precampagne-operation-zero-cataracte-participation-aux-funerailles-dons#primaryimage"},"thumbnailUrl":"https:\/\/static.africa-press.net\/togo\/sites\/58\/2022\/10\/postQueueImg_17-6351c8a1353df.jpg","datePublished":"2022-10-20T21:44:59+00:00","dateModified":"2022-10-20T22:16:42+00:00","author":{"@id":"https:\/\/www.africa-press.net\/togo\/#\/schema\/person\/2b1cf3cd81a31e3cd26889ca66d677f1"},"description":"Le re\u0301gime est-il de\u0301ja\u0300 en campagne pour les prochaines e\u0301che\u0301ances e\u0301lectorales ? C\u0327a en a tout l\u2019air. Depuis plusi ...","breadcrumb":{"@id":"https:\/\/www.africa-press.net\/togo\/politique\/unir-comme-un-air-de-precampagne-operation-zero-cataracte-participation-aux-funerailles-dons#breadcrumb"},"inLanguage":"fr-FR","potentialAction":[{"@type":"ReadAction","target":["https:\/\/www.africa-press.net\/togo\/politique\/unir-comme-un-air-de-precampagne-operation-zero-cataracte-participation-aux-funerailles-dons"]}]},{"@type":"ImageObject","inLanguage":"fr-FR","@id":"https:\/\/www.africa-press.net\/togo\/politique\/unir-comme-un-air-de-precampagne-operation-zero-cataracte-participation-aux-funerailles-dons#primaryimage","url":"https:\/\/static.africa-press.net\/togo\/sites\/58\/2022\/10\/postQueueImg_17-6351c8a1353df.jpg","contentUrl":"https:\/\/static.africa-press.net\/togo\/sites\/58\/2022\/10\/postQueueImg_17-6351c8a1353df.jpg","width":1278,"height":800,"caption":"UNIR\/comme un air de pr\u00e9campagne : Op\u00e9ration z\u00e9ro cataracte, participation aux fun\u00e9railles, dons\u2026"},{"@type":"BreadcrumbList","@id":"https:\/\/www.africa-press.net\/togo\/politique\/unir-comme-un-air-de-precampagne-operation-zero-cataracte-participation-aux-funerailles-dons#breadcrumb","itemListElement":[{"@type":"ListItem","position":1,"name":"Accueil","item":"https:\/\/www.africa-press.net\/togo\/"},{"@type":"ListItem","position":2,"name":"UNIR\/comme un air de pr\u00e9campagne : Op\u00e9ration z\u00e9ro cataracte, participation aux fun\u00e9railles, dons\u2026"}]},{"@type":"WebSite","@id":"https:\/\/www.africa-press.net\/togo\/#website","url":"https:\/\/www.africa-press.net\/togo\/","name":"Togo","description":"Just another Africa News Agency Sites site","potentialAction":[{"@type":"SearchAction","target":{"@type":"EntryPoint","urlTemplate":"https:\/\/www.africa-press.net\/togo\/?s={search_term_string}"},"query-input":{"@type":"PropertyValueSpecification","valueRequired":true,"valueName":"search_term_string"}}],"inLanguage":"fr-FR"},{"@type":"Person","@id":"https:\/\/www.africa-press.net\/togo\/#\/schema\/person\/2b1cf3cd81a31e3cd26889ca66d677f1","name":"cfeditorfr"}]}},"_links":{"self":[{"href":"https:\/\/www.africa-press.net\/togo\/wp-json\/wp\/v2\/posts\/12669","targetHints":{"allow":["GET"]}}],"collection":[{"href":"https:\/\/www.africa-press.net\/togo\/wp-json\/wp\/v2\/posts"}],"about":[{"href":"https:\/\/www.africa-press.net\/togo\/wp-json\/wp\/v2\/types\/post"}],"author":[{"embeddable":true,"href":"https:\/\/www.africa-press.net\/togo\/wp-json\/wp\/v2\/users\/82"}],"replies":[{"embeddable":true,"href":"https:\/\/www.africa-press.net\/togo\/wp-json\/wp\/v2\/comments?post=12669"}],"version-history":[{"count":0,"href":"https:\/\/www.africa-press.net\/togo\/wp-json\/wp\/v2\/posts\/12669\/revisions"}],"wp:featuredmedia":[{"embeddable":true,"href":"https:\/\/www.africa-press.net\/togo\/wp-json\/wp\/v2\/media\/12667"}],"wp:attachment":[{"href":"https:\/\/www.africa-press.net\/togo\/wp-json\/wp\/v2\/media?parent=12669"}],"wp:term":[{"taxonomy":"category","embeddable":true,"href":"https:\/\/www.africa-press.net\/togo\/wp-json\/wp\/v2\/categories?post=12669"},{"taxonomy":"post_tag","embeddable":true,"href":"https:\/\/www.africa-press.net\/togo\/wp-json\/wp\/v2\/tags?post=12669"}],"curies":[{"name":"wp","href":"https:\/\/api.w.org\/{rel}","templated":true}]}}