{"id":12706,"date":"2022-10-20T21:51:11","date_gmt":"2022-10-20T21:51:11","guid":{"rendered":"https:\/\/www.africa-press.net\/togo\/politique\/togo-dernieres-minutes-deces-dun-ancien-ministre-de-lenvironnement"},"modified":"2022-10-20T22:30:05","modified_gmt":"2022-10-20T22:30:05","slug":"togo-dernieres-minutes-deces-dun-ancien-ministre-de-lenvironnement","status":"publish","type":"post","link":"https:\/\/www.africa-press.net\/togo\/toutes-les-actualites\/togo-dernieres-minutes-deces-dun-ancien-ministre-de-lenvironnement","title":{"rendered":"Togo\/Derni\u00e8res minutes\u00a0: d\u00e9c\u00e8s d\u2019un ancien ministre de l\u2019environnement"},"content":{"rendered":"<p><span style=\"color: #ff6600\"><strong>Africa-Press &#8211; Togo. <\/strong><\/span>L\u2019ex Ministre de l\u2019Environnement, du De\u0301veloppement Durable et de la Protection de la Nature, David Wonou Oladokoun n\u2019est plus.<\/p>\n<p>Selon les informations, il est passe\u0301 de vie a\u0300 tre\u0301pas tre\u0300s to\u0302t dans la matine\u0301e de ce jeudi 20 octobre 2022.<\/p>\n<p>Il fut ministre de l\u2019Environnement, du De\u0301veloppement Durable et de la Protection de la Nature dans le Gouvernement Klassou II.<\/p>\n<p>Ne\u0301 en 1955 a\u0300 Atakpame\u0301, Il a fait ses e\u0301tudes primaires a\u0300 Atakpame\u0301 sanctionne\u0301es par le CEPE, le secondaire par le Bac II, se\u0301rie A4, et l\u2019Universite\u0301 d\u2019abord par, une mai\u0302trise e\u0300s Lettres, option \u00abGe\u0301ographie rurale\u00bb, puis un Diplo\u0302me d\u2019Etude Approfondie (DEA), un Doctorat e\u0300s Lettres, option \u00abGe\u0301ographie rurale et ame\u0301nagement avec une mention tre\u0300s honorable\u00bb.<\/p>\n<p><strong>Pour plus d&rsquo;informations et d&rsquo;analyses sur la <a href=\"https:\/\/www.africa-press.net\/togo\">Togo<\/a>, suivez <a href=\"https:\/\/www.africa-press.net\/\">Africa-Press<\/a><\/strong><\/p>\n","protected":false},"excerpt":{"rendered":"<p>Africa-Press &#8211; Togo. L\u2019ex Ministre de l\u2019Environnement, du De\u0301veloppement Durable et de la Protection de la Nature, David Wonou Oladokoun n\u2019est plus. Selon les informations, il est passe\u0301 de vie a\u0300 tre\u0301pas tre\u0300s to\u0302t dans la matine\u0301e de ce jeudi 20 octobre 2022. Il fut ministre de l\u2019Environnement, du De\u0301veloppement Durable et de la Protection [&hellip;]<\/p>\n","protected":false},"author":82,"featured_media":12705,"comment_status":"open","ping_status":"closed","sticky":false,"template":"","format":"standard","meta":{"footnotes":""},"categories":[21,20,10],"tags":[36,49,379,50],"class_list":["post-12706","post","type-post","status-publish","format-standard","has-post-thumbnail","hentry","category-communaute","category-top-nouvelles","category-toutes-les-actualites","tag-africa-press","tag-africa-press-togo","tag-necrologie","tag-togo"],"yoast_head":"<!-- This site is optimized with the Yoast SEO Premium plugin v26.1 (Yoast SEO v27.0) - https:\/\/yoast.com\/product\/yoast-seo-premium-wordpress\/ -->\n<title>Togo\/Derni\u00e8res minutes\u00a0: d\u00e9c\u00e8s d\u2019un ancien ministre de l\u2019environnement - Togo<\/title>\n<meta name=\"description\" content=\"L\u2019ex Ministre de l\u2019Environnement, du De\u0301veloppement Durable et de la Protection de la Nature, David Wonou Oladokoun n\u2019es ...\" \/>\n<meta name=\"robots\" content=\"index, follow, max-snippet:-1, max-image-preview:large, max-video-preview:-1\" \/>\n<link rel=\"canonical\" href=\"https:\/\/www.africa-press.net\/togo\/toutes-les-actualites\/togo-dernieres-minutes-deces-dun-ancien-ministre-de-lenvironnement\" \/>\n<meta property=\"og:locale\" content=\"fr_FR\" \/>\n<meta property=\"og:type\" content=\"article\" \/>\n<meta property=\"og:title\" content=\"Togo\/Derni\u00e8res minutes\u00a0: d\u00e9c\u00e8s d\u2019un ancien ministre de l\u2019environnement\" \/>\n<meta property=\"og:description\" content=\"L\u2019ex Ministre de l\u2019Environnement, du De\u0301veloppement Durable et de la Protection de la Nature, David Wonou Oladokoun n\u2019es ...\" \/>\n<meta property=\"og:url\" content=\"https:\/\/www.africa-press.net\/togo\/toutes-les-actualites\/togo-dernieres-minutes-deces-dun-ancien-ministre-de-lenvironnement\" \/>\n<meta property=\"og:site_name\" content=\"Togo\" \/>\n<meta property=\"article:published_time\" content=\"2022-10-20T21:51:11+00:00\" \/>\n<meta property=\"article:modified_time\" content=\"2022-10-20T22:30:05+00:00\" \/>\n<meta property=\"og:image\" content=\"https:\/\/static.africa-press.net\/togo\/sites\/58\/2022\/10\/postQueueImg_29-6351cbd3f0904.jpg\" \/>\n\t<meta property=\"og:image:width\" content=\"720\" \/>\n\t<meta property=\"og:image:height\" content=\"535\" \/>\n\t<meta property=\"og:image:type\" content=\"image\/jpeg\" \/>\n<meta name=\"author\" content=\"cfeditorfr\" \/>\n<meta name=\"twitter:card\" content=\"summary_large_image\" \/>\n<meta name=\"twitter:label1\" content=\"\u00c9crit par\" \/>\n\t<meta name=\"twitter:data1\" content=\"cfeditorfr\" \/>\n\t<meta name=\"twitter:label2\" content=\"Dur\u00e9e de lecture estim\u00e9e\" \/>\n\t<meta name=\"twitter:data2\" content=\"1 minute\" \/>\n<script type=\"application\/ld+json\" class=\"yoast-schema-graph\">{\"@context\":\"https:\/\/schema.org\",\"@graph\":[{\"@type\":\"Article\",\"@id\":\"https:\/\/www.africa-press.net\/togo\/toutes-les-actualites\/togo-dernieres-minutes-deces-dun-ancien-ministre-de-lenvironnement#article\",\"isPartOf\":{\"@id\":\"https:\/\/www.africa-press.net\/togo\/toutes-les-actualites\/togo-dernieres-minutes-deces-dun-ancien-ministre-de-lenvironnement\"},\"author\":{\"name\":\"cfeditorfr\",\"@id\":\"https:\/\/www.africa-press.net\/togo\/#\/schema\/person\/2b1cf3cd81a31e3cd26889ca66d677f1\"},\"headline\":\"Togo\/Derni\u00e8res minutes\u00a0: d\u00e9c\u00e8s d\u2019un ancien ministre de l\u2019environnement\",\"datePublished\":\"2022-10-20T21:51:11+00:00\",\"dateModified\":\"2022-10-20T22:30:05+00:00\",\"mainEntityOfPage\":{\"@id\":\"https:\/\/www.africa-press.net\/togo\/toutes-les-actualites\/togo-dernieres-minutes-deces-dun-ancien-ministre-de-lenvironnement\"},\"wordCount\":166,\"commentCount\":0,\"image\":{\"@id\":\"https:\/\/www.africa-press.net\/togo\/toutes-les-actualites\/togo-dernieres-minutes-deces-dun-ancien-ministre-de-lenvironnement#primaryimage\"},\"thumbnailUrl\":\"https:\/\/static.africa-press.net\/togo\/sites\/58\/2022\/10\/postQueueImg_29-6351cbd3f0904.jpg\",\"keywords\":[\"Africa Press\",\"Africa Press-Togo\",\"N\u00e9crologie\",\"Togo\"],\"articleSection\":[\"Communaut\u00e9\",\"Top Nouvelles\",\"Toutes les actualit\u00e9s\"],\"inLanguage\":\"fr-FR\",\"potentialAction\":[{\"@type\":\"CommentAction\",\"name\":\"Comment\",\"target\":[\"https:\/\/www.africa-press.net\/togo\/toutes-les-actualites\/togo-dernieres-minutes-deces-dun-ancien-ministre-de-lenvironnement#respond\"]}]},{\"@type\":\"WebPage\",\"@id\":\"https:\/\/www.africa-press.net\/togo\/toutes-les-actualites\/togo-dernieres-minutes-deces-dun-ancien-ministre-de-lenvironnement\",\"url\":\"https:\/\/www.africa-press.net\/togo\/toutes-les-actualites\/togo-dernieres-minutes-deces-dun-ancien-ministre-de-lenvironnement\",\"name\":\"Togo\/Derni\u00e8res minutes\u00a0: d\u00e9c\u00e8s d\u2019un ancien ministre de l\u2019environnement - Togo\",\"isPartOf\":{\"@id\":\"https:\/\/www.africa-press.net\/togo\/#website\"},\"primaryImageOfPage\":{\"@id\":\"https:\/\/www.africa-press.net\/togo\/toutes-les-actualites\/togo-dernieres-minutes-deces-dun-ancien-ministre-de-lenvironnement#primaryimage\"},\"image\":{\"@id\":\"https:\/\/www.africa-press.net\/togo\/toutes-les-actualites\/togo-dernieres-minutes-deces-dun-ancien-ministre-de-lenvironnement#primaryimage\"},\"thumbnailUrl\":\"https:\/\/static.africa-press.net\/togo\/sites\/58\/2022\/10\/postQueueImg_29-6351cbd3f0904.jpg\",\"datePublished\":\"2022-10-20T21:51:11+00:00\",\"dateModified\":\"2022-10-20T22:30:05+00:00\",\"author\":{\"@id\":\"https:\/\/www.africa-press.net\/togo\/#\/schema\/person\/2b1cf3cd81a31e3cd26889ca66d677f1\"},\"description\":\"L\u2019ex Ministre de l\u2019Environnement, du De\u0301veloppement Durable et de la Protection de la Nature, David Wonou Oladokoun n\u2019es ...\",\"breadcrumb\":{\"@id\":\"https:\/\/www.africa-press.net\/togo\/toutes-les-actualites\/togo-dernieres-minutes-deces-dun-ancien-ministre-de-lenvironnement#breadcrumb\"},\"inLanguage\":\"fr-FR\",\"potentialAction\":[{\"@type\":\"ReadAction\",\"target\":[\"https:\/\/www.africa-press.net\/togo\/toutes-les-actualites\/togo-dernieres-minutes-deces-dun-ancien-ministre-de-lenvironnement\"]}]},{\"@type\":\"ImageObject\",\"inLanguage\":\"fr-FR\",\"@id\":\"https:\/\/www.africa-press.net\/togo\/toutes-les-actualites\/togo-dernieres-minutes-deces-dun-ancien-ministre-de-lenvironnement#primaryimage\",\"url\":\"https:\/\/static.africa-press.net\/togo\/sites\/58\/2022\/10\/postQueueImg_29-6351cbd3f0904.jpg\",\"contentUrl\":\"https:\/\/static.africa-press.net\/togo\/sites\/58\/2022\/10\/postQueueImg_29-6351cbd3f0904.jpg\",\"width\":720,\"height\":535,\"caption\":\"Togo\/Derni\u00e8res minutes\u00a0: d\u00e9c\u00e8s d\u2019un ancien ministre de l\u2019environnement\"},{\"@type\":\"BreadcrumbList\",\"@id\":\"https:\/\/www.africa-press.net\/togo\/toutes-les-actualites\/togo-dernieres-minutes-deces-dun-ancien-ministre-de-lenvironnement#breadcrumb\",\"itemListElement\":[{\"@type\":\"ListItem\",\"position\":1,\"name\":\"Accueil\",\"item\":\"https:\/\/www.africa-press.net\/togo\/\"},{\"@type\":\"ListItem\",\"position\":2,\"name\":\"Togo\/Derni\u00e8res minutes\u00a0: d\u00e9c\u00e8s d\u2019un ancien ministre de l\u2019environnement\"}]},{\"@type\":\"WebSite\",\"@id\":\"https:\/\/www.africa-press.net\/togo\/#website\",\"url\":\"https:\/\/www.africa-press.net\/togo\/\",\"name\":\"Togo\",\"description\":\"Just another Africa News Agency Sites site\",\"potentialAction\":[{\"@type\":\"SearchAction\",\"target\":{\"@type\":\"EntryPoint\",\"urlTemplate\":\"https:\/\/www.africa-press.net\/togo\/?s={search_term_string}\"},\"query-input\":{\"@type\":\"PropertyValueSpecification\",\"valueRequired\":true,\"valueName\":\"search_term_string\"}}],\"inLanguage\":\"fr-FR\"},{\"@type\":\"Person\",\"@id\":\"https:\/\/www.africa-press.net\/togo\/#\/schema\/person\/2b1cf3cd81a31e3cd26889ca66d677f1\",\"name\":\"cfeditorfr\"}]}<\/script>\n<!-- \/ Yoast SEO Premium plugin. -->","yoast_head_json":{"title":"Togo\/Derni\u00e8res minutes\u00a0: d\u00e9c\u00e8s d\u2019un ancien ministre de l\u2019environnement - Togo","description":"L\u2019ex Ministre de l\u2019Environnement, du De\u0301veloppement Durable et de la Protection de la Nature, David Wonou Oladokoun n\u2019es ...","robots":{"index":"index","follow":"follow","max-snippet":"max-snippet:-1","max-image-preview":"max-image-preview:large","max-video-preview":"max-video-preview:-1"},"canonical":"https:\/\/www.africa-press.net\/togo\/toutes-les-actualites\/togo-dernieres-minutes-deces-dun-ancien-ministre-de-lenvironnement","og_locale":"fr_FR","og_type":"article","og_title":"Togo\/Derni\u00e8res minutes\u00a0: d\u00e9c\u00e8s d\u2019un ancien ministre de l\u2019environnement","og_description":"L\u2019ex Ministre de l\u2019Environnement, du De\u0301veloppement Durable et de la Protection de la Nature, David Wonou Oladokoun n\u2019es ...","og_url":"https:\/\/www.africa-press.net\/togo\/toutes-les-actualites\/togo-dernieres-minutes-deces-dun-ancien-ministre-de-lenvironnement","og_site_name":"Togo","article_published_time":"2022-10-20T21:51:11+00:00","article_modified_time":"2022-10-20T22:30:05+00:00","og_image":[{"width":720,"height":535,"url":"https:\/\/static.africa-press.net\/togo\/sites\/58\/2022\/10\/postQueueImg_29-6351cbd3f0904.jpg","type":"image\/jpeg"}],"author":"cfeditorfr","twitter_card":"summary_large_image","twitter_misc":{"\u00c9crit par":"cfeditorfr","Dur\u00e9e de lecture estim\u00e9e":"1 minute"},"schema":{"@context":"https:\/\/schema.org","@graph":[{"@type":"Article","@id":"https:\/\/www.africa-press.net\/togo\/toutes-les-actualites\/togo-dernieres-minutes-deces-dun-ancien-ministre-de-lenvironnement#article","isPartOf":{"@id":"https:\/\/www.africa-press.net\/togo\/toutes-les-actualites\/togo-dernieres-minutes-deces-dun-ancien-ministre-de-lenvironnement"},"author":{"name":"cfeditorfr","@id":"https:\/\/www.africa-press.net\/togo\/#\/schema\/person\/2b1cf3cd81a31e3cd26889ca66d677f1"},"headline":"Togo\/Derni\u00e8res minutes\u00a0: d\u00e9c\u00e8s d\u2019un ancien ministre de l\u2019environnement","datePublished":"2022-10-20T21:51:11+00:00","dateModified":"2022-10-20T22:30:05+00:00","mainEntityOfPage":{"@id":"https:\/\/www.africa-press.net\/togo\/toutes-les-actualites\/togo-dernieres-minutes-deces-dun-ancien-ministre-de-lenvironnement"},"wordCount":166,"commentCount":0,"image":{"@id":"https:\/\/www.africa-press.net\/togo\/toutes-les-actualites\/togo-dernieres-minutes-deces-dun-ancien-ministre-de-lenvironnement#primaryimage"},"thumbnailUrl":"https:\/\/static.africa-press.net\/togo\/sites\/58\/2022\/10\/postQueueImg_29-6351cbd3f0904.jpg","keywords":["Africa Press","Africa Press-Togo","N\u00e9crologie","Togo"],"articleSection":["Communaut\u00e9","Top Nouvelles","Toutes les actualit\u00e9s"],"inLanguage":"fr-FR","potentialAction":[{"@type":"CommentAction","name":"Comment","target":["https:\/\/www.africa-press.net\/togo\/toutes-les-actualites\/togo-dernieres-minutes-deces-dun-ancien-ministre-de-lenvironnement#respond"]}]},{"@type":"WebPage","@id":"https:\/\/www.africa-press.net\/togo\/toutes-les-actualites\/togo-dernieres-minutes-deces-dun-ancien-ministre-de-lenvironnement","url":"https:\/\/www.africa-press.net\/togo\/toutes-les-actualites\/togo-dernieres-minutes-deces-dun-ancien-ministre-de-lenvironnement","name":"Togo\/Derni\u00e8res minutes\u00a0: d\u00e9c\u00e8s d\u2019un ancien ministre de l\u2019environnement - Togo","isPartOf":{"@id":"https:\/\/www.africa-press.net\/togo\/#website"},"primaryImageOfPage":{"@id":"https:\/\/www.africa-press.net\/togo\/toutes-les-actualites\/togo-dernieres-minutes-deces-dun-ancien-ministre-de-lenvironnement#primaryimage"},"image":{"@id":"https:\/\/www.africa-press.net\/togo\/toutes-les-actualites\/togo-dernieres-minutes-deces-dun-ancien-ministre-de-lenvironnement#primaryimage"},"thumbnailUrl":"https:\/\/static.africa-press.net\/togo\/sites\/58\/2022\/10\/postQueueImg_29-6351cbd3f0904.jpg","datePublished":"2022-10-20T21:51:11+00:00","dateModified":"2022-10-20T22:30:05+00:00","author":{"@id":"https:\/\/www.africa-press.net\/togo\/#\/schema\/person\/2b1cf3cd81a31e3cd26889ca66d677f1"},"description":"L\u2019ex Ministre de l\u2019Environnement, du De\u0301veloppement Durable et de la Protection de la Nature, David Wonou Oladokoun n\u2019es ...","breadcrumb":{"@id":"https:\/\/www.africa-press.net\/togo\/toutes-les-actualites\/togo-dernieres-minutes-deces-dun-ancien-ministre-de-lenvironnement#breadcrumb"},"inLanguage":"fr-FR","potentialAction":[{"@type":"ReadAction","target":["https:\/\/www.africa-press.net\/togo\/toutes-les-actualites\/togo-dernieres-minutes-deces-dun-ancien-ministre-de-lenvironnement"]}]},{"@type":"ImageObject","inLanguage":"fr-FR","@id":"https:\/\/www.africa-press.net\/togo\/toutes-les-actualites\/togo-dernieres-minutes-deces-dun-ancien-ministre-de-lenvironnement#primaryimage","url":"https:\/\/static.africa-press.net\/togo\/sites\/58\/2022\/10\/postQueueImg_29-6351cbd3f0904.jpg","contentUrl":"https:\/\/static.africa-press.net\/togo\/sites\/58\/2022\/10\/postQueueImg_29-6351cbd3f0904.jpg","width":720,"height":535,"caption":"Togo\/Derni\u00e8res minutes\u00a0: d\u00e9c\u00e8s d\u2019un ancien ministre de l\u2019environnement"},{"@type":"BreadcrumbList","@id":"https:\/\/www.africa-press.net\/togo\/toutes-les-actualites\/togo-dernieres-minutes-deces-dun-ancien-ministre-de-lenvironnement#breadcrumb","itemListElement":[{"@type":"ListItem","position":1,"name":"Accueil","item":"https:\/\/www.africa-press.net\/togo\/"},{"@type":"ListItem","position":2,"name":"Togo\/Derni\u00e8res minutes\u00a0: d\u00e9c\u00e8s d\u2019un ancien ministre de l\u2019environnement"}]},{"@type":"WebSite","@id":"https:\/\/www.africa-press.net\/togo\/#website","url":"https:\/\/www.africa-press.net\/togo\/","name":"Togo","description":"Just another Africa News Agency Sites site","potentialAction":[{"@type":"SearchAction","target":{"@type":"EntryPoint","urlTemplate":"https:\/\/www.africa-press.net\/togo\/?s={search_term_string}"},"query-input":{"@type":"PropertyValueSpecification","valueRequired":true,"valueName":"search_term_string"}}],"inLanguage":"fr-FR"},{"@type":"Person","@id":"https:\/\/www.africa-press.net\/togo\/#\/schema\/person\/2b1cf3cd81a31e3cd26889ca66d677f1","name":"cfeditorfr"}]}},"_links":{"self":[{"href":"https:\/\/www.africa-press.net\/togo\/wp-json\/wp\/v2\/posts\/12706","targetHints":{"allow":["GET"]}}],"collection":[{"href":"https:\/\/www.africa-press.net\/togo\/wp-json\/wp\/v2\/posts"}],"about":[{"href":"https:\/\/www.africa-press.net\/togo\/wp-json\/wp\/v2\/types\/post"}],"author":[{"embeddable":true,"href":"https:\/\/www.africa-press.net\/togo\/wp-json\/wp\/v2\/users\/82"}],"replies":[{"embeddable":true,"href":"https:\/\/www.africa-press.net\/togo\/wp-json\/wp\/v2\/comments?post=12706"}],"version-history":[{"count":0,"href":"https:\/\/www.africa-press.net\/togo\/wp-json\/wp\/v2\/posts\/12706\/revisions"}],"wp:featuredmedia":[{"embeddable":true,"href":"https:\/\/www.africa-press.net\/togo\/wp-json\/wp\/v2\/media\/12705"}],"wp:attachment":[{"href":"https:\/\/www.africa-press.net\/togo\/wp-json\/wp\/v2\/media?parent=12706"}],"wp:term":[{"taxonomy":"category","embeddable":true,"href":"https:\/\/www.africa-press.net\/togo\/wp-json\/wp\/v2\/categories?post=12706"},{"taxonomy":"post_tag","embeddable":true,"href":"https:\/\/www.africa-press.net\/togo\/wp-json\/wp\/v2\/tags?post=12706"}],"curies":[{"name":"wp","href":"https:\/\/api.w.org\/{rel}","templated":true}]}}