{"id":12712,"date":"2022-10-20T21:51:32","date_gmt":"2022-10-20T21:51:32","guid":{"rendered":"https:\/\/www.africa-press.net\/togo\/politique\/liberation-des-5-eleves-la-seet-reclame-des-sanctions-contre-le-juge"},"modified":"2022-10-20T22:31:08","modified_gmt":"2022-10-20T22:31:08","slug":"liberation-des-5-eleves-la-seet-reclame-des-sanctions-contre-le-juge","status":"publish","type":"post","link":"https:\/\/www.africa-press.net\/togo\/toutes-les-actualites\/liberation-des-5-eleves-la-seet-reclame-des-sanctions-contre-le-juge","title":{"rendered":"Lib\u00e9ration des 5 \u00e9l\u00e8ves\u00a0: la SEET r\u00e9clame des sanctions contre le juge"},"content":{"rendered":"<p><span style=\"color: #ff6600\"><strong>Africa-Press &#8211; Togo. <\/strong><\/span>C\u2019est au travers d\u2019une note que la Synergie des Ele\u0300ves et Etudiants du Togo (SEET) a re\u0301agi a\u0300 la libe\u0301ration des cinq (5) e\u0301le\u0300ves arre\u0302te\u0301s et emprisonne\u0301s depuis plus de 6 mois.<\/p>\n<p>Pour cette organisation, \u00ab garder des jeunes enfants en de\u0301tention et de surcroit une fille pour six mois et les libe\u0301rer sans condition confirme le caracte\u0300re inique et de\u0301pendant de la justice togolaise vis-a\u0300-vis de l\u2019exe\u0301cutif \u00bb.<\/p>\n<p>La SEET appelle \u00ab a\u0300 la re\u0301paration des pre\u0301judices cause\u0301s a\u0300 ces e\u0301le\u0300ves et invite le conseil supe\u0301rieur de la magistrature a\u0300 sanctionner le juge ayant garde\u0301 injustement les e\u0301le\u0300ves en de\u0301tention \u00bb.<\/p>\n<p>Tout en exprimant toute sa reconnaissance a\u0300 la LTDH, ASVITTO, Me KPANDE Adzare\u0301, Me Ce\u0301lestin AGBOGAN et tous ceux qui e\u0301taient implique\u0301s dans cette bataille pour la libe\u0301ration des 5 e\u0301le\u0300ves.<\/p>\n<p><strong>Pour plus d&rsquo;informations et d&rsquo;analyses sur la <a href=\"https:\/\/www.africa-press.net\/togo\">Togo<\/a>, suivez <a href=\"https:\/\/www.africa-press.net\/\">Africa-Press<\/a><\/strong><\/p>\n","protected":false},"excerpt":{"rendered":"<p>Africa-Press &#8211; Togo. C\u2019est au travers d\u2019une note que la Synergie des Ele\u0300ves et Etudiants du Togo (SEET) a re\u0301agi a\u0300 la libe\u0301ration des cinq (5) e\u0301le\u0300ves arre\u0302te\u0301s et emprisonne\u0301s depuis plus de 6 mois. Pour cette organisation, \u00ab garder des jeunes enfants en de\u0301tention et de surcroit une fille pour six mois et les [&hellip;]<\/p>\n","protected":false},"author":82,"featured_media":12711,"comment_status":"open","ping_status":"closed","sticky":false,"template":"","format":"standard","meta":{"footnotes":""},"categories":[21,10],"tags":[36,49,50],"class_list":["post-12712","post","type-post","status-publish","format-standard","has-post-thumbnail","hentry","category-communaute","category-toutes-les-actualites","tag-africa-press","tag-africa-press-togo","tag-togo"],"yoast_head":"<!-- This site is optimized with the Yoast SEO Premium plugin v26.1 (Yoast SEO v27.0) - https:\/\/yoast.com\/product\/yoast-seo-premium-wordpress\/ -->\n<title>Lib\u00e9ration des 5 \u00e9l\u00e8ves\u00a0: la SEET r\u00e9clame des sanctions contre le juge - Togo<\/title>\n<meta name=\"description\" content=\"C\u2019est au travers d\u2019une note que la Synergie des Ele\u0300ves et Etudiants du Togo (SEET) a re\u0301agi a\u0300 la libe\u0301ration des cinq ...\" \/>\n<meta name=\"robots\" content=\"index, follow, max-snippet:-1, max-image-preview:large, max-video-preview:-1\" \/>\n<link rel=\"canonical\" href=\"https:\/\/www.africa-press.net\/togo\/toutes-les-actualites\/liberation-des-5-eleves-la-seet-reclame-des-sanctions-contre-le-juge\" \/>\n<meta property=\"og:locale\" content=\"fr_FR\" \/>\n<meta property=\"og:type\" content=\"article\" \/>\n<meta property=\"og:title\" content=\"Lib\u00e9ration des 5 \u00e9l\u00e8ves\u00a0: la SEET r\u00e9clame des sanctions contre le juge\" \/>\n<meta property=\"og:description\" content=\"C\u2019est au travers d\u2019une note que la Synergie des Ele\u0300ves et Etudiants du Togo (SEET) a re\u0301agi a\u0300 la libe\u0301ration des cinq ...\" \/>\n<meta property=\"og:url\" content=\"https:\/\/www.africa-press.net\/togo\/toutes-les-actualites\/liberation-des-5-eleves-la-seet-reclame-des-sanctions-contre-le-juge\" \/>\n<meta property=\"og:site_name\" content=\"Togo\" \/>\n<meta property=\"article:published_time\" content=\"2022-10-20T21:51:32+00:00\" \/>\n<meta property=\"article:modified_time\" content=\"2022-10-20T22:31:08+00:00\" \/>\n<meta property=\"og:image\" content=\"https:\/\/static.africa-press.net\/togo\/sites\/58\/2022\/10\/postQueueImg_31.jpg\" \/>\n\t<meta property=\"og:image:width\" content=\"720\" \/>\n\t<meta property=\"og:image:height\" content=\"480\" \/>\n\t<meta property=\"og:image:type\" content=\"image\/jpeg\" \/>\n<meta name=\"author\" content=\"cfeditorfr\" \/>\n<meta name=\"twitter:card\" content=\"summary_large_image\" \/>\n<meta name=\"twitter:label1\" content=\"\u00c9crit par\" \/>\n\t<meta name=\"twitter:data1\" content=\"cfeditorfr\" \/>\n\t<meta name=\"twitter:label2\" content=\"Dur\u00e9e de lecture estim\u00e9e\" \/>\n\t<meta name=\"twitter:data2\" content=\"1 minute\" \/>\n<script type=\"application\/ld+json\" class=\"yoast-schema-graph\">{\"@context\":\"https:\/\/schema.org\",\"@graph\":[{\"@type\":\"Article\",\"@id\":\"https:\/\/www.africa-press.net\/togo\/toutes-les-actualites\/liberation-des-5-eleves-la-seet-reclame-des-sanctions-contre-le-juge#article\",\"isPartOf\":{\"@id\":\"https:\/\/www.africa-press.net\/togo\/toutes-les-actualites\/liberation-des-5-eleves-la-seet-reclame-des-sanctions-contre-le-juge\"},\"author\":{\"name\":\"cfeditorfr\",\"@id\":\"https:\/\/www.africa-press.net\/togo\/#\/schema\/person\/2b1cf3cd81a31e3cd26889ca66d677f1\"},\"headline\":\"Lib\u00e9ration des 5 \u00e9l\u00e8ves\u00a0: la SEET r\u00e9clame des sanctions contre le juge\",\"datePublished\":\"2022-10-20T21:51:32+00:00\",\"dateModified\":\"2022-10-20T22:31:08+00:00\",\"mainEntityOfPage\":{\"@id\":\"https:\/\/www.africa-press.net\/togo\/toutes-les-actualites\/liberation-des-5-eleves-la-seet-reclame-des-sanctions-contre-le-juge\"},\"wordCount\":187,\"commentCount\":0,\"image\":{\"@id\":\"https:\/\/www.africa-press.net\/togo\/toutes-les-actualites\/liberation-des-5-eleves-la-seet-reclame-des-sanctions-contre-le-juge#primaryimage\"},\"thumbnailUrl\":\"https:\/\/static.africa-press.net\/togo\/sites\/58\/2022\/10\/postQueueImg_31.jpg\",\"keywords\":[\"Africa Press\",\"Africa Press-Togo\",\"Togo\"],\"articleSection\":[\"Communaut\u00e9\",\"Toutes les actualit\u00e9s\"],\"inLanguage\":\"fr-FR\",\"potentialAction\":[{\"@type\":\"CommentAction\",\"name\":\"Comment\",\"target\":[\"https:\/\/www.africa-press.net\/togo\/toutes-les-actualites\/liberation-des-5-eleves-la-seet-reclame-des-sanctions-contre-le-juge#respond\"]}]},{\"@type\":\"WebPage\",\"@id\":\"https:\/\/www.africa-press.net\/togo\/toutes-les-actualites\/liberation-des-5-eleves-la-seet-reclame-des-sanctions-contre-le-juge\",\"url\":\"https:\/\/www.africa-press.net\/togo\/toutes-les-actualites\/liberation-des-5-eleves-la-seet-reclame-des-sanctions-contre-le-juge\",\"name\":\"Lib\u00e9ration des 5 \u00e9l\u00e8ves\u00a0: la SEET r\u00e9clame des sanctions contre le juge - Togo\",\"isPartOf\":{\"@id\":\"https:\/\/www.africa-press.net\/togo\/#website\"},\"primaryImageOfPage\":{\"@id\":\"https:\/\/www.africa-press.net\/togo\/toutes-les-actualites\/liberation-des-5-eleves-la-seet-reclame-des-sanctions-contre-le-juge#primaryimage\"},\"image\":{\"@id\":\"https:\/\/www.africa-press.net\/togo\/toutes-les-actualites\/liberation-des-5-eleves-la-seet-reclame-des-sanctions-contre-le-juge#primaryimage\"},\"thumbnailUrl\":\"https:\/\/static.africa-press.net\/togo\/sites\/58\/2022\/10\/postQueueImg_31.jpg\",\"datePublished\":\"2022-10-20T21:51:32+00:00\",\"dateModified\":\"2022-10-20T22:31:08+00:00\",\"author\":{\"@id\":\"https:\/\/www.africa-press.net\/togo\/#\/schema\/person\/2b1cf3cd81a31e3cd26889ca66d677f1\"},\"description\":\"C\u2019est au travers d\u2019une note que la Synergie des Ele\u0300ves et Etudiants du Togo (SEET) a re\u0301agi a\u0300 la libe\u0301ration des cinq ...\",\"breadcrumb\":{\"@id\":\"https:\/\/www.africa-press.net\/togo\/toutes-les-actualites\/liberation-des-5-eleves-la-seet-reclame-des-sanctions-contre-le-juge#breadcrumb\"},\"inLanguage\":\"fr-FR\",\"potentialAction\":[{\"@type\":\"ReadAction\",\"target\":[\"https:\/\/www.africa-press.net\/togo\/toutes-les-actualites\/liberation-des-5-eleves-la-seet-reclame-des-sanctions-contre-le-juge\"]}]},{\"@type\":\"ImageObject\",\"inLanguage\":\"fr-FR\",\"@id\":\"https:\/\/www.africa-press.net\/togo\/toutes-les-actualites\/liberation-des-5-eleves-la-seet-reclame-des-sanctions-contre-le-juge#primaryimage\",\"url\":\"https:\/\/static.africa-press.net\/togo\/sites\/58\/2022\/10\/postQueueImg_31.jpg\",\"contentUrl\":\"https:\/\/static.africa-press.net\/togo\/sites\/58\/2022\/10\/postQueueImg_31.jpg\",\"width\":720,\"height\":480,\"caption\":\"Lib\u00e9ration des 5 \u00e9l\u00e8ves\u00a0: la SEET r\u00e9clame des sanctions contre le juge\"},{\"@type\":\"BreadcrumbList\",\"@id\":\"https:\/\/www.africa-press.net\/togo\/toutes-les-actualites\/liberation-des-5-eleves-la-seet-reclame-des-sanctions-contre-le-juge#breadcrumb\",\"itemListElement\":[{\"@type\":\"ListItem\",\"position\":1,\"name\":\"Accueil\",\"item\":\"https:\/\/www.africa-press.net\/togo\/\"},{\"@type\":\"ListItem\",\"position\":2,\"name\":\"Lib\u00e9ration des 5 \u00e9l\u00e8ves\u00a0: la SEET r\u00e9clame des sanctions contre le juge\"}]},{\"@type\":\"WebSite\",\"@id\":\"https:\/\/www.africa-press.net\/togo\/#website\",\"url\":\"https:\/\/www.africa-press.net\/togo\/\",\"name\":\"Togo\",\"description\":\"Just another Africa News Agency Sites site\",\"potentialAction\":[{\"@type\":\"SearchAction\",\"target\":{\"@type\":\"EntryPoint\",\"urlTemplate\":\"https:\/\/www.africa-press.net\/togo\/?s={search_term_string}\"},\"query-input\":{\"@type\":\"PropertyValueSpecification\",\"valueRequired\":true,\"valueName\":\"search_term_string\"}}],\"inLanguage\":\"fr-FR\"},{\"@type\":\"Person\",\"@id\":\"https:\/\/www.africa-press.net\/togo\/#\/schema\/person\/2b1cf3cd81a31e3cd26889ca66d677f1\",\"name\":\"cfeditorfr\"}]}<\/script>\n<!-- \/ Yoast SEO Premium plugin. -->","yoast_head_json":{"title":"Lib\u00e9ration des 5 \u00e9l\u00e8ves\u00a0: la SEET r\u00e9clame des sanctions contre le juge - Togo","description":"C\u2019est au travers d\u2019une note que la Synergie des Ele\u0300ves et Etudiants du Togo (SEET) a re\u0301agi a\u0300 la libe\u0301ration des cinq ...","robots":{"index":"index","follow":"follow","max-snippet":"max-snippet:-1","max-image-preview":"max-image-preview:large","max-video-preview":"max-video-preview:-1"},"canonical":"https:\/\/www.africa-press.net\/togo\/toutes-les-actualites\/liberation-des-5-eleves-la-seet-reclame-des-sanctions-contre-le-juge","og_locale":"fr_FR","og_type":"article","og_title":"Lib\u00e9ration des 5 \u00e9l\u00e8ves\u00a0: la SEET r\u00e9clame des sanctions contre le juge","og_description":"C\u2019est au travers d\u2019une note que la Synergie des Ele\u0300ves et Etudiants du Togo (SEET) a re\u0301agi a\u0300 la libe\u0301ration des cinq ...","og_url":"https:\/\/www.africa-press.net\/togo\/toutes-les-actualites\/liberation-des-5-eleves-la-seet-reclame-des-sanctions-contre-le-juge","og_site_name":"Togo","article_published_time":"2022-10-20T21:51:32+00:00","article_modified_time":"2022-10-20T22:31:08+00:00","og_image":[{"width":720,"height":480,"url":"https:\/\/static.africa-press.net\/togo\/sites\/58\/2022\/10\/postQueueImg_31.jpg","type":"image\/jpeg"}],"author":"cfeditorfr","twitter_card":"summary_large_image","twitter_misc":{"\u00c9crit par":"cfeditorfr","Dur\u00e9e de lecture estim\u00e9e":"1 minute"},"schema":{"@context":"https:\/\/schema.org","@graph":[{"@type":"Article","@id":"https:\/\/www.africa-press.net\/togo\/toutes-les-actualites\/liberation-des-5-eleves-la-seet-reclame-des-sanctions-contre-le-juge#article","isPartOf":{"@id":"https:\/\/www.africa-press.net\/togo\/toutes-les-actualites\/liberation-des-5-eleves-la-seet-reclame-des-sanctions-contre-le-juge"},"author":{"name":"cfeditorfr","@id":"https:\/\/www.africa-press.net\/togo\/#\/schema\/person\/2b1cf3cd81a31e3cd26889ca66d677f1"},"headline":"Lib\u00e9ration des 5 \u00e9l\u00e8ves\u00a0: la SEET r\u00e9clame des sanctions contre le juge","datePublished":"2022-10-20T21:51:32+00:00","dateModified":"2022-10-20T22:31:08+00:00","mainEntityOfPage":{"@id":"https:\/\/www.africa-press.net\/togo\/toutes-les-actualites\/liberation-des-5-eleves-la-seet-reclame-des-sanctions-contre-le-juge"},"wordCount":187,"commentCount":0,"image":{"@id":"https:\/\/www.africa-press.net\/togo\/toutes-les-actualites\/liberation-des-5-eleves-la-seet-reclame-des-sanctions-contre-le-juge#primaryimage"},"thumbnailUrl":"https:\/\/static.africa-press.net\/togo\/sites\/58\/2022\/10\/postQueueImg_31.jpg","keywords":["Africa Press","Africa Press-Togo","Togo"],"articleSection":["Communaut\u00e9","Toutes les actualit\u00e9s"],"inLanguage":"fr-FR","potentialAction":[{"@type":"CommentAction","name":"Comment","target":["https:\/\/www.africa-press.net\/togo\/toutes-les-actualites\/liberation-des-5-eleves-la-seet-reclame-des-sanctions-contre-le-juge#respond"]}]},{"@type":"WebPage","@id":"https:\/\/www.africa-press.net\/togo\/toutes-les-actualites\/liberation-des-5-eleves-la-seet-reclame-des-sanctions-contre-le-juge","url":"https:\/\/www.africa-press.net\/togo\/toutes-les-actualites\/liberation-des-5-eleves-la-seet-reclame-des-sanctions-contre-le-juge","name":"Lib\u00e9ration des 5 \u00e9l\u00e8ves\u00a0: la SEET r\u00e9clame des sanctions contre le juge - Togo","isPartOf":{"@id":"https:\/\/www.africa-press.net\/togo\/#website"},"primaryImageOfPage":{"@id":"https:\/\/www.africa-press.net\/togo\/toutes-les-actualites\/liberation-des-5-eleves-la-seet-reclame-des-sanctions-contre-le-juge#primaryimage"},"image":{"@id":"https:\/\/www.africa-press.net\/togo\/toutes-les-actualites\/liberation-des-5-eleves-la-seet-reclame-des-sanctions-contre-le-juge#primaryimage"},"thumbnailUrl":"https:\/\/static.africa-press.net\/togo\/sites\/58\/2022\/10\/postQueueImg_31.jpg","datePublished":"2022-10-20T21:51:32+00:00","dateModified":"2022-10-20T22:31:08+00:00","author":{"@id":"https:\/\/www.africa-press.net\/togo\/#\/schema\/person\/2b1cf3cd81a31e3cd26889ca66d677f1"},"description":"C\u2019est au travers d\u2019une note que la Synergie des Ele\u0300ves et Etudiants du Togo (SEET) a re\u0301agi a\u0300 la libe\u0301ration des cinq ...","breadcrumb":{"@id":"https:\/\/www.africa-press.net\/togo\/toutes-les-actualites\/liberation-des-5-eleves-la-seet-reclame-des-sanctions-contre-le-juge#breadcrumb"},"inLanguage":"fr-FR","potentialAction":[{"@type":"ReadAction","target":["https:\/\/www.africa-press.net\/togo\/toutes-les-actualites\/liberation-des-5-eleves-la-seet-reclame-des-sanctions-contre-le-juge"]}]},{"@type":"ImageObject","inLanguage":"fr-FR","@id":"https:\/\/www.africa-press.net\/togo\/toutes-les-actualites\/liberation-des-5-eleves-la-seet-reclame-des-sanctions-contre-le-juge#primaryimage","url":"https:\/\/static.africa-press.net\/togo\/sites\/58\/2022\/10\/postQueueImg_31.jpg","contentUrl":"https:\/\/static.africa-press.net\/togo\/sites\/58\/2022\/10\/postQueueImg_31.jpg","width":720,"height":480,"caption":"Lib\u00e9ration des 5 \u00e9l\u00e8ves\u00a0: la SEET r\u00e9clame des sanctions contre le juge"},{"@type":"BreadcrumbList","@id":"https:\/\/www.africa-press.net\/togo\/toutes-les-actualites\/liberation-des-5-eleves-la-seet-reclame-des-sanctions-contre-le-juge#breadcrumb","itemListElement":[{"@type":"ListItem","position":1,"name":"Accueil","item":"https:\/\/www.africa-press.net\/togo\/"},{"@type":"ListItem","position":2,"name":"Lib\u00e9ration des 5 \u00e9l\u00e8ves\u00a0: la SEET r\u00e9clame des sanctions contre le juge"}]},{"@type":"WebSite","@id":"https:\/\/www.africa-press.net\/togo\/#website","url":"https:\/\/www.africa-press.net\/togo\/","name":"Togo","description":"Just another Africa News Agency Sites site","potentialAction":[{"@type":"SearchAction","target":{"@type":"EntryPoint","urlTemplate":"https:\/\/www.africa-press.net\/togo\/?s={search_term_string}"},"query-input":{"@type":"PropertyValueSpecification","valueRequired":true,"valueName":"search_term_string"}}],"inLanguage":"fr-FR"},{"@type":"Person","@id":"https:\/\/www.africa-press.net\/togo\/#\/schema\/person\/2b1cf3cd81a31e3cd26889ca66d677f1","name":"cfeditorfr"}]}},"_links":{"self":[{"href":"https:\/\/www.africa-press.net\/togo\/wp-json\/wp\/v2\/posts\/12712","targetHints":{"allow":["GET"]}}],"collection":[{"href":"https:\/\/www.africa-press.net\/togo\/wp-json\/wp\/v2\/posts"}],"about":[{"href":"https:\/\/www.africa-press.net\/togo\/wp-json\/wp\/v2\/types\/post"}],"author":[{"embeddable":true,"href":"https:\/\/www.africa-press.net\/togo\/wp-json\/wp\/v2\/users\/82"}],"replies":[{"embeddable":true,"href":"https:\/\/www.africa-press.net\/togo\/wp-json\/wp\/v2\/comments?post=12712"}],"version-history":[{"count":0,"href":"https:\/\/www.africa-press.net\/togo\/wp-json\/wp\/v2\/posts\/12712\/revisions"}],"wp:featuredmedia":[{"embeddable":true,"href":"https:\/\/www.africa-press.net\/togo\/wp-json\/wp\/v2\/media\/12711"}],"wp:attachment":[{"href":"https:\/\/www.africa-press.net\/togo\/wp-json\/wp\/v2\/media?parent=12712"}],"wp:term":[{"taxonomy":"category","embeddable":true,"href":"https:\/\/www.africa-press.net\/togo\/wp-json\/wp\/v2\/categories?post=12712"},{"taxonomy":"post_tag","embeddable":true,"href":"https:\/\/www.africa-press.net\/togo\/wp-json\/wp\/v2\/tags?post=12712"}],"curies":[{"name":"wp","href":"https:\/\/api.w.org\/{rel}","templated":true}]}}