{"id":12729,"date":"2022-10-21T19:42:52","date_gmt":"2022-10-21T19:42:52","guid":{"rendered":"https:\/\/www.africa-press.net\/togo\/politique\/le-drapeau-du-togo-hisse-ce-jeudi-au-commonwealth"},"modified":"2022-10-21T19:48:46","modified_gmt":"2022-10-21T19:48:46","slug":"le-drapeau-du-togo-hisse-ce-jeudi-au-commonwealth","status":"publish","type":"post","link":"https:\/\/www.africa-press.net\/togo\/politique\/le-drapeau-du-togo-hisse-ce-jeudi-au-commonwealth","title":{"rendered":"Le drapeau du Togo hiss\u00e9 ce jeudi au Commonwealth"},"content":{"rendered":"<p><span style=\"color: #ff6600\"><strong>Africa-Press &#8211; Togo. <\/strong><\/span><b>Comme nous l\u2019avions annonce\u0301, le drapeau du Togo a e\u0301te\u0301 hisse\u0301 ce jeudi 20 octobre 2022 aux co\u0302te\u0301s de ceux des autres membres du Commonwealth Nations au Marlborough House, sie\u0300ge de l\u2019institution a\u0300 Londres.<\/b><\/p>\n<p>\u00ab Au nom du peuple togolais et en mon nom personnel, je remercie la grande famille du Commonwealth pour l\u2019accueil chaleureux re\u0301serve\u0301 a\u0300 notre pays \u00bb, a de\u0301clare\u0301 le Chef de l\u2019E\u0301tat togolais, Faure Essozimna Gnassingbe\u0301 a\u0300 l\u2019issue de l\u2019e\u0301ve\u0301nement traditionnel.<\/p>\n<p>Cette leve\u0301e du drapeau togolais marque ainsi son entre\u0301e officielle dans l\u2019organisation qui compte de\u0301sormais 56 E\u0301tats.<\/p>\n<p>Le pays a adhe\u0301re\u0301 le Commonwealth le 25 juin dernier avec le Gabon qui a e\u0301galement eu son drapeau hisse\u0301 le lundi dernier.<\/p>\n<p><strong>Pour plus d&rsquo;informations et d&rsquo;analyses sur la <a href=\"https:\/\/www.africa-press.net\/togo\">Togo<\/a>, suivez <a href=\"https:\/\/www.africa-press.net\/\">Africa-Press<\/a><\/strong><\/p>\n","protected":false},"excerpt":{"rendered":"<p>Africa-Press &#8211; Togo. Comme nous l\u2019avions annonce\u0301, le drapeau du Togo a e\u0301te\u0301 hisse\u0301 ce jeudi 20 octobre 2022 aux co\u0302te\u0301s de ceux des autres membres du Commonwealth Nations au Marlborough House, sie\u0300ge de l\u2019institution a\u0300 Londres. \u00ab Au nom du peuple togolais et en mon nom personnel, je remercie la grande famille du Commonwealth [&hellip;]<\/p>\n","protected":false},"author":82,"featured_media":12728,"comment_status":"open","ping_status":"closed","sticky":false,"template":"","format":"standard","meta":{"footnotes":""},"categories":[2,10],"tags":[36,49,50],"class_list":["post-12729","post","type-post","status-publish","format-standard","has-post-thumbnail","hentry","category-politique","category-toutes-les-actualites","tag-africa-press","tag-africa-press-togo","tag-togo"],"yoast_head":"<!-- This site is optimized with the Yoast SEO Premium plugin v26.1 (Yoast SEO v27.0) - https:\/\/yoast.com\/product\/yoast-seo-premium-wordpress\/ -->\n<title>Le drapeau du Togo hiss\u00e9 ce jeudi au Commonwealth - Togo<\/title>\n<meta name=\"description\" content=\"Comme nous l\u2019avions annonce\u0301, le drapeau du Togo a e\u0301te\u0301 hisse\u0301 ce jeudi 20 octobre 2022 aux co\u0302te\u0301s de ceux des autr ...\" \/>\n<meta name=\"robots\" content=\"index, follow, max-snippet:-1, max-image-preview:large, max-video-preview:-1\" \/>\n<link rel=\"canonical\" href=\"https:\/\/www.africa-press.net\/togo\/politique\/le-drapeau-du-togo-hisse-ce-jeudi-au-commonwealth\" \/>\n<meta property=\"og:locale\" content=\"fr_FR\" \/>\n<meta property=\"og:type\" content=\"article\" \/>\n<meta property=\"og:title\" content=\"Le drapeau du Togo hiss\u00e9 ce jeudi au Commonwealth\" \/>\n<meta property=\"og:description\" content=\"Comme nous l\u2019avions annonce\u0301, le drapeau du Togo a e\u0301te\u0301 hisse\u0301 ce jeudi 20 octobre 2022 aux co\u0302te\u0301s de ceux des autr ...\" \/>\n<meta property=\"og:url\" content=\"https:\/\/www.africa-press.net\/togo\/politique\/le-drapeau-du-togo-hisse-ce-jeudi-au-commonwealth\" \/>\n<meta property=\"og:site_name\" content=\"Togo\" \/>\n<meta property=\"article:published_time\" content=\"2022-10-21T19:42:52+00:00\" \/>\n<meta property=\"article:modified_time\" content=\"2022-10-21T19:48:46+00:00\" \/>\n<meta property=\"og:image\" content=\"https:\/\/static.africa-press.net\/togo\/sites\/58\/2022\/10\/postQueueImg_1-6352f76b06cca.jpg\" \/>\n\t<meta property=\"og:image:width\" content=\"1024\" \/>\n\t<meta property=\"og:image:height\" content=\"683\" \/>\n\t<meta property=\"og:image:type\" content=\"image\/jpeg\" \/>\n<meta name=\"author\" content=\"cfeditorfr\" \/>\n<meta name=\"twitter:card\" content=\"summary_large_image\" \/>\n<meta name=\"twitter:label1\" content=\"\u00c9crit par\" \/>\n\t<meta name=\"twitter:data1\" content=\"cfeditorfr\" \/>\n\t<meta name=\"twitter:label2\" content=\"Dur\u00e9e de lecture estim\u00e9e\" \/>\n\t<meta name=\"twitter:data2\" content=\"1 minute\" \/>\n<script type=\"application\/ld+json\" class=\"yoast-schema-graph\">{\"@context\":\"https:\/\/schema.org\",\"@graph\":[{\"@type\":\"Article\",\"@id\":\"https:\/\/www.africa-press.net\/togo\/politique\/le-drapeau-du-togo-hisse-ce-jeudi-au-commonwealth#article\",\"isPartOf\":{\"@id\":\"https:\/\/www.africa-press.net\/togo\/politique\/le-drapeau-du-togo-hisse-ce-jeudi-au-commonwealth\"},\"author\":{\"name\":\"cfeditorfr\",\"@id\":\"https:\/\/www.africa-press.net\/togo\/#\/schema\/person\/2b1cf3cd81a31e3cd26889ca66d677f1\"},\"headline\":\"Le drapeau du Togo hiss\u00e9 ce jeudi au Commonwealth\",\"datePublished\":\"2022-10-21T19:42:52+00:00\",\"dateModified\":\"2022-10-21T19:48:46+00:00\",\"mainEntityOfPage\":{\"@id\":\"https:\/\/www.africa-press.net\/togo\/politique\/le-drapeau-du-togo-hisse-ce-jeudi-au-commonwealth\"},\"wordCount\":155,\"commentCount\":0,\"image\":{\"@id\":\"https:\/\/www.africa-press.net\/togo\/politique\/le-drapeau-du-togo-hisse-ce-jeudi-au-commonwealth#primaryimage\"},\"thumbnailUrl\":\"https:\/\/static.africa-press.net\/togo\/sites\/58\/2022\/10\/postQueueImg_1-6352f76b06cca.jpg\",\"keywords\":[\"Africa Press\",\"Africa Press-Togo\",\"Togo\"],\"articleSection\":[\"Politique\",\"Toutes les actualit\u00e9s\"],\"inLanguage\":\"fr-FR\",\"potentialAction\":[{\"@type\":\"CommentAction\",\"name\":\"Comment\",\"target\":[\"https:\/\/www.africa-press.net\/togo\/politique\/le-drapeau-du-togo-hisse-ce-jeudi-au-commonwealth#respond\"]}]},{\"@type\":\"WebPage\",\"@id\":\"https:\/\/www.africa-press.net\/togo\/politique\/le-drapeau-du-togo-hisse-ce-jeudi-au-commonwealth\",\"url\":\"https:\/\/www.africa-press.net\/togo\/politique\/le-drapeau-du-togo-hisse-ce-jeudi-au-commonwealth\",\"name\":\"Le drapeau du Togo hiss\u00e9 ce jeudi au Commonwealth - Togo\",\"isPartOf\":{\"@id\":\"https:\/\/www.africa-press.net\/togo\/#website\"},\"primaryImageOfPage\":{\"@id\":\"https:\/\/www.africa-press.net\/togo\/politique\/le-drapeau-du-togo-hisse-ce-jeudi-au-commonwealth#primaryimage\"},\"image\":{\"@id\":\"https:\/\/www.africa-press.net\/togo\/politique\/le-drapeau-du-togo-hisse-ce-jeudi-au-commonwealth#primaryimage\"},\"thumbnailUrl\":\"https:\/\/static.africa-press.net\/togo\/sites\/58\/2022\/10\/postQueueImg_1-6352f76b06cca.jpg\",\"datePublished\":\"2022-10-21T19:42:52+00:00\",\"dateModified\":\"2022-10-21T19:48:46+00:00\",\"author\":{\"@id\":\"https:\/\/www.africa-press.net\/togo\/#\/schema\/person\/2b1cf3cd81a31e3cd26889ca66d677f1\"},\"description\":\"Comme nous l\u2019avions annonce\u0301, le drapeau du Togo a e\u0301te\u0301 hisse\u0301 ce jeudi 20 octobre 2022 aux co\u0302te\u0301s de ceux des autr ...\",\"breadcrumb\":{\"@id\":\"https:\/\/www.africa-press.net\/togo\/politique\/le-drapeau-du-togo-hisse-ce-jeudi-au-commonwealth#breadcrumb\"},\"inLanguage\":\"fr-FR\",\"potentialAction\":[{\"@type\":\"ReadAction\",\"target\":[\"https:\/\/www.africa-press.net\/togo\/politique\/le-drapeau-du-togo-hisse-ce-jeudi-au-commonwealth\"]}]},{\"@type\":\"ImageObject\",\"inLanguage\":\"fr-FR\",\"@id\":\"https:\/\/www.africa-press.net\/togo\/politique\/le-drapeau-du-togo-hisse-ce-jeudi-au-commonwealth#primaryimage\",\"url\":\"https:\/\/static.africa-press.net\/togo\/sites\/58\/2022\/10\/postQueueImg_1-6352f76b06cca.jpg\",\"contentUrl\":\"https:\/\/static.africa-press.net\/togo\/sites\/58\/2022\/10\/postQueueImg_1-6352f76b06cca.jpg\",\"width\":1024,\"height\":683,\"caption\":\"Le drapeau du Togo hiss\u00e9 ce jeudi au Commonwealth\"},{\"@type\":\"BreadcrumbList\",\"@id\":\"https:\/\/www.africa-press.net\/togo\/politique\/le-drapeau-du-togo-hisse-ce-jeudi-au-commonwealth#breadcrumb\",\"itemListElement\":[{\"@type\":\"ListItem\",\"position\":1,\"name\":\"Accueil\",\"item\":\"https:\/\/www.africa-press.net\/togo\/\"},{\"@type\":\"ListItem\",\"position\":2,\"name\":\"Le drapeau du Togo hiss\u00e9 ce jeudi au Commonwealth\"}]},{\"@type\":\"WebSite\",\"@id\":\"https:\/\/www.africa-press.net\/togo\/#website\",\"url\":\"https:\/\/www.africa-press.net\/togo\/\",\"name\":\"Togo\",\"description\":\"Just another Africa News Agency Sites site\",\"potentialAction\":[{\"@type\":\"SearchAction\",\"target\":{\"@type\":\"EntryPoint\",\"urlTemplate\":\"https:\/\/www.africa-press.net\/togo\/?s={search_term_string}\"},\"query-input\":{\"@type\":\"PropertyValueSpecification\",\"valueRequired\":true,\"valueName\":\"search_term_string\"}}],\"inLanguage\":\"fr-FR\"},{\"@type\":\"Person\",\"@id\":\"https:\/\/www.africa-press.net\/togo\/#\/schema\/person\/2b1cf3cd81a31e3cd26889ca66d677f1\",\"name\":\"cfeditorfr\"}]}<\/script>\n<!-- \/ Yoast SEO Premium plugin. -->","yoast_head_json":{"title":"Le drapeau du Togo hiss\u00e9 ce jeudi au Commonwealth - Togo","description":"Comme nous l\u2019avions annonce\u0301, le drapeau du Togo a e\u0301te\u0301 hisse\u0301 ce jeudi 20 octobre 2022 aux co\u0302te\u0301s de ceux des autr ...","robots":{"index":"index","follow":"follow","max-snippet":"max-snippet:-1","max-image-preview":"max-image-preview:large","max-video-preview":"max-video-preview:-1"},"canonical":"https:\/\/www.africa-press.net\/togo\/politique\/le-drapeau-du-togo-hisse-ce-jeudi-au-commonwealth","og_locale":"fr_FR","og_type":"article","og_title":"Le drapeau du Togo hiss\u00e9 ce jeudi au Commonwealth","og_description":"Comme nous l\u2019avions annonce\u0301, le drapeau du Togo a e\u0301te\u0301 hisse\u0301 ce jeudi 20 octobre 2022 aux co\u0302te\u0301s de ceux des autr ...","og_url":"https:\/\/www.africa-press.net\/togo\/politique\/le-drapeau-du-togo-hisse-ce-jeudi-au-commonwealth","og_site_name":"Togo","article_published_time":"2022-10-21T19:42:52+00:00","article_modified_time":"2022-10-21T19:48:46+00:00","og_image":[{"width":1024,"height":683,"url":"https:\/\/static.africa-press.net\/togo\/sites\/58\/2022\/10\/postQueueImg_1-6352f76b06cca.jpg","type":"image\/jpeg"}],"author":"cfeditorfr","twitter_card":"summary_large_image","twitter_misc":{"\u00c9crit par":"cfeditorfr","Dur\u00e9e de lecture estim\u00e9e":"1 minute"},"schema":{"@context":"https:\/\/schema.org","@graph":[{"@type":"Article","@id":"https:\/\/www.africa-press.net\/togo\/politique\/le-drapeau-du-togo-hisse-ce-jeudi-au-commonwealth#article","isPartOf":{"@id":"https:\/\/www.africa-press.net\/togo\/politique\/le-drapeau-du-togo-hisse-ce-jeudi-au-commonwealth"},"author":{"name":"cfeditorfr","@id":"https:\/\/www.africa-press.net\/togo\/#\/schema\/person\/2b1cf3cd81a31e3cd26889ca66d677f1"},"headline":"Le drapeau du Togo hiss\u00e9 ce jeudi au Commonwealth","datePublished":"2022-10-21T19:42:52+00:00","dateModified":"2022-10-21T19:48:46+00:00","mainEntityOfPage":{"@id":"https:\/\/www.africa-press.net\/togo\/politique\/le-drapeau-du-togo-hisse-ce-jeudi-au-commonwealth"},"wordCount":155,"commentCount":0,"image":{"@id":"https:\/\/www.africa-press.net\/togo\/politique\/le-drapeau-du-togo-hisse-ce-jeudi-au-commonwealth#primaryimage"},"thumbnailUrl":"https:\/\/static.africa-press.net\/togo\/sites\/58\/2022\/10\/postQueueImg_1-6352f76b06cca.jpg","keywords":["Africa Press","Africa Press-Togo","Togo"],"articleSection":["Politique","Toutes les actualit\u00e9s"],"inLanguage":"fr-FR","potentialAction":[{"@type":"CommentAction","name":"Comment","target":["https:\/\/www.africa-press.net\/togo\/politique\/le-drapeau-du-togo-hisse-ce-jeudi-au-commonwealth#respond"]}]},{"@type":"WebPage","@id":"https:\/\/www.africa-press.net\/togo\/politique\/le-drapeau-du-togo-hisse-ce-jeudi-au-commonwealth","url":"https:\/\/www.africa-press.net\/togo\/politique\/le-drapeau-du-togo-hisse-ce-jeudi-au-commonwealth","name":"Le drapeau du Togo hiss\u00e9 ce jeudi au Commonwealth - Togo","isPartOf":{"@id":"https:\/\/www.africa-press.net\/togo\/#website"},"primaryImageOfPage":{"@id":"https:\/\/www.africa-press.net\/togo\/politique\/le-drapeau-du-togo-hisse-ce-jeudi-au-commonwealth#primaryimage"},"image":{"@id":"https:\/\/www.africa-press.net\/togo\/politique\/le-drapeau-du-togo-hisse-ce-jeudi-au-commonwealth#primaryimage"},"thumbnailUrl":"https:\/\/static.africa-press.net\/togo\/sites\/58\/2022\/10\/postQueueImg_1-6352f76b06cca.jpg","datePublished":"2022-10-21T19:42:52+00:00","dateModified":"2022-10-21T19:48:46+00:00","author":{"@id":"https:\/\/www.africa-press.net\/togo\/#\/schema\/person\/2b1cf3cd81a31e3cd26889ca66d677f1"},"description":"Comme nous l\u2019avions annonce\u0301, le drapeau du Togo a e\u0301te\u0301 hisse\u0301 ce jeudi 20 octobre 2022 aux co\u0302te\u0301s de ceux des autr ...","breadcrumb":{"@id":"https:\/\/www.africa-press.net\/togo\/politique\/le-drapeau-du-togo-hisse-ce-jeudi-au-commonwealth#breadcrumb"},"inLanguage":"fr-FR","potentialAction":[{"@type":"ReadAction","target":["https:\/\/www.africa-press.net\/togo\/politique\/le-drapeau-du-togo-hisse-ce-jeudi-au-commonwealth"]}]},{"@type":"ImageObject","inLanguage":"fr-FR","@id":"https:\/\/www.africa-press.net\/togo\/politique\/le-drapeau-du-togo-hisse-ce-jeudi-au-commonwealth#primaryimage","url":"https:\/\/static.africa-press.net\/togo\/sites\/58\/2022\/10\/postQueueImg_1-6352f76b06cca.jpg","contentUrl":"https:\/\/static.africa-press.net\/togo\/sites\/58\/2022\/10\/postQueueImg_1-6352f76b06cca.jpg","width":1024,"height":683,"caption":"Le drapeau du Togo hiss\u00e9 ce jeudi au Commonwealth"},{"@type":"BreadcrumbList","@id":"https:\/\/www.africa-press.net\/togo\/politique\/le-drapeau-du-togo-hisse-ce-jeudi-au-commonwealth#breadcrumb","itemListElement":[{"@type":"ListItem","position":1,"name":"Accueil","item":"https:\/\/www.africa-press.net\/togo\/"},{"@type":"ListItem","position":2,"name":"Le drapeau du Togo hiss\u00e9 ce jeudi au Commonwealth"}]},{"@type":"WebSite","@id":"https:\/\/www.africa-press.net\/togo\/#website","url":"https:\/\/www.africa-press.net\/togo\/","name":"Togo","description":"Just another Africa News Agency Sites site","potentialAction":[{"@type":"SearchAction","target":{"@type":"EntryPoint","urlTemplate":"https:\/\/www.africa-press.net\/togo\/?s={search_term_string}"},"query-input":{"@type":"PropertyValueSpecification","valueRequired":true,"valueName":"search_term_string"}}],"inLanguage":"fr-FR"},{"@type":"Person","@id":"https:\/\/www.africa-press.net\/togo\/#\/schema\/person\/2b1cf3cd81a31e3cd26889ca66d677f1","name":"cfeditorfr"}]}},"_links":{"self":[{"href":"https:\/\/www.africa-press.net\/togo\/wp-json\/wp\/v2\/posts\/12729","targetHints":{"allow":["GET"]}}],"collection":[{"href":"https:\/\/www.africa-press.net\/togo\/wp-json\/wp\/v2\/posts"}],"about":[{"href":"https:\/\/www.africa-press.net\/togo\/wp-json\/wp\/v2\/types\/post"}],"author":[{"embeddable":true,"href":"https:\/\/www.africa-press.net\/togo\/wp-json\/wp\/v2\/users\/82"}],"replies":[{"embeddable":true,"href":"https:\/\/www.africa-press.net\/togo\/wp-json\/wp\/v2\/comments?post=12729"}],"version-history":[{"count":0,"href":"https:\/\/www.africa-press.net\/togo\/wp-json\/wp\/v2\/posts\/12729\/revisions"}],"wp:featuredmedia":[{"embeddable":true,"href":"https:\/\/www.africa-press.net\/togo\/wp-json\/wp\/v2\/media\/12728"}],"wp:attachment":[{"href":"https:\/\/www.africa-press.net\/togo\/wp-json\/wp\/v2\/media?parent=12729"}],"wp:term":[{"taxonomy":"category","embeddable":true,"href":"https:\/\/www.africa-press.net\/togo\/wp-json\/wp\/v2\/categories?post=12729"},{"taxonomy":"post_tag","embeddable":true,"href":"https:\/\/www.africa-press.net\/togo\/wp-json\/wp\/v2\/tags?post=12729"}],"curies":[{"name":"wp","href":"https:\/\/api.w.org\/{rel}","templated":true}]}}