{"id":12733,"date":"2022-10-21T19:43:05","date_gmt":"2022-10-21T19:43:05","guid":{"rendered":"https:\/\/www.africa-press.net\/togo\/politique\/togo-adhesion-au-commonwealth-les-avis-partages-des-togolais"},"modified":"2022-10-21T19:49:21","modified_gmt":"2022-10-21T19:49:21","slug":"togo-adhesion-au-commonwealth-les-avis-partages-des-togolais","status":"publish","type":"post","link":"https:\/\/www.africa-press.net\/togo\/politique\/togo-adhesion-au-commonwealth-les-avis-partages-des-togolais","title":{"rendered":"Togo-Adh\u00e9sion au Commonwealth : Les avis partag\u00e9s des Togolais"},"content":{"rendered":"<p><span style=\"color: #ff6600\"><strong>Africa-Press &#8211; Togo. <\/strong><\/span><b>Apre\u0300s le Gabon en de\u0301but de semaine, c\u2019est au tour du Togo d\u2019acter son adhe\u0301sion au Commonwealth, lors d\u2019une ce\u0301re\u0301monie de lever du drapeau togolais a\u0300 Londres. Rejoindre la communaute\u0301 anglophone, pour quelles opportunite\u0301s ? Est-ce un moyen de s\u2019e\u0301manciper de l\u2019espace francophone ? <\/b><\/p>\n<p>Ces questions e\u0301taient au menu de l\u2019e\u0301mission \u201cAppels sur l\u2019actualite\u0301\u201d de ce jeudi 20 octobre 2022 sur RFI. Certains intervenants estiment que cette adhe\u0301sion du Togo au Commonwealth n\u2019est qu\u2019un saupoudrage aux retombe\u0301es mitige\u0301es. \u201cCette adhe\u0301sion du Togo au Commonwealth ne servira a\u0300 rien, puisqu\u2019on n\u2019a pas encore re\u0301ussi a\u0300 conque\u0301rir le marche\u0301 francophone et on pre\u0301tend vouloir conque\u0301rir le marche\u0301 anglophone \u201c, a maugre\u0301e\u0301 Bayer.<\/p>\n<p>Et a\u0300 Jean-Martin de renche\u0301rir : \u201cJ\u2019invite les Togolais et les Gabonais a\u0300 ne pas re\u0302ver d\u2019un lendemain meilleur parce que leur pays a\u0300 adhe\u0301rer au Commonwealth. L\u2019Afrique pense qu\u2019en changeant d\u2019oppresseur, on a change\u0301 sa vie. C\u2019est absolument impossible. La francophonie tout comme le Commonwealth, c\u2019est les me\u0302mes syste\u0300mes d\u2019exploitation\u201d.<\/p>\n<p>D\u2019autres intervenants qui voient le verre a\u0300 moitie\u0301 plein, affichent un certain optimisme. Ils pensent que l\u2019entre\u0301e du Togo dans cette organisation intergouvernementale compose\u0301e de plus 50 E\u0301tats membres (qui sont presque tous d\u2019anciens territoires de l\u2019Empire britannique) ge\u0301ne\u0301rerait des opportunite\u0301s d\u2019affaires.<\/p>\n<p>Suivez pluto\u0302t les re\u0301actions!<\/p>\n<p><strong>Pour plus d&rsquo;informations et d&rsquo;analyses sur la <a href=\"https:\/\/www.africa-press.net\/togo\">Togo<\/a>, suivez <a href=\"https:\/\/www.africa-press.net\/\">Africa-Press<\/a><\/strong><\/p>\n","protected":false},"excerpt":{"rendered":"<p>Africa-Press &#8211; Togo. Apre\u0300s le Gabon en de\u0301but de semaine, c\u2019est au tour du Togo d\u2019acter son adhe\u0301sion au Commonwealth, lors d\u2019une ce\u0301re\u0301monie de lever du drapeau togolais a\u0300 Londres. Rejoindre la communaute\u0301 anglophone, pour quelles opportunite\u0301s ? Est-ce un moyen de s\u2019e\u0301manciper de l\u2019espace francophone ? Ces questions e\u0301taient au menu de l\u2019e\u0301mission \u201cAppels [&hellip;]<\/p>\n","protected":false},"author":82,"featured_media":12732,"comment_status":"open","ping_status":"closed","sticky":false,"template":"","format":"standard","meta":{"footnotes":""},"categories":[2,10],"tags":[36,49,50],"class_list":["post-12733","post","type-post","status-publish","format-standard","has-post-thumbnail","hentry","category-politique","category-toutes-les-actualites","tag-africa-press","tag-africa-press-togo","tag-togo"],"yoast_head":"<!-- This site is optimized with the Yoast SEO Premium plugin v26.1 (Yoast SEO v27.0) - https:\/\/yoast.com\/product\/yoast-seo-premium-wordpress\/ -->\n<title>Togo-Adh\u00e9sion au Commonwealth : Les avis partag\u00e9s des Togolais - Togo<\/title>\n<meta name=\"description\" content=\"Apre\u0300s le Gabon en de\u0301but de semaine, c\u2019est au tour du Togo d\u2019acter son adhe\u0301sion au Commonwealth, lors d\u2019une ce\u0301re\u0301m ...\" \/>\n<meta name=\"robots\" content=\"index, follow, max-snippet:-1, max-image-preview:large, max-video-preview:-1\" \/>\n<link rel=\"canonical\" href=\"https:\/\/www.africa-press.net\/togo\/politique\/togo-adhesion-au-commonwealth-les-avis-partages-des-togolais\" \/>\n<meta property=\"og:locale\" content=\"fr_FR\" \/>\n<meta property=\"og:type\" content=\"article\" \/>\n<meta property=\"og:title\" content=\"Togo-Adh\u00e9sion au Commonwealth : Les avis partag\u00e9s des Togolais\" \/>\n<meta property=\"og:description\" content=\"Apre\u0300s le Gabon en de\u0301but de semaine, c\u2019est au tour du Togo d\u2019acter son adhe\u0301sion au Commonwealth, lors d\u2019une ce\u0301re\u0301m ...\" \/>\n<meta property=\"og:url\" content=\"https:\/\/www.africa-press.net\/togo\/politique\/togo-adhesion-au-commonwealth-les-avis-partages-des-togolais\" \/>\n<meta property=\"og:site_name\" content=\"Togo\" \/>\n<meta property=\"article:published_time\" content=\"2022-10-21T19:43:05+00:00\" \/>\n<meta property=\"article:modified_time\" content=\"2022-10-21T19:49:21+00:00\" \/>\n<meta property=\"og:image\" content=\"https:\/\/static.africa-press.net\/togo\/sites\/58\/2022\/10\/postQueueImg_2-6352f7a484c46.jpg\" \/>\n\t<meta property=\"og:image:width\" content=\"1080\" \/>\n\t<meta property=\"og:image:height\" content=\"720\" \/>\n\t<meta property=\"og:image:type\" content=\"image\/jpeg\" \/>\n<meta name=\"author\" content=\"cfeditorfr\" \/>\n<meta name=\"twitter:card\" content=\"summary_large_image\" \/>\n<meta name=\"twitter:label1\" content=\"\u00c9crit par\" \/>\n\t<meta name=\"twitter:data1\" content=\"cfeditorfr\" \/>\n\t<meta name=\"twitter:label2\" content=\"Dur\u00e9e de lecture estim\u00e9e\" \/>\n\t<meta name=\"twitter:data2\" content=\"2 minutes\" \/>\n<script type=\"application\/ld+json\" class=\"yoast-schema-graph\">{\"@context\":\"https:\/\/schema.org\",\"@graph\":[{\"@type\":\"Article\",\"@id\":\"https:\/\/www.africa-press.net\/togo\/politique\/togo-adhesion-au-commonwealth-les-avis-partages-des-togolais#article\",\"isPartOf\":{\"@id\":\"https:\/\/www.africa-press.net\/togo\/politique\/togo-adhesion-au-commonwealth-les-avis-partages-des-togolais\"},\"author\":{\"name\":\"cfeditorfr\",\"@id\":\"https:\/\/www.africa-press.net\/togo\/#\/schema\/person\/2b1cf3cd81a31e3cd26889ca66d677f1\"},\"headline\":\"Togo-Adh\u00e9sion au Commonwealth : Les avis partag\u00e9s des Togolais\",\"datePublished\":\"2022-10-21T19:43:05+00:00\",\"dateModified\":\"2022-10-21T19:49:21+00:00\",\"mainEntityOfPage\":{\"@id\":\"https:\/\/www.africa-press.net\/togo\/politique\/togo-adhesion-au-commonwealth-les-avis-partages-des-togolais\"},\"wordCount\":280,\"commentCount\":0,\"image\":{\"@id\":\"https:\/\/www.africa-press.net\/togo\/politique\/togo-adhesion-au-commonwealth-les-avis-partages-des-togolais#primaryimage\"},\"thumbnailUrl\":\"https:\/\/static.africa-press.net\/togo\/sites\/58\/2022\/10\/postQueueImg_2-6352f7a484c46.jpg\",\"keywords\":[\"Africa Press\",\"Africa Press-Togo\",\"Togo\"],\"articleSection\":[\"Politique\",\"Toutes les actualit\u00e9s\"],\"inLanguage\":\"fr-FR\",\"potentialAction\":[{\"@type\":\"CommentAction\",\"name\":\"Comment\",\"target\":[\"https:\/\/www.africa-press.net\/togo\/politique\/togo-adhesion-au-commonwealth-les-avis-partages-des-togolais#respond\"]}]},{\"@type\":\"WebPage\",\"@id\":\"https:\/\/www.africa-press.net\/togo\/politique\/togo-adhesion-au-commonwealth-les-avis-partages-des-togolais\",\"url\":\"https:\/\/www.africa-press.net\/togo\/politique\/togo-adhesion-au-commonwealth-les-avis-partages-des-togolais\",\"name\":\"Togo-Adh\u00e9sion au Commonwealth : Les avis partag\u00e9s des Togolais - Togo\",\"isPartOf\":{\"@id\":\"https:\/\/www.africa-press.net\/togo\/#website\"},\"primaryImageOfPage\":{\"@id\":\"https:\/\/www.africa-press.net\/togo\/politique\/togo-adhesion-au-commonwealth-les-avis-partages-des-togolais#primaryimage\"},\"image\":{\"@id\":\"https:\/\/www.africa-press.net\/togo\/politique\/togo-adhesion-au-commonwealth-les-avis-partages-des-togolais#primaryimage\"},\"thumbnailUrl\":\"https:\/\/static.africa-press.net\/togo\/sites\/58\/2022\/10\/postQueueImg_2-6352f7a484c46.jpg\",\"datePublished\":\"2022-10-21T19:43:05+00:00\",\"dateModified\":\"2022-10-21T19:49:21+00:00\",\"author\":{\"@id\":\"https:\/\/www.africa-press.net\/togo\/#\/schema\/person\/2b1cf3cd81a31e3cd26889ca66d677f1\"},\"description\":\"Apre\u0300s le Gabon en de\u0301but de semaine, c\u2019est au tour du Togo d\u2019acter son adhe\u0301sion au Commonwealth, lors d\u2019une ce\u0301re\u0301m ...\",\"breadcrumb\":{\"@id\":\"https:\/\/www.africa-press.net\/togo\/politique\/togo-adhesion-au-commonwealth-les-avis-partages-des-togolais#breadcrumb\"},\"inLanguage\":\"fr-FR\",\"potentialAction\":[{\"@type\":\"ReadAction\",\"target\":[\"https:\/\/www.africa-press.net\/togo\/politique\/togo-adhesion-au-commonwealth-les-avis-partages-des-togolais\"]}]},{\"@type\":\"ImageObject\",\"inLanguage\":\"fr-FR\",\"@id\":\"https:\/\/www.africa-press.net\/togo\/politique\/togo-adhesion-au-commonwealth-les-avis-partages-des-togolais#primaryimage\",\"url\":\"https:\/\/static.africa-press.net\/togo\/sites\/58\/2022\/10\/postQueueImg_2-6352f7a484c46.jpg\",\"contentUrl\":\"https:\/\/static.africa-press.net\/togo\/sites\/58\/2022\/10\/postQueueImg_2-6352f7a484c46.jpg\",\"width\":1080,\"height\":720,\"caption\":\"Togo-Adh\u00e9sion au Commonwealth : Les avis partag\u00e9s des Togolais\"},{\"@type\":\"BreadcrumbList\",\"@id\":\"https:\/\/www.africa-press.net\/togo\/politique\/togo-adhesion-au-commonwealth-les-avis-partages-des-togolais#breadcrumb\",\"itemListElement\":[{\"@type\":\"ListItem\",\"position\":1,\"name\":\"Accueil\",\"item\":\"https:\/\/www.africa-press.net\/togo\/\"},{\"@type\":\"ListItem\",\"position\":2,\"name\":\"Togo-Adh\u00e9sion au Commonwealth : Les avis partag\u00e9s des Togolais\"}]},{\"@type\":\"WebSite\",\"@id\":\"https:\/\/www.africa-press.net\/togo\/#website\",\"url\":\"https:\/\/www.africa-press.net\/togo\/\",\"name\":\"Togo\",\"description\":\"Just another Africa News Agency Sites site\",\"potentialAction\":[{\"@type\":\"SearchAction\",\"target\":{\"@type\":\"EntryPoint\",\"urlTemplate\":\"https:\/\/www.africa-press.net\/togo\/?s={search_term_string}\"},\"query-input\":{\"@type\":\"PropertyValueSpecification\",\"valueRequired\":true,\"valueName\":\"search_term_string\"}}],\"inLanguage\":\"fr-FR\"},{\"@type\":\"Person\",\"@id\":\"https:\/\/www.africa-press.net\/togo\/#\/schema\/person\/2b1cf3cd81a31e3cd26889ca66d677f1\",\"name\":\"cfeditorfr\"}]}<\/script>\n<!-- \/ Yoast SEO Premium plugin. -->","yoast_head_json":{"title":"Togo-Adh\u00e9sion au Commonwealth : Les avis partag\u00e9s des Togolais - Togo","description":"Apre\u0300s le Gabon en de\u0301but de semaine, c\u2019est au tour du Togo d\u2019acter son adhe\u0301sion au Commonwealth, lors d\u2019une ce\u0301re\u0301m ...","robots":{"index":"index","follow":"follow","max-snippet":"max-snippet:-1","max-image-preview":"max-image-preview:large","max-video-preview":"max-video-preview:-1"},"canonical":"https:\/\/www.africa-press.net\/togo\/politique\/togo-adhesion-au-commonwealth-les-avis-partages-des-togolais","og_locale":"fr_FR","og_type":"article","og_title":"Togo-Adh\u00e9sion au Commonwealth : Les avis partag\u00e9s des Togolais","og_description":"Apre\u0300s le Gabon en de\u0301but de semaine, c\u2019est au tour du Togo d\u2019acter son adhe\u0301sion au Commonwealth, lors d\u2019une ce\u0301re\u0301m ...","og_url":"https:\/\/www.africa-press.net\/togo\/politique\/togo-adhesion-au-commonwealth-les-avis-partages-des-togolais","og_site_name":"Togo","article_published_time":"2022-10-21T19:43:05+00:00","article_modified_time":"2022-10-21T19:49:21+00:00","og_image":[{"width":1080,"height":720,"url":"https:\/\/static.africa-press.net\/togo\/sites\/58\/2022\/10\/postQueueImg_2-6352f7a484c46.jpg","type":"image\/jpeg"}],"author":"cfeditorfr","twitter_card":"summary_large_image","twitter_misc":{"\u00c9crit par":"cfeditorfr","Dur\u00e9e de lecture estim\u00e9e":"2 minutes"},"schema":{"@context":"https:\/\/schema.org","@graph":[{"@type":"Article","@id":"https:\/\/www.africa-press.net\/togo\/politique\/togo-adhesion-au-commonwealth-les-avis-partages-des-togolais#article","isPartOf":{"@id":"https:\/\/www.africa-press.net\/togo\/politique\/togo-adhesion-au-commonwealth-les-avis-partages-des-togolais"},"author":{"name":"cfeditorfr","@id":"https:\/\/www.africa-press.net\/togo\/#\/schema\/person\/2b1cf3cd81a31e3cd26889ca66d677f1"},"headline":"Togo-Adh\u00e9sion au Commonwealth : Les avis partag\u00e9s des Togolais","datePublished":"2022-10-21T19:43:05+00:00","dateModified":"2022-10-21T19:49:21+00:00","mainEntityOfPage":{"@id":"https:\/\/www.africa-press.net\/togo\/politique\/togo-adhesion-au-commonwealth-les-avis-partages-des-togolais"},"wordCount":280,"commentCount":0,"image":{"@id":"https:\/\/www.africa-press.net\/togo\/politique\/togo-adhesion-au-commonwealth-les-avis-partages-des-togolais#primaryimage"},"thumbnailUrl":"https:\/\/static.africa-press.net\/togo\/sites\/58\/2022\/10\/postQueueImg_2-6352f7a484c46.jpg","keywords":["Africa Press","Africa Press-Togo","Togo"],"articleSection":["Politique","Toutes les actualit\u00e9s"],"inLanguage":"fr-FR","potentialAction":[{"@type":"CommentAction","name":"Comment","target":["https:\/\/www.africa-press.net\/togo\/politique\/togo-adhesion-au-commonwealth-les-avis-partages-des-togolais#respond"]}]},{"@type":"WebPage","@id":"https:\/\/www.africa-press.net\/togo\/politique\/togo-adhesion-au-commonwealth-les-avis-partages-des-togolais","url":"https:\/\/www.africa-press.net\/togo\/politique\/togo-adhesion-au-commonwealth-les-avis-partages-des-togolais","name":"Togo-Adh\u00e9sion au Commonwealth : Les avis partag\u00e9s des Togolais - Togo","isPartOf":{"@id":"https:\/\/www.africa-press.net\/togo\/#website"},"primaryImageOfPage":{"@id":"https:\/\/www.africa-press.net\/togo\/politique\/togo-adhesion-au-commonwealth-les-avis-partages-des-togolais#primaryimage"},"image":{"@id":"https:\/\/www.africa-press.net\/togo\/politique\/togo-adhesion-au-commonwealth-les-avis-partages-des-togolais#primaryimage"},"thumbnailUrl":"https:\/\/static.africa-press.net\/togo\/sites\/58\/2022\/10\/postQueueImg_2-6352f7a484c46.jpg","datePublished":"2022-10-21T19:43:05+00:00","dateModified":"2022-10-21T19:49:21+00:00","author":{"@id":"https:\/\/www.africa-press.net\/togo\/#\/schema\/person\/2b1cf3cd81a31e3cd26889ca66d677f1"},"description":"Apre\u0300s le Gabon en de\u0301but de semaine, c\u2019est au tour du Togo d\u2019acter son adhe\u0301sion au Commonwealth, lors d\u2019une ce\u0301re\u0301m ...","breadcrumb":{"@id":"https:\/\/www.africa-press.net\/togo\/politique\/togo-adhesion-au-commonwealth-les-avis-partages-des-togolais#breadcrumb"},"inLanguage":"fr-FR","potentialAction":[{"@type":"ReadAction","target":["https:\/\/www.africa-press.net\/togo\/politique\/togo-adhesion-au-commonwealth-les-avis-partages-des-togolais"]}]},{"@type":"ImageObject","inLanguage":"fr-FR","@id":"https:\/\/www.africa-press.net\/togo\/politique\/togo-adhesion-au-commonwealth-les-avis-partages-des-togolais#primaryimage","url":"https:\/\/static.africa-press.net\/togo\/sites\/58\/2022\/10\/postQueueImg_2-6352f7a484c46.jpg","contentUrl":"https:\/\/static.africa-press.net\/togo\/sites\/58\/2022\/10\/postQueueImg_2-6352f7a484c46.jpg","width":1080,"height":720,"caption":"Togo-Adh\u00e9sion au Commonwealth : Les avis partag\u00e9s des Togolais"},{"@type":"BreadcrumbList","@id":"https:\/\/www.africa-press.net\/togo\/politique\/togo-adhesion-au-commonwealth-les-avis-partages-des-togolais#breadcrumb","itemListElement":[{"@type":"ListItem","position":1,"name":"Accueil","item":"https:\/\/www.africa-press.net\/togo\/"},{"@type":"ListItem","position":2,"name":"Togo-Adh\u00e9sion au Commonwealth : Les avis partag\u00e9s des Togolais"}]},{"@type":"WebSite","@id":"https:\/\/www.africa-press.net\/togo\/#website","url":"https:\/\/www.africa-press.net\/togo\/","name":"Togo","description":"Just another Africa News Agency Sites site","potentialAction":[{"@type":"SearchAction","target":{"@type":"EntryPoint","urlTemplate":"https:\/\/www.africa-press.net\/togo\/?s={search_term_string}"},"query-input":{"@type":"PropertyValueSpecification","valueRequired":true,"valueName":"search_term_string"}}],"inLanguage":"fr-FR"},{"@type":"Person","@id":"https:\/\/www.africa-press.net\/togo\/#\/schema\/person\/2b1cf3cd81a31e3cd26889ca66d677f1","name":"cfeditorfr"}]}},"_links":{"self":[{"href":"https:\/\/www.africa-press.net\/togo\/wp-json\/wp\/v2\/posts\/12733","targetHints":{"allow":["GET"]}}],"collection":[{"href":"https:\/\/www.africa-press.net\/togo\/wp-json\/wp\/v2\/posts"}],"about":[{"href":"https:\/\/www.africa-press.net\/togo\/wp-json\/wp\/v2\/types\/post"}],"author":[{"embeddable":true,"href":"https:\/\/www.africa-press.net\/togo\/wp-json\/wp\/v2\/users\/82"}],"replies":[{"embeddable":true,"href":"https:\/\/www.africa-press.net\/togo\/wp-json\/wp\/v2\/comments?post=12733"}],"version-history":[{"count":0,"href":"https:\/\/www.africa-press.net\/togo\/wp-json\/wp\/v2\/posts\/12733\/revisions"}],"wp:featuredmedia":[{"embeddable":true,"href":"https:\/\/www.africa-press.net\/togo\/wp-json\/wp\/v2\/media\/12732"}],"wp:attachment":[{"href":"https:\/\/www.africa-press.net\/togo\/wp-json\/wp\/v2\/media?parent=12733"}],"wp:term":[{"taxonomy":"category","embeddable":true,"href":"https:\/\/www.africa-press.net\/togo\/wp-json\/wp\/v2\/categories?post=12733"},{"taxonomy":"post_tag","embeddable":true,"href":"https:\/\/www.africa-press.net\/togo\/wp-json\/wp\/v2\/tags?post=12733"}],"curies":[{"name":"wp","href":"https:\/\/api.w.org\/{rel}","templated":true}]}}