{"id":12755,"date":"2022-10-21T19:44:33","date_gmt":"2022-10-21T19:44:33","guid":{"rendered":"https:\/\/www.africa-press.net\/togo\/politique\/togo-revision-a-la-hausse-de-la-loi-de-finances-les-raisons-selon-sani-yaya"},"modified":"2022-10-21T21:03:57","modified_gmt":"2022-10-21T21:03:57","slug":"togo-revision-a-la-hausse-de-la-loi-de-finances-les-raisons-selon-sani-yaya","status":"publish","type":"post","link":"https:\/\/www.africa-press.net\/togo\/politique\/togo-revision-a-la-hausse-de-la-loi-de-finances-les-raisons-selon-sani-yaya","title":{"rendered":"Togo-R\u00e9vision \u00e0 la hausse de la loi de finances : les raisons selon Sani Yaya"},"content":{"rendered":"<p><span style=\"color: #ff6600\"><strong>Africa-Press &#8211; Togo. <\/strong><\/span><b>Face aux de\u0301pute\u0301s ce jeudi, le ministre de l\u2019E\u0301conomie et des Finances, Sani Yaya donne les raisons qui sous-tendent la re\u0301vision de la loi de finances.<\/b><\/p>\n<p>Le projet de loi de finances rectificative, exercice 2022, a e\u0301te\u0301 adopte\u0301 le jeudi 20 octobre 2022, par les de\u0301pute\u0301s re\u0301unis au cours de la 3e se\u0301ance ple\u0301nie\u0300re de la 2e session ordinaire de l\u2019anne\u0301e 2022.<\/p>\n<p>\u00ab La loi de finances rectificative 2022, est projete\u0301e a\u0300 1.875,8 milliards de francs CFA en de\u0301penses et en recettes contre 1.779,2 milliards de francs CFA dans la loi de finance initiale, soit une hausse de 5,4% \u00bb, indique l\u2019Assemble\u0301e nationale togolaise.<\/p>\n<p>Ce changement n\u2019est pas fortuit. Le ministre de l\u2019E\u0301conomie et des Finances justifie cet ajustement du budget dans son allocution de circonstance.<\/p>\n<p>\u00ab L\u2019adoption de la pre\u0301sente loi de finances rectificative au titre de l\u2019exercice 2022 permettra au gouvernement de prendre en compte les e\u0301volutions e\u0301conomiques intervenues au cours de l\u2019exe\u0301cution de la loi de finances initiale, marque\u0301es essentiellement par des tensions inflationnistes. En outre, ce collectif budge\u0301taire se justifie par l\u2019e\u0301volution pre\u0301occupante de la situation se\u0301curitaire dans la sous-re\u0301gion a\u0300 laquelle notre pays doit faire face et qui requiert une re\u0301ponse urgente et des moyens adapte\u0301s a\u0300 la mesure de la menace \u00bb, a explique\u0301 Sani Yaya.<\/p>\n<p>Il a joute\u0301 : \u00ab La re\u0301vision des pre\u0301visions budge\u0301taires e\u0301tait donc rendue ne\u0301cessaire pour prendre en compte des de\u0301penses nouvelles afin de satisfaire aux impe\u0301ratifs se\u0301curitaires et aux de\u0301penses sociales en vue de prote\u0301ger le pouvoir d\u2019achat des me\u0301nages notamment les couches les plus vulne\u0301rables, ainsi que le re\u0301ajustement de certaines de\u0301penses a\u0300 l\u2019issue du suivi re\u0301gulier de leur niveau d\u2019exe\u0301cution \u00bb.<\/p>\n<p>Parlant des efforts du gouvernement pour soutenir le pouvoir d\u2019achat des Togolais, Sani Yaya a notamment e\u0301voque\u0301 les 10 mesures sociales prises par Faure Gnassingbe\u0301 le 16 septembre 2022 en faveur des couches vulne\u0301rables.<\/p>\n<p><strong>Pour plus d&rsquo;informations et d&rsquo;analyses sur la <a href=\"https:\/\/www.africa-press.net\/togo\">Togo<\/a>, suivez <a href=\"https:\/\/www.africa-press.net\/\">Africa-Press<\/a><\/strong><\/p>\n","protected":false},"excerpt":{"rendered":"<p>Africa-Press &#8211; Togo. Face aux de\u0301pute\u0301s ce jeudi, le ministre de l\u2019E\u0301conomie et des Finances, Sani Yaya donne les raisons qui sous-tendent la re\u0301vision de la loi de finances. Le projet de loi de finances rectificative, exercice 2022, a e\u0301te\u0301 adopte\u0301 le jeudi 20 octobre 2022, par les de\u0301pute\u0301s re\u0301unis au cours de la 3e [&hellip;]<\/p>\n","protected":false},"author":82,"featured_media":12754,"comment_status":"open","ping_status":"closed","sticky":false,"template":"","format":"standard","meta":{"footnotes":""},"categories":[2,10],"tags":[36,49,50],"class_list":["post-12755","post","type-post","status-publish","format-standard","has-post-thumbnail","hentry","category-politique","category-toutes-les-actualites","tag-africa-press","tag-africa-press-togo","tag-togo"],"yoast_head":"<!-- This site is optimized with the Yoast SEO Premium plugin v26.1 (Yoast SEO v27.0) - https:\/\/yoast.com\/product\/yoast-seo-premium-wordpress\/ -->\n<title>Togo-R\u00e9vision \u00e0 la hausse de la loi de finances : les raisons selon Sani Yaya - Togo<\/title>\n<meta name=\"description\" content=\"Face aux de\u0301pute\u0301s ce jeudi, le ministre de l\u2019E\u0301conomie et des Finances, Sani Yaya donne les raisons qui sous-tendent ...\" \/>\n<meta name=\"robots\" content=\"index, follow, max-snippet:-1, max-image-preview:large, max-video-preview:-1\" \/>\n<link rel=\"canonical\" href=\"https:\/\/www.africa-press.net\/togo\/politique\/togo-revision-a-la-hausse-de-la-loi-de-finances-les-raisons-selon-sani-yaya\" \/>\n<meta property=\"og:locale\" content=\"fr_FR\" \/>\n<meta property=\"og:type\" content=\"article\" \/>\n<meta property=\"og:title\" content=\"Togo-R\u00e9vision \u00e0 la hausse de la loi de finances : les raisons selon Sani Yaya\" \/>\n<meta property=\"og:description\" content=\"Face aux de\u0301pute\u0301s ce jeudi, le ministre de l\u2019E\u0301conomie et des Finances, Sani Yaya donne les raisons qui sous-tendent ...\" \/>\n<meta property=\"og:url\" content=\"https:\/\/www.africa-press.net\/togo\/politique\/togo-revision-a-la-hausse-de-la-loi-de-finances-les-raisons-selon-sani-yaya\" \/>\n<meta property=\"og:site_name\" content=\"Togo\" \/>\n<meta property=\"article:published_time\" content=\"2022-10-21T19:44:33+00:00\" \/>\n<meta property=\"article:modified_time\" content=\"2022-10-21T21:03:57+00:00\" \/>\n<meta property=\"og:image\" content=\"https:\/\/static.africa-press.net\/togo\/sites\/58\/2022\/10\/postQueueImg_4-63530928851f4.jpg\" \/>\n\t<meta property=\"og:image:width\" content=\"1280\" \/>\n\t<meta property=\"og:image:height\" content=\"800\" \/>\n\t<meta property=\"og:image:type\" content=\"image\/jpeg\" \/>\n<meta name=\"author\" content=\"cfeditorfr\" \/>\n<meta name=\"twitter:card\" content=\"summary_large_image\" \/>\n<meta name=\"twitter:label1\" content=\"\u00c9crit par\" \/>\n\t<meta name=\"twitter:data1\" content=\"cfeditorfr\" \/>\n\t<meta name=\"twitter:label2\" content=\"Dur\u00e9e de lecture estim\u00e9e\" \/>\n\t<meta name=\"twitter:data2\" content=\"2 minutes\" \/>\n<script type=\"application\/ld+json\" class=\"yoast-schema-graph\">{\"@context\":\"https:\/\/schema.org\",\"@graph\":[{\"@type\":\"Article\",\"@id\":\"https:\/\/www.africa-press.net\/togo\/politique\/togo-revision-a-la-hausse-de-la-loi-de-finances-les-raisons-selon-sani-yaya#article\",\"isPartOf\":{\"@id\":\"https:\/\/www.africa-press.net\/togo\/politique\/togo-revision-a-la-hausse-de-la-loi-de-finances-les-raisons-selon-sani-yaya\"},\"author\":{\"name\":\"cfeditorfr\",\"@id\":\"https:\/\/www.africa-press.net\/togo\/#\/schema\/person\/2b1cf3cd81a31e3cd26889ca66d677f1\"},\"headline\":\"Togo-R\u00e9vision \u00e0 la hausse de la loi de finances : les raisons selon Sani Yaya\",\"datePublished\":\"2022-10-21T19:44:33+00:00\",\"dateModified\":\"2022-10-21T21:03:57+00:00\",\"mainEntityOfPage\":{\"@id\":\"https:\/\/www.africa-press.net\/togo\/politique\/togo-revision-a-la-hausse-de-la-loi-de-finances-les-raisons-selon-sani-yaya\"},\"wordCount\":378,\"commentCount\":0,\"image\":{\"@id\":\"https:\/\/www.africa-press.net\/togo\/politique\/togo-revision-a-la-hausse-de-la-loi-de-finances-les-raisons-selon-sani-yaya#primaryimage\"},\"thumbnailUrl\":\"https:\/\/static.africa-press.net\/togo\/sites\/58\/2022\/10\/postQueueImg_4-63530928851f4.jpg\",\"keywords\":[\"Africa Press\",\"Africa Press-Togo\",\"Togo\"],\"articleSection\":[\"Politique\",\"Toutes les actualit\u00e9s\"],\"inLanguage\":\"fr-FR\",\"potentialAction\":[{\"@type\":\"CommentAction\",\"name\":\"Comment\",\"target\":[\"https:\/\/www.africa-press.net\/togo\/politique\/togo-revision-a-la-hausse-de-la-loi-de-finances-les-raisons-selon-sani-yaya#respond\"]}]},{\"@type\":\"WebPage\",\"@id\":\"https:\/\/www.africa-press.net\/togo\/politique\/togo-revision-a-la-hausse-de-la-loi-de-finances-les-raisons-selon-sani-yaya\",\"url\":\"https:\/\/www.africa-press.net\/togo\/politique\/togo-revision-a-la-hausse-de-la-loi-de-finances-les-raisons-selon-sani-yaya\",\"name\":\"Togo-R\u00e9vision \u00e0 la hausse de la loi de finances : les raisons selon Sani Yaya - Togo\",\"isPartOf\":{\"@id\":\"https:\/\/www.africa-press.net\/togo\/#website\"},\"primaryImageOfPage\":{\"@id\":\"https:\/\/www.africa-press.net\/togo\/politique\/togo-revision-a-la-hausse-de-la-loi-de-finances-les-raisons-selon-sani-yaya#primaryimage\"},\"image\":{\"@id\":\"https:\/\/www.africa-press.net\/togo\/politique\/togo-revision-a-la-hausse-de-la-loi-de-finances-les-raisons-selon-sani-yaya#primaryimage\"},\"thumbnailUrl\":\"https:\/\/static.africa-press.net\/togo\/sites\/58\/2022\/10\/postQueueImg_4-63530928851f4.jpg\",\"datePublished\":\"2022-10-21T19:44:33+00:00\",\"dateModified\":\"2022-10-21T21:03:57+00:00\",\"author\":{\"@id\":\"https:\/\/www.africa-press.net\/togo\/#\/schema\/person\/2b1cf3cd81a31e3cd26889ca66d677f1\"},\"description\":\"Face aux de\u0301pute\u0301s ce jeudi, le ministre de l\u2019E\u0301conomie et des Finances, Sani Yaya donne les raisons qui sous-tendent ...\",\"breadcrumb\":{\"@id\":\"https:\/\/www.africa-press.net\/togo\/politique\/togo-revision-a-la-hausse-de-la-loi-de-finances-les-raisons-selon-sani-yaya#breadcrumb\"},\"inLanguage\":\"fr-FR\",\"potentialAction\":[{\"@type\":\"ReadAction\",\"target\":[\"https:\/\/www.africa-press.net\/togo\/politique\/togo-revision-a-la-hausse-de-la-loi-de-finances-les-raisons-selon-sani-yaya\"]}]},{\"@type\":\"ImageObject\",\"inLanguage\":\"fr-FR\",\"@id\":\"https:\/\/www.africa-press.net\/togo\/politique\/togo-revision-a-la-hausse-de-la-loi-de-finances-les-raisons-selon-sani-yaya#primaryimage\",\"url\":\"https:\/\/static.africa-press.net\/togo\/sites\/58\/2022\/10\/postQueueImg_4-63530928851f4.jpg\",\"contentUrl\":\"https:\/\/static.africa-press.net\/togo\/sites\/58\/2022\/10\/postQueueImg_4-63530928851f4.jpg\",\"width\":1280,\"height\":800,\"caption\":\"Togo-R\u00e9vision \u00e0 la hausse de la loi de finances : les raisons selon Sani Yaya\"},{\"@type\":\"BreadcrumbList\",\"@id\":\"https:\/\/www.africa-press.net\/togo\/politique\/togo-revision-a-la-hausse-de-la-loi-de-finances-les-raisons-selon-sani-yaya#breadcrumb\",\"itemListElement\":[{\"@type\":\"ListItem\",\"position\":1,\"name\":\"Accueil\",\"item\":\"https:\/\/www.africa-press.net\/togo\/\"},{\"@type\":\"ListItem\",\"position\":2,\"name\":\"Togo-R\u00e9vision \u00e0 la hausse de la loi de finances : les raisons selon Sani Yaya\"}]},{\"@type\":\"WebSite\",\"@id\":\"https:\/\/www.africa-press.net\/togo\/#website\",\"url\":\"https:\/\/www.africa-press.net\/togo\/\",\"name\":\"Togo\",\"description\":\"Just another Africa News Agency Sites site\",\"potentialAction\":[{\"@type\":\"SearchAction\",\"target\":{\"@type\":\"EntryPoint\",\"urlTemplate\":\"https:\/\/www.africa-press.net\/togo\/?s={search_term_string}\"},\"query-input\":{\"@type\":\"PropertyValueSpecification\",\"valueRequired\":true,\"valueName\":\"search_term_string\"}}],\"inLanguage\":\"fr-FR\"},{\"@type\":\"Person\",\"@id\":\"https:\/\/www.africa-press.net\/togo\/#\/schema\/person\/2b1cf3cd81a31e3cd26889ca66d677f1\",\"name\":\"cfeditorfr\"}]}<\/script>\n<!-- \/ Yoast SEO Premium plugin. -->","yoast_head_json":{"title":"Togo-R\u00e9vision \u00e0 la hausse de la loi de finances : les raisons selon Sani Yaya - Togo","description":"Face aux de\u0301pute\u0301s ce jeudi, le ministre de l\u2019E\u0301conomie et des Finances, Sani Yaya donne les raisons qui sous-tendent ...","robots":{"index":"index","follow":"follow","max-snippet":"max-snippet:-1","max-image-preview":"max-image-preview:large","max-video-preview":"max-video-preview:-1"},"canonical":"https:\/\/www.africa-press.net\/togo\/politique\/togo-revision-a-la-hausse-de-la-loi-de-finances-les-raisons-selon-sani-yaya","og_locale":"fr_FR","og_type":"article","og_title":"Togo-R\u00e9vision \u00e0 la hausse de la loi de finances : les raisons selon Sani Yaya","og_description":"Face aux de\u0301pute\u0301s ce jeudi, le ministre de l\u2019E\u0301conomie et des Finances, Sani Yaya donne les raisons qui sous-tendent ...","og_url":"https:\/\/www.africa-press.net\/togo\/politique\/togo-revision-a-la-hausse-de-la-loi-de-finances-les-raisons-selon-sani-yaya","og_site_name":"Togo","article_published_time":"2022-10-21T19:44:33+00:00","article_modified_time":"2022-10-21T21:03:57+00:00","og_image":[{"width":1280,"height":800,"url":"https:\/\/static.africa-press.net\/togo\/sites\/58\/2022\/10\/postQueueImg_4-63530928851f4.jpg","type":"image\/jpeg"}],"author":"cfeditorfr","twitter_card":"summary_large_image","twitter_misc":{"\u00c9crit par":"cfeditorfr","Dur\u00e9e de lecture estim\u00e9e":"2 minutes"},"schema":{"@context":"https:\/\/schema.org","@graph":[{"@type":"Article","@id":"https:\/\/www.africa-press.net\/togo\/politique\/togo-revision-a-la-hausse-de-la-loi-de-finances-les-raisons-selon-sani-yaya#article","isPartOf":{"@id":"https:\/\/www.africa-press.net\/togo\/politique\/togo-revision-a-la-hausse-de-la-loi-de-finances-les-raisons-selon-sani-yaya"},"author":{"name":"cfeditorfr","@id":"https:\/\/www.africa-press.net\/togo\/#\/schema\/person\/2b1cf3cd81a31e3cd26889ca66d677f1"},"headline":"Togo-R\u00e9vision \u00e0 la hausse de la loi de finances : les raisons selon Sani Yaya","datePublished":"2022-10-21T19:44:33+00:00","dateModified":"2022-10-21T21:03:57+00:00","mainEntityOfPage":{"@id":"https:\/\/www.africa-press.net\/togo\/politique\/togo-revision-a-la-hausse-de-la-loi-de-finances-les-raisons-selon-sani-yaya"},"wordCount":378,"commentCount":0,"image":{"@id":"https:\/\/www.africa-press.net\/togo\/politique\/togo-revision-a-la-hausse-de-la-loi-de-finances-les-raisons-selon-sani-yaya#primaryimage"},"thumbnailUrl":"https:\/\/static.africa-press.net\/togo\/sites\/58\/2022\/10\/postQueueImg_4-63530928851f4.jpg","keywords":["Africa Press","Africa Press-Togo","Togo"],"articleSection":["Politique","Toutes les actualit\u00e9s"],"inLanguage":"fr-FR","potentialAction":[{"@type":"CommentAction","name":"Comment","target":["https:\/\/www.africa-press.net\/togo\/politique\/togo-revision-a-la-hausse-de-la-loi-de-finances-les-raisons-selon-sani-yaya#respond"]}]},{"@type":"WebPage","@id":"https:\/\/www.africa-press.net\/togo\/politique\/togo-revision-a-la-hausse-de-la-loi-de-finances-les-raisons-selon-sani-yaya","url":"https:\/\/www.africa-press.net\/togo\/politique\/togo-revision-a-la-hausse-de-la-loi-de-finances-les-raisons-selon-sani-yaya","name":"Togo-R\u00e9vision \u00e0 la hausse de la loi de finances : les raisons selon Sani Yaya - Togo","isPartOf":{"@id":"https:\/\/www.africa-press.net\/togo\/#website"},"primaryImageOfPage":{"@id":"https:\/\/www.africa-press.net\/togo\/politique\/togo-revision-a-la-hausse-de-la-loi-de-finances-les-raisons-selon-sani-yaya#primaryimage"},"image":{"@id":"https:\/\/www.africa-press.net\/togo\/politique\/togo-revision-a-la-hausse-de-la-loi-de-finances-les-raisons-selon-sani-yaya#primaryimage"},"thumbnailUrl":"https:\/\/static.africa-press.net\/togo\/sites\/58\/2022\/10\/postQueueImg_4-63530928851f4.jpg","datePublished":"2022-10-21T19:44:33+00:00","dateModified":"2022-10-21T21:03:57+00:00","author":{"@id":"https:\/\/www.africa-press.net\/togo\/#\/schema\/person\/2b1cf3cd81a31e3cd26889ca66d677f1"},"description":"Face aux de\u0301pute\u0301s ce jeudi, le ministre de l\u2019E\u0301conomie et des Finances, Sani Yaya donne les raisons qui sous-tendent ...","breadcrumb":{"@id":"https:\/\/www.africa-press.net\/togo\/politique\/togo-revision-a-la-hausse-de-la-loi-de-finances-les-raisons-selon-sani-yaya#breadcrumb"},"inLanguage":"fr-FR","potentialAction":[{"@type":"ReadAction","target":["https:\/\/www.africa-press.net\/togo\/politique\/togo-revision-a-la-hausse-de-la-loi-de-finances-les-raisons-selon-sani-yaya"]}]},{"@type":"ImageObject","inLanguage":"fr-FR","@id":"https:\/\/www.africa-press.net\/togo\/politique\/togo-revision-a-la-hausse-de-la-loi-de-finances-les-raisons-selon-sani-yaya#primaryimage","url":"https:\/\/static.africa-press.net\/togo\/sites\/58\/2022\/10\/postQueueImg_4-63530928851f4.jpg","contentUrl":"https:\/\/static.africa-press.net\/togo\/sites\/58\/2022\/10\/postQueueImg_4-63530928851f4.jpg","width":1280,"height":800,"caption":"Togo-R\u00e9vision \u00e0 la hausse de la loi de finances : les raisons selon Sani Yaya"},{"@type":"BreadcrumbList","@id":"https:\/\/www.africa-press.net\/togo\/politique\/togo-revision-a-la-hausse-de-la-loi-de-finances-les-raisons-selon-sani-yaya#breadcrumb","itemListElement":[{"@type":"ListItem","position":1,"name":"Accueil","item":"https:\/\/www.africa-press.net\/togo\/"},{"@type":"ListItem","position":2,"name":"Togo-R\u00e9vision \u00e0 la hausse de la loi de finances : les raisons selon Sani Yaya"}]},{"@type":"WebSite","@id":"https:\/\/www.africa-press.net\/togo\/#website","url":"https:\/\/www.africa-press.net\/togo\/","name":"Togo","description":"Just another Africa News Agency Sites site","potentialAction":[{"@type":"SearchAction","target":{"@type":"EntryPoint","urlTemplate":"https:\/\/www.africa-press.net\/togo\/?s={search_term_string}"},"query-input":{"@type":"PropertyValueSpecification","valueRequired":true,"valueName":"search_term_string"}}],"inLanguage":"fr-FR"},{"@type":"Person","@id":"https:\/\/www.africa-press.net\/togo\/#\/schema\/person\/2b1cf3cd81a31e3cd26889ca66d677f1","name":"cfeditorfr"}]}},"_links":{"self":[{"href":"https:\/\/www.africa-press.net\/togo\/wp-json\/wp\/v2\/posts\/12755","targetHints":{"allow":["GET"]}}],"collection":[{"href":"https:\/\/www.africa-press.net\/togo\/wp-json\/wp\/v2\/posts"}],"about":[{"href":"https:\/\/www.africa-press.net\/togo\/wp-json\/wp\/v2\/types\/post"}],"author":[{"embeddable":true,"href":"https:\/\/www.africa-press.net\/togo\/wp-json\/wp\/v2\/users\/82"}],"replies":[{"embeddable":true,"href":"https:\/\/www.africa-press.net\/togo\/wp-json\/wp\/v2\/comments?post=12755"}],"version-history":[{"count":0,"href":"https:\/\/www.africa-press.net\/togo\/wp-json\/wp\/v2\/posts\/12755\/revisions"}],"wp:featuredmedia":[{"embeddable":true,"href":"https:\/\/www.africa-press.net\/togo\/wp-json\/wp\/v2\/media\/12754"}],"wp:attachment":[{"href":"https:\/\/www.africa-press.net\/togo\/wp-json\/wp\/v2\/media?parent=12755"}],"wp:term":[{"taxonomy":"category","embeddable":true,"href":"https:\/\/www.africa-press.net\/togo\/wp-json\/wp\/v2\/categories?post=12755"},{"taxonomy":"post_tag","embeddable":true,"href":"https:\/\/www.africa-press.net\/togo\/wp-json\/wp\/v2\/tags?post=12755"}],"curies":[{"name":"wp","href":"https:\/\/api.w.org\/{rel}","templated":true}]}}