{"id":12767,"date":"2022-10-21T19:45:41","date_gmt":"2022-10-21T19:45:41","guid":{"rendered":"https:\/\/www.africa-press.net\/togo\/politique\/togo-les-fat-sont-venues-a-bout-des-terroristes-au-quartier-administratif"},"modified":"2022-10-21T21:05:50","modified_gmt":"2022-10-21T21:05:50","slug":"togo-les-fat-sont-venues-a-bout-des-terroristes-au-quartier-administratif","status":"publish","type":"post","link":"https:\/\/www.africa-press.net\/togo\/politique\/togo-les-fat-sont-venues-a-bout-des-terroristes-au-quartier-administratif","title":{"rendered":"Togo\u00a0: les FAT sont venues \u00e0 bout des terroristes au quartier administratif"},"content":{"rendered":"<p><span style=\"color: #ff6600\"><strong>Africa-Press &#8211; Togo. <\/strong><\/span>L\u2019ope\u0301ration de simulation d\u2019attaques terroristes au quartier administratif s\u2019est bien de\u0301roule\u0301e ce jeudi 20 octobre 2022.<\/p>\n<p>\u00ab Une se\u0301rie d\u2019actions coordonne\u0301e par les forces d\u2019intervention de la Gendarmerie Nationale, son centre ope\u0301rationnel central et la force d\u2019intervention de la Police nationale togolaise, avec l\u2019appui de la cellule drone, a permis de neutraliser un commando terroriste qui a ope\u0301re\u0301 une tuerie de masse et a pris en otage des hommes et femmes en otage \u00bb.<\/p>\n<p>C\u2019est le de\u0301roule\u0301 de l\u2019exercice qui a e\u0301te\u0301 exe\u0301cute\u0301 ce jeudi. Ce, dans le cadre de la formation des forces de se\u0301curite\u0301, consacre\u0301e aux techniques d\u2019intervention spe\u0301cialise\u0301es et d\u2019une se\u0301rie d\u2019entrainements ope\u0301rationnels organise\u0301e par le ministe\u0300re en charge de la se\u0301curite\u0301 et de la protection civile en collaboration avec celui des arme\u0301es<\/p>\n<p>Selon les FAT, l\u2019efficacite\u0301 de la man\u0153uvre a e\u0301te\u0301 rendue possible gra\u0302ce a\u0300 une forte implication du personnel militaire fe\u0301minin des unite\u0301s spe\u0301ciales de la Gendarmerie et de la Police nationales.<\/p>\n<p>L\u2019objectif de l\u2019ope\u0301ration est de pre\u0301venir d\u2019e\u0301ventuelles attaques terroristes sur le territoire national. Il s\u2019agit e\u0301galement pour les FAT de renforcer les capacite\u0301s ope\u0301rationnelles des forces d\u2019intervention de la gendarmerie nationale et de la police nationale.<\/p>\n<p><strong>Pour plus d&rsquo;informations et d&rsquo;analyses sur la <a href=\"https:\/\/www.africa-press.net\/togo\">Togo<\/a>, suivez <a href=\"https:\/\/www.africa-press.net\/\">Africa-Press<\/a><\/strong><\/p>\n","protected":false},"excerpt":{"rendered":"<p>Africa-Press &#8211; Togo. L\u2019ope\u0301ration de simulation d\u2019attaques terroristes au quartier administratif s\u2019est bien de\u0301roule\u0301e ce jeudi 20 octobre 2022. \u00ab Une se\u0301rie d\u2019actions coordonne\u0301e par les forces d\u2019intervention de la Gendarmerie Nationale, son centre ope\u0301rationnel central et la force d\u2019intervention de la Police nationale togolaise, avec l\u2019appui de la cellule drone, a permis de neutraliser [&hellip;]<\/p>\n","protected":false},"author":82,"featured_media":12766,"comment_status":"open","ping_status":"closed","sticky":false,"template":"","format":"standard","meta":{"footnotes":""},"categories":[2,10],"tags":[36,49,505,459,50],"class_list":["post-12767","post","type-post","status-publish","format-standard","has-post-thumbnail","hentry","category-politique","category-toutes-les-actualites","tag-africa-press","tag-africa-press-togo","tag-fat","tag-terrorisme","tag-togo"],"yoast_head":"<!-- This site is optimized with the Yoast SEO Premium plugin v26.1 (Yoast SEO v27.0) - https:\/\/yoast.com\/product\/yoast-seo-premium-wordpress\/ -->\n<title>Togo\u00a0: les FAT sont venues \u00e0 bout des terroristes au quartier administratif - Togo<\/title>\n<meta name=\"description\" content=\"L\u2019ope\u0301ration de simulation d\u2019attaques terroristes au quartier administratif s\u2019est bien de\u0301roule\u0301e ce jeudi 20 octobre 20 ...\" \/>\n<meta name=\"robots\" content=\"index, follow, max-snippet:-1, max-image-preview:large, max-video-preview:-1\" \/>\n<link rel=\"canonical\" href=\"https:\/\/www.africa-press.net\/togo\/politique\/togo-les-fat-sont-venues-a-bout-des-terroristes-au-quartier-administratif\" \/>\n<meta property=\"og:locale\" content=\"fr_FR\" \/>\n<meta property=\"og:type\" content=\"article\" \/>\n<meta property=\"og:title\" content=\"Togo\u00a0: les FAT sont venues \u00e0 bout des terroristes au quartier administratif\" \/>\n<meta property=\"og:description\" content=\"L\u2019ope\u0301ration de simulation d\u2019attaques terroristes au quartier administratif s\u2019est bien de\u0301roule\u0301e ce jeudi 20 octobre 20 ...\" \/>\n<meta property=\"og:url\" content=\"https:\/\/www.africa-press.net\/togo\/politique\/togo-les-fat-sont-venues-a-bout-des-terroristes-au-quartier-administratif\" \/>\n<meta property=\"og:site_name\" content=\"Togo\" \/>\n<meta property=\"article:published_time\" content=\"2022-10-21T19:45:41+00:00\" \/>\n<meta property=\"article:modified_time\" content=\"2022-10-21T21:05:50+00:00\" \/>\n<meta property=\"og:image\" content=\"https:\/\/static.africa-press.net\/togo\/sites\/58\/2022\/10\/postQueueImg_8-635309978070f.jpg\" \/>\n\t<meta property=\"og:image:width\" content=\"720\" \/>\n\t<meta property=\"og:image:height\" content=\"450\" \/>\n\t<meta property=\"og:image:type\" content=\"image\/jpeg\" \/>\n<meta name=\"author\" content=\"cfeditorfr\" \/>\n<meta name=\"twitter:card\" content=\"summary_large_image\" \/>\n<meta name=\"twitter:label1\" content=\"\u00c9crit par\" \/>\n\t<meta name=\"twitter:data1\" content=\"cfeditorfr\" \/>\n\t<meta name=\"twitter:label2\" content=\"Dur\u00e9e de lecture estim\u00e9e\" \/>\n\t<meta name=\"twitter:data2\" content=\"2 minutes\" \/>\n<script type=\"application\/ld+json\" class=\"yoast-schema-graph\">{\"@context\":\"https:\/\/schema.org\",\"@graph\":[{\"@type\":\"Article\",\"@id\":\"https:\/\/www.africa-press.net\/togo\/politique\/togo-les-fat-sont-venues-a-bout-des-terroristes-au-quartier-administratif#article\",\"isPartOf\":{\"@id\":\"https:\/\/www.africa-press.net\/togo\/politique\/togo-les-fat-sont-venues-a-bout-des-terroristes-au-quartier-administratif\"},\"author\":{\"name\":\"cfeditorfr\",\"@id\":\"https:\/\/www.africa-press.net\/togo\/#\/schema\/person\/2b1cf3cd81a31e3cd26889ca66d677f1\"},\"headline\":\"Togo\u00a0: les FAT sont venues \u00e0 bout des terroristes au quartier administratif\",\"datePublished\":\"2022-10-21T19:45:41+00:00\",\"dateModified\":\"2022-10-21T21:05:50+00:00\",\"mainEntityOfPage\":{\"@id\":\"https:\/\/www.africa-press.net\/togo\/politique\/togo-les-fat-sont-venues-a-bout-des-terroristes-au-quartier-administratif\"},\"wordCount\":265,\"commentCount\":0,\"image\":{\"@id\":\"https:\/\/www.africa-press.net\/togo\/politique\/togo-les-fat-sont-venues-a-bout-des-terroristes-au-quartier-administratif#primaryimage\"},\"thumbnailUrl\":\"https:\/\/static.africa-press.net\/togo\/sites\/58\/2022\/10\/postQueueImg_8-635309978070f.jpg\",\"keywords\":[\"Africa Press\",\"Africa Press-Togo\",\"FAT\",\"Terrorisme\",\"Togo\"],\"articleSection\":[\"Politique\",\"Toutes les actualit\u00e9s\"],\"inLanguage\":\"fr-FR\",\"potentialAction\":[{\"@type\":\"CommentAction\",\"name\":\"Comment\",\"target\":[\"https:\/\/www.africa-press.net\/togo\/politique\/togo-les-fat-sont-venues-a-bout-des-terroristes-au-quartier-administratif#respond\"]}]},{\"@type\":\"WebPage\",\"@id\":\"https:\/\/www.africa-press.net\/togo\/politique\/togo-les-fat-sont-venues-a-bout-des-terroristes-au-quartier-administratif\",\"url\":\"https:\/\/www.africa-press.net\/togo\/politique\/togo-les-fat-sont-venues-a-bout-des-terroristes-au-quartier-administratif\",\"name\":\"Togo\u00a0: les FAT sont venues \u00e0 bout des terroristes au quartier administratif - Togo\",\"isPartOf\":{\"@id\":\"https:\/\/www.africa-press.net\/togo\/#website\"},\"primaryImageOfPage\":{\"@id\":\"https:\/\/www.africa-press.net\/togo\/politique\/togo-les-fat-sont-venues-a-bout-des-terroristes-au-quartier-administratif#primaryimage\"},\"image\":{\"@id\":\"https:\/\/www.africa-press.net\/togo\/politique\/togo-les-fat-sont-venues-a-bout-des-terroristes-au-quartier-administratif#primaryimage\"},\"thumbnailUrl\":\"https:\/\/static.africa-press.net\/togo\/sites\/58\/2022\/10\/postQueueImg_8-635309978070f.jpg\",\"datePublished\":\"2022-10-21T19:45:41+00:00\",\"dateModified\":\"2022-10-21T21:05:50+00:00\",\"author\":{\"@id\":\"https:\/\/www.africa-press.net\/togo\/#\/schema\/person\/2b1cf3cd81a31e3cd26889ca66d677f1\"},\"description\":\"L\u2019ope\u0301ration de simulation d\u2019attaques terroristes au quartier administratif s\u2019est bien de\u0301roule\u0301e ce jeudi 20 octobre 20 ...\",\"breadcrumb\":{\"@id\":\"https:\/\/www.africa-press.net\/togo\/politique\/togo-les-fat-sont-venues-a-bout-des-terroristes-au-quartier-administratif#breadcrumb\"},\"inLanguage\":\"fr-FR\",\"potentialAction\":[{\"@type\":\"ReadAction\",\"target\":[\"https:\/\/www.africa-press.net\/togo\/politique\/togo-les-fat-sont-venues-a-bout-des-terroristes-au-quartier-administratif\"]}]},{\"@type\":\"ImageObject\",\"inLanguage\":\"fr-FR\",\"@id\":\"https:\/\/www.africa-press.net\/togo\/politique\/togo-les-fat-sont-venues-a-bout-des-terroristes-au-quartier-administratif#primaryimage\",\"url\":\"https:\/\/static.africa-press.net\/togo\/sites\/58\/2022\/10\/postQueueImg_8-635309978070f.jpg\",\"contentUrl\":\"https:\/\/static.africa-press.net\/togo\/sites\/58\/2022\/10\/postQueueImg_8-635309978070f.jpg\",\"width\":720,\"height\":450,\"caption\":\"Togo\u00a0: les FAT sont venues \u00e0 bout des terroristes au quartier administratif\"},{\"@type\":\"BreadcrumbList\",\"@id\":\"https:\/\/www.africa-press.net\/togo\/politique\/togo-les-fat-sont-venues-a-bout-des-terroristes-au-quartier-administratif#breadcrumb\",\"itemListElement\":[{\"@type\":\"ListItem\",\"position\":1,\"name\":\"Accueil\",\"item\":\"https:\/\/www.africa-press.net\/togo\/\"},{\"@type\":\"ListItem\",\"position\":2,\"name\":\"Togo\u00a0: les FAT sont venues \u00e0 bout des terroristes au quartier administratif\"}]},{\"@type\":\"WebSite\",\"@id\":\"https:\/\/www.africa-press.net\/togo\/#website\",\"url\":\"https:\/\/www.africa-press.net\/togo\/\",\"name\":\"Togo\",\"description\":\"Just another Africa News Agency Sites site\",\"potentialAction\":[{\"@type\":\"SearchAction\",\"target\":{\"@type\":\"EntryPoint\",\"urlTemplate\":\"https:\/\/www.africa-press.net\/togo\/?s={search_term_string}\"},\"query-input\":{\"@type\":\"PropertyValueSpecification\",\"valueRequired\":true,\"valueName\":\"search_term_string\"}}],\"inLanguage\":\"fr-FR\"},{\"@type\":\"Person\",\"@id\":\"https:\/\/www.africa-press.net\/togo\/#\/schema\/person\/2b1cf3cd81a31e3cd26889ca66d677f1\",\"name\":\"cfeditorfr\"}]}<\/script>\n<!-- \/ Yoast SEO Premium plugin. -->","yoast_head_json":{"title":"Togo\u00a0: les FAT sont venues \u00e0 bout des terroristes au quartier administratif - Togo","description":"L\u2019ope\u0301ration de simulation d\u2019attaques terroristes au quartier administratif s\u2019est bien de\u0301roule\u0301e ce jeudi 20 octobre 20 ...","robots":{"index":"index","follow":"follow","max-snippet":"max-snippet:-1","max-image-preview":"max-image-preview:large","max-video-preview":"max-video-preview:-1"},"canonical":"https:\/\/www.africa-press.net\/togo\/politique\/togo-les-fat-sont-venues-a-bout-des-terroristes-au-quartier-administratif","og_locale":"fr_FR","og_type":"article","og_title":"Togo\u00a0: les FAT sont venues \u00e0 bout des terroristes au quartier administratif","og_description":"L\u2019ope\u0301ration de simulation d\u2019attaques terroristes au quartier administratif s\u2019est bien de\u0301roule\u0301e ce jeudi 20 octobre 20 ...","og_url":"https:\/\/www.africa-press.net\/togo\/politique\/togo-les-fat-sont-venues-a-bout-des-terroristes-au-quartier-administratif","og_site_name":"Togo","article_published_time":"2022-10-21T19:45:41+00:00","article_modified_time":"2022-10-21T21:05:50+00:00","og_image":[{"width":720,"height":450,"url":"https:\/\/static.africa-press.net\/togo\/sites\/58\/2022\/10\/postQueueImg_8-635309978070f.jpg","type":"image\/jpeg"}],"author":"cfeditorfr","twitter_card":"summary_large_image","twitter_misc":{"\u00c9crit par":"cfeditorfr","Dur\u00e9e de lecture estim\u00e9e":"2 minutes"},"schema":{"@context":"https:\/\/schema.org","@graph":[{"@type":"Article","@id":"https:\/\/www.africa-press.net\/togo\/politique\/togo-les-fat-sont-venues-a-bout-des-terroristes-au-quartier-administratif#article","isPartOf":{"@id":"https:\/\/www.africa-press.net\/togo\/politique\/togo-les-fat-sont-venues-a-bout-des-terroristes-au-quartier-administratif"},"author":{"name":"cfeditorfr","@id":"https:\/\/www.africa-press.net\/togo\/#\/schema\/person\/2b1cf3cd81a31e3cd26889ca66d677f1"},"headline":"Togo\u00a0: les FAT sont venues \u00e0 bout des terroristes au quartier administratif","datePublished":"2022-10-21T19:45:41+00:00","dateModified":"2022-10-21T21:05:50+00:00","mainEntityOfPage":{"@id":"https:\/\/www.africa-press.net\/togo\/politique\/togo-les-fat-sont-venues-a-bout-des-terroristes-au-quartier-administratif"},"wordCount":265,"commentCount":0,"image":{"@id":"https:\/\/www.africa-press.net\/togo\/politique\/togo-les-fat-sont-venues-a-bout-des-terroristes-au-quartier-administratif#primaryimage"},"thumbnailUrl":"https:\/\/static.africa-press.net\/togo\/sites\/58\/2022\/10\/postQueueImg_8-635309978070f.jpg","keywords":["Africa Press","Africa Press-Togo","FAT","Terrorisme","Togo"],"articleSection":["Politique","Toutes les actualit\u00e9s"],"inLanguage":"fr-FR","potentialAction":[{"@type":"CommentAction","name":"Comment","target":["https:\/\/www.africa-press.net\/togo\/politique\/togo-les-fat-sont-venues-a-bout-des-terroristes-au-quartier-administratif#respond"]}]},{"@type":"WebPage","@id":"https:\/\/www.africa-press.net\/togo\/politique\/togo-les-fat-sont-venues-a-bout-des-terroristes-au-quartier-administratif","url":"https:\/\/www.africa-press.net\/togo\/politique\/togo-les-fat-sont-venues-a-bout-des-terroristes-au-quartier-administratif","name":"Togo\u00a0: les FAT sont venues \u00e0 bout des terroristes au quartier administratif - Togo","isPartOf":{"@id":"https:\/\/www.africa-press.net\/togo\/#website"},"primaryImageOfPage":{"@id":"https:\/\/www.africa-press.net\/togo\/politique\/togo-les-fat-sont-venues-a-bout-des-terroristes-au-quartier-administratif#primaryimage"},"image":{"@id":"https:\/\/www.africa-press.net\/togo\/politique\/togo-les-fat-sont-venues-a-bout-des-terroristes-au-quartier-administratif#primaryimage"},"thumbnailUrl":"https:\/\/static.africa-press.net\/togo\/sites\/58\/2022\/10\/postQueueImg_8-635309978070f.jpg","datePublished":"2022-10-21T19:45:41+00:00","dateModified":"2022-10-21T21:05:50+00:00","author":{"@id":"https:\/\/www.africa-press.net\/togo\/#\/schema\/person\/2b1cf3cd81a31e3cd26889ca66d677f1"},"description":"L\u2019ope\u0301ration de simulation d\u2019attaques terroristes au quartier administratif s\u2019est bien de\u0301roule\u0301e ce jeudi 20 octobre 20 ...","breadcrumb":{"@id":"https:\/\/www.africa-press.net\/togo\/politique\/togo-les-fat-sont-venues-a-bout-des-terroristes-au-quartier-administratif#breadcrumb"},"inLanguage":"fr-FR","potentialAction":[{"@type":"ReadAction","target":["https:\/\/www.africa-press.net\/togo\/politique\/togo-les-fat-sont-venues-a-bout-des-terroristes-au-quartier-administratif"]}]},{"@type":"ImageObject","inLanguage":"fr-FR","@id":"https:\/\/www.africa-press.net\/togo\/politique\/togo-les-fat-sont-venues-a-bout-des-terroristes-au-quartier-administratif#primaryimage","url":"https:\/\/static.africa-press.net\/togo\/sites\/58\/2022\/10\/postQueueImg_8-635309978070f.jpg","contentUrl":"https:\/\/static.africa-press.net\/togo\/sites\/58\/2022\/10\/postQueueImg_8-635309978070f.jpg","width":720,"height":450,"caption":"Togo\u00a0: les FAT sont venues \u00e0 bout des terroristes au quartier administratif"},{"@type":"BreadcrumbList","@id":"https:\/\/www.africa-press.net\/togo\/politique\/togo-les-fat-sont-venues-a-bout-des-terroristes-au-quartier-administratif#breadcrumb","itemListElement":[{"@type":"ListItem","position":1,"name":"Accueil","item":"https:\/\/www.africa-press.net\/togo\/"},{"@type":"ListItem","position":2,"name":"Togo\u00a0: les FAT sont venues \u00e0 bout des terroristes au quartier administratif"}]},{"@type":"WebSite","@id":"https:\/\/www.africa-press.net\/togo\/#website","url":"https:\/\/www.africa-press.net\/togo\/","name":"Togo","description":"Just another Africa News Agency Sites site","potentialAction":[{"@type":"SearchAction","target":{"@type":"EntryPoint","urlTemplate":"https:\/\/www.africa-press.net\/togo\/?s={search_term_string}"},"query-input":{"@type":"PropertyValueSpecification","valueRequired":true,"valueName":"search_term_string"}}],"inLanguage":"fr-FR"},{"@type":"Person","@id":"https:\/\/www.africa-press.net\/togo\/#\/schema\/person\/2b1cf3cd81a31e3cd26889ca66d677f1","name":"cfeditorfr"}]}},"_links":{"self":[{"href":"https:\/\/www.africa-press.net\/togo\/wp-json\/wp\/v2\/posts\/12767","targetHints":{"allow":["GET"]}}],"collection":[{"href":"https:\/\/www.africa-press.net\/togo\/wp-json\/wp\/v2\/posts"}],"about":[{"href":"https:\/\/www.africa-press.net\/togo\/wp-json\/wp\/v2\/types\/post"}],"author":[{"embeddable":true,"href":"https:\/\/www.africa-press.net\/togo\/wp-json\/wp\/v2\/users\/82"}],"replies":[{"embeddable":true,"href":"https:\/\/www.africa-press.net\/togo\/wp-json\/wp\/v2\/comments?post=12767"}],"version-history":[{"count":0,"href":"https:\/\/www.africa-press.net\/togo\/wp-json\/wp\/v2\/posts\/12767\/revisions"}],"wp:featuredmedia":[{"embeddable":true,"href":"https:\/\/www.africa-press.net\/togo\/wp-json\/wp\/v2\/media\/12766"}],"wp:attachment":[{"href":"https:\/\/www.africa-press.net\/togo\/wp-json\/wp\/v2\/media?parent=12767"}],"wp:term":[{"taxonomy":"category","embeddable":true,"href":"https:\/\/www.africa-press.net\/togo\/wp-json\/wp\/v2\/categories?post=12767"},{"taxonomy":"post_tag","embeddable":true,"href":"https:\/\/www.africa-press.net\/togo\/wp-json\/wp\/v2\/tags?post=12767"}],"curies":[{"name":"wp","href":"https:\/\/api.w.org\/{rel}","templated":true}]}}