{"id":12807,"date":"2022-10-23T19:39:30","date_gmt":"2022-10-23T19:39:30","guid":{"rendered":"https:\/\/www.africa-press.net\/togo\/politique\/5e-recensement-le-togo-compte-sa-population"},"modified":"2022-10-23T19:43:50","modified_gmt":"2022-10-23T19:43:50","slug":"5e-recensement-le-togo-compte-sa-population","status":"publish","type":"post","link":"https:\/\/www.africa-press.net\/togo\/toutes-les-actualites\/5e-recensement-le-togo-compte-sa-population","title":{"rendered":"5\u00e8 recensement : Le Togo compte sa population"},"content":{"rendered":"<p><span style=\"color: #ff6600\"><strong>Africa-Press &#8211; Togo. <\/strong><\/span><b>Ils sont 15 000 recenseurs sont de\u0301ploye\u0301s sur l\u2019ensemble du territoire dans le cadre du cinquie\u0300me recensement de la population et de l\u2019habitat jusqu\u2019au 12 novembre prochain.<\/b><\/p>\n<p>L\u2019ope\u0301ration du comptage de la population a de\u0301bute\u0301 ce dimanche 23 octobre 2022. Pas moins de 15.000 agents recenseurs sont sur le terrain pour compter, collecter les donne\u0301es devant a\u0300 servir aux politiques publiques de planification.<\/p>\n<p>Cette campagne statistique permettra, in fine, au Togo de disposer des donne\u0301es de\u0301mographiques et socio-e\u0301conomiques re\u0301elles et fiables. Pour y parvenir, les recenseurs utilisent des tablettes.<\/p>\n<p>La re\u0301alisation du cinquie\u0300me recensement de la population et de l\u2019habitat est soutenue financie\u0300rement par la Banque mondiale, le Fonds des nations unies pour la population et la coope\u0301ration allemande (GIZ). Au total, huit (8) milliards sont de\u0301bloque\u0301s.<\/p>\n<p><strong>Pour plus d&rsquo;informations et d&rsquo;analyses sur la <a href=\"https:\/\/www.africa-press.net\/togo\">Togo<\/a>, suivez <a href=\"https:\/\/www.africa-press.net\/\">Africa-Press<\/a><\/strong><\/p>\n","protected":false},"excerpt":{"rendered":"<p>Africa-Press &#8211; Togo. Ils sont 15 000 recenseurs sont de\u0301ploye\u0301s sur l\u2019ensemble du territoire dans le cadre du cinquie\u0300me recensement de la population et de l\u2019habitat jusqu\u2019au 12 novembre prochain. L\u2019ope\u0301ration du comptage de la population a de\u0301bute\u0301 ce dimanche 23 octobre 2022. Pas moins de 15.000 agents recenseurs sont sur le terrain pour compter, [&hellip;]<\/p>\n","protected":false},"author":82,"featured_media":12806,"comment_status":"open","ping_status":"closed","sticky":false,"template":"","format":"standard","meta":{"footnotes":""},"categories":[21,10],"tags":[36,49,50],"class_list":["post-12807","post","type-post","status-publish","format-standard","has-post-thumbnail","hentry","category-communaute","category-toutes-les-actualites","tag-africa-press","tag-africa-press-togo","tag-togo"],"yoast_head":"<!-- This site is optimized with the Yoast SEO Premium plugin v26.1 (Yoast SEO v27.0) - https:\/\/yoast.com\/product\/yoast-seo-premium-wordpress\/ -->\n<title>5\u00e8 recensement : Le Togo compte sa population - Togo<\/title>\n<meta name=\"description\" content=\"Ils sont 15 000 recenseurs sont de\u0301ploye\u0301s sur l\u2019ensemble du territoire dans le cadre du cinquie\u0300me recensement de la ...\" \/>\n<meta name=\"robots\" content=\"index, follow, max-snippet:-1, max-image-preview:large, max-video-preview:-1\" \/>\n<link rel=\"canonical\" href=\"https:\/\/www.africa-press.net\/togo\/toutes-les-actualites\/5e-recensement-le-togo-compte-sa-population\" \/>\n<meta property=\"og:locale\" content=\"fr_FR\" \/>\n<meta property=\"og:type\" content=\"article\" \/>\n<meta property=\"og:title\" content=\"5\u00e8 recensement : Le Togo compte sa population\" \/>\n<meta property=\"og:description\" content=\"Ils sont 15 000 recenseurs sont de\u0301ploye\u0301s sur l\u2019ensemble du territoire dans le cadre du cinquie\u0300me recensement de la ...\" \/>\n<meta property=\"og:url\" content=\"https:\/\/www.africa-press.net\/togo\/toutes-les-actualites\/5e-recensement-le-togo-compte-sa-population\" \/>\n<meta property=\"og:site_name\" content=\"Togo\" \/>\n<meta property=\"article:published_time\" content=\"2022-10-23T19:39:30+00:00\" \/>\n<meta property=\"article:modified_time\" content=\"2022-10-23T19:43:50+00:00\" \/>\n<meta property=\"og:image\" content=\"https:\/\/static.africa-press.net\/togo\/sites\/58\/2022\/10\/postQueueImg_2-635599588a358.jpg\" \/>\n\t<meta property=\"og:image:width\" content=\"1280\" \/>\n\t<meta property=\"og:image:height\" content=\"800\" \/>\n\t<meta property=\"og:image:type\" content=\"image\/jpeg\" \/>\n<meta name=\"author\" content=\"cfeditorfr\" \/>\n<meta name=\"twitter:card\" content=\"summary_large_image\" \/>\n<meta name=\"twitter:label1\" content=\"\u00c9crit par\" \/>\n\t<meta name=\"twitter:data1\" content=\"cfeditorfr\" \/>\n\t<meta name=\"twitter:label2\" content=\"Dur\u00e9e de lecture estim\u00e9e\" \/>\n\t<meta name=\"twitter:data2\" content=\"1 minute\" \/>\n<script type=\"application\/ld+json\" class=\"yoast-schema-graph\">{\"@context\":\"https:\/\/schema.org\",\"@graph\":[{\"@type\":\"Article\",\"@id\":\"https:\/\/www.africa-press.net\/togo\/toutes-les-actualites\/5e-recensement-le-togo-compte-sa-population#article\",\"isPartOf\":{\"@id\":\"https:\/\/www.africa-press.net\/togo\/toutes-les-actualites\/5e-recensement-le-togo-compte-sa-population\"},\"author\":{\"name\":\"cfeditorfr\",\"@id\":\"https:\/\/www.africa-press.net\/togo\/#\/schema\/person\/2b1cf3cd81a31e3cd26889ca66d677f1\"},\"headline\":\"5\u00e8 recensement : Le Togo compte sa population\",\"datePublished\":\"2022-10-23T19:39:30+00:00\",\"dateModified\":\"2022-10-23T19:43:50+00:00\",\"mainEntityOfPage\":{\"@id\":\"https:\/\/www.africa-press.net\/togo\/toutes-les-actualites\/5e-recensement-le-togo-compte-sa-population\"},\"wordCount\":162,\"commentCount\":0,\"image\":{\"@id\":\"https:\/\/www.africa-press.net\/togo\/toutes-les-actualites\/5e-recensement-le-togo-compte-sa-population#primaryimage\"},\"thumbnailUrl\":\"https:\/\/static.africa-press.net\/togo\/sites\/58\/2022\/10\/postQueueImg_2-635599588a358.jpg\",\"keywords\":[\"Africa Press\",\"Africa Press-Togo\",\"Togo\"],\"articleSection\":[\"Communaut\u00e9\",\"Toutes les actualit\u00e9s\"],\"inLanguage\":\"fr-FR\",\"potentialAction\":[{\"@type\":\"CommentAction\",\"name\":\"Comment\",\"target\":[\"https:\/\/www.africa-press.net\/togo\/toutes-les-actualites\/5e-recensement-le-togo-compte-sa-population#respond\"]}]},{\"@type\":\"WebPage\",\"@id\":\"https:\/\/www.africa-press.net\/togo\/toutes-les-actualites\/5e-recensement-le-togo-compte-sa-population\",\"url\":\"https:\/\/www.africa-press.net\/togo\/toutes-les-actualites\/5e-recensement-le-togo-compte-sa-population\",\"name\":\"5\u00e8 recensement : Le Togo compte sa population - Togo\",\"isPartOf\":{\"@id\":\"https:\/\/www.africa-press.net\/togo\/#website\"},\"primaryImageOfPage\":{\"@id\":\"https:\/\/www.africa-press.net\/togo\/toutes-les-actualites\/5e-recensement-le-togo-compte-sa-population#primaryimage\"},\"image\":{\"@id\":\"https:\/\/www.africa-press.net\/togo\/toutes-les-actualites\/5e-recensement-le-togo-compte-sa-population#primaryimage\"},\"thumbnailUrl\":\"https:\/\/static.africa-press.net\/togo\/sites\/58\/2022\/10\/postQueueImg_2-635599588a358.jpg\",\"datePublished\":\"2022-10-23T19:39:30+00:00\",\"dateModified\":\"2022-10-23T19:43:50+00:00\",\"author\":{\"@id\":\"https:\/\/www.africa-press.net\/togo\/#\/schema\/person\/2b1cf3cd81a31e3cd26889ca66d677f1\"},\"description\":\"Ils sont 15 000 recenseurs sont de\u0301ploye\u0301s sur l\u2019ensemble du territoire dans le cadre du cinquie\u0300me recensement de la ...\",\"breadcrumb\":{\"@id\":\"https:\/\/www.africa-press.net\/togo\/toutes-les-actualites\/5e-recensement-le-togo-compte-sa-population#breadcrumb\"},\"inLanguage\":\"fr-FR\",\"potentialAction\":[{\"@type\":\"ReadAction\",\"target\":[\"https:\/\/www.africa-press.net\/togo\/toutes-les-actualites\/5e-recensement-le-togo-compte-sa-population\"]}]},{\"@type\":\"ImageObject\",\"inLanguage\":\"fr-FR\",\"@id\":\"https:\/\/www.africa-press.net\/togo\/toutes-les-actualites\/5e-recensement-le-togo-compte-sa-population#primaryimage\",\"url\":\"https:\/\/static.africa-press.net\/togo\/sites\/58\/2022\/10\/postQueueImg_2-635599588a358.jpg\",\"contentUrl\":\"https:\/\/static.africa-press.net\/togo\/sites\/58\/2022\/10\/postQueueImg_2-635599588a358.jpg\",\"width\":1280,\"height\":800,\"caption\":\"5\u00e8 recensement : Le Togo compte sa population\"},{\"@type\":\"BreadcrumbList\",\"@id\":\"https:\/\/www.africa-press.net\/togo\/toutes-les-actualites\/5e-recensement-le-togo-compte-sa-population#breadcrumb\",\"itemListElement\":[{\"@type\":\"ListItem\",\"position\":1,\"name\":\"Accueil\",\"item\":\"https:\/\/www.africa-press.net\/togo\/\"},{\"@type\":\"ListItem\",\"position\":2,\"name\":\"5\u00e8 recensement : Le Togo compte sa population\"}]},{\"@type\":\"WebSite\",\"@id\":\"https:\/\/www.africa-press.net\/togo\/#website\",\"url\":\"https:\/\/www.africa-press.net\/togo\/\",\"name\":\"Togo\",\"description\":\"Just another Africa News Agency Sites site\",\"potentialAction\":[{\"@type\":\"SearchAction\",\"target\":{\"@type\":\"EntryPoint\",\"urlTemplate\":\"https:\/\/www.africa-press.net\/togo\/?s={search_term_string}\"},\"query-input\":{\"@type\":\"PropertyValueSpecification\",\"valueRequired\":true,\"valueName\":\"search_term_string\"}}],\"inLanguage\":\"fr-FR\"},{\"@type\":\"Person\",\"@id\":\"https:\/\/www.africa-press.net\/togo\/#\/schema\/person\/2b1cf3cd81a31e3cd26889ca66d677f1\",\"name\":\"cfeditorfr\"}]}<\/script>\n<!-- \/ Yoast SEO Premium plugin. -->","yoast_head_json":{"title":"5\u00e8 recensement : Le Togo compte sa population - Togo","description":"Ils sont 15 000 recenseurs sont de\u0301ploye\u0301s sur l\u2019ensemble du territoire dans le cadre du cinquie\u0300me recensement de la ...","robots":{"index":"index","follow":"follow","max-snippet":"max-snippet:-1","max-image-preview":"max-image-preview:large","max-video-preview":"max-video-preview:-1"},"canonical":"https:\/\/www.africa-press.net\/togo\/toutes-les-actualites\/5e-recensement-le-togo-compte-sa-population","og_locale":"fr_FR","og_type":"article","og_title":"5\u00e8 recensement : Le Togo compte sa population","og_description":"Ils sont 15 000 recenseurs sont de\u0301ploye\u0301s sur l\u2019ensemble du territoire dans le cadre du cinquie\u0300me recensement de la ...","og_url":"https:\/\/www.africa-press.net\/togo\/toutes-les-actualites\/5e-recensement-le-togo-compte-sa-population","og_site_name":"Togo","article_published_time":"2022-10-23T19:39:30+00:00","article_modified_time":"2022-10-23T19:43:50+00:00","og_image":[{"width":1280,"height":800,"url":"https:\/\/static.africa-press.net\/togo\/sites\/58\/2022\/10\/postQueueImg_2-635599588a358.jpg","type":"image\/jpeg"}],"author":"cfeditorfr","twitter_card":"summary_large_image","twitter_misc":{"\u00c9crit par":"cfeditorfr","Dur\u00e9e de lecture estim\u00e9e":"1 minute"},"schema":{"@context":"https:\/\/schema.org","@graph":[{"@type":"Article","@id":"https:\/\/www.africa-press.net\/togo\/toutes-les-actualites\/5e-recensement-le-togo-compte-sa-population#article","isPartOf":{"@id":"https:\/\/www.africa-press.net\/togo\/toutes-les-actualites\/5e-recensement-le-togo-compte-sa-population"},"author":{"name":"cfeditorfr","@id":"https:\/\/www.africa-press.net\/togo\/#\/schema\/person\/2b1cf3cd81a31e3cd26889ca66d677f1"},"headline":"5\u00e8 recensement : Le Togo compte sa population","datePublished":"2022-10-23T19:39:30+00:00","dateModified":"2022-10-23T19:43:50+00:00","mainEntityOfPage":{"@id":"https:\/\/www.africa-press.net\/togo\/toutes-les-actualites\/5e-recensement-le-togo-compte-sa-population"},"wordCount":162,"commentCount":0,"image":{"@id":"https:\/\/www.africa-press.net\/togo\/toutes-les-actualites\/5e-recensement-le-togo-compte-sa-population#primaryimage"},"thumbnailUrl":"https:\/\/static.africa-press.net\/togo\/sites\/58\/2022\/10\/postQueueImg_2-635599588a358.jpg","keywords":["Africa Press","Africa Press-Togo","Togo"],"articleSection":["Communaut\u00e9","Toutes les actualit\u00e9s"],"inLanguage":"fr-FR","potentialAction":[{"@type":"CommentAction","name":"Comment","target":["https:\/\/www.africa-press.net\/togo\/toutes-les-actualites\/5e-recensement-le-togo-compte-sa-population#respond"]}]},{"@type":"WebPage","@id":"https:\/\/www.africa-press.net\/togo\/toutes-les-actualites\/5e-recensement-le-togo-compte-sa-population","url":"https:\/\/www.africa-press.net\/togo\/toutes-les-actualites\/5e-recensement-le-togo-compte-sa-population","name":"5\u00e8 recensement : Le Togo compte sa population - Togo","isPartOf":{"@id":"https:\/\/www.africa-press.net\/togo\/#website"},"primaryImageOfPage":{"@id":"https:\/\/www.africa-press.net\/togo\/toutes-les-actualites\/5e-recensement-le-togo-compte-sa-population#primaryimage"},"image":{"@id":"https:\/\/www.africa-press.net\/togo\/toutes-les-actualites\/5e-recensement-le-togo-compte-sa-population#primaryimage"},"thumbnailUrl":"https:\/\/static.africa-press.net\/togo\/sites\/58\/2022\/10\/postQueueImg_2-635599588a358.jpg","datePublished":"2022-10-23T19:39:30+00:00","dateModified":"2022-10-23T19:43:50+00:00","author":{"@id":"https:\/\/www.africa-press.net\/togo\/#\/schema\/person\/2b1cf3cd81a31e3cd26889ca66d677f1"},"description":"Ils sont 15 000 recenseurs sont de\u0301ploye\u0301s sur l\u2019ensemble du territoire dans le cadre du cinquie\u0300me recensement de la ...","breadcrumb":{"@id":"https:\/\/www.africa-press.net\/togo\/toutes-les-actualites\/5e-recensement-le-togo-compte-sa-population#breadcrumb"},"inLanguage":"fr-FR","potentialAction":[{"@type":"ReadAction","target":["https:\/\/www.africa-press.net\/togo\/toutes-les-actualites\/5e-recensement-le-togo-compte-sa-population"]}]},{"@type":"ImageObject","inLanguage":"fr-FR","@id":"https:\/\/www.africa-press.net\/togo\/toutes-les-actualites\/5e-recensement-le-togo-compte-sa-population#primaryimage","url":"https:\/\/static.africa-press.net\/togo\/sites\/58\/2022\/10\/postQueueImg_2-635599588a358.jpg","contentUrl":"https:\/\/static.africa-press.net\/togo\/sites\/58\/2022\/10\/postQueueImg_2-635599588a358.jpg","width":1280,"height":800,"caption":"5\u00e8 recensement : Le Togo compte sa population"},{"@type":"BreadcrumbList","@id":"https:\/\/www.africa-press.net\/togo\/toutes-les-actualites\/5e-recensement-le-togo-compte-sa-population#breadcrumb","itemListElement":[{"@type":"ListItem","position":1,"name":"Accueil","item":"https:\/\/www.africa-press.net\/togo\/"},{"@type":"ListItem","position":2,"name":"5\u00e8 recensement : Le Togo compte sa population"}]},{"@type":"WebSite","@id":"https:\/\/www.africa-press.net\/togo\/#website","url":"https:\/\/www.africa-press.net\/togo\/","name":"Togo","description":"Just another Africa News Agency Sites site","potentialAction":[{"@type":"SearchAction","target":{"@type":"EntryPoint","urlTemplate":"https:\/\/www.africa-press.net\/togo\/?s={search_term_string}"},"query-input":{"@type":"PropertyValueSpecification","valueRequired":true,"valueName":"search_term_string"}}],"inLanguage":"fr-FR"},{"@type":"Person","@id":"https:\/\/www.africa-press.net\/togo\/#\/schema\/person\/2b1cf3cd81a31e3cd26889ca66d677f1","name":"cfeditorfr"}]}},"_links":{"self":[{"href":"https:\/\/www.africa-press.net\/togo\/wp-json\/wp\/v2\/posts\/12807","targetHints":{"allow":["GET"]}}],"collection":[{"href":"https:\/\/www.africa-press.net\/togo\/wp-json\/wp\/v2\/posts"}],"about":[{"href":"https:\/\/www.africa-press.net\/togo\/wp-json\/wp\/v2\/types\/post"}],"author":[{"embeddable":true,"href":"https:\/\/www.africa-press.net\/togo\/wp-json\/wp\/v2\/users\/82"}],"replies":[{"embeddable":true,"href":"https:\/\/www.africa-press.net\/togo\/wp-json\/wp\/v2\/comments?post=12807"}],"version-history":[{"count":0,"href":"https:\/\/www.africa-press.net\/togo\/wp-json\/wp\/v2\/posts\/12807\/revisions"}],"wp:featuredmedia":[{"embeddable":true,"href":"https:\/\/www.africa-press.net\/togo\/wp-json\/wp\/v2\/media\/12806"}],"wp:attachment":[{"href":"https:\/\/www.africa-press.net\/togo\/wp-json\/wp\/v2\/media?parent=12807"}],"wp:term":[{"taxonomy":"category","embeddable":true,"href":"https:\/\/www.africa-press.net\/togo\/wp-json\/wp\/v2\/categories?post=12807"},{"taxonomy":"post_tag","embeddable":true,"href":"https:\/\/www.africa-press.net\/togo\/wp-json\/wp\/v2\/tags?post=12807"}],"curies":[{"name":"wp","href":"https:\/\/api.w.org\/{rel}","templated":true}]}}