{"id":12810,"date":"2022-10-23T19:39:38","date_gmt":"2022-10-23T19:39:38","guid":{"rendered":"https:\/\/www.africa-press.net\/togo\/politique\/togo-can-u23-les-eperviers-prets-contre-lafrique-du-sud"},"modified":"2022-10-23T19:44:54","modified_gmt":"2022-10-23T19:44:54","slug":"togo-can-u23-les-eperviers-prets-contre-lafrique-du-sud","status":"publish","type":"post","link":"https:\/\/www.africa-press.net\/togo\/sports\/togo-can-u23-les-eperviers-prets-contre-lafrique-du-sud","title":{"rendered":"Togo-CAN U23 : Les Eperviers pr\u00eats contre l\u2019Afrique du Sud ?"},"content":{"rendered":"<p><span style=\"color: #ff6600\"><strong>Africa-Press &#8211; Togo. <\/strong><\/span><b>Les E\u0301perviers Espoirs jouent leurs homologues sud-africains ce dimanche 23 octobre a\u0300 16 heures au Stade de Ke\u0301gue\u0301. Une de\u0301le\u0301gation officielle leur a rendu visite a\u0300 la veille de la rencontre a\u0300 Lome\u0301.<\/b><\/p>\n<p>Le Togo affronte l\u2019Afrique du Sud dans le cadre du match aller du deuxie\u0300me tour des e\u0301liminatoires de la CAN U23 au stade de Ke\u0301gue\u0301. Raison d\u2019ailleurs pour laquelle les jeunes togolais e\u0301taient en regroupement depuis le dimanche 16 octobre a\u0300 Lome\u0301.<\/p>\n<p>Pour le moment, tout se passe comme les membres du staff technique l\u2019ont pense\u0301. Ces derniers, toutefois, devront, mettre en place un plan sans Drakpe Augustin et Karim Dermane qui n\u2019ont pas pu e\u0302tre libe\u0301re\u0301 par leur club. Les attaquants Kperedja Ouzeroudine (Unisport de Sokode\u0301) et Ataba Komi Emmanuel (As Togo Port) sont convoque\u0301s pour combler leur absence.<\/p>\n<p>Les joueurs du se\u0301lectionneur Traore\u0301 Afizou, ont rec\u0327u a\u0300 deux joueurs de la rencontre de\u0301cisive la visite d\u2019une de\u0301le\u0301gation officielle. Compose\u0301e de Bawa Adamou, Directeur national des Sports et de Halba Gilbert, Conseiller en communication du ministe\u0300re des sports, elle est alle\u0301e \u00ab soutenir et encourager la se\u0301lection \u00bb et lui a transmis le message de motivation de Docteur Lidi-Bessi Kama, la ministre des Sports et des Loisirs.<\/p>\n<p>Suffisant pour arracher une victoire cet apre\u0300s-midi contre les jeunes Bafana Bafana ? C\u2019est le wait and see.<\/p>\n<p><strong>Pour plus d&rsquo;informations et d&rsquo;analyses sur la <a href=\"https:\/\/www.africa-press.net\/togo\">Togo<\/a>, suivez <a href=\"https:\/\/www.africa-press.net\/\">Africa-Press<\/a><\/strong><\/p>\n","protected":false},"excerpt":{"rendered":"<p>Africa-Press &#8211; Togo. Les E\u0301perviers Espoirs jouent leurs homologues sud-africains ce dimanche 23 octobre a\u0300 16 heures au Stade de Ke\u0301gue\u0301. Une de\u0301le\u0301gation officielle leur a rendu visite a\u0300 la veille de la rencontre a\u0300 Lome\u0301. Le Togo affronte l\u2019Afrique du Sud dans le cadre du match aller du deuxie\u0300me tour des e\u0301liminatoires de la [&hellip;]<\/p>\n","protected":false},"author":82,"featured_media":12809,"comment_status":"open","ping_status":"closed","sticky":false,"template":"","format":"standard","meta":{"footnotes":""},"categories":[6,10],"tags":[36,49,50],"class_list":["post-12810","post","type-post","status-publish","format-standard","has-post-thumbnail","hentry","category-sports","category-toutes-les-actualites","tag-africa-press","tag-africa-press-togo","tag-togo"],"yoast_head":"<!-- This site is optimized with the Yoast SEO Premium plugin v26.1 (Yoast SEO v27.0) - https:\/\/yoast.com\/product\/yoast-seo-premium-wordpress\/ -->\n<title>Togo-CAN U23 : Les Eperviers pr\u00eats contre l\u2019Afrique du Sud ? - Togo<\/title>\n<meta name=\"description\" content=\"Les E\u0301perviers Espoirs jouent leurs homologues sud-africains ce dimanche 23 octobre a\u0300 16 heures au Stade de Ke\u0301gue\u0301. ...\" \/>\n<meta name=\"robots\" content=\"index, follow, max-snippet:-1, max-image-preview:large, max-video-preview:-1\" \/>\n<link rel=\"canonical\" href=\"https:\/\/www.africa-press.net\/togo\/sports\/togo-can-u23-les-eperviers-prets-contre-lafrique-du-sud\" \/>\n<meta property=\"og:locale\" content=\"fr_FR\" \/>\n<meta property=\"og:type\" content=\"article\" \/>\n<meta property=\"og:title\" content=\"Togo-CAN U23 : Les Eperviers pr\u00eats contre l\u2019Afrique du Sud ?\" \/>\n<meta property=\"og:description\" content=\"Les E\u0301perviers Espoirs jouent leurs homologues sud-africains ce dimanche 23 octobre a\u0300 16 heures au Stade de Ke\u0301gue\u0301. ...\" \/>\n<meta property=\"og:url\" content=\"https:\/\/www.africa-press.net\/togo\/sports\/togo-can-u23-les-eperviers-prets-contre-lafrique-du-sud\" \/>\n<meta property=\"og:site_name\" content=\"Togo\" \/>\n<meta property=\"article:published_time\" content=\"2022-10-23T19:39:38+00:00\" \/>\n<meta property=\"article:modified_time\" content=\"2022-10-23T19:44:54+00:00\" \/>\n<meta property=\"og:image\" content=\"https:\/\/static.africa-press.net\/togo\/sites\/58\/2022\/10\/postQueueImg_3-6355997e3ae4c.jpg\" \/>\n\t<meta property=\"og:image:width\" content=\"1280\" \/>\n\t<meta property=\"og:image:height\" content=\"800\" \/>\n\t<meta property=\"og:image:type\" content=\"image\/jpeg\" \/>\n<meta name=\"author\" content=\"cfeditorfr\" \/>\n<meta name=\"twitter:card\" content=\"summary_large_image\" \/>\n<meta name=\"twitter:label1\" content=\"\u00c9crit par\" \/>\n\t<meta name=\"twitter:data1\" content=\"cfeditorfr\" \/>\n\t<meta name=\"twitter:label2\" content=\"Dur\u00e9e de lecture estim\u00e9e\" \/>\n\t<meta name=\"twitter:data2\" content=\"2 minutes\" \/>\n<script type=\"application\/ld+json\" class=\"yoast-schema-graph\">{\"@context\":\"https:\/\/schema.org\",\"@graph\":[{\"@type\":\"Article\",\"@id\":\"https:\/\/www.africa-press.net\/togo\/sports\/togo-can-u23-les-eperviers-prets-contre-lafrique-du-sud#article\",\"isPartOf\":{\"@id\":\"https:\/\/www.africa-press.net\/togo\/sports\/togo-can-u23-les-eperviers-prets-contre-lafrique-du-sud\"},\"author\":{\"name\":\"cfeditorfr\",\"@id\":\"https:\/\/www.africa-press.net\/togo\/#\/schema\/person\/2b1cf3cd81a31e3cd26889ca66d677f1\"},\"headline\":\"Togo-CAN U23 : Les Eperviers pr\u00eats contre l\u2019Afrique du Sud ?\",\"datePublished\":\"2022-10-23T19:39:38+00:00\",\"dateModified\":\"2022-10-23T19:44:54+00:00\",\"mainEntityOfPage\":{\"@id\":\"https:\/\/www.africa-press.net\/togo\/sports\/togo-can-u23-les-eperviers-prets-contre-lafrique-du-sud\"},\"wordCount\":266,\"commentCount\":0,\"image\":{\"@id\":\"https:\/\/www.africa-press.net\/togo\/sports\/togo-can-u23-les-eperviers-prets-contre-lafrique-du-sud#primaryimage\"},\"thumbnailUrl\":\"https:\/\/static.africa-press.net\/togo\/sites\/58\/2022\/10\/postQueueImg_3-6355997e3ae4c.jpg\",\"keywords\":[\"Africa Press\",\"Africa Press-Togo\",\"Togo\"],\"articleSection\":[\"Sports\",\"Toutes les actualit\u00e9s\"],\"inLanguage\":\"fr-FR\",\"potentialAction\":[{\"@type\":\"CommentAction\",\"name\":\"Comment\",\"target\":[\"https:\/\/www.africa-press.net\/togo\/sports\/togo-can-u23-les-eperviers-prets-contre-lafrique-du-sud#respond\"]}]},{\"@type\":\"WebPage\",\"@id\":\"https:\/\/www.africa-press.net\/togo\/sports\/togo-can-u23-les-eperviers-prets-contre-lafrique-du-sud\",\"url\":\"https:\/\/www.africa-press.net\/togo\/sports\/togo-can-u23-les-eperviers-prets-contre-lafrique-du-sud\",\"name\":\"Togo-CAN U23 : Les Eperviers pr\u00eats contre l\u2019Afrique du Sud ? - Togo\",\"isPartOf\":{\"@id\":\"https:\/\/www.africa-press.net\/togo\/#website\"},\"primaryImageOfPage\":{\"@id\":\"https:\/\/www.africa-press.net\/togo\/sports\/togo-can-u23-les-eperviers-prets-contre-lafrique-du-sud#primaryimage\"},\"image\":{\"@id\":\"https:\/\/www.africa-press.net\/togo\/sports\/togo-can-u23-les-eperviers-prets-contre-lafrique-du-sud#primaryimage\"},\"thumbnailUrl\":\"https:\/\/static.africa-press.net\/togo\/sites\/58\/2022\/10\/postQueueImg_3-6355997e3ae4c.jpg\",\"datePublished\":\"2022-10-23T19:39:38+00:00\",\"dateModified\":\"2022-10-23T19:44:54+00:00\",\"author\":{\"@id\":\"https:\/\/www.africa-press.net\/togo\/#\/schema\/person\/2b1cf3cd81a31e3cd26889ca66d677f1\"},\"description\":\"Les E\u0301perviers Espoirs jouent leurs homologues sud-africains ce dimanche 23 octobre a\u0300 16 heures au Stade de Ke\u0301gue\u0301. ...\",\"breadcrumb\":{\"@id\":\"https:\/\/www.africa-press.net\/togo\/sports\/togo-can-u23-les-eperviers-prets-contre-lafrique-du-sud#breadcrumb\"},\"inLanguage\":\"fr-FR\",\"potentialAction\":[{\"@type\":\"ReadAction\",\"target\":[\"https:\/\/www.africa-press.net\/togo\/sports\/togo-can-u23-les-eperviers-prets-contre-lafrique-du-sud\"]}]},{\"@type\":\"ImageObject\",\"inLanguage\":\"fr-FR\",\"@id\":\"https:\/\/www.africa-press.net\/togo\/sports\/togo-can-u23-les-eperviers-prets-contre-lafrique-du-sud#primaryimage\",\"url\":\"https:\/\/static.africa-press.net\/togo\/sites\/58\/2022\/10\/postQueueImg_3-6355997e3ae4c.jpg\",\"contentUrl\":\"https:\/\/static.africa-press.net\/togo\/sites\/58\/2022\/10\/postQueueImg_3-6355997e3ae4c.jpg\",\"width\":1280,\"height\":800,\"caption\":\"Togo-CAN U23 : Les Eperviers pr\u00eats contre l\u2019Afrique du Sud ?\"},{\"@type\":\"BreadcrumbList\",\"@id\":\"https:\/\/www.africa-press.net\/togo\/sports\/togo-can-u23-les-eperviers-prets-contre-lafrique-du-sud#breadcrumb\",\"itemListElement\":[{\"@type\":\"ListItem\",\"position\":1,\"name\":\"Accueil\",\"item\":\"https:\/\/www.africa-press.net\/togo\/\"},{\"@type\":\"ListItem\",\"position\":2,\"name\":\"Togo-CAN U23 : Les Eperviers pr\u00eats contre l\u2019Afrique du Sud ?\"}]},{\"@type\":\"WebSite\",\"@id\":\"https:\/\/www.africa-press.net\/togo\/#website\",\"url\":\"https:\/\/www.africa-press.net\/togo\/\",\"name\":\"Togo\",\"description\":\"Just another Africa News Agency Sites site\",\"potentialAction\":[{\"@type\":\"SearchAction\",\"target\":{\"@type\":\"EntryPoint\",\"urlTemplate\":\"https:\/\/www.africa-press.net\/togo\/?s={search_term_string}\"},\"query-input\":{\"@type\":\"PropertyValueSpecification\",\"valueRequired\":true,\"valueName\":\"search_term_string\"}}],\"inLanguage\":\"fr-FR\"},{\"@type\":\"Person\",\"@id\":\"https:\/\/www.africa-press.net\/togo\/#\/schema\/person\/2b1cf3cd81a31e3cd26889ca66d677f1\",\"name\":\"cfeditorfr\"}]}<\/script>\n<!-- \/ Yoast SEO Premium plugin. -->","yoast_head_json":{"title":"Togo-CAN U23 : Les Eperviers pr\u00eats contre l\u2019Afrique du Sud ? - Togo","description":"Les E\u0301perviers Espoirs jouent leurs homologues sud-africains ce dimanche 23 octobre a\u0300 16 heures au Stade de Ke\u0301gue\u0301. ...","robots":{"index":"index","follow":"follow","max-snippet":"max-snippet:-1","max-image-preview":"max-image-preview:large","max-video-preview":"max-video-preview:-1"},"canonical":"https:\/\/www.africa-press.net\/togo\/sports\/togo-can-u23-les-eperviers-prets-contre-lafrique-du-sud","og_locale":"fr_FR","og_type":"article","og_title":"Togo-CAN U23 : Les Eperviers pr\u00eats contre l\u2019Afrique du Sud ?","og_description":"Les E\u0301perviers Espoirs jouent leurs homologues sud-africains ce dimanche 23 octobre a\u0300 16 heures au Stade de Ke\u0301gue\u0301. ...","og_url":"https:\/\/www.africa-press.net\/togo\/sports\/togo-can-u23-les-eperviers-prets-contre-lafrique-du-sud","og_site_name":"Togo","article_published_time":"2022-10-23T19:39:38+00:00","article_modified_time":"2022-10-23T19:44:54+00:00","og_image":[{"width":1280,"height":800,"url":"https:\/\/static.africa-press.net\/togo\/sites\/58\/2022\/10\/postQueueImg_3-6355997e3ae4c.jpg","type":"image\/jpeg"}],"author":"cfeditorfr","twitter_card":"summary_large_image","twitter_misc":{"\u00c9crit par":"cfeditorfr","Dur\u00e9e de lecture estim\u00e9e":"2 minutes"},"schema":{"@context":"https:\/\/schema.org","@graph":[{"@type":"Article","@id":"https:\/\/www.africa-press.net\/togo\/sports\/togo-can-u23-les-eperviers-prets-contre-lafrique-du-sud#article","isPartOf":{"@id":"https:\/\/www.africa-press.net\/togo\/sports\/togo-can-u23-les-eperviers-prets-contre-lafrique-du-sud"},"author":{"name":"cfeditorfr","@id":"https:\/\/www.africa-press.net\/togo\/#\/schema\/person\/2b1cf3cd81a31e3cd26889ca66d677f1"},"headline":"Togo-CAN U23 : Les Eperviers pr\u00eats contre l\u2019Afrique du Sud ?","datePublished":"2022-10-23T19:39:38+00:00","dateModified":"2022-10-23T19:44:54+00:00","mainEntityOfPage":{"@id":"https:\/\/www.africa-press.net\/togo\/sports\/togo-can-u23-les-eperviers-prets-contre-lafrique-du-sud"},"wordCount":266,"commentCount":0,"image":{"@id":"https:\/\/www.africa-press.net\/togo\/sports\/togo-can-u23-les-eperviers-prets-contre-lafrique-du-sud#primaryimage"},"thumbnailUrl":"https:\/\/static.africa-press.net\/togo\/sites\/58\/2022\/10\/postQueueImg_3-6355997e3ae4c.jpg","keywords":["Africa Press","Africa Press-Togo","Togo"],"articleSection":["Sports","Toutes les actualit\u00e9s"],"inLanguage":"fr-FR","potentialAction":[{"@type":"CommentAction","name":"Comment","target":["https:\/\/www.africa-press.net\/togo\/sports\/togo-can-u23-les-eperviers-prets-contre-lafrique-du-sud#respond"]}]},{"@type":"WebPage","@id":"https:\/\/www.africa-press.net\/togo\/sports\/togo-can-u23-les-eperviers-prets-contre-lafrique-du-sud","url":"https:\/\/www.africa-press.net\/togo\/sports\/togo-can-u23-les-eperviers-prets-contre-lafrique-du-sud","name":"Togo-CAN U23 : Les Eperviers pr\u00eats contre l\u2019Afrique du Sud ? - Togo","isPartOf":{"@id":"https:\/\/www.africa-press.net\/togo\/#website"},"primaryImageOfPage":{"@id":"https:\/\/www.africa-press.net\/togo\/sports\/togo-can-u23-les-eperviers-prets-contre-lafrique-du-sud#primaryimage"},"image":{"@id":"https:\/\/www.africa-press.net\/togo\/sports\/togo-can-u23-les-eperviers-prets-contre-lafrique-du-sud#primaryimage"},"thumbnailUrl":"https:\/\/static.africa-press.net\/togo\/sites\/58\/2022\/10\/postQueueImg_3-6355997e3ae4c.jpg","datePublished":"2022-10-23T19:39:38+00:00","dateModified":"2022-10-23T19:44:54+00:00","author":{"@id":"https:\/\/www.africa-press.net\/togo\/#\/schema\/person\/2b1cf3cd81a31e3cd26889ca66d677f1"},"description":"Les E\u0301perviers Espoirs jouent leurs homologues sud-africains ce dimanche 23 octobre a\u0300 16 heures au Stade de Ke\u0301gue\u0301. ...","breadcrumb":{"@id":"https:\/\/www.africa-press.net\/togo\/sports\/togo-can-u23-les-eperviers-prets-contre-lafrique-du-sud#breadcrumb"},"inLanguage":"fr-FR","potentialAction":[{"@type":"ReadAction","target":["https:\/\/www.africa-press.net\/togo\/sports\/togo-can-u23-les-eperviers-prets-contre-lafrique-du-sud"]}]},{"@type":"ImageObject","inLanguage":"fr-FR","@id":"https:\/\/www.africa-press.net\/togo\/sports\/togo-can-u23-les-eperviers-prets-contre-lafrique-du-sud#primaryimage","url":"https:\/\/static.africa-press.net\/togo\/sites\/58\/2022\/10\/postQueueImg_3-6355997e3ae4c.jpg","contentUrl":"https:\/\/static.africa-press.net\/togo\/sites\/58\/2022\/10\/postQueueImg_3-6355997e3ae4c.jpg","width":1280,"height":800,"caption":"Togo-CAN U23 : Les Eperviers pr\u00eats contre l\u2019Afrique du Sud ?"},{"@type":"BreadcrumbList","@id":"https:\/\/www.africa-press.net\/togo\/sports\/togo-can-u23-les-eperviers-prets-contre-lafrique-du-sud#breadcrumb","itemListElement":[{"@type":"ListItem","position":1,"name":"Accueil","item":"https:\/\/www.africa-press.net\/togo\/"},{"@type":"ListItem","position":2,"name":"Togo-CAN U23 : Les Eperviers pr\u00eats contre l\u2019Afrique du Sud ?"}]},{"@type":"WebSite","@id":"https:\/\/www.africa-press.net\/togo\/#website","url":"https:\/\/www.africa-press.net\/togo\/","name":"Togo","description":"Just another Africa News Agency Sites site","potentialAction":[{"@type":"SearchAction","target":{"@type":"EntryPoint","urlTemplate":"https:\/\/www.africa-press.net\/togo\/?s={search_term_string}"},"query-input":{"@type":"PropertyValueSpecification","valueRequired":true,"valueName":"search_term_string"}}],"inLanguage":"fr-FR"},{"@type":"Person","@id":"https:\/\/www.africa-press.net\/togo\/#\/schema\/person\/2b1cf3cd81a31e3cd26889ca66d677f1","name":"cfeditorfr"}]}},"_links":{"self":[{"href":"https:\/\/www.africa-press.net\/togo\/wp-json\/wp\/v2\/posts\/12810","targetHints":{"allow":["GET"]}}],"collection":[{"href":"https:\/\/www.africa-press.net\/togo\/wp-json\/wp\/v2\/posts"}],"about":[{"href":"https:\/\/www.africa-press.net\/togo\/wp-json\/wp\/v2\/types\/post"}],"author":[{"embeddable":true,"href":"https:\/\/www.africa-press.net\/togo\/wp-json\/wp\/v2\/users\/82"}],"replies":[{"embeddable":true,"href":"https:\/\/www.africa-press.net\/togo\/wp-json\/wp\/v2\/comments?post=12810"}],"version-history":[{"count":0,"href":"https:\/\/www.africa-press.net\/togo\/wp-json\/wp\/v2\/posts\/12810\/revisions"}],"wp:featuredmedia":[{"embeddable":true,"href":"https:\/\/www.africa-press.net\/togo\/wp-json\/wp\/v2\/media\/12809"}],"wp:attachment":[{"href":"https:\/\/www.africa-press.net\/togo\/wp-json\/wp\/v2\/media?parent=12810"}],"wp:term":[{"taxonomy":"category","embeddable":true,"href":"https:\/\/www.africa-press.net\/togo\/wp-json\/wp\/v2\/categories?post=12810"},{"taxonomy":"post_tag","embeddable":true,"href":"https:\/\/www.africa-press.net\/togo\/wp-json\/wp\/v2\/tags?post=12810"}],"curies":[{"name":"wp","href":"https:\/\/api.w.org\/{rel}","templated":true}]}}