{"id":12835,"date":"2022-10-24T20:49:25","date_gmt":"2022-10-24T20:49:25","guid":{"rendered":"https:\/\/www.africa-press.net\/togo\/politique\/togo-standing-ovation-pour-sheyi-adebayor-aux-etats-unis-damerique"},"modified":"2022-10-24T20:56:22","modified_gmt":"2022-10-24T20:56:22","slug":"togo-standing-ovation-pour-sheyi-adebayor-aux-etats-unis-damerique","status":"publish","type":"post","link":"https:\/\/www.africa-press.net\/togo\/sports\/togo-standing-ovation-pour-sheyi-adebayor-aux-etats-unis-damerique","title":{"rendered":"Togo-\u201cStanding ovation\u201d pour Sheyi Adebayor aux \u00c9tats-Unis d\u2019Am\u00e9rique"},"content":{"rendered":"<p><span style=\"color: #ff6600\"><strong>Africa-Press &#8211; Togo. <\/strong><\/span><b>L\u2019ancien \u201cgunner\u201d et capitaine le\u0301gendaire des Eperviers, e\u0301quipe nationale togolaise de football, Emmanuel Sheyi Adebayor a pose\u0301 ses valises a\u0300 Omaha, une ville du Nebraska au midwest des E\u0301tats-Unis pour assister en prive\u0301 a\u0300 un e\u0301ve\u0300nement, le African Leadership Summit.<\/b><\/p>\n<p>De coutume, des stars et des grands leaders d\u2019entreprises y sont re\u0301gulie\u0300rement invite\u0301s pour partager leurs savoirs et aure\u0301oler la soire\u0301e. Ils e\u0301taient cinq grands invite\u0301s de marque a\u0300 faire leur entre\u0301e sur sce\u0300ne ce samedi 22 octobre 2022, apothe\u0301ose de l\u2019e\u0301ve\u0301nement, au cours d\u2019un di\u0302ner de Gala.<\/p>\n<p>Le Cine\u0301aste Nige\u0301rian Richard Damijo, Emma Lohoues de la Co\u0302te d\u2019Ivoire tre\u0300s ce\u0301le\u0300bre sur les re\u0301seaux sociaux, reine de la beaute\u0301 re\u0301cemment honore\u0301e par le maire de Houston au Texas, plusieurs ho\u0302tes de marque et Leaders de la diaspora africaine.<\/p>\n<p>C\u2019e\u0301tait sous l\u2019emprise d\u2019une \u201cstanding ovation\u201d que l\u2019ancien capitaine le\u0301gendaire des Eperviers, Emmanuel Sheyi Adebayor a fait son entre\u0301e dans la salle, une fierte\u0301 pour tous les Togolais et Africains venus honorer cette Idole du ballon rond.<\/p>\n<p>De nombreux Togolais de la Diaspora vivant dans d\u2019autres Etats ont fait le de\u0301placement d\u2019Omaha ce weekend pour l\u2019occasion.<\/p>\n<p>Docteur Albert Kate, de\u0301le\u0301gue\u0301 du HCTE, haut Conseil des Togolais de l\u2019exte\u0301rieur e\u0301tait de l\u2019assistance pour aussi payer tribu au capitaine Adebayor apre\u0300s avoir appele\u0301 les associations togolaises apolitiques ope\u0301rant dans le social a\u0300 faire des propositions de projets humanitaires ou de de\u0301veloppement du Togo a\u0300 Sheyi, qui leur saurait gre\u0301 des bonnes ide\u0301es lors de son se\u0301jours.<\/p>\n<p>\u201cLes tractations sont en cours pour initier un entretien entre notre Diaspora Togolaise aux E\u0301tats-Unis d\u2019Ame\u0301rique et notre ico\u0302ne Emmanuel Adebayor pour voir ce qu\u2019on peut faire ensemble. Beaucoup de compatriotes souhaitent qu\u2019il revienne aux USA tre\u0300s prochainement mais dans un cadre plus officiel\u201d, a souligne\u0301 Dr Kate.<\/p>\n<p>Partout ou\u0300 il est passe\u0301, SEA est reste\u0301 irre\u0301sistible a\u0300 l\u2019ambiance musicale comme d\u2019habitude, provoquant le sourire aux visages de nos compatriotes.<\/p>\n<p>Il faut dire, Adebayor ne de\u0301c\u0327oit pas. Un ame\u0301ricain n\u2019a pas manque\u0301 de souligner a\u0300 propos de Sheyi en disant \u201che is likeable\u201d.<\/p>\n<p>Connu sous le nom de Marco Kpeglo LeRock avec a\u0300 ses co\u0302te\u0301s Akofa KG, ce Togolais de la diaspora organisateur de l\u2019e\u0301ve\u0301nement Africa Leadership Summit d\u2019Omaha, promet de bonnes surprises dans les prochaines e\u0301ditions.<\/p>\n<p><strong>Pour plus d&rsquo;informations et d&rsquo;analyses sur la <a href=\"https:\/\/www.africa-press.net\/togo\">Togo<\/a>, suivez <a href=\"https:\/\/www.africa-press.net\/\">Africa-Press<\/a><\/strong><\/p>\n","protected":false},"excerpt":{"rendered":"<p>Africa-Press &#8211; Togo. L\u2019ancien \u201cgunner\u201d et capitaine le\u0301gendaire des Eperviers, e\u0301quipe nationale togolaise de football, Emmanuel Sheyi Adebayor a pose\u0301 ses valises a\u0300 Omaha, une ville du Nebraska au midwest des E\u0301tats-Unis pour assister en prive\u0301 a\u0300 un e\u0301ve\u0300nement, le African Leadership Summit. De coutume, des stars et des grands leaders d\u2019entreprises y sont re\u0301gulie\u0300rement [&hellip;]<\/p>\n","protected":false},"author":82,"featured_media":12834,"comment_status":"open","ping_status":"closed","sticky":false,"template":"","format":"standard","meta":{"footnotes":""},"categories":[6,10],"tags":[36,49,50],"class_list":["post-12835","post","type-post","status-publish","format-standard","has-post-thumbnail","hentry","category-sports","category-toutes-les-actualites","tag-africa-press","tag-africa-press-togo","tag-togo"],"yoast_head":"<!-- This site is optimized with the Yoast SEO Premium plugin v26.1 (Yoast SEO v27.0) - https:\/\/yoast.com\/product\/yoast-seo-premium-wordpress\/ -->\n<title>Togo-\u201cStanding ovation\u201d pour Sheyi Adebayor aux \u00c9tats-Unis d\u2019Am\u00e9rique - Togo<\/title>\n<meta name=\"description\" content=\"L\u2019ancien \u201cgunner\u201d et capitaine le\u0301gendaire des Eperviers, e\u0301quipe nationale togolaise de football, Emmanuel Sheyi Ade ...\" \/>\n<meta name=\"robots\" content=\"index, follow, max-snippet:-1, max-image-preview:large, max-video-preview:-1\" \/>\n<link rel=\"canonical\" href=\"https:\/\/www.africa-press.net\/togo\/sports\/togo-standing-ovation-pour-sheyi-adebayor-aux-etats-unis-damerique\" \/>\n<meta property=\"og:locale\" content=\"fr_FR\" \/>\n<meta property=\"og:type\" content=\"article\" \/>\n<meta property=\"og:title\" content=\"Togo-\u201cStanding ovation\u201d pour Sheyi Adebayor aux \u00c9tats-Unis d\u2019Am\u00e9rique\" \/>\n<meta property=\"og:description\" content=\"L\u2019ancien \u201cgunner\u201d et capitaine le\u0301gendaire des Eperviers, e\u0301quipe nationale togolaise de football, Emmanuel Sheyi Ade ...\" \/>\n<meta property=\"og:url\" content=\"https:\/\/www.africa-press.net\/togo\/sports\/togo-standing-ovation-pour-sheyi-adebayor-aux-etats-unis-damerique\" \/>\n<meta property=\"og:site_name\" content=\"Togo\" \/>\n<meta property=\"article:published_time\" content=\"2022-10-24T20:49:25+00:00\" \/>\n<meta property=\"article:modified_time\" content=\"2022-10-24T20:56:22+00:00\" \/>\n<meta property=\"og:image\" content=\"https:\/\/static.africa-press.net\/togo\/sites\/58\/2022\/10\/postQueueImg_2-6356fbdf1bbf0.jpg\" \/>\n\t<meta property=\"og:image:width\" content=\"1080\" \/>\n\t<meta property=\"og:image:height\" content=\"1177\" \/>\n\t<meta property=\"og:image:type\" content=\"image\/jpeg\" \/>\n<meta name=\"author\" content=\"cfeditorfr\" \/>\n<meta name=\"twitter:card\" content=\"summary_large_image\" \/>\n<meta name=\"twitter:label1\" content=\"\u00c9crit par\" \/>\n\t<meta name=\"twitter:data1\" content=\"cfeditorfr\" \/>\n\t<meta name=\"twitter:label2\" content=\"Dur\u00e9e de lecture estim\u00e9e\" \/>\n\t<meta name=\"twitter:data2\" content=\"2 minutes\" \/>\n<script type=\"application\/ld+json\" class=\"yoast-schema-graph\">{\"@context\":\"https:\/\/schema.org\",\"@graph\":[{\"@type\":\"Article\",\"@id\":\"https:\/\/www.africa-press.net\/togo\/sports\/togo-standing-ovation-pour-sheyi-adebayor-aux-etats-unis-damerique#article\",\"isPartOf\":{\"@id\":\"https:\/\/www.africa-press.net\/togo\/sports\/togo-standing-ovation-pour-sheyi-adebayor-aux-etats-unis-damerique\"},\"author\":{\"name\":\"cfeditorfr\",\"@id\":\"https:\/\/www.africa-press.net\/togo\/#\/schema\/person\/2b1cf3cd81a31e3cd26889ca66d677f1\"},\"headline\":\"Togo-\u201cStanding ovation\u201d pour Sheyi Adebayor aux \u00c9tats-Unis d\u2019Am\u00e9rique\",\"datePublished\":\"2022-10-24T20:49:25+00:00\",\"dateModified\":\"2022-10-24T20:56:22+00:00\",\"mainEntityOfPage\":{\"@id\":\"https:\/\/www.africa-press.net\/togo\/sports\/togo-standing-ovation-pour-sheyi-adebayor-aux-etats-unis-damerique\"},\"wordCount\":469,\"commentCount\":0,\"image\":{\"@id\":\"https:\/\/www.africa-press.net\/togo\/sports\/togo-standing-ovation-pour-sheyi-adebayor-aux-etats-unis-damerique#primaryimage\"},\"thumbnailUrl\":\"https:\/\/static.africa-press.net\/togo\/sites\/58\/2022\/10\/postQueueImg_2-6356fbdf1bbf0.jpg\",\"keywords\":[\"Africa Press\",\"Africa Press-Togo\",\"Togo\"],\"articleSection\":[\"Sports\",\"Toutes les actualit\u00e9s\"],\"inLanguage\":\"fr-FR\",\"potentialAction\":[{\"@type\":\"CommentAction\",\"name\":\"Comment\",\"target\":[\"https:\/\/www.africa-press.net\/togo\/sports\/togo-standing-ovation-pour-sheyi-adebayor-aux-etats-unis-damerique#respond\"]}]},{\"@type\":\"WebPage\",\"@id\":\"https:\/\/www.africa-press.net\/togo\/sports\/togo-standing-ovation-pour-sheyi-adebayor-aux-etats-unis-damerique\",\"url\":\"https:\/\/www.africa-press.net\/togo\/sports\/togo-standing-ovation-pour-sheyi-adebayor-aux-etats-unis-damerique\",\"name\":\"Togo-\u201cStanding ovation\u201d pour Sheyi Adebayor aux \u00c9tats-Unis d\u2019Am\u00e9rique - Togo\",\"isPartOf\":{\"@id\":\"https:\/\/www.africa-press.net\/togo\/#website\"},\"primaryImageOfPage\":{\"@id\":\"https:\/\/www.africa-press.net\/togo\/sports\/togo-standing-ovation-pour-sheyi-adebayor-aux-etats-unis-damerique#primaryimage\"},\"image\":{\"@id\":\"https:\/\/www.africa-press.net\/togo\/sports\/togo-standing-ovation-pour-sheyi-adebayor-aux-etats-unis-damerique#primaryimage\"},\"thumbnailUrl\":\"https:\/\/static.africa-press.net\/togo\/sites\/58\/2022\/10\/postQueueImg_2-6356fbdf1bbf0.jpg\",\"datePublished\":\"2022-10-24T20:49:25+00:00\",\"dateModified\":\"2022-10-24T20:56:22+00:00\",\"author\":{\"@id\":\"https:\/\/www.africa-press.net\/togo\/#\/schema\/person\/2b1cf3cd81a31e3cd26889ca66d677f1\"},\"description\":\"L\u2019ancien \u201cgunner\u201d et capitaine le\u0301gendaire des Eperviers, e\u0301quipe nationale togolaise de football, Emmanuel Sheyi Ade ...\",\"breadcrumb\":{\"@id\":\"https:\/\/www.africa-press.net\/togo\/sports\/togo-standing-ovation-pour-sheyi-adebayor-aux-etats-unis-damerique#breadcrumb\"},\"inLanguage\":\"fr-FR\",\"potentialAction\":[{\"@type\":\"ReadAction\",\"target\":[\"https:\/\/www.africa-press.net\/togo\/sports\/togo-standing-ovation-pour-sheyi-adebayor-aux-etats-unis-damerique\"]}]},{\"@type\":\"ImageObject\",\"inLanguage\":\"fr-FR\",\"@id\":\"https:\/\/www.africa-press.net\/togo\/sports\/togo-standing-ovation-pour-sheyi-adebayor-aux-etats-unis-damerique#primaryimage\",\"url\":\"https:\/\/static.africa-press.net\/togo\/sites\/58\/2022\/10\/postQueueImg_2-6356fbdf1bbf0.jpg\",\"contentUrl\":\"https:\/\/static.africa-press.net\/togo\/sites\/58\/2022\/10\/postQueueImg_2-6356fbdf1bbf0.jpg\",\"width\":1080,\"height\":1177,\"caption\":\"Togo-\u201cStanding ovation\u201d pour Sheyi Adebayor aux \u00c9tats-Unis d\u2019Am\u00e9rique\"},{\"@type\":\"BreadcrumbList\",\"@id\":\"https:\/\/www.africa-press.net\/togo\/sports\/togo-standing-ovation-pour-sheyi-adebayor-aux-etats-unis-damerique#breadcrumb\",\"itemListElement\":[{\"@type\":\"ListItem\",\"position\":1,\"name\":\"Accueil\",\"item\":\"https:\/\/www.africa-press.net\/togo\/\"},{\"@type\":\"ListItem\",\"position\":2,\"name\":\"Togo-\u201cStanding ovation\u201d pour Sheyi Adebayor aux \u00c9tats-Unis d\u2019Am\u00e9rique\"}]},{\"@type\":\"WebSite\",\"@id\":\"https:\/\/www.africa-press.net\/togo\/#website\",\"url\":\"https:\/\/www.africa-press.net\/togo\/\",\"name\":\"Togo\",\"description\":\"Just another Africa News Agency Sites site\",\"potentialAction\":[{\"@type\":\"SearchAction\",\"target\":{\"@type\":\"EntryPoint\",\"urlTemplate\":\"https:\/\/www.africa-press.net\/togo\/?s={search_term_string}\"},\"query-input\":{\"@type\":\"PropertyValueSpecification\",\"valueRequired\":true,\"valueName\":\"search_term_string\"}}],\"inLanguage\":\"fr-FR\"},{\"@type\":\"Person\",\"@id\":\"https:\/\/www.africa-press.net\/togo\/#\/schema\/person\/2b1cf3cd81a31e3cd26889ca66d677f1\",\"name\":\"cfeditorfr\"}]}<\/script>\n<!-- \/ Yoast SEO Premium plugin. -->","yoast_head_json":{"title":"Togo-\u201cStanding ovation\u201d pour Sheyi Adebayor aux \u00c9tats-Unis d\u2019Am\u00e9rique - Togo","description":"L\u2019ancien \u201cgunner\u201d et capitaine le\u0301gendaire des Eperviers, e\u0301quipe nationale togolaise de football, Emmanuel Sheyi Ade ...","robots":{"index":"index","follow":"follow","max-snippet":"max-snippet:-1","max-image-preview":"max-image-preview:large","max-video-preview":"max-video-preview:-1"},"canonical":"https:\/\/www.africa-press.net\/togo\/sports\/togo-standing-ovation-pour-sheyi-adebayor-aux-etats-unis-damerique","og_locale":"fr_FR","og_type":"article","og_title":"Togo-\u201cStanding ovation\u201d pour Sheyi Adebayor aux \u00c9tats-Unis d\u2019Am\u00e9rique","og_description":"L\u2019ancien \u201cgunner\u201d et capitaine le\u0301gendaire des Eperviers, e\u0301quipe nationale togolaise de football, Emmanuel Sheyi Ade ...","og_url":"https:\/\/www.africa-press.net\/togo\/sports\/togo-standing-ovation-pour-sheyi-adebayor-aux-etats-unis-damerique","og_site_name":"Togo","article_published_time":"2022-10-24T20:49:25+00:00","article_modified_time":"2022-10-24T20:56:22+00:00","og_image":[{"width":1080,"height":1177,"url":"https:\/\/static.africa-press.net\/togo\/sites\/58\/2022\/10\/postQueueImg_2-6356fbdf1bbf0.jpg","type":"image\/jpeg"}],"author":"cfeditorfr","twitter_card":"summary_large_image","twitter_misc":{"\u00c9crit par":"cfeditorfr","Dur\u00e9e de lecture estim\u00e9e":"2 minutes"},"schema":{"@context":"https:\/\/schema.org","@graph":[{"@type":"Article","@id":"https:\/\/www.africa-press.net\/togo\/sports\/togo-standing-ovation-pour-sheyi-adebayor-aux-etats-unis-damerique#article","isPartOf":{"@id":"https:\/\/www.africa-press.net\/togo\/sports\/togo-standing-ovation-pour-sheyi-adebayor-aux-etats-unis-damerique"},"author":{"name":"cfeditorfr","@id":"https:\/\/www.africa-press.net\/togo\/#\/schema\/person\/2b1cf3cd81a31e3cd26889ca66d677f1"},"headline":"Togo-\u201cStanding ovation\u201d pour Sheyi Adebayor aux \u00c9tats-Unis d\u2019Am\u00e9rique","datePublished":"2022-10-24T20:49:25+00:00","dateModified":"2022-10-24T20:56:22+00:00","mainEntityOfPage":{"@id":"https:\/\/www.africa-press.net\/togo\/sports\/togo-standing-ovation-pour-sheyi-adebayor-aux-etats-unis-damerique"},"wordCount":469,"commentCount":0,"image":{"@id":"https:\/\/www.africa-press.net\/togo\/sports\/togo-standing-ovation-pour-sheyi-adebayor-aux-etats-unis-damerique#primaryimage"},"thumbnailUrl":"https:\/\/static.africa-press.net\/togo\/sites\/58\/2022\/10\/postQueueImg_2-6356fbdf1bbf0.jpg","keywords":["Africa Press","Africa Press-Togo","Togo"],"articleSection":["Sports","Toutes les actualit\u00e9s"],"inLanguage":"fr-FR","potentialAction":[{"@type":"CommentAction","name":"Comment","target":["https:\/\/www.africa-press.net\/togo\/sports\/togo-standing-ovation-pour-sheyi-adebayor-aux-etats-unis-damerique#respond"]}]},{"@type":"WebPage","@id":"https:\/\/www.africa-press.net\/togo\/sports\/togo-standing-ovation-pour-sheyi-adebayor-aux-etats-unis-damerique","url":"https:\/\/www.africa-press.net\/togo\/sports\/togo-standing-ovation-pour-sheyi-adebayor-aux-etats-unis-damerique","name":"Togo-\u201cStanding ovation\u201d pour Sheyi Adebayor aux \u00c9tats-Unis d\u2019Am\u00e9rique - Togo","isPartOf":{"@id":"https:\/\/www.africa-press.net\/togo\/#website"},"primaryImageOfPage":{"@id":"https:\/\/www.africa-press.net\/togo\/sports\/togo-standing-ovation-pour-sheyi-adebayor-aux-etats-unis-damerique#primaryimage"},"image":{"@id":"https:\/\/www.africa-press.net\/togo\/sports\/togo-standing-ovation-pour-sheyi-adebayor-aux-etats-unis-damerique#primaryimage"},"thumbnailUrl":"https:\/\/static.africa-press.net\/togo\/sites\/58\/2022\/10\/postQueueImg_2-6356fbdf1bbf0.jpg","datePublished":"2022-10-24T20:49:25+00:00","dateModified":"2022-10-24T20:56:22+00:00","author":{"@id":"https:\/\/www.africa-press.net\/togo\/#\/schema\/person\/2b1cf3cd81a31e3cd26889ca66d677f1"},"description":"L\u2019ancien \u201cgunner\u201d et capitaine le\u0301gendaire des Eperviers, e\u0301quipe nationale togolaise de football, Emmanuel Sheyi Ade ...","breadcrumb":{"@id":"https:\/\/www.africa-press.net\/togo\/sports\/togo-standing-ovation-pour-sheyi-adebayor-aux-etats-unis-damerique#breadcrumb"},"inLanguage":"fr-FR","potentialAction":[{"@type":"ReadAction","target":["https:\/\/www.africa-press.net\/togo\/sports\/togo-standing-ovation-pour-sheyi-adebayor-aux-etats-unis-damerique"]}]},{"@type":"ImageObject","inLanguage":"fr-FR","@id":"https:\/\/www.africa-press.net\/togo\/sports\/togo-standing-ovation-pour-sheyi-adebayor-aux-etats-unis-damerique#primaryimage","url":"https:\/\/static.africa-press.net\/togo\/sites\/58\/2022\/10\/postQueueImg_2-6356fbdf1bbf0.jpg","contentUrl":"https:\/\/static.africa-press.net\/togo\/sites\/58\/2022\/10\/postQueueImg_2-6356fbdf1bbf0.jpg","width":1080,"height":1177,"caption":"Togo-\u201cStanding ovation\u201d pour Sheyi Adebayor aux \u00c9tats-Unis d\u2019Am\u00e9rique"},{"@type":"BreadcrumbList","@id":"https:\/\/www.africa-press.net\/togo\/sports\/togo-standing-ovation-pour-sheyi-adebayor-aux-etats-unis-damerique#breadcrumb","itemListElement":[{"@type":"ListItem","position":1,"name":"Accueil","item":"https:\/\/www.africa-press.net\/togo\/"},{"@type":"ListItem","position":2,"name":"Togo-\u201cStanding ovation\u201d pour Sheyi Adebayor aux \u00c9tats-Unis d\u2019Am\u00e9rique"}]},{"@type":"WebSite","@id":"https:\/\/www.africa-press.net\/togo\/#website","url":"https:\/\/www.africa-press.net\/togo\/","name":"Togo","description":"Just another Africa News Agency Sites site","potentialAction":[{"@type":"SearchAction","target":{"@type":"EntryPoint","urlTemplate":"https:\/\/www.africa-press.net\/togo\/?s={search_term_string}"},"query-input":{"@type":"PropertyValueSpecification","valueRequired":true,"valueName":"search_term_string"}}],"inLanguage":"fr-FR"},{"@type":"Person","@id":"https:\/\/www.africa-press.net\/togo\/#\/schema\/person\/2b1cf3cd81a31e3cd26889ca66d677f1","name":"cfeditorfr"}]}},"_links":{"self":[{"href":"https:\/\/www.africa-press.net\/togo\/wp-json\/wp\/v2\/posts\/12835","targetHints":{"allow":["GET"]}}],"collection":[{"href":"https:\/\/www.africa-press.net\/togo\/wp-json\/wp\/v2\/posts"}],"about":[{"href":"https:\/\/www.africa-press.net\/togo\/wp-json\/wp\/v2\/types\/post"}],"author":[{"embeddable":true,"href":"https:\/\/www.africa-press.net\/togo\/wp-json\/wp\/v2\/users\/82"}],"replies":[{"embeddable":true,"href":"https:\/\/www.africa-press.net\/togo\/wp-json\/wp\/v2\/comments?post=12835"}],"version-history":[{"count":0,"href":"https:\/\/www.africa-press.net\/togo\/wp-json\/wp\/v2\/posts\/12835\/revisions"}],"wp:featuredmedia":[{"embeddable":true,"href":"https:\/\/www.africa-press.net\/togo\/wp-json\/wp\/v2\/media\/12834"}],"wp:attachment":[{"href":"https:\/\/www.africa-press.net\/togo\/wp-json\/wp\/v2\/media?parent=12835"}],"wp:term":[{"taxonomy":"category","embeddable":true,"href":"https:\/\/www.africa-press.net\/togo\/wp-json\/wp\/v2\/categories?post=12835"},{"taxonomy":"post_tag","embeddable":true,"href":"https:\/\/www.africa-press.net\/togo\/wp-json\/wp\/v2\/tags?post=12835"}],"curies":[{"name":"wp","href":"https:\/\/api.w.org\/{rel}","templated":true}]}}